{"id":32729,"date":"2019-04-28T17:26:02","date_gmt":"2019-04-28T22:26:02","guid":{"rendered":"http:\/\/www.grieta.org.mx\/?p=32729"},"modified":"2019-04-30T17:32:52","modified_gmt":"2019-04-30T22:32:52","slug":"vecinos-de-fundadores-echan-a-delincuentes-queretaro","status":"publish","type":"post","link":"https:\/\/www.grieta.org.mx\/index.php\/2019\/04\/28\/vecinos-de-fundadores-echan-a-delincuentes-queretaro\/","title":{"rendered":"Vecinos de Fundadores echan a delincuentes (Queretaro)"},"content":{"rendered":"<p><img loading=\"lazy\" decoding=\"async\" data-attachment-id=\"32730\" data-permalink=\"https:\/\/www.grieta.org.mx\/index.php\/2019\/04\/28\/vecinos-de-fundadores-echan-a-delincuentes-queretaro\/whatsapp-image-2019-04-28-at-9-53-34-pm\/\" data-orig-file=\"https:\/\/www.grieta.org.mx\/wp-content\/uploads\/2019\/04\/WhatsApp-Image-2019-04-28-at-9.53.34-PM.jpeg\" data-orig-size=\"768,479\" data-comments-opened=\"0\" data-image-meta=\"{&quot;aperture&quot;:&quot;0&quot;,&quot;credit&quot;:&quot;&quot;,&quot;camera&quot;:&quot;&quot;,&quot;caption&quot;:&quot;&quot;,&quot;created_timestamp&quot;:&quot;0&quot;,&quot;copyright&quot;:&quot;&quot;,&quot;focal_length&quot;:&quot;0&quot;,&quot;iso&quot;:&quot;0&quot;,&quot;shutter_speed&quot;:&quot;0&quot;,&quot;title&quot;:&quot;&quot;,&quot;orientation&quot;:&quot;0&quot;}\" data-image-title=\"WhatsApp Image 2019-04-28 at 9.53.34 PM\" data-image-description=\"\" data-image-caption=\"\" data-medium-file=\"https:\/\/www.grieta.org.mx\/wp-content\/uploads\/2019\/04\/WhatsApp-Image-2019-04-28-at-9.53.34-PM-300x187.jpeg\" data-large-file=\"https:\/\/www.grieta.org.mx\/wp-content\/uploads\/2019\/04\/WhatsApp-Image-2019-04-28-at-9.53.34-PM.jpeg\" class=\" wp-image-32730 aligncenter\" src=\"http:\/\/www.grieta.org.mx\/wp-content\/uploads\/2019\/04\/WhatsApp-Image-2019-04-28-at-9.53.34-PM.jpeg\" alt=\"\" width=\"768\" height=\"479\" srcset=\"https:\/\/www.grieta.org.mx\/wp-content\/uploads\/2019\/04\/WhatsApp-Image-2019-04-28-at-9.53.34-PM.jpeg 768w, https:\/\/www.grieta.org.mx\/wp-content\/uploads\/2019\/04\/WhatsApp-Image-2019-04-28-at-9.53.34-PM-300x187.jpeg 300w\" sizes=\"auto, (max-width: 768px) 100vw, 768px\" \/><\/p>\n<p>Jos\u00e9 Salas \/ El Sol de San Juan del R\u00edo<\/p>\n<p>Con la consigna \u201csi decides regresar te vas a arrepentir\u201d, vecinos de Fundadores 3ra Secci\u00f3n est\u00e1n llevando a cabo el \u201cdesalojo\u201d de presuntos delincuentes de la colonia.<\/p>\n<p>Los molestos vecinos se han introducido a las casas que se\u00f1alan como invadidas por delincuentes y sacan las pertenec\u00edas, inclusos algunos de los presentes han identificados objetos como pertenencias suyas que los malhechores les han robado con anterioridad, lo que ha elevado los \u00e1nimos de la turba<\/p>\n<p>Han desalojado ya a dos presuntos ladrones y han quemado las pertenencias ante la mirada impotente de elementos de la Secretar\u00eda de Seguridad P\u00fablica Municipal, pues no hay quien reclame propiedad de los objetos, debido a que los presuntos delincuentes al observar la turba de gente deciden escapar de la zona<\/p>\n<p>Los vecinos comentan que estas acciones las seguir\u00edan llevando a cabo, pues cuando la autoridad correspondiente se lleva a los presuntos delincuentes han salido en menos de 24 horas y han manifestado estar hartos de esta situaci\u00f3n.<\/p>\n<p><a href=\"https:\/\/www.elsoldesanjuandelrio.com.mx\/policiaca\/vecinos-de-fundadores-echan-a-delincuentes-3437637.html\">https:\/\/www.elsoldesanjuandelrio.com.mx\/policiaca\/vecinos-de-fundadores-echan-a-delincuentes-3437637.html<\/a><\/p>\n","protected":false},"excerpt":{"rendered":"<p>Jos\u00e9 Salas \/ El Sol de San Juan del R\u00edo Con la consigna \u201csi decides regresar te vas a arrepentir\u201d, vecinos de Fundadores 3ra Secci\u00f3n est\u00e1n llevando a cabo el &hellip; <a href=\"https:\/\/www.grieta.org.mx\/index.php\/2019\/04\/28\/vecinos-de-fundadores-echan-a-delincuentes-queretaro\/\" class=\"more-link\">Leer m\u00e1s<\/a><\/p>\n","protected":false},"author":2,"featured_media":32730,"comment_status":"closed","ping_status":"closed","sticky":false,"template":"","format":"standard","meta":{"ngg_post_thumbnail":0,"_jetpack_newsletter_access":"","_jetpack_dont_email_post_to_subs":false,"_jetpack_newsletter_tier_id":0,"_jetpack_memberships_contains_paywalled_content":false,"_jetpack_memberships_contains_paid_content":false,"footnotes":""},"categories":[80,2479,2480,2,27],"tags":[2506,1643],"class_list":["post-32729","post","type-post","status-publish","format-standard","has-post-thumbnail","hentry","category-cintillo","category-incremento-de-la-violencia-en-queretaro","category-lucha-y-resistencia-del-pueblo-de-queretaro","category-noticias-nacionales","category-queretaro","tag-lucha","tag-violencia-e-inseguridad-urbana","entry"],"jetpack_featured_media_url":"https:\/\/www.grieta.org.mx\/wp-content\/uploads\/2019\/04\/WhatsApp-Image-2019-04-28-at-9.53.34-PM.jpeg","jetpack_sharing_enabled":true,"jetpack_shortlink":"https:\/\/wp.me\/p7ZJR4-8vT","jetpack_likes_enabled":false,"jetpack-related-posts":[{"id":41613,"url":"https:\/\/www.grieta.org.mx\/index.php\/2019\/11\/21\/mas-del-71-de-las-mujeres-en-queretaro-han-enfrentado-violencia-inegi\/","url_meta":{"origin":32729,"position":0},"title":"M\u00e1s del 71% de las mujeres en Quer\u00e9taro han enfrentado violencia: INEGI","author":"grieta","date":"21 noviembre, 2019","format":false,"excerpt":"Quadratin Quer\u00e9taro QUER\u00c9TARO, Qro., 21 de noviembre 2019.- En 2016, de las 770 mil mujeres de 15 a\u00f1os y m\u00e1s que hay en Quer\u00e9taro, 71.2% (548 mil) han enfrentado violencia de cualquier tipo y de cualquier agresor, alguna vez en su vida, de acuerdo con INEGI. El 44.7% han enfrentado\u2026","rel":"","context":"En &quot;CINTILLO&quot;","block_context":{"text":"CINTILLO","link":"https:\/\/www.grieta.org.mx\/index.php\/category\/cintillo\/"},"img":{"alt_text":"","src":"https:\/\/i0.wp.com\/www.grieta.org.mx\/wp-content\/uploads\/2019\/11\/M%C3%A1s-del-71-de-las-mujeres-en-Quer%C3%A9taro-han-enfrentado-violencia-INEGI-qro-nov.jpg?resize=350%2C200&ssl=1","width":350,"height":200,"srcset":"https:\/\/i0.wp.com\/www.grieta.org.mx\/wp-content\/uploads\/2019\/11\/M%C3%A1s-del-71-de-las-mujeres-en-Quer%C3%A9taro-han-enfrentado-violencia-INEGI-qro-nov.jpg?resize=350%2C200&ssl=1 1x, https:\/\/i0.wp.com\/www.grieta.org.mx\/wp-content\/uploads\/2019\/11\/M%C3%A1s-del-71-de-las-mujeres-en-Quer%C3%A9taro-han-enfrentado-violencia-INEGI-qro-nov.jpg?resize=525%2C300&ssl=1 1.5x, https:\/\/i0.wp.com\/www.grieta.org.mx\/wp-content\/uploads\/2019\/11\/M%C3%A1s-del-71-de-las-mujeres-en-Quer%C3%A9taro-han-enfrentado-violencia-INEGI-qro-nov.jpg?resize=700%2C400&ssl=1 2x, https:\/\/i0.wp.com\/www.grieta.org.mx\/wp-content\/uploads\/2019\/11\/M%C3%A1s-del-71-de-las-mujeres-en-Quer%C3%A9taro-han-enfrentado-violencia-INEGI-qro-nov.jpg?resize=1050%2C600&ssl=1 3x"},"classes":[]},{"id":47102,"url":"https:\/\/www.grieta.org.mx\/index.php\/2020\/04\/02\/vecinas-y-vecinos-de-san-francisquito-se-organizan-para-tejer-redes-de-solidaridad-durante-la-cuarentena-queretaro\/","url_meta":{"origin":32729,"position":1},"title":"VECINAS Y VECINOS DE SAN FRANCISQUITO SE ORGANIZAN PARA TEJER REDES DE SOLIDARIDAD DURANTE LA CUARENTENA (Quer\u00e9taro)","author":"grieta","date":"2 abril, 2020","format":false,"excerpt":"Fotograf\u00eda y texto: Tv San Pancho Desde el s\u00e1bado 28 de marzo integrantes de la Asamblea han ido repartiendo la primera tanda de despensas a familias y vecinos del barrio que lo necesitan, sin embargo, las condiciones de pobreza y marginaci\u00f3n que se viven en San Francisquito son grav\u00edsimas, por\u2026","rel":"","context":"En &quot;CINTILLO&quot;","block_context":{"text":"CINTILLO","link":"https:\/\/www.grieta.org.mx\/index.php\/category\/cintillo\/"},"img":{"alt_text":"","src":"https:\/\/i0.wp.com\/www.grieta.org.mx\/wp-content\/uploads\/2020\/04\/VECINAS-Y-VECINOS-DE-SAN-FRANCISQUITO-SE-ORGANIZAN-PARA-TEJER-REDES-DE-SOLIDARIDAD-DURANTE-LA-CUARENTENA-qro-abr.png?resize=350%2C200&ssl=1","width":350,"height":200,"srcset":"https:\/\/i0.wp.com\/www.grieta.org.mx\/wp-content\/uploads\/2020\/04\/VECINAS-Y-VECINOS-DE-SAN-FRANCISQUITO-SE-ORGANIZAN-PARA-TEJER-REDES-DE-SOLIDARIDAD-DURANTE-LA-CUARENTENA-qro-abr.png?resize=350%2C200&ssl=1 1x, https:\/\/i0.wp.com\/www.grieta.org.mx\/wp-content\/uploads\/2020\/04\/VECINAS-Y-VECINOS-DE-SAN-FRANCISQUITO-SE-ORGANIZAN-PARA-TEJER-REDES-DE-SOLIDARIDAD-DURANTE-LA-CUARENTENA-qro-abr.png?resize=525%2C300&ssl=1 1.5x, https:\/\/i0.wp.com\/www.grieta.org.mx\/wp-content\/uploads\/2020\/04\/VECINAS-Y-VECINOS-DE-SAN-FRANCISQUITO-SE-ORGANIZAN-PARA-TEJER-REDES-DE-SOLIDARIDAD-DURANTE-LA-CUARENTENA-qro-abr.png?resize=700%2C400&ssl=1 2x"},"classes":[]},{"id":42168,"url":"https:\/\/www.grieta.org.mx\/index.php\/2019\/12\/11\/sin-acuerdos-en-la-pradera-queretaro\/","url_meta":{"origin":32729,"position":2},"title":"Sin acuerdos en La Pradera (Quer\u00e9taro)","author":"grieta","date":"11 diciembre, 2019","format":false,"excerpt":"Cecilia Rubalcava \/ Meganoticias Los vecinos de la pradera siguen sin llegar a un acuerdo con las autoridades para que pueda entrar la comisi\u00f3n Estatal de aguas a brindarles el servicio por lo que exigen que este acuerdo se logre antes de terminar el a\u00f1o pues no quieren seguir trabajando\u2026","rel":"","context":"En &quot;CINTILLO&quot;","block_context":{"text":"CINTILLO","link":"https:\/\/www.grieta.org.mx\/index.php\/category\/cintillo\/"},"img":{"alt_text":"","src":"https:\/\/i0.wp.com\/www.grieta.org.mx\/wp-content\/uploads\/2019\/12\/Sin-acuerdos-en-La-Pradera-qro-dic.jpg?resize=350%2C200&ssl=1","width":350,"height":200,"srcset":"https:\/\/i0.wp.com\/www.grieta.org.mx\/wp-content\/uploads\/2019\/12\/Sin-acuerdos-en-La-Pradera-qro-dic.jpg?resize=350%2C200&ssl=1 1x, https:\/\/i0.wp.com\/www.grieta.org.mx\/wp-content\/uploads\/2019\/12\/Sin-acuerdos-en-La-Pradera-qro-dic.jpg?resize=525%2C300&ssl=1 1.5x, https:\/\/i0.wp.com\/www.grieta.org.mx\/wp-content\/uploads\/2019\/12\/Sin-acuerdos-en-La-Pradera-qro-dic.jpg?resize=700%2C400&ssl=1 2x"},"classes":[]},{"id":41426,"url":"https:\/\/www.grieta.org.mx\/index.php\/2019\/11\/21\/preparan-en-queretaro-jornada-para-erradicar-violencia-contra-mujeres\/","url_meta":{"origin":32729,"position":3},"title":"Preparan en Quer\u00e9taro jornada para erradicar violencia contra mujeres","author":"grieta","date":"21 noviembre, 2019","format":false,"excerpt":"Colectivos feministas presentaron la jornada Juntas hasta la Vida, que se llevar\u00e1 a cabo el pr\u00f3ximo 23 de noviembre en Plaza Fundadores de Quer\u00e9taro. FOTO: iadb.org. Rotativo Quer\u00e9taro, 21 Nov (Notimex).- Colectivos feministas presentaron la jornada Juntas hasta la Vida, que se llevar\u00e1 a cabo el pr\u00f3ximo 23 de noviembre\u2026","rel":"","context":"En &quot;CINTILLO&quot;","block_context":{"text":"CINTILLO","link":"https:\/\/www.grieta.org.mx\/index.php\/category\/cintillo\/"},"img":{"alt_text":"","src":"https:\/\/i0.wp.com\/www.grieta.org.mx\/wp-content\/uploads\/2019\/11\/Preparan-en-Quer%C3%A9taro-jornada-para-erradicar-violencia-contra-mujeres-qro-nov.jpg?resize=350%2C200&ssl=1","width":350,"height":200,"srcset":"https:\/\/i0.wp.com\/www.grieta.org.mx\/wp-content\/uploads\/2019\/11\/Preparan-en-Quer%C3%A9taro-jornada-para-erradicar-violencia-contra-mujeres-qro-nov.jpg?resize=350%2C200&ssl=1 1x, https:\/\/i0.wp.com\/www.grieta.org.mx\/wp-content\/uploads\/2019\/11\/Preparan-en-Quer%C3%A9taro-jornada-para-erradicar-violencia-contra-mujeres-qro-nov.jpg?resize=525%2C300&ssl=1 1.5x"},"classes":[]},{"id":32276,"url":"https:\/\/www.grieta.org.mx\/index.php\/2019\/04\/10\/exigen-vecinos-frenar-construccion-de-puente-elevado-en-tequisquiapan-queretaro\/","url_meta":{"origin":32729,"position":4},"title":"Exigen vecinos frenar construcci\u00f3n de puente elevado en Tequisquiapan  (Quer\u00e9taro)","author":"grieta","date":"10 abril, 2019","format":false,"excerpt":"Redacci\u00f3n \/ Quadratin QUER\u00c9TARO, Qro., 10 de abril de 2019.- Vecinos Unidos de los fraccionamientos Tequisquiapan y El Dorado, as\u00ed como de comunidades aleda\u00f1as a este municipio queretano, exigieron a la delegaci\u00f3n estatal de la Secretar\u00eda de Comunicaciones y Transportes frenar la construcci\u00f3n de un puente elevado a la altura\u2026","rel":"","context":"En &quot;CINTILLO&quot;","block_context":{"text":"CINTILLO","link":"https:\/\/www.grieta.org.mx\/index.php\/category\/cintillo\/"},"img":{"alt_text":"","src":"https:\/\/i0.wp.com\/www.grieta.org.mx\/wp-content\/uploads\/2019\/04\/puentqro.jpeg?resize=350%2C200&ssl=1","width":350,"height":200,"srcset":"https:\/\/i0.wp.com\/www.grieta.org.mx\/wp-content\/uploads\/2019\/04\/puentqro.jpeg?resize=350%2C200&ssl=1 1x, https:\/\/i0.wp.com\/www.grieta.org.mx\/wp-content\/uploads\/2019\/04\/puentqro.jpeg?resize=525%2C300&ssl=1 1.5x, https:\/\/i0.wp.com\/www.grieta.org.mx\/wp-content\/uploads\/2019\/04\/puentqro.jpeg?resize=700%2C400&ssl=1 2x, https:\/\/i0.wp.com\/www.grieta.org.mx\/wp-content\/uploads\/2019\/04\/puentqro.jpeg?resize=1050%2C600&ssl=1 3x"},"classes":[]},{"id":56460,"url":"https:\/\/www.grieta.org.mx\/index.php\/2021\/01\/28\/vecinos-protestan-por-cobros-de-la-cea-de-hasta-70-mil-pesos-sin-tener-servicio-queretaro\/","url_meta":{"origin":32729,"position":5},"title":"VECINOS PROTESTAN POR COBROS DE LA CEA DE HASTA 70 MIL PESOS SIN TENER SERVICIO (Quer\u00e9taro)","author":"grieta","date":"28 enero, 2021","format":false,"excerpt":"INFOQROMEX Santiago de Quer\u00e9taro, Qro., a 28 de enero de 2021. Vecinos del fraccionamiento Paseos de San Miguel en la Delegaci\u00f3n F\u00e9lix Osores del municipio de Quer\u00e9taro protestan ante la Comisi\u00f3n Estatal de Aguas por cobros excesivos y la falta de servicio, hace seis a\u00f1os realizaron acuerdos con el Organismo\u2026","rel":"","context":"En &quot;CINTILLO&quot;","block_context":{"text":"CINTILLO","link":"https:\/\/www.grieta.org.mx\/index.php\/category\/cintillo\/"},"img":{"alt_text":"","src":"https:\/\/i0.wp.com\/www.grieta.org.mx\/wp-content\/uploads\/2021\/01\/VECINOS-PROTESTAN-POR-COBROS-DE-LA-CEA-DE-HASTA-70-MIL-PESOS-SIN-TENER-SERVICIO-qro-ene.jpg?resize=350%2C200&ssl=1","width":350,"height":200,"srcset":"https:\/\/i0.wp.com\/www.grieta.org.mx\/wp-content\/uploads\/2021\/01\/VECINOS-PROTESTAN-POR-COBROS-DE-LA-CEA-DE-HASTA-70-MIL-PESOS-SIN-TENER-SERVICIO-qro-ene.jpg?resize=350%2C200&ssl=1 1x, https:\/\/i0.wp.com\/www.grieta.org.mx\/wp-content\/uploads\/2021\/01\/VECINOS-PROTESTAN-POR-COBROS-DE-LA-CEA-DE-HASTA-70-MIL-PESOS-SIN-TENER-SERVICIO-qro-ene.jpg?resize=525%2C300&ssl=1 1.5x, https:\/\/i0.wp.com\/www.grieta.org.mx\/wp-content\/uploads\/2021\/01\/VECINOS-PROTESTAN-POR-COBROS-DE-LA-CEA-DE-HASTA-70-MIL-PESOS-SIN-TENER-SERVICIO-qro-ene.jpg?resize=700%2C400&ssl=1 2x"},"classes":[]}],"_links":{"self":[{"href":"https:\/\/www.grieta.org.mx\/index.php\/wp-json\/wp\/v2\/posts\/32729","targetHints":{"allow":["GET"]}}],"collection":[{"href":"https:\/\/www.grieta.org.mx\/index.php\/wp-json\/wp\/v2\/posts"}],"about":[{"href":"https:\/\/www.grieta.org.mx\/index.php\/wp-json\/wp\/v2\/types\/post"}],"author":[{"embeddable":true,"href":"https:\/\/www.grieta.org.mx\/index.php\/wp-json\/wp\/v2\/users\/2"}],"replies":[{"embeddable":true,"href":"https:\/\/www.grieta.org.mx\/index.php\/wp-json\/wp\/v2\/comments?post=32729"}],"version-history":[{"count":1,"href":"https:\/\/www.grieta.org.mx\/index.php\/wp-json\/wp\/v2\/posts\/32729\/revisions"}],"predecessor-version":[{"id":32731,"href":"https:\/\/www.grieta.org.mx\/index.php\/wp-json\/wp\/v2\/posts\/32729\/revisions\/32731"}],"wp:featuredmedia":[{"embeddable":true,"href":"https:\/\/www.grieta.org.mx\/index.php\/wp-json\/wp\/v2\/media\/32730"}],"wp:attachment":[{"href":"https:\/\/www.grieta.org.mx\/index.php\/wp-json\/wp\/v2\/media?parent=32729"}],"wp:term":[{"taxonomy":"category","embeddable":true,"href":"https:\/\/www.grieta.org.mx\/index.php\/wp-json\/wp\/v2\/categories?post=32729"},{"taxonomy":"post_tag","embeddable":true,"href":"https:\/\/www.grieta.org.mx\/index.php\/wp-json\/wp\/v2\/tags?post=32729"}],"curies":[{"name":"wp","href":"https:\/\/api.w.org\/{rel}","templated":true}]}}