{"id":32716,"date":"2019-04-25T19:00:52","date_gmt":"2019-04-26T00:00:52","guid":{"rendered":"http:\/\/www.grieta.org.mx\/?p=32716"},"modified":"2019-04-29T19:36:23","modified_gmt":"2019-04-30T00:36:23","slug":"faltan-medicinas-para-usuarios-de-centros-de-salud-sinaloa","status":"publish","type":"post","link":"https:\/\/www.grieta.org.mx\/index.php\/2019\/04\/25\/faltan-medicinas-para-usuarios-de-centros-de-salud-sinaloa\/","title":{"rendered":"Faltan medicinas para usuarios de Centros de Salud (Sinaloa)"},"content":{"rendered":"<p><img loading=\"lazy\" decoding=\"async\" data-attachment-id=\"32717\" data-permalink=\"https:\/\/www.grieta.org.mx\/index.php\/2019\/04\/25\/faltan-medicinas-para-usuarios-de-centros-de-salud-sinaloa\/no_hay_medicinas_en_el_centro_de_salu_en_mazatlan-jpg_219914347\/\" data-orig-file=\"https:\/\/www.grieta.org.mx\/wp-content\/uploads\/2019\/04\/no_hay_medicinas_en_el_centro_de_salu_en_mazatlan.jpg_219914347.jpg\" data-orig-size=\"960,540\" data-comments-opened=\"0\" data-image-meta=\"{&quot;aperture&quot;:&quot;0&quot;,&quot;credit&quot;:&quot;&quot;,&quot;camera&quot;:&quot;&quot;,&quot;caption&quot;:&quot;&quot;,&quot;created_timestamp&quot;:&quot;0&quot;,&quot;copyright&quot;:&quot;&quot;,&quot;focal_length&quot;:&quot;0&quot;,&quot;iso&quot;:&quot;0&quot;,&quot;shutter_speed&quot;:&quot;0&quot;,&quot;title&quot;:&quot;&quot;,&quot;orientation&quot;:&quot;0&quot;}\" data-image-title=\"no_hay_medicinas_en_el_centro_de_salu_en_mazatlan.jpg_219914347\" data-image-description=\"\" data-image-caption=\"\" data-medium-file=\"https:\/\/www.grieta.org.mx\/wp-content\/uploads\/2019\/04\/no_hay_medicinas_en_el_centro_de_salu_en_mazatlan.jpg_219914347-300x169.jpg\" data-large-file=\"https:\/\/www.grieta.org.mx\/wp-content\/uploads\/2019\/04\/no_hay_medicinas_en_el_centro_de_salu_en_mazatlan.jpg_219914347.jpg\" class=\" wp-image-32717 aligncenter\" src=\"http:\/\/www.grieta.org.mx\/wp-content\/uploads\/2019\/04\/no_hay_medicinas_en_el_centro_de_salu_en_mazatlan.jpg_219914347.jpg\" alt=\"\" width=\"763\" height=\"429\" srcset=\"https:\/\/www.grieta.org.mx\/wp-content\/uploads\/2019\/04\/no_hay_medicinas_en_el_centro_de_salu_en_mazatlan.jpg_219914347.jpg 960w, https:\/\/www.grieta.org.mx\/wp-content\/uploads\/2019\/04\/no_hay_medicinas_en_el_centro_de_salu_en_mazatlan.jpg_219914347-300x169.jpg 300w, https:\/\/www.grieta.org.mx\/wp-content\/uploads\/2019\/04\/no_hay_medicinas_en_el_centro_de_salu_en_mazatlan.jpg_219914347-768x432.jpg 768w, https:\/\/www.grieta.org.mx\/wp-content\/uploads\/2019\/04\/no_hay_medicinas_en_el_centro_de_salu_en_mazatlan.jpg_219914347-889x500.jpg 889w\" sizes=\"auto, (max-width: 763px) 100vw, 763px\" \/><\/p>\n<p>Blanca Regalado \/ El Debate<\/p>\n<p><strong>Mazatl\u00e1n, Sinaloa<\/strong>.- Los usuarios de las unidades de la Secretar\u00eda de Salud padecen la falta de medicinas para tratar varios padecimientos. Entre los f\u00e1rmacos que no han podido surtir en los \u00faltimas d\u00edas en los centros de salud est\u00e1n \u00a0nifedipina, losart\u00e1n, hidroclorotiazida, \u00a0paracetamol e \u00a0insulina.<\/p>\n<p>No hay<\/p>\n<p>Se acudi\u00f3 a la farmacia y los encargados reconocieron que los medicamentos mencionados est\u00e1n agotados. Tambi\u00e9n el director del Centro de Salud, Jos\u00e9 Manuel \u00a0Santiago \u00a0\u00c1vila, acept\u00f3 esta carencia.<\/p>\n<p>Los primeros d\u00edas de cada mes les surten de medicinas, abund\u00f3 el galeno. La \u00a0pr\u00f3xima semana surtir\u00e1n las recetas de los usuarios. El funcionario dijo que al parecer se tiene alg\u00fan problema con los distribuidores de las medicinas, pero conf\u00edan en que esto se puede atender sin problemas.<\/p>\n<p>Los medicamentos son para tratar afecciones como la hipertensi\u00f3n, diabetes, insuficiencia renal, \u00a0dolor de cabeza y resfriado. Margarita L\u00f3pez explic\u00f3 que su padre, Jos\u00e9 Luis, requiere insulina para su tratamiento y que tiene dos semanas que acude varios d\u00edas por las medicinas y no hay.<\/p>\n<p>Explic\u00f3 que el problema de la escasez ya se hab\u00eda corregido el a\u00f1o pasado, pero en este con frecuencia no pueden surtir la receta. Esta vez, son ya dos semanas las que tienen los pacientes sin tratamiento, dijo Miguel Tirado y mostr\u00f3 dos recetas sin poder surtir.<\/p>\n<p>Los usuarios le insistieron al secretario de Salud en Sinaloa, Efr\u00e9n Encinas Torres, le d\u00e9 celeridad a este problema. Para evitar que los tratamientos de los usuarios se vean afectados.<\/p>\n<p>Temen por su salud, pues al \u00a0no poder seguirse tratando como lo indica el m\u00e9dico, pueden tener una reca\u00edda, apunt\u00f3 Rosario Mart\u00ednez. La mujer explica que debido a sus bajos ingresos no puede \u00a0comprarle la insulina a su marido, Javier, y \u00a0el f\u00e1rmaco para la presi\u00f3n \u00a0arteria.<\/p>\n<p>Se acudi\u00f3 a algunos de los centros de salud y en casi todos faltaba al menos dos o tres f\u00e1rmacos.<\/p>\n<p><a href=\"https:\/\/www.debate.com.mx\/mazatlan\/Faltan-medicinas-para-usuarios-de-Centros-de-Salud--20190425-0094.html\">https:\/\/www.debate.com.mx\/mazatlan\/Faltan-medicinas-para-usuarios-de-Centros-de-Salud&#8211;20190425-0094.html<\/a><\/p>\n","protected":false},"excerpt":{"rendered":"<p>Blanca Regalado \/ El Debate Mazatl\u00e1n, Sinaloa.- Los usuarios de las unidades de la Secretar\u00eda de Salud padecen la falta de medicinas para tratar varios padecimientos. Entre los f\u00e1rmacos que &hellip; <a href=\"https:\/\/www.grieta.org.mx\/index.php\/2019\/04\/25\/faltan-medicinas-para-usuarios-de-centros-de-salud-sinaloa\/\" class=\"more-link\">Leer m\u00e1s<\/a><\/p>\n","protected":false},"author":2,"featured_media":32717,"comment_status":"closed","ping_status":"closed","sticky":false,"template":"","format":"standard","meta":{"ngg_post_thumbnail":0,"_jetpack_newsletter_access":"","_jetpack_dont_email_post_to_subs":false,"_jetpack_newsletter_tier_id":0,"_jetpack_memberships_contains_paywalled_content":false,"_jetpack_memberships_contains_paid_content":false,"footnotes":""},"categories":[80,918,2420,2,30,83],"tags":[2367,1459,2366,149,2372],"class_list":["post-32716","post","type-post","status-publish","format-standard","has-post-thumbnail","hentry","category-cintillo","category-privatizacion-del-sector-salud","category-crisis-del-sector-salud-en-sinaloa","category-noticias-nacionales","category-sinaloa","category-temas-nacionales","tag-crisis-en-el-sector-salud","tag-crisis-sector-salud","tag-desabasto-de-medicinas","tag-salud","tag-secretaria-salud","entry"],"jetpack_featured_media_url":"https:\/\/www.grieta.org.mx\/wp-content\/uploads\/2019\/04\/no_hay_medicinas_en_el_centro_de_salu_en_mazatlan.jpg_219914347.jpg","jetpack_sharing_enabled":true,"jetpack_shortlink":"https:\/\/wp.me\/p7ZJR4-8vG","jetpack_likes_enabled":false,"jetpack-related-posts":[{"id":38806,"url":"https:\/\/www.grieta.org.mx\/index.php\/2019\/09\/02\/denuncian-pesimo-servicio-en-centro-de-salud-del-sector-pemex-culiacan-sinaloa\/","url_meta":{"origin":32716,"position":0},"title":"Denuncian p\u00e9simo servicio en Centro de Salud del sector Pemex, Culiac\u00e1n (Sinaloa)","author":"grieta","date":"2 septiembre, 2019","format":false,"excerpt":"Foto: El Debate A veces no hay m\u00e9dicos y en otras ocasiones no tienen medicamentos, denuncian pacientes del Centro de Salud unidad Pemex Mar\u00eda Elizalde \/ El Debate Culiac\u00e1n, Sinaloa.- Gran inconformidad entre los usuarios que asisten al Centro de Salud unidad Pemex debido a que hay estudiantes que desde\u2026","rel":"","context":"En &quot;CINTILLO&quot;","block_context":{"text":"CINTILLO","link":"https:\/\/www.grieta.org.mx\/index.php\/category\/cintillo\/"},"img":{"alt_text":"","src":"https:\/\/i0.wp.com\/www.grieta.org.mx\/wp-content\/uploads\/2019\/09\/denuncian_pxsimo_servicio_en_centro_de_salud_del_sector_pemexx_culiacxn.jpeg_219914347.jpeg?resize=350%2C200&ssl=1","width":350,"height":200,"srcset":"https:\/\/i0.wp.com\/www.grieta.org.mx\/wp-content\/uploads\/2019\/09\/denuncian_pxsimo_servicio_en_centro_de_salud_del_sector_pemexx_culiacxn.jpeg_219914347.jpeg?resize=350%2C200&ssl=1 1x, https:\/\/i0.wp.com\/www.grieta.org.mx\/wp-content\/uploads\/2019\/09\/denuncian_pxsimo_servicio_en_centro_de_salud_del_sector_pemexx_culiacxn.jpeg_219914347.jpeg?resize=525%2C300&ssl=1 1.5x, https:\/\/i0.wp.com\/www.grieta.org.mx\/wp-content\/uploads\/2019\/09\/denuncian_pxsimo_servicio_en_centro_de_salud_del_sector_pemexx_culiacxn.jpeg_219914347.jpeg?resize=700%2C400&ssl=1 2x"},"classes":[]},{"id":31944,"url":"https:\/\/www.grieta.org.mx\/index.php\/2019\/04\/09\/sin-resolver-problema-de-desabasto-de-medicinas-en-hospitales-de-sinaloa\/","url_meta":{"origin":32716,"position":1},"title":"Sin resolver problema de desabasto de medicinas en hospitales de Sinaloa","author":"grieta","date":"9 abril, 2019","format":false,"excerpt":"\u00c1reas de farmacias de hospitales\u00a0y centros de salud mantienen los estands sin medicamentos en Sinaloa Mar\u00eda Elizalde \/ El Debate Culiac\u00e1n, Sinaloa.- En un recorrido por centros de salud y hospitales del municipio de Culiac\u00e1n se detect\u00f3 que, a pesar de que se anunci\u00f3 que se est\u00e1n realizando la distribuci\u00f3n\u2026","rel":"","context":"En &quot;CINTILLO&quot;","block_context":{"text":"CINTILLO","link":"https:\/\/www.grieta.org.mx\/index.php\/category\/cintillo\/"},"img":{"alt_text":"","src":"https:\/\/i0.wp.com\/www.grieta.org.mx\/wp-content\/uploads\/2019\/04\/sin_resolver_problema_de_desabasto_de_medicinas_en_hospitales_de_sinaloa.jpg_1727466156.jpg?resize=350%2C200&ssl=1","width":350,"height":200,"srcset":"https:\/\/i0.wp.com\/www.grieta.org.mx\/wp-content\/uploads\/2019\/04\/sin_resolver_problema_de_desabasto_de_medicinas_en_hospitales_de_sinaloa.jpg_1727466156.jpg?resize=350%2C200&ssl=1 1x, https:\/\/i0.wp.com\/www.grieta.org.mx\/wp-content\/uploads\/2019\/04\/sin_resolver_problema_de_desabasto_de_medicinas_en_hospitales_de_sinaloa.jpg_1727466156.jpg?resize=525%2C300&ssl=1 1.5x, https:\/\/i0.wp.com\/www.grieta.org.mx\/wp-content\/uploads\/2019\/04\/sin_resolver_problema_de_desabasto_de_medicinas_en_hospitales_de_sinaloa.jpg_1727466156.jpg?resize=700%2C400&ssl=1 2x"},"classes":[]},{"id":39084,"url":"https:\/\/www.grieta.org.mx\/index.php\/2019\/09\/06\/derechohabientes-reclaman-servicio-y-medicinas-en-imss-san-blas-sinaloa\/","url_meta":{"origin":32716,"position":2},"title":"Derechohabientes reclaman servicio y medicinas en IMSS San Blas (Sinaloa)","author":"grieta","date":"6 septiembre, 2019","format":false,"excerpt":"Foto: El Debate Los inconformes acudieron a las instalaciones de la cl\u00ednica para impedir cualquier actividad al personal m\u00e9dico y administrativo Mar\u00eda de Jes\u00fas Estrada \/ El Debate El Fuerte, Sinaloa.- Un grupo de derechohabientes de la cl\u00ednica del Instituto Mexicano del Seguro Social (IMSS) de la poblaci\u00f3n de San\u2026","rel":"","context":"En &quot;CINTILLO&quot;","block_context":{"text":"CINTILLO","link":"https:\/\/www.grieta.org.mx\/index.php\/category\/cintillo\/"},"img":{"alt_text":"","src":"https:\/\/i0.wp.com\/www.grieta.org.mx\/wp-content\/uploads\/2019\/09\/clina_imss_san_blas.jpg_219914347.jpg?resize=350%2C200&ssl=1","width":350,"height":200,"srcset":"https:\/\/i0.wp.com\/www.grieta.org.mx\/wp-content\/uploads\/2019\/09\/clina_imss_san_blas.jpg_219914347.jpg?resize=350%2C200&ssl=1 1x, https:\/\/i0.wp.com\/www.grieta.org.mx\/wp-content\/uploads\/2019\/09\/clina_imss_san_blas.jpg_219914347.jpg?resize=525%2C300&ssl=1 1.5x, https:\/\/i0.wp.com\/www.grieta.org.mx\/wp-content\/uploads\/2019\/09\/clina_imss_san_blas.jpg_219914347.jpg?resize=700%2C400&ssl=1 2x"},"classes":[]},{"id":35464,"url":"https:\/\/www.grieta.org.mx\/index.php\/2019\/06\/26\/el-imss-de-mazatlan-se-queda-ahora-sin-rayos-x-sinaloa\/","url_meta":{"origin":32716,"position":3},"title":"El IMSS de Mazatl\u00e1n se queda ahora sin rayos X (Sinaloa)","author":"grieta","date":"26 junio, 2019","format":false,"excerpt":"Foto: El Debate Personas de todas edades, que provienen hasta de zona rural, no pudieron realizarse los estudios Blanca Regalado \/ El Debate Mazatl\u00e1n, Sinaloa.- El equipo de rayos X del Hospital General de Zona (HGZ) 3, del Instituto Mexicano del Seguro Social (IMSS), se descompuso. Esta falla dej\u00f3 a\u2026","rel":"","context":"En &quot;CINTILLO&quot;","block_context":{"text":"CINTILLO","link":"https:\/\/www.grieta.org.mx\/index.php\/category\/cintillo\/"},"img":{"alt_text":"","src":"https:\/\/i0.wp.com\/www.grieta.org.mx\/wp-content\/uploads\/2019\/06\/sala_de_espera_imss_crop1561561952953.jpg_1727466156.jpg?resize=350%2C200&ssl=1","width":350,"height":200,"srcset":"https:\/\/i0.wp.com\/www.grieta.org.mx\/wp-content\/uploads\/2019\/06\/sala_de_espera_imss_crop1561561952953.jpg_1727466156.jpg?resize=350%2C200&ssl=1 1x, https:\/\/i0.wp.com\/www.grieta.org.mx\/wp-content\/uploads\/2019\/06\/sala_de_espera_imss_crop1561561952953.jpg_1727466156.jpg?resize=525%2C300&ssl=1 1.5x, https:\/\/i0.wp.com\/www.grieta.org.mx\/wp-content\/uploads\/2019\/06\/sala_de_espera_imss_crop1561561952953.jpg_1727466156.jpg?resize=700%2C400&ssl=1 2x"},"classes":[]},{"id":39087,"url":"https:\/\/www.grieta.org.mx\/index.php\/2019\/09\/06\/no-les-dan-medicinas-tras-horas-de-espera-en-el-issste-sinaloa\/","url_meta":{"origin":32716,"position":4},"title":"No les dan medicinas tras horas de espera en el ISSSTE (Sinaloa)","author":"grieta","date":"6 septiembre, 2019","format":false,"excerpt":"Foto: Javier Padilla - El Debate Alrededor de 300 derechohabientes no alcanzaron a ser atendidos en la farmacia por la lentitud en el servicio y no les respetan para hoy el turno Redacci\u00f3n \/ El Debate Los Mochis, Sinaloa.- Un c\u00e1lculo de 300 derechohabientes del Instituto de Seguridad y Servicios\u2026","rel":"","context":"En &quot;CINTILLO&quot;","block_context":{"text":"CINTILLO","link":"https:\/\/www.grieta.org.mx\/index.php\/category\/cintillo\/"},"img":{"alt_text":"","src":"https:\/\/i0.wp.com\/www.grieta.org.mx\/wp-content\/uploads\/2019\/09\/issste_medicinas.jpg_219914347.jpg?resize=350%2C200&ssl=1","width":350,"height":200,"srcset":"https:\/\/i0.wp.com\/www.grieta.org.mx\/wp-content\/uploads\/2019\/09\/issste_medicinas.jpg_219914347.jpg?resize=350%2C200&ssl=1 1x, https:\/\/i0.wp.com\/www.grieta.org.mx\/wp-content\/uploads\/2019\/09\/issste_medicinas.jpg_219914347.jpg?resize=525%2C300&ssl=1 1.5x, https:\/\/i0.wp.com\/www.grieta.org.mx\/wp-content\/uploads\/2019\/09\/issste_medicinas.jpg_219914347.jpg?resize=700%2C400&ssl=1 2x"},"classes":[]},{"id":32888,"url":"https:\/\/www.grieta.org.mx\/index.php\/2019\/05\/02\/sector-salud-tamaulipas-sin-medicinas-por-adeudo-tamaulipas\/","url_meta":{"origin":32716,"position":5},"title":"Sector Salud Tamaulipas sin medicinas por adeudo (Tamaulipas)","author":"grieta","date":"2 mayo, 2019","format":false,"excerpt":"El Bravo TAMAULIPAS.- La empresa Intercontinental de Medicamentos suspendi\u00f3 la expedici\u00f3n de vales y el abastaecimiento a la farmacia del Hospital Civil y otras instituciones de Salud en Tamaulipas, por un presunto adeudo del sector. Esta situaci\u00f3n representa un serio problema tanto para trabajadores como derechohabientes, indic\u00f3 el delegado sindical\u2026","rel":"","context":"En &quot;CINTILLO&quot;","block_context":{"text":"CINTILLO","link":"https:\/\/www.grieta.org.mx\/index.php\/category\/cintillo\/"},"img":{"alt_text":"","src":"https:\/\/i0.wp.com\/www.grieta.org.mx\/wp-content\/uploads\/2019\/05\/Sector-Salud-Tamaulipas-sin-medicinas-por-adeudo-tama-may.jpg?resize=350%2C200&ssl=1","width":350,"height":200,"srcset":"https:\/\/i0.wp.com\/www.grieta.org.mx\/wp-content\/uploads\/2019\/05\/Sector-Salud-Tamaulipas-sin-medicinas-por-adeudo-tama-may.jpg?resize=350%2C200&ssl=1 1x, https:\/\/i0.wp.com\/www.grieta.org.mx\/wp-content\/uploads\/2019\/05\/Sector-Salud-Tamaulipas-sin-medicinas-por-adeudo-tama-may.jpg?resize=525%2C300&ssl=1 1.5x"},"classes":[]}],"_links":{"self":[{"href":"https:\/\/www.grieta.org.mx\/index.php\/wp-json\/wp\/v2\/posts\/32716","targetHints":{"allow":["GET"]}}],"collection":[{"href":"https:\/\/www.grieta.org.mx\/index.php\/wp-json\/wp\/v2\/posts"}],"about":[{"href":"https:\/\/www.grieta.org.mx\/index.php\/wp-json\/wp\/v2\/types\/post"}],"author":[{"embeddable":true,"href":"https:\/\/www.grieta.org.mx\/index.php\/wp-json\/wp\/v2\/users\/2"}],"replies":[{"embeddable":true,"href":"https:\/\/www.grieta.org.mx\/index.php\/wp-json\/wp\/v2\/comments?post=32716"}],"version-history":[{"count":1,"href":"https:\/\/www.grieta.org.mx\/index.php\/wp-json\/wp\/v2\/posts\/32716\/revisions"}],"predecessor-version":[{"id":32719,"href":"https:\/\/www.grieta.org.mx\/index.php\/wp-json\/wp\/v2\/posts\/32716\/revisions\/32719"}],"wp:featuredmedia":[{"embeddable":true,"href":"https:\/\/www.grieta.org.mx\/index.php\/wp-json\/wp\/v2\/media\/32717"}],"wp:attachment":[{"href":"https:\/\/www.grieta.org.mx\/index.php\/wp-json\/wp\/v2\/media?parent=32716"}],"wp:term":[{"taxonomy":"category","embeddable":true,"href":"https:\/\/www.grieta.org.mx\/index.php\/wp-json\/wp\/v2\/categories?post=32716"},{"taxonomy":"post_tag","embeddable":true,"href":"https:\/\/www.grieta.org.mx\/index.php\/wp-json\/wp\/v2\/tags?post=32716"}],"curies":[{"name":"wp","href":"https:\/\/api.w.org\/{rel}","templated":true}]}}