{"id":32699,"date":"2019-04-28T14:10:14","date_gmt":"2019-04-28T19:10:14","guid":{"rendered":"http:\/\/www.grieta.org.mx\/?p=32699"},"modified":"2019-04-29T14:39:36","modified_gmt":"2019-04-29T19:39:36","slug":"dejan-sin-recursos-a-buscadoras-de-fosas-guerrero","status":"publish","type":"post","link":"https:\/\/www.grieta.org.mx\/index.php\/2019\/04\/28\/dejan-sin-recursos-a-buscadoras-de-fosas-guerrero\/","title":{"rendered":"Dejan sin recursos a buscadoras de fosas (Guerrero)"},"content":{"rendered":"<p><img loading=\"lazy\" decoding=\"async\" data-attachment-id=\"32681\" data-permalink=\"https:\/\/www.grieta.org.mx\/index.php\/2019\/04\/27\/intimidan-a-balazos-al-colectivo-los-otros-desaparecidos-de-iguala-guerrero\/losotrosdesaparecidosdeigualabusqueda-1160x700\/\" data-orig-file=\"https:\/\/www.grieta.org.mx\/wp-content\/uploads\/2019\/04\/losotrosdesaparecidosdeigualabusqueda-1160x700.jpg\" data-orig-size=\"1160,700\" data-comments-opened=\"0\" data-image-meta=\"{&quot;aperture&quot;:&quot;0&quot;,&quot;credit&quot;:&quot;&quot;,&quot;camera&quot;:&quot;&quot;,&quot;caption&quot;:&quot;&quot;,&quot;created_timestamp&quot;:&quot;0&quot;,&quot;copyright&quot;:&quot;&quot;,&quot;focal_length&quot;:&quot;0&quot;,&quot;iso&quot;:&quot;0&quot;,&quot;shutter_speed&quot;:&quot;0&quot;,&quot;title&quot;:&quot;&quot;,&quot;orientation&quot;:&quot;0&quot;}\" data-image-title=\"losotrosdesaparecidosdeigualabusqueda-1160&amp;#215;700\" data-image-description=\"\" data-image-caption=\"\" data-medium-file=\"https:\/\/www.grieta.org.mx\/wp-content\/uploads\/2019\/04\/losotrosdesaparecidosdeigualabusqueda-1160x700-300x181.jpg\" data-large-file=\"https:\/\/www.grieta.org.mx\/wp-content\/uploads\/2019\/04\/losotrosdesaparecidosdeigualabusqueda-1160x700-1024x618.jpg\" src=\"http:\/\/www.grieta.org.mx\/wp-content\/uploads\/2019\/04\/losotrosdesaparecidosdeigualabusqueda-1160x700-1024x618.jpg\" alt=\"\" width=\"702\" height=\"468\" class=\"alignleft size-large wp-image-32681\" \/><\/p>\n<p>Jes\u00fas Guerrero \/ Z\u00f3calo<\/p>\n<p>El colectivo &#8220;Madres Igualtecas&#8221; acus\u00f3 a la Comisi\u00f3n Ejecutiva de Atenci\u00f3n a V\u00edctimas (CEAV) de no entregarles recursos econ\u00f3micos para los trabajos de b\u00fasqueda de fosas clandestinas que llevaron a cabo durante esta semana en distintos puntos de Chilpancingo y Huitzuco, Guerrero.<\/p>\n<p>Desde hace dos meses, la Fiscal\u00eda General de la Rep\u00fablica (FGR) le envi\u00f3 un escrito al titular de la CEAV, Jaime Roch\u00edn Rinc\u00f3n, pidi\u00e9ndole que le asigne recursos a este colectivo de familiares de personas desaparecidas en Guerrero.<\/p>\n<p>Sin embargo, bajo el argumento de que hab\u00eda vacaciones por semana santa, la Comisi\u00f3n no liber\u00f3 los 120 mil pesos que ser\u00edan utilizados para el alquiler de camionetas, traslado de las personas y el pago de comida y hospedaje.<\/p>\n<p>Sandra Rom\u00e1n Jaimes, presidenta de este colectivo, se\u00f1al\u00f3 que tuvieron que conseguir dinero prestado para realizar la b\u00fasqueda.<\/p>\n<p>Este viernes, las madres se trasladaron a la Ciudad de M\u00e9xico para tomar la caseta de Tlalpan en donde recabaron 30 mil pesos de cooperaciones voluntarias de los automovilistas.<\/p>\n<p>&#8220;Pero con esos 30 mil pesos que juntamos, no nos alcanza para pagar lo que debemos&#8221;, dijo Rom\u00e1n.<\/p>\n<p>Jos\u00e9 Filiberto Vel\u00e1zquez Florencio, presidente del centro de derechos humanos &#8220;Minerva Bello&#8221;, explic\u00f3 que \u00e9l le envi\u00f3 un mensaje de WhatsApp al subsecretario de Derechos Humanos de la Secretar\u00eda de Gobernaci\u00f3n, Alejandro Encinas, explic\u00e1ndole la situaci\u00f3n.<\/p>\n<p>&#8220;Encinas me contest\u00f3: lo estamos gestionando (el recurso) y eso fue todo, pero nunca vimos nada en concreto&#8221;, asever\u00f3 el activista.<\/p>\n<p>En rueda de prensa que ofrecieron las integrantes de este colectivo explicaron que la FGR envi\u00f3 personal pero sin equipo de rapel, por lo que tuvieron que solicitar apoyo al grupo de activistas por los derechos humanos &#8220;Marabunta&#8221; para que les ayudaran con los trabajos, ya que se necesitaba escalar un cerro en el que en una cueva encontraron siete osamentas.<\/p>\n<p>Sandra Rom\u00e1n, quien tiene a su hija Ivett Melisa Flores Rom\u00e1n desaparecida desde el 2012 en Iguala, se\u00f1al\u00f3 que los funcionarios se portan de manera insensible porque ellos no est\u00e1n sufriendo el dolor que tienen ellas de haber perdido a un familiar.<\/p>\n<p>Cont\u00f3 que ella a pesar de que tiene c\u00e1ncer sigue y seguir\u00e1 buscando a su hija.<\/p>\n<p>&#8220;Los m\u00e9dicos que me atienden me recomendaron que no me asolee mucho, por eso durante la b\u00fasqueda trat\u00e9 de estar en la sombra&#8221;, narr\u00f3.<\/p>\n<p>La madre de familia Guillermina Sotelo, quien busca a su hijo C\u00e9sar Iv\u00e1n Ortega Sotelo desde el 2012, se\u00f1al\u00f3 que mientras no encuentren a sus familiares ellos van a seguir investigando.<\/p>\n<p>&#8220;En mi caso seguir\u00e9 buscando a mi hijo, si lo encuentro vivo ser\u00e9 muy feliz y si lo localiz\u00f3 muerto siquiera tendr\u00e9 el consuelo de que le llevar\u00e9 flores a su tumba&#8221;, expres\u00f3.<\/p>\n<p>Las integrantes del colectivo tambi\u00e9n se quejaron de que en esta b\u00fasqueda la FGR no les envi\u00f3 suficientes elementos de seguridad.<\/p>\n<p>Dijeron que a pesar de la falta de apoyo de la CEAV y de la Secretar\u00eda de Gobernaci\u00f3n su objetivo se cumpli\u00f3 pues localizaron ocho osamentas, siete en una cueva en las inmediaciones de la comunidad de Coapango, del Municipio de Chilpancingo y una en Huitzuco.<\/p>\n<p>&#8220;Lo que tenemos que hacer es ver como le hacemos para conseguir m\u00e1s de cien mil pesos para pagar el dinero que pedimos prestado para realizar nuestras actividades&#8221;, explic\u00f3 la se\u00f1ora Sandra Luz Rom\u00e1n.<\/p>\n<p><a href=\"http:\/\/www.zocalo.com.mx\/reforma\/detail\/dejan-sin-recursos-a-buscadoras-de-fosas\">http:\/\/www.zocalo.com.mx\/reforma\/detail\/dejan-sin-recursos-a-buscadoras-de-fosas<\/a><\/p>\n","protected":false},"excerpt":{"rendered":"<p>Jes\u00fas Guerrero \/ Z\u00f3calo El colectivo &#8220;Madres Igualtecas&#8221; acus\u00f3 a la Comisi\u00f3n Ejecutiva de Atenci\u00f3n a V\u00edctimas (CEAV) de no entregarles recursos econ\u00f3micos para los trabajos de b\u00fasqueda de fosas &hellip; <a href=\"https:\/\/www.grieta.org.mx\/index.php\/2019\/04\/28\/dejan-sin-recursos-a-buscadoras-de-fosas-guerrero\/\" class=\"more-link\">Leer m\u00e1s<\/a><\/p>\n","protected":false},"author":2,"featured_media":32681,"comment_status":"closed","ping_status":"closed","sticky":false,"template":"","format":"standard","meta":{"ngg_post_thumbnail":0,"_jetpack_newsletter_access":"","_jetpack_dont_email_post_to_subs":false,"_jetpack_newsletter_tier_id":0,"_jetpack_memberships_contains_paywalled_content":false,"_jetpack_memberships_contains_paid_content":false,"footnotes":""},"categories":[80,87,1200,18,2,83],"tags":[2220,1916],"class_list":["post-32699","post","type-post","status-publish","format-standard","has-post-thumbnail","hentry","category-cintillo","category-desaparecidos","category-desaparecidos-en-guerrero","category-guerrero","category-noticias-nacionales","category-temas-nacionales","tag-colectivos-rastreadores-de-desaparecidos","tag-fosas","entry"],"jetpack_featured_media_url":"https:\/\/www.grieta.org.mx\/wp-content\/uploads\/2019\/04\/losotrosdesaparecidosdeigualabusqueda-1160x700.jpg","jetpack_sharing_enabled":true,"jetpack_shortlink":"https:\/\/wp.me\/p7ZJR4-8vp","jetpack_likes_enabled":false,"jetpack-related-posts":[{"id":43444,"url":"https:\/\/www.grieta.org.mx\/index.php\/2020\/01\/18\/activistas-exigen-al-gobierno-buscar-cuerpos-en-el-mar-de-acapulco-guerrero\/","url_meta":{"origin":32699,"position":0},"title":"Activistas exigen al gobierno buscar cuerpos en el mar de Acapulco (Guerrero)","author":"Admin","date":"18 enero, 2020","format":false,"excerpt":"La Asociaci\u00f3n de Familias de Acapulco en Busca de sus Desaparecidos indic\u00f3 haber localizado cinco osamentas en tres fosas clandestinas en los acantilados de la Colonia La Mira del puerto de Acapulco. Por Redacci\u00f3n \/ Bajo Palabra Acapulco, Guerrero.- La presidenta de la Asociaci\u00f3n de Familias de Acapulco en Busca\u2026","rel":"","context":"En &quot;CINTILLO&quot;","block_context":{"text":"CINTILLO","link":"https:\/\/www.grieta.org.mx\/index.php\/category\/cintillo\/"},"img":{"alt_text":"","src":"https:\/\/i0.wp.com\/www.grieta.org.mx\/wp-content\/uploads\/2020\/01\/Acapulco-desaparecidos.jpg?resize=350%2C200&ssl=1","width":350,"height":200,"srcset":"https:\/\/i0.wp.com\/www.grieta.org.mx\/wp-content\/uploads\/2020\/01\/Acapulco-desaparecidos.jpg?resize=350%2C200&ssl=1 1x, https:\/\/i0.wp.com\/www.grieta.org.mx\/wp-content\/uploads\/2020\/01\/Acapulco-desaparecidos.jpg?resize=525%2C300&ssl=1 1.5x, https:\/\/i0.wp.com\/www.grieta.org.mx\/wp-content\/uploads\/2020\/01\/Acapulco-desaparecidos.jpg?resize=700%2C400&ssl=1 2x, https:\/\/i0.wp.com\/www.grieta.org.mx\/wp-content\/uploads\/2020\/01\/Acapulco-desaparecidos.jpg?resize=1050%2C600&ssl=1 3x"},"classes":[]},{"id":55892,"url":"https:\/\/www.grieta.org.mx\/index.php\/2020\/12\/04\/denuncian-a-la-ceav-por-frenar-la-entrega-de-apoyos-a-mas-de-300-familias-guerrero\/","url_meta":{"origin":32699,"position":1},"title":"Denuncian a la CEAV por frenar la entrega de apoyos a m\u00e1s de 300 familias  (Guerrero)","author":"Admin","date":"4 diciembre, 2020","format":false,"excerpt":"Dassaev T\u00e9llez Adame \/ La Jornada Guerrero Activista acusa que desde octubre dejaron de recibir recursos para la canasta b\u00e1sica Reclama que el encargado de la Comisi\u00f3n mantiene cerrada la oficina y no contesta llamadas Chilpancingo, 3 de diciembre. Representantes del Frente Guerrero por Nuestros Desaparecidos denunciaron p\u00fablicamente a la\u2026","rel":"","context":"En &quot;CINTILLO&quot;","block_context":{"text":"CINTILLO","link":"https:\/\/www.grieta.org.mx\/index.php\/category\/cintillo\/"},"img":{"alt_text":"","src":"https:\/\/i0.wp.com\/www.grieta.org.mx\/wp-content\/uploads\/2020\/12\/b622018b3f88372a24b61334b0967f9b_L.jpg?resize=350%2C200&ssl=1","width":350,"height":200,"srcset":"https:\/\/i0.wp.com\/www.grieta.org.mx\/wp-content\/uploads\/2020\/12\/b622018b3f88372a24b61334b0967f9b_L.jpg?resize=350%2C200&ssl=1 1x, https:\/\/i0.wp.com\/www.grieta.org.mx\/wp-content\/uploads\/2020\/12\/b622018b3f88372a24b61334b0967f9b_L.jpg?resize=525%2C300&ssl=1 1.5x, https:\/\/i0.wp.com\/www.grieta.org.mx\/wp-content\/uploads\/2020\/12\/b622018b3f88372a24b61334b0967f9b_L.jpg?resize=700%2C400&ssl=1 2x"},"classes":[]},{"id":33157,"url":"https:\/\/www.grieta.org.mx\/index.php\/2019\/05\/08\/exigen-buscar-en-fosas-bajo-agua-nuevo-objetivo-presa-vicente-guerrero-tamaulipas\/","url_meta":{"origin":32699,"position":2},"title":"Exigen buscar en fosas bajo agua. Nuevo objetivo: presa Vicente Guerrero (Tamaulipas)","author":"grieta","date":"8 mayo, 2019","format":false,"excerpt":"Carlos Manuel Ju\u00e1rez \/ El Ma\u00f1ana Piden familiares hacer un trabajo m\u00e1s a fondo de rastreo en el vaso lacustre El Ma\u00f1ana \/ Staff.- La Red de Desaparecidos en Tamaulipas exige a la Procuradur\u00eda General de Justicia (FGJ) estatal el levantamiento de cuerpos de v\u00edctimas de la delincuencia, ubicados en\u2026","rel":"","context":"En &quot;CINTILLO&quot;","block_context":{"text":"CINTILLO","link":"https:\/\/www.grieta.org.mx\/index.php\/category\/cintillo\/"},"img":{"alt_text":"","src":"https:\/\/i0.wp.com\/www.grieta.org.mx\/wp-content\/uploads\/2019\/05\/Exigen-buscar-en-fosas-bajo-agua.-Nuevo-objetivo-presa-Vicente-Guerrero-tama-may.jpg?resize=350%2C200&ssl=1","width":350,"height":200,"srcset":"https:\/\/i0.wp.com\/www.grieta.org.mx\/wp-content\/uploads\/2019\/05\/Exigen-buscar-en-fosas-bajo-agua.-Nuevo-objetivo-presa-Vicente-Guerrero-tama-may.jpg?resize=350%2C200&ssl=1 1x, https:\/\/i0.wp.com\/www.grieta.org.mx\/wp-content\/uploads\/2019\/05\/Exigen-buscar-en-fosas-bajo-agua.-Nuevo-objetivo-presa-Vicente-Guerrero-tama-may.jpg?resize=525%2C300&ssl=1 1.5x"},"classes":[]},{"id":40599,"url":"https:\/\/www.grieta.org.mx\/index.php\/2019\/10\/16\/halla-el-colectivo-madres-igualtecas-una-fosa-con-un-cuerpo-en-los-limites-de-chilpancingo-guerrero\/","url_meta":{"origin":32699,"position":3},"title":"Halla el colectivo Madres Igualtecas una fosa con un cuerpo en los l\u00edmites de Chilpancingo (Guerrero)","author":"Admin","date":"16 octubre, 2019","format":false,"excerpt":"Por Dassaev T\u00e9llez Adame \/ La Jornada Guerrero Extender\u00e1n la jornada de b\u00fasqueda de desaparecidos en la zona Centro del estado. Llevan a cabo la tercera Jornada de B\u00fasqueda de V\u00edctimas de Desaparici\u00f3n Forzada. Chilpancingo, 15 de octubre. En los l\u00edmites de Chilpancingo, a espaldas de la presa del Cerrito\u2026","rel":"","context":"En &quot;CINTILLO&quot;","block_context":{"text":"CINTILLO","link":"https:\/\/www.grieta.org.mx\/index.php\/category\/cintillo\/"},"img":{"alt_text":"","src":"https:\/\/i0.wp.com\/www.grieta.org.mx\/wp-content\/uploads\/2019\/10\/65621b7c684291a1c919250e220de9e3_XL.jpg?resize=350%2C200&ssl=1","width":350,"height":200,"srcset":"https:\/\/i0.wp.com\/www.grieta.org.mx\/wp-content\/uploads\/2019\/10\/65621b7c684291a1c919250e220de9e3_XL.jpg?resize=350%2C200&ssl=1 1x, https:\/\/i0.wp.com\/www.grieta.org.mx\/wp-content\/uploads\/2019\/10\/65621b7c684291a1c919250e220de9e3_XL.jpg?resize=525%2C300&ssl=1 1.5x, https:\/\/i0.wp.com\/www.grieta.org.mx\/wp-content\/uploads\/2019\/10\/65621b7c684291a1c919250e220de9e3_XL.jpg?resize=700%2C400&ssl=1 2x"},"classes":[]},{"id":32577,"url":"https:\/\/www.grieta.org.mx\/index.php\/2019\/04\/25\/mamas-de-desaparecidos-hallaron-asi-restos-en-cueva-de-guerrero\/","url_meta":{"origin":32699,"position":4},"title":"Mam\u00e1s de desaparecidos hallaron as\u00ed restos en cueva de Guerrero","author":"grieta","date":"25 abril, 2019","format":false,"excerpt":"Redacci\u00f3n \/ UnoTV El Colectivo de Madres Igualtecas, que busca a sus familiares desaparecidos en Guerrero, logr\u00f3 el hallazgo de restos humanos al interior de una cueva de Coapango, una zona de la sierra de Chilpancingo. Mediante sus redes sociales, el grupo de activistas dio cuenta del hecho sin detallar\u2026","rel":"","context":"En &quot;CINTILLO&quot;","block_context":{"text":"CINTILLO","link":"https:\/\/www.grieta.org.mx\/index.php\/category\/cintillo\/"},"img":{"alt_text":"","src":"https:\/\/i0.wp.com\/www.grieta.org.mx\/wp-content\/uploads\/2019\/04\/178010-GaleriaUno.jpg?resize=350%2C200&ssl=1","width":350,"height":200,"srcset":"https:\/\/i0.wp.com\/www.grieta.org.mx\/wp-content\/uploads\/2019\/04\/178010-GaleriaUno.jpg?resize=350%2C200&ssl=1 1x, https:\/\/i0.wp.com\/www.grieta.org.mx\/wp-content\/uploads\/2019\/04\/178010-GaleriaUno.jpg?resize=525%2C300&ssl=1 1.5x, https:\/\/i0.wp.com\/www.grieta.org.mx\/wp-content\/uploads\/2019\/04\/178010-GaleriaUno.jpg?resize=700%2C400&ssl=1 2x"},"classes":[]},{"id":45709,"url":"https:\/\/www.grieta.org.mx\/index.php\/2020\/02\/25\/la-ceav-quiere-bajar-la-cortina-presupuestal-en-el-tema-de-desaparecidos-colectivos-veracruz\/","url_meta":{"origin":32699,"position":5},"title":"La CEAV \u201cquiere bajar la cortina presupuestal\u201d en el tema de desaparecidos: colectivos (Veracruz)","author":"Admin","date":"25 febrero, 2020","format":false,"excerpt":"No\u00e9 Zavaleta \/ Proceso XALAPA, Ver. (apro).- Colectivos de desaparecidos de Veracruz, junto con activistas que acudieron a la Quinta Brigada Nacional de B\u00fasqueda, denunciaron que la Comisi\u00f3n Ejecutiva de Atenci\u00f3n a V\u00edctimas (CEAV) y su nueva administraci\u00f3n pretendan retirarles el apoyo alegando falta de presupuesto. En un comunicado emitido\u2026","rel":"","context":"En &quot;CINTILLO&quot;","block_context":{"text":"CINTILLO","link":"https:\/\/www.grieta.org.mx\/index.php\/category\/cintillo\/"},"img":{"alt_text":"","src":"https:\/\/i0.wp.com\/www.grieta.org.mx\/wp-content\/uploads\/2020\/03\/colectivo-desaparecidos-1-870x522.jpg?resize=350%2C200&ssl=1","width":350,"height":200,"srcset":"https:\/\/i0.wp.com\/www.grieta.org.mx\/wp-content\/uploads\/2020\/03\/colectivo-desaparecidos-1-870x522.jpg?resize=350%2C200&ssl=1 1x, https:\/\/i0.wp.com\/www.grieta.org.mx\/wp-content\/uploads\/2020\/03\/colectivo-desaparecidos-1-870x522.jpg?resize=525%2C300&ssl=1 1.5x, https:\/\/i0.wp.com\/www.grieta.org.mx\/wp-content\/uploads\/2020\/03\/colectivo-desaparecidos-1-870x522.jpg?resize=700%2C400&ssl=1 2x"},"classes":[]}],"_links":{"self":[{"href":"https:\/\/www.grieta.org.mx\/index.php\/wp-json\/wp\/v2\/posts\/32699","targetHints":{"allow":["GET"]}}],"collection":[{"href":"https:\/\/www.grieta.org.mx\/index.php\/wp-json\/wp\/v2\/posts"}],"about":[{"href":"https:\/\/www.grieta.org.mx\/index.php\/wp-json\/wp\/v2\/types\/post"}],"author":[{"embeddable":true,"href":"https:\/\/www.grieta.org.mx\/index.php\/wp-json\/wp\/v2\/users\/2"}],"replies":[{"embeddable":true,"href":"https:\/\/www.grieta.org.mx\/index.php\/wp-json\/wp\/v2\/comments?post=32699"}],"version-history":[{"count":1,"href":"https:\/\/www.grieta.org.mx\/index.php\/wp-json\/wp\/v2\/posts\/32699\/revisions"}],"predecessor-version":[{"id":32700,"href":"https:\/\/www.grieta.org.mx\/index.php\/wp-json\/wp\/v2\/posts\/32699\/revisions\/32700"}],"wp:featuredmedia":[{"embeddable":true,"href":"https:\/\/www.grieta.org.mx\/index.php\/wp-json\/wp\/v2\/media\/32681"}],"wp:attachment":[{"href":"https:\/\/www.grieta.org.mx\/index.php\/wp-json\/wp\/v2\/media?parent=32699"}],"wp:term":[{"taxonomy":"category","embeddable":true,"href":"https:\/\/www.grieta.org.mx\/index.php\/wp-json\/wp\/v2\/categories?post=32699"},{"taxonomy":"post_tag","embeddable":true,"href":"https:\/\/www.grieta.org.mx\/index.php\/wp-json\/wp\/v2\/tags?post=32699"}],"curies":[{"name":"wp","href":"https:\/\/api.w.org\/{rel}","templated":true}]}}