{"id":32687,"date":"2019-04-27T21:39:51","date_gmt":"2019-04-28T02:39:51","guid":{"rendered":"http:\/\/www.grieta.org.mx\/?p=32687"},"modified":"2019-04-28T21:53:53","modified_gmt":"2019-04-29T02:53:53","slug":"guanajuato-tiene-el-mayor-numero-de-asesinatos-de-menores","status":"publish","type":"post","link":"https:\/\/www.grieta.org.mx\/index.php\/2019\/04\/27\/guanajuato-tiene-el-mayor-numero-de-asesinatos-de-menores\/","title":{"rendered":"Guanajuato tiene el mayor n\u00famero de asesinatos de menores"},"content":{"rendered":"<blockquote><p>\nDurante los primeros meses de este a\u00f1o, en el pa\u00eds 285 menores fueron v\u00edctimas de homicidio y Guanajuato cuenta con el mayor n\u00famero de casos, con 35<\/p><\/blockquote>\n<p>AM, Le\u00f3n Guanajuato\/ Redacci\u00f3n, 27 de Abril de 2019<\/p>\n<p>Durante el primer trimestre del a\u00f1o, 285 menores de edad fueron asesinados en el Pa\u00eds y Guanajuato es el estado que registr\u00f3 el mayor n\u00famero de casos, con 35 v\u00edctimas.<\/p>\n<p>Los homicidios cometidos contra ni\u00f1os, ni\u00f1as y adolescentes han aumentado 42% en los \u00faltimos tres a\u00f1os debido a la expansi\u00f3n de grupos del crimen organizado y la batalla que sostienen con elementos de seguridad, denunci\u00f3 ayer la Red Por los Derechos de la Infancia en M\u00e9xico (Redim).<\/p>\n<p>En 2019, 3.2 menores han muerto en promedio diariamente a causa de la violencia.<\/p>\n<p>De enero de 2015 a marzo de este a\u00f1o fueron asesinados en el Pa\u00eds 4 mil 299 menores de 18 a\u00f1os y la tendencia es que estos cr\u00edmenes continuar\u00e1n en la presente Administraci\u00f3n si no se hace un cambio en la estrategia de combate a la delincuencia, advirti\u00f3 ayer en la capital del Pa\u00eds Juan Mart\u00edn P\u00e9rez Garc\u00eda, director ejecutivo de Redim.<\/p>\n<p><strong>Estados m\u00e1s violentos<\/strong><\/p>\n<p>Los estados m\u00e1s violentos durante 2019 son Guanajuato, con 35 v\u00edctimas, seguido de Veracruz con 20 y Nuevo Le\u00f3n con 18.<\/p>\n<p>Chihuahua fue el estado que m\u00e1s asesinatos de menores acumul\u00f3 desde 2015, con 507 casos. Le siguen el Estado de M\u00e9xico (con 424 casos), Guerrero (343), Guanajuato (318) y Jalisco (247). Guanajuato es el \u00fanico estado del Pa\u00eds que repite en ambas listas.<\/p>\n<p>Redim consider\u00f3 que la violencia generalizada que hoy sufre M\u00e9xico es el resultado de una estrategia basada en la militarizaci\u00f3n de la seguridad p\u00fablica, la cual seguir\u00e1 siendo aplicada por el nuevo gobierno a trav\u00e9s de la figura de la Guardia Nacional, a pesar de las afectaciones que le ha causado especialmente a los menores.<\/p>\n<p>Durante la presentaci\u00f3n del estudio \u201cNi\u00f1ez en crisis: altos niveles de incidencia delictiva y violencia contra ni\u00f1os, ni\u00f1as y adolescentes en M\u00e9xico\u201d, la Redim detall\u00f3 que en 2015 ocurrieron 767 homicidios contra menores de edad, pero la cifra aument\u00f3 a mil 238 en 2018.<\/p>\n<p>La tendencia apunta a una cifra similar para este a\u00f1o.<\/p>\n<p><a href=\"https:\/\/www.am.com.mx\/guanajuato\/noticias\/Guanajuato-tiene-el-mayor-numero-de-asesinatos-de-menores-20190427-0001.html\">https:\/\/www.am.com.mx\/guanajuato\/noticias\/Guanajuato-tiene-el-mayor-numero-de-asesinatos-de-menores-20190427-0001.html<\/a><\/p>\n","protected":false},"excerpt":{"rendered":"<p>Durante los primeros meses de este a\u00f1o, en el pa\u00eds 285 menores fueron v\u00edctimas de homicidio y Guanajuato cuenta con el mayor n\u00famero de casos, con 35 AM, Le\u00f3n Guanajuato\/ &hellip; <a href=\"https:\/\/www.grieta.org.mx\/index.php\/2019\/04\/27\/guanajuato-tiene-el-mayor-numero-de-asesinatos-de-menores\/\" class=\"more-link\">Leer m\u00e1s<\/a><\/p>\n","protected":false},"author":2,"featured_media":21928,"comment_status":"closed","ping_status":"closed","sticky":false,"template":"","format":"standard","meta":{"ngg_post_thumbnail":0,"_jetpack_newsletter_access":"","_jetpack_dont_email_post_to_subs":false,"_jetpack_newsletter_tier_id":0,"_jetpack_memberships_contains_paywalled_content":false,"_jetpack_memberships_contains_paid_content":false,"footnotes":""},"categories":[12,80,16,471,18,20,2315,1827,2509,2513,2334,2303,1987,24,2358],"tags":[2362,746],"class_list":["post-32687","post","type-post","status-publish","format-standard","has-post-thumbnail","hentry","category-chihuahua","category-cintillo","category-estado-de-mexico","category-guanajuato","category-guerrero","category-jalisco","category-la-ninez-bajo-la-tormenta-capitalista-en-el-estado-de-mexico","category-la-ninez-en-la-tormenta-capitalista","category-la-ninez-en-la-tormenta-capitalista-en-chihuahua","category-la-ninez-en-la-tormenta-capitalista-en-guanajuato","category-la-ninez-en-la-tormenta-capitalista-en-nuevo-leon","category-la-ninez-en-la-tormenta-en-jalisco","category-la-ninez-en-la-tormenta-en-veracruz","category-nuevo-leon","category-violencia-contra-la-ninez-en-guanajuato","tag-la-ninez-en-la-tormenta","tag-violencia","entry"],"jetpack_featured_media_url":"https:\/\/www.grieta.org.mx\/wp-content\/uploads\/2018\/03\/14524434_1106112876131411_958039263622046936_o.jpg","jetpack_sharing_enabled":true,"jetpack_shortlink":"https:\/\/wp.me\/p7ZJR4-8vd","jetpack_likes_enabled":false,"jetpack-related-posts":[{"id":32792,"url":"https:\/\/www.grieta.org.mx\/index.php\/2019\/04\/26\/reportan-mas-de-4-mil-menores-asesinados-en-tres-anos-en-mexico\/","url_meta":{"origin":32687,"position":0},"title":"Reportan m\u00e1s de 4 mil menores asesinados en tres a\u00f1os en M\u00e9xico","author":"grieta","date":"26 abril, 2019","format":false,"excerpt":"Lizett Ximena Mej\u00eda\/Excelsior CIUDAD DE M\u00c9XICO. Desde el 2015 hasta el d\u00eda de hoy han sido asesinados 4 mil 299 ni\u00f1os, ni\u00f1as y adolescentes en M\u00e9xico. De acuerdo con la Red por los Derechos de la Infancia en M\u00e9xico (REDIM), los homicidios aumentaron 42% en estos \u00faltimos tres a\u00f1os debido\u2026","rel":"","context":"En &quot;CINTILLO&quot;","block_context":{"text":"CINTILLO","link":"https:\/\/www.grieta.org.mx\/index.php\/category\/cintillo\/"},"img":{"alt_text":"","src":"https:\/\/i0.wp.com\/www.grieta.org.mx\/wp-content\/uploads\/2019\/05\/2137754.jpg?resize=350%2C200&ssl=1","width":350,"height":200},"classes":[]},{"id":65945,"url":"https:\/\/www.grieta.org.mx\/index.php\/2022\/12\/04\/colima-entre-los-estados-mas-inseguros-para-ninas-y-adolescentes\/","url_meta":{"origin":32687,"position":1},"title":"Colima, entre los estados m\u00e1s inseguros para ni\u00f1as y adolescentes","author":"grieta","date":"4 diciembre, 2022","format":false,"excerpt":"Imagen: Diario Avanzada Heidi de Le\u00f3n Guti\u00e9rrez \/ Diario Avanzada Colima, M\u00e9xico, Avanzada (04\/12\/2022).- Colima se encuentra entre los 14 estados m\u00e1s inseguros para las ni\u00f1as y adolescentes, de acuerdo al monitoreo que realiz\u00f3 la organizaci\u00f3n: Aqu\u00ed estamos: feminicidio infantil en M\u00e9xico. El reporte fue elaborado por un grupo de\u2026","rel":"","context":"En &quot;CINTILLO&quot;","block_context":{"text":"CINTILLO","link":"https:\/\/www.grieta.org.mx\/index.php\/category\/cintillo\/"},"img":{"alt_text":"","src":"https:\/\/i0.wp.com\/www.grieta.org.mx\/wp-content\/uploads\/2022\/12\/image-25-1.png?resize=350%2C200&ssl=1","width":350,"height":200,"srcset":"https:\/\/i0.wp.com\/www.grieta.org.mx\/wp-content\/uploads\/2022\/12\/image-25-1.png?resize=350%2C200&ssl=1 1x, https:\/\/i0.wp.com\/www.grieta.org.mx\/wp-content\/uploads\/2022\/12\/image-25-1.png?resize=525%2C300&ssl=1 1.5x"},"classes":[]},{"id":37517,"url":"https:\/\/www.grieta.org.mx\/index.php\/2019\/08\/05\/en-el-primer-semestre-del-2019-mataron-diario-a-3-ninos-en-mexico\/","url_meta":{"origin":32687,"position":2},"title":"En el primer semestre del 2019, mataron diario a 3 ni\u00f1os en M\u00e9xico","author":"grieta","date":"5 agosto, 2019","format":false,"excerpt":"Lau Almaraz\/CC News De enero a junio, fueron 552 ni\u00f1os los que fueron asesinados en nuestro pa\u00eds, teniendo las tasas m\u00e1s altas tanto el Edomex, como Guanajuato. Apenas comenz\u00f3 el octavo mes del a\u00f1o, pero los ciudadanos en M\u00e9xico preferir\u00edan que el tiempo no avanzara si es que las cifras\u2026","rel":"","context":"En &quot;CINTILLO&quot;","block_context":{"text":"CINTILLO","link":"https:\/\/www.grieta.org.mx\/index.php\/category\/cintillo\/"},"img":{"alt_text":"","src":"https:\/\/i0.wp.com\/www.grieta.org.mx\/wp-content\/uploads\/2019\/08\/muertes-de-ninos-high.jpg?resize=350%2C200&ssl=1","width":350,"height":200,"srcset":"https:\/\/i0.wp.com\/www.grieta.org.mx\/wp-content\/uploads\/2019\/08\/muertes-de-ninos-high.jpg?resize=350%2C200&ssl=1 1x, https:\/\/i0.wp.com\/www.grieta.org.mx\/wp-content\/uploads\/2019\/08\/muertes-de-ninos-high.jpg?resize=525%2C300&ssl=1 1.5x, https:\/\/i0.wp.com\/www.grieta.org.mx\/wp-content\/uploads\/2019\/08\/muertes-de-ninos-high.jpg?resize=700%2C400&ssl=1 2x"},"classes":[]},{"id":65588,"url":"https:\/\/www.grieta.org.mx\/index.php\/2022\/10\/22\/jalisco-segundo-lugar-en-feminicidios-infantiles\/","url_meta":{"origin":32687,"position":3},"title":"Jalisco, segundo lugar en feminicidios infantiles","author":"grieta","date":"22 octubre, 2022","format":false,"excerpt":"Imagen: Cuartoscuro Redacci\u00f3n \/ El Diario TNR Jalisco se ubica en el segundo sitio a nivel nacional con m\u00e1s feminicidios infantiles y adolescentes, el cuarto lugar con m\u00e1s hospitalizaciones de menores de edad por violencia sexual, y quinto lugar en homicidios de menores de 0 a 17 a\u00f1os, precis\u00f3 Tania\u2026","rel":"","context":"En &quot;CINTILLO&quot;","block_context":{"text":"CINTILLO","link":"https:\/\/www.grieta.org.mx\/index.php\/category\/cintillo\/"},"img":{"alt_text":"","src":"https:\/\/i0.wp.com\/www.grieta.org.mx\/wp-content\/uploads\/2022\/10\/2022-10-22_03-10-55___5899.jpg?resize=350%2C200&ssl=1","width":350,"height":200,"srcset":"https:\/\/i0.wp.com\/www.grieta.org.mx\/wp-content\/uploads\/2022\/10\/2022-10-22_03-10-55___5899.jpg?resize=350%2C200&ssl=1 1x, https:\/\/i0.wp.com\/www.grieta.org.mx\/wp-content\/uploads\/2022\/10\/2022-10-22_03-10-55___5899.jpg?resize=525%2C300&ssl=1 1.5x, https:\/\/i0.wp.com\/www.grieta.org.mx\/wp-content\/uploads\/2022\/10\/2022-10-22_03-10-55___5899.jpg?resize=700%2C400&ssl=1 2x"},"classes":[]},{"id":30911,"url":"https:\/\/www.grieta.org.mx\/index.php\/2019\/03\/08\/al-menos-siete-feminicidios-mensuales-de-ninas-y-adolescentes-redim\/","url_meta":{"origin":32687,"position":4},"title":"Al menos siete feminicidios mensuales de ni\u00f1as y adolescentes: REDIM","author":"grieta","date":"8 marzo, 2019","format":false,"excerpt":"L\u00f3pez D\u00f3riga Digital La cifra de adolescentes v\u00edctimas de feminicidios a nivel nacional se duplic\u00f3 de 2015 a 2018, al pasar de 422 a 861 casos La Red por los Derechos de la Infancia en M\u00e9xico (REDIM) asegur\u00f3 que la violencia machista y omisi\u00f3n de las autoridades son responsables de\u2026","rel":"","context":"En &quot;Chihuahua&quot;","block_context":{"text":"Chihuahua","link":"https:\/\/www.grieta.org.mx\/index.php\/category\/noticias-nacionales\/chihuahua\/"},"img":{"alt_text":"","src":"https:\/\/i0.wp.com\/www.grieta.org.mx\/wp-content\/uploads\/2019\/03\/Al-menos-siete-feminicidios-mensuales-de-ni%C3%B1as-y-adolescentes-REDIM-nl-mzo.jpg?resize=350%2C200&ssl=1","width":350,"height":200,"srcset":"https:\/\/i0.wp.com\/www.grieta.org.mx\/wp-content\/uploads\/2019\/03\/Al-menos-siete-feminicidios-mensuales-de-ni%C3%B1as-y-adolescentes-REDIM-nl-mzo.jpg?resize=350%2C200&ssl=1 1x, https:\/\/i0.wp.com\/www.grieta.org.mx\/wp-content\/uploads\/2019\/03\/Al-menos-siete-feminicidios-mensuales-de-ni%C3%B1as-y-adolescentes-REDIM-nl-mzo.jpg?resize=525%2C300&ssl=1 1.5x, https:\/\/i0.wp.com\/www.grieta.org.mx\/wp-content\/uploads\/2019\/03\/Al-menos-siete-feminicidios-mensuales-de-ni%C3%B1as-y-adolescentes-REDIM-nl-mzo.jpg?resize=700%2C400&ssl=1 2x"},"classes":[]},{"id":66568,"url":"https:\/\/www.grieta.org.mx\/index.php\/2023\/03\/14\/jalisco-tercer-estado-en-el-que-matan-mas-ninas\/","url_meta":{"origin":32687,"position":5},"title":"Jalisco, tercer estado en el que matan m\u00e1s ni\u00f1as","author":"grieta","date":"14 marzo, 2023","format":false,"excerpt":"Imagen: Archivo NTR \/\u00a0 GP Sonia Serrano I\u00f1iguez \/ El Diario NTR De 2015 a 2022 fueron asesinadas 2 mil 166 ni\u00f1as y adolescentes en el pa\u00eds, delito en el que Jalisco ocupa el tercer lugar nacional con 140 v\u00edctimas, apenas por debajo del Estado de M\u00e9xico y Guanajuato. El\u2026","rel":"","context":"En &quot;CINTILLO&quot;","block_context":{"text":"CINTILLO","link":"https:\/\/www.grieta.org.mx\/index.php\/category\/cintillo\/"},"img":{"alt_text":"","src":"https:\/\/i0.wp.com\/www.grieta.org.mx\/wp-content\/uploads\/2023\/03\/2023-03-14_12-03-49___6344.jpg?resize=350%2C200&ssl=1","width":350,"height":200,"srcset":"https:\/\/i0.wp.com\/www.grieta.org.mx\/wp-content\/uploads\/2023\/03\/2023-03-14_12-03-49___6344.jpg?resize=350%2C200&ssl=1 1x, https:\/\/i0.wp.com\/www.grieta.org.mx\/wp-content\/uploads\/2023\/03\/2023-03-14_12-03-49___6344.jpg?resize=525%2C300&ssl=1 1.5x, https:\/\/i0.wp.com\/www.grieta.org.mx\/wp-content\/uploads\/2023\/03\/2023-03-14_12-03-49___6344.jpg?resize=700%2C400&ssl=1 2x"},"classes":[]}],"_links":{"self":[{"href":"https:\/\/www.grieta.org.mx\/index.php\/wp-json\/wp\/v2\/posts\/32687","targetHints":{"allow":["GET"]}}],"collection":[{"href":"https:\/\/www.grieta.org.mx\/index.php\/wp-json\/wp\/v2\/posts"}],"about":[{"href":"https:\/\/www.grieta.org.mx\/index.php\/wp-json\/wp\/v2\/types\/post"}],"author":[{"embeddable":true,"href":"https:\/\/www.grieta.org.mx\/index.php\/wp-json\/wp\/v2\/users\/2"}],"replies":[{"embeddable":true,"href":"https:\/\/www.grieta.org.mx\/index.php\/wp-json\/wp\/v2\/comments?post=32687"}],"version-history":[{"count":1,"href":"https:\/\/www.grieta.org.mx\/index.php\/wp-json\/wp\/v2\/posts\/32687\/revisions"}],"predecessor-version":[{"id":32688,"href":"https:\/\/www.grieta.org.mx\/index.php\/wp-json\/wp\/v2\/posts\/32687\/revisions\/32688"}],"wp:featuredmedia":[{"embeddable":true,"href":"https:\/\/www.grieta.org.mx\/index.php\/wp-json\/wp\/v2\/media\/21928"}],"wp:attachment":[{"href":"https:\/\/www.grieta.org.mx\/index.php\/wp-json\/wp\/v2\/media?parent=32687"}],"wp:term":[{"taxonomy":"category","embeddable":true,"href":"https:\/\/www.grieta.org.mx\/index.php\/wp-json\/wp\/v2\/categories?post=32687"},{"taxonomy":"post_tag","embeddable":true,"href":"https:\/\/www.grieta.org.mx\/index.php\/wp-json\/wp\/v2\/tags?post=32687"}],"curies":[{"name":"wp","href":"https:\/\/api.w.org\/{rel}","templated":true}]}}