{"id":32659,"date":"2019-04-24T08:38:48","date_gmt":"2019-04-24T13:38:48","guid":{"rendered":"http:\/\/www.grieta.org.mx\/?p=32659"},"modified":"2019-04-28T08:47:29","modified_gmt":"2019-04-28T13:47:29","slug":"grupo-vida-inicia-busqueda-en-cueva-del-tabaco-coahuila","status":"publish","type":"post","link":"https:\/\/www.grieta.org.mx\/index.php\/2019\/04\/24\/grupo-vida-inicia-busqueda-en-cueva-del-tabaco-coahuila\/","title":{"rendered":"Grupo Vida inicia b\u00fasqueda en Cueva del Tabaco (Coahuila)"},"content":{"rendered":"<figure id=\"attachment_32660\" aria-describedby=\"caption-attachment-32660\" style=\"width: 1024px\" class=\"wp-caption alignleft\"><img loading=\"lazy\" decoding=\"async\" data-attachment-id=\"32660\" data-permalink=\"https:\/\/www.grieta.org.mx\/index.php\/2019\/04\/24\/grupo-vida-inicia-busqueda-en-cueva-del-tabaco-coahuila\/tabaco\/\" data-orig-file=\"https:\/\/www.grieta.org.mx\/wp-content\/uploads\/2019\/04\/Tabaco.jpeg\" data-orig-size=\"1024,683\" data-comments-opened=\"0\" data-image-meta=\"{&quot;aperture&quot;:&quot;0&quot;,&quot;credit&quot;:&quot;&quot;,&quot;camera&quot;:&quot;&quot;,&quot;caption&quot;:&quot;&quot;,&quot;created_timestamp&quot;:&quot;0&quot;,&quot;copyright&quot;:&quot;&quot;,&quot;focal_length&quot;:&quot;0&quot;,&quot;iso&quot;:&quot;0&quot;,&quot;shutter_speed&quot;:&quot;0&quot;,&quot;title&quot;:&quot;&quot;,&quot;orientation&quot;:&quot;0&quot;}\" data-image-title=\"Tabaco\" data-image-description=\"\" data-image-caption=\"&lt;p&gt;Ayer se realiz\u00f3 la primer b\u00fasqueda en el \u00e1rea donde se encuentra la Cueva del Tabaco y el colectivo trabajar\u00e1 ah\u00ed toda la semana.&lt;\/p&gt;\n\" data-medium-file=\"https:\/\/www.grieta.org.mx\/wp-content\/uploads\/2019\/04\/Tabaco-300x200.jpeg\" data-large-file=\"https:\/\/www.grieta.org.mx\/wp-content\/uploads\/2019\/04\/Tabaco-1024x683.jpeg\" class=\"size-large wp-image-32660\" src=\"http:\/\/www.grieta.org.mx\/wp-content\/uploads\/2019\/04\/Tabaco-1024x683.jpeg\" alt=\"\" width=\"1024\" height=\"683\" srcset=\"https:\/\/www.grieta.org.mx\/wp-content\/uploads\/2019\/04\/Tabaco.jpeg 1024w, https:\/\/www.grieta.org.mx\/wp-content\/uploads\/2019\/04\/Tabaco-300x200.jpeg 300w, https:\/\/www.grieta.org.mx\/wp-content\/uploads\/2019\/04\/Tabaco-768x512.jpeg 768w, https:\/\/www.grieta.org.mx\/wp-content\/uploads\/2019\/04\/Tabaco-750x500.jpeg 750w\" sizes=\"auto, (max-width: 1024px) 100vw, 1024px\" \/><figcaption id=\"caption-attachment-32660\" class=\"wp-caption-text\">Ayer se realiz\u00f3 la primer b\u00fasqueda en el \u00e1rea donde se encuentra la Cueva del Tabaco y el colectivo trabajar\u00e1 ah\u00ed toda la semana.<\/figcaption><\/figure>\n<p>EL SIGLO DE TORRE\u00d3N<\/p>\n<blockquote><p>Grupo Vida inici\u00f3 los trabajos de b\u00fasqueda de restos humanos en la Cueva del Tabaco en Matamoros.<\/p><\/blockquote>\n<p>Silvia Ortiz, integrante del colectivo, explic\u00f3 que este martes iniciaron con los trabajos en ese punto, considerado como uno de los 13 lugares prioritarios para recuperar evidencia que ayude a la identificaci\u00f3n de sus familiares desaparecidos.<\/p>\n<p>Agreg\u00f3 que incluso en la jornada se recuper\u00f3 evidencia valiosa, pues se localiz\u00f3 un fragmento que contiene un &#8220;trabajo dental muy importante&#8221;, que puede ayudar a una identificaci\u00f3n directa.<\/p>\n<p>La vocera agreg\u00f3 que durante toda la semana seguir\u00e1n con la recuperaci\u00f3n de evidencia en ese punto.<\/p>\n<p>Sobre el proyecto tur\u00edstico y cinematogr\u00e1fico que se pretend\u00eda realizar en esa \u00e1rea, Silvia Ortiz mencion\u00f3 que platicaron con los ejidatarios, los due\u00f1os del predio y accedieron a detener el proyecto, en tanto el grupo termina los trabajos ah\u00ed, incluso se solidarizaron y ofrecieron &#8220;manos&#8221; para ayudar en la recuperaci\u00f3n de restos humanos.<\/p>\n<p>&#8220;Nos fue muy bien, era cuesti\u00f3n de hablar las partes y de hecho a los ejidatarios, due\u00f1os de la zona, les mostramos las fotograf\u00edas de lo que es un resto, de c\u00f3mo terminan por ac\u00e1 e incluso ellos ofrecieron ayuda, que si necesit\u00e1bamos gente, apoyar\u00edan&#8221;.<\/p>\n<p>Hace algunas semanas, el alcalde Horacio Pi\u00f1a confirm\u00f3 que la intenci\u00f3n del municipio era construir sets cinematogr\u00e1ficos, en tanto que del orden federal tambi\u00e9n se ten\u00eda la intenci\u00f3n de desarrollar un proyecto tur\u00edstico, en el que se contemplaba la construcci\u00f3n de \u00e1rea para hospedaje, y tras enterarse, la vocera del Grupo Vida se reuni\u00f3 con las autoridades y ejidatarios para solicitarles que se frenara el proyecto, pues se perder\u00eda toda evidencia que ayude a la identificaci\u00f3n de sus familiares desaparecidos.<\/p>\n<p><a href=\"https:\/\/www.elsiglodetorreon.com.mx\/noticia\/1569669.grupo-vida-inicia-busqueda-en-cueva-del-tabaco.html\" target=\"_blank\" rel=\"noopener noreferrer\">https:\/\/www.elsiglodetorreon.com.mx\/noticia\/1569669.grupo-vida-inicia-busqueda-en-cueva-del-tabaco.html<\/a><\/p>\n","protected":false},"excerpt":{"rendered":"<p>EL SIGLO DE TORRE\u00d3N Grupo Vida inici\u00f3 los trabajos de b\u00fasqueda de restos humanos en la Cueva del Tabaco en Matamoros. Silvia Ortiz, integrante del colectivo, explic\u00f3 que este martes &hellip; <a href=\"https:\/\/www.grieta.org.mx\/index.php\/2019\/04\/24\/grupo-vida-inicia-busqueda-en-cueva-del-tabaco-coahuila\/\" class=\"more-link\">Leer m\u00e1s<\/a><\/p>\n","protected":false},"author":2,"featured_media":32660,"comment_status":"closed","ping_status":"closed","sticky":false,"template":"","format":"standard","meta":{"ngg_post_thumbnail":0,"_jetpack_newsletter_access":"","_jetpack_dont_email_post_to_subs":false,"_jetpack_newsletter_tier_id":0,"_jetpack_memberships_contains_paywalled_content":false,"_jetpack_memberships_contains_paid_content":false,"footnotes":""},"categories":[80,419,87,1038,2,83],"tags":[1828,1668],"class_list":["post-32659","post","type-post","status-publish","format-standard","has-post-thumbnail","hentry","category-cintillo","category-coahuila","category-desaparecidos","category-desaparecidos-en-coahuila","category-noticias-nacionales","category-temas-nacionales","tag-busqueda-de-desaparecidos","tag-familiares-de-desaparecidos","entry"],"jetpack_featured_media_url":"https:\/\/www.grieta.org.mx\/wp-content\/uploads\/2019\/04\/Tabaco.jpeg","jetpack_sharing_enabled":true,"jetpack_shortlink":"https:\/\/wp.me\/p7ZJR4-8uL","jetpack_likes_enabled":false,"jetpack-related-posts":[{"id":53048,"url":"https:\/\/www.grieta.org.mx\/index.php\/2020\/08\/30\/documental-fuerzas-unidas-coahuila\/","url_meta":{"origin":32659,"position":0},"title":"Documental \u2013 Fuerzas Unidas (Coahuila)","author":"grieta","date":"30 agosto, 2020","format":false,"excerpt":"Profesores y alumnos de la Universidad Iberoamericana Torre\u00f3n\/ SOMOS EL MEDIO \ufeff\ufeff Documental que recorre los primeros 10 a\u00f1os de uno de los primeros colectivos de familias de desaparecidos en M\u00e9xico. Testimonio de m\u00e1s de 20 miembros, quienes trazan su b\u00fasqueda incansable en solitario, la creaci\u00f3n del colectivo, los obst\u00e1culos\u2026","rel":"","context":"En &quot;CINTILLO&quot;","block_context":{"text":"CINTILLO","link":"https:\/\/www.grieta.org.mx\/index.php\/category\/cintillo\/"},"img":{"alt_text":"","src":"","width":0,"height":0},"classes":[]},{"id":26016,"url":"https:\/\/www.grieta.org.mx\/index.php\/2018\/08\/30\/refuerzan-busqueda-de-desaparecidos-en-bares-y-carceles-coahuila\/","url_meta":{"origin":32659,"position":1},"title":"Refuerzan b\u00fasqueda de desaparecidos en bares y c\u00e1rceles (Coahuila)","author":"grieta","date":"30 agosto, 2018","format":false,"excerpt":"Para celebrar D\u00eda Internacional de las V\u00edctimas de Desaparici\u00f3n Forzada, Fuundec realiz\u00f3 un homenaje en el '\u00c1rbol de la Esperanza', en la Alameda de Torre\u00f3n. Homenaje en el '\u00c1rbol de la Esperanza', en la Alameda de Torre\u00f3n. (Lucero S\u00e1nchez) Lucero S\u00e1nchez\/ MILENIO En el marco de la celebraci\u00f3n del D\u00eda\u2026","rel":"","context":"En &quot;CINTILLO&quot;","block_context":{"text":"CINTILLO","link":"https:\/\/www.grieta.org.mx\/index.php\/category\/cintillo\/"},"img":{"alt_text":"","src":"https:\/\/i0.wp.com\/www.grieta.org.mx\/wp-content\/uploads\/2018\/08\/homenaje-arbol-esperanza-alameda-torreon.jpg?resize=350%2C200&ssl=1","width":350,"height":200,"srcset":"https:\/\/i0.wp.com\/www.grieta.org.mx\/wp-content\/uploads\/2018\/08\/homenaje-arbol-esperanza-alameda-torreon.jpg?resize=350%2C200&ssl=1 1x, https:\/\/i0.wp.com\/www.grieta.org.mx\/wp-content\/uploads\/2018\/08\/homenaje-arbol-esperanza-alameda-torreon.jpg?resize=525%2C300&ssl=1 1.5x, https:\/\/i0.wp.com\/www.grieta.org.mx\/wp-content\/uploads\/2018\/08\/homenaje-arbol-esperanza-alameda-torreon.jpg?resize=700%2C400&ssl=1 2x"},"classes":[]},{"id":30080,"url":"https:\/\/www.grieta.org.mx\/index.php\/2019\/02\/26\/no-mas-simulaciones-en-las-investigaciones-familiares-de-personas-desaparecidas-piden-a-las-autoridades-la-verdad-coahuila\/","url_meta":{"origin":32659,"position":2},"title":"No m\u00e1s simulaciones en las investigaciones. Familiares de personas desaparecidas, piden a las autoridades la verdad (Coahuila)","author":"grieta","date":"26 febrero, 2019","format":false,"excerpt":"H\u00e9ctor Lopez\/ELDIARIO Luego de dos d\u00edas de reuniones y trabajo, familiares de personas desaparecidas de Fuundec, el Fundem y el Centro Di\u00f3cesano por los Derechos Humanos Fray Juan Larios, acuerdan pedir haya investigaciones reales y no simulaciones, ni mentiras, en los procesos de b\u00fasqueda de sus seres queridos. En los\u2026","rel":"","context":"En &quot;CINTILLO&quot;","block_context":{"text":"CINTILLO","link":"https:\/\/www.grieta.org.mx\/index.php\/category\/cintillo\/"},"img":{"alt_text":"","src":"https:\/\/i0.wp.com\/www.grieta.org.mx\/wp-content\/uploads\/2019\/03\/familires-desaparecidos-coahuila.jpg?resize=350%2C200&ssl=1","width":350,"height":200,"srcset":"https:\/\/i0.wp.com\/www.grieta.org.mx\/wp-content\/uploads\/2019\/03\/familires-desaparecidos-coahuila.jpg?resize=350%2C200&ssl=1 1x, https:\/\/i0.wp.com\/www.grieta.org.mx\/wp-content\/uploads\/2019\/03\/familires-desaparecidos-coahuila.jpg?resize=525%2C300&ssl=1 1.5x"},"classes":[]},{"id":53462,"url":"https:\/\/www.grieta.org.mx\/index.php\/2020\/09\/17\/obstruye-busquedas-la-fiscalia-fuundec-coahuila\/","url_meta":{"origin":32659,"position":3},"title":"Obstruye b\u00fasquedas la Fiscal\u00eda: Fuundec (Coahuila)","author":"grieta","date":"17 septiembre, 2020","format":false,"excerpt":"Francisco Rodr\u00edguez\/ VANGUARDIA MX Aseguran que obstruye la informaci\u00f3n argumentando que se trata de la secrec\u00eda de expedientes TORRE\u00d3N, COAH.- La Comisi\u00f3n Estatal de B\u00fasqueda de Coahuila no tiene acceso a informaci\u00f3n de los expedientes de las desapariciones, lo que imposibilita su trabajo de investigar, expuso Mar\u00eda Elena Salazar, integrante\u2026","rel":"","context":"En &quot;CINTILLO&quot;","block_context":{"text":"CINTILLO","link":"https:\/\/www.grieta.org.mx\/index.php\/category\/cintillo\/"},"img":{"alt_text":"","src":"https:\/\/i0.wp.com\/www.grieta.org.mx\/wp-content\/uploads\/2020\/09\/b04_desaparecidos.jpg?resize=350%2C200&ssl=1","width":350,"height":200,"srcset":"https:\/\/i0.wp.com\/www.grieta.org.mx\/wp-content\/uploads\/2020\/09\/b04_desaparecidos.jpg?resize=350%2C200&ssl=1 1x, https:\/\/i0.wp.com\/www.grieta.org.mx\/wp-content\/uploads\/2020\/09\/b04_desaparecidos.jpg?resize=525%2C300&ssl=1 1.5x, https:\/\/i0.wp.com\/www.grieta.org.mx\/wp-content\/uploads\/2020\/09\/b04_desaparecidos.jpg?resize=700%2C400&ssl=1 2x"},"classes":[]},{"id":34451,"url":"https:\/\/www.grieta.org.mx\/index.php\/2019\/05\/28\/reconocen-a-grupo-vida-por-practicas-de-busqueda-torreon\/","url_meta":{"origin":32659,"position":4},"title":"Reconocen a Grupo Vida por pr\u00e1cticas de b\u00fasqueda (Torre\u00f3n)","author":"grieta","date":"28 mayo, 2019","format":false,"excerpt":"Mary V\u00e1zquez\/ EL SIGLO DE TORRE\u00d3N En la capacitaci\u00f3n Encuentro y Estrategias de B\u00fasqueda, en el que participaron colectivos de varios estados del pa\u00eds, Grupo Vida fue reconocido como el mejor colectivo en cuanto a las pr\u00e1cticas de b\u00fasqueda y recuperaci\u00f3n de evidencias. El encuentro que organiz\u00f3 en colectivo Milynali\u2026","rel":"","context":"En &quot;CINTILLO&quot;","block_context":{"text":"CINTILLO","link":"https:\/\/www.grieta.org.mx\/index.php\/category\/cintillo\/"},"img":{"alt_text":"","src":"https:\/\/i0.wp.com\/www.grieta.org.mx\/wp-content\/uploads\/2018\/03\/14524434_1106112876131411_958039263622046936_o.jpg?resize=350%2C200&ssl=1","width":350,"height":200,"srcset":"https:\/\/i0.wp.com\/www.grieta.org.mx\/wp-content\/uploads\/2018\/03\/14524434_1106112876131411_958039263622046936_o.jpg?resize=350%2C200&ssl=1 1x, https:\/\/i0.wp.com\/www.grieta.org.mx\/wp-content\/uploads\/2018\/03\/14524434_1106112876131411_958039263622046936_o.jpg?resize=525%2C300&ssl=1 1.5x, https:\/\/i0.wp.com\/www.grieta.org.mx\/wp-content\/uploads\/2018\/03\/14524434_1106112876131411_958039263622046936_o.jpg?resize=700%2C400&ssl=1 2x"},"classes":[]},{"id":23126,"url":"https:\/\/www.grieta.org.mx\/index.php\/2018\/05\/10\/marcha-grupo-vida-por-sus-desaparecidos-en-el-dia-de-las-madres-torreon-coahuila\/","url_meta":{"origin":32659,"position":5},"title":"Marcha grupo Vida por sus desaparecidos en el D\u00eda de las Madres (Torre\u00f3n, Coahuila)","author":"grieta","date":"10 mayo, 2018","format":false,"excerpt":"El contingente camin\u00f3 en sentido contrario por la avenida Ju\u00e1rez. (EL SIGLO DE TORRE\u00d3N) Como desde hace cinco a\u00f1os, el grupo V\u00edctimas por sus Derechos en Acci\u00f3n (Vida), realiza su marcha de familiares de personas desaparecidas en el D\u00eda de las Madres. Guadalupe Miranda\/El Siglo Coahuila El contingente conformado por\u2026","rel":"","context":"En &quot;CINTILLO&quot;","block_context":{"text":"CINTILLO","link":"https:\/\/www.grieta.org.mx\/index.php\/category\/cintillo\/"},"img":{"alt_text":"","src":"https:\/\/i0.wp.com\/www.grieta.org.mx\/wp-content\/uploads\/2018\/05\/Marchan-madre-Torre%C3%B3n.jpeg?resize=350%2C200&ssl=1","width":350,"height":200,"srcset":"https:\/\/i0.wp.com\/www.grieta.org.mx\/wp-content\/uploads\/2018\/05\/Marchan-madre-Torre%C3%B3n.jpeg?resize=350%2C200&ssl=1 1x, https:\/\/i0.wp.com\/www.grieta.org.mx\/wp-content\/uploads\/2018\/05\/Marchan-madre-Torre%C3%B3n.jpeg?resize=525%2C300&ssl=1 1.5x, https:\/\/i0.wp.com\/www.grieta.org.mx\/wp-content\/uploads\/2018\/05\/Marchan-madre-Torre%C3%B3n.jpeg?resize=700%2C400&ssl=1 2x, https:\/\/i0.wp.com\/www.grieta.org.mx\/wp-content\/uploads\/2018\/05\/Marchan-madre-Torre%C3%B3n.jpeg?resize=1050%2C600&ssl=1 3x"},"classes":[]}],"_links":{"self":[{"href":"https:\/\/www.grieta.org.mx\/index.php\/wp-json\/wp\/v2\/posts\/32659","targetHints":{"allow":["GET"]}}],"collection":[{"href":"https:\/\/www.grieta.org.mx\/index.php\/wp-json\/wp\/v2\/posts"}],"about":[{"href":"https:\/\/www.grieta.org.mx\/index.php\/wp-json\/wp\/v2\/types\/post"}],"author":[{"embeddable":true,"href":"https:\/\/www.grieta.org.mx\/index.php\/wp-json\/wp\/v2\/users\/2"}],"replies":[{"embeddable":true,"href":"https:\/\/www.grieta.org.mx\/index.php\/wp-json\/wp\/v2\/comments?post=32659"}],"version-history":[{"count":1,"href":"https:\/\/www.grieta.org.mx\/index.php\/wp-json\/wp\/v2\/posts\/32659\/revisions"}],"predecessor-version":[{"id":32661,"href":"https:\/\/www.grieta.org.mx\/index.php\/wp-json\/wp\/v2\/posts\/32659\/revisions\/32661"}],"wp:featuredmedia":[{"embeddable":true,"href":"https:\/\/www.grieta.org.mx\/index.php\/wp-json\/wp\/v2\/media\/32660"}],"wp:attachment":[{"href":"https:\/\/www.grieta.org.mx\/index.php\/wp-json\/wp\/v2\/media?parent=32659"}],"wp:term":[{"taxonomy":"category","embeddable":true,"href":"https:\/\/www.grieta.org.mx\/index.php\/wp-json\/wp\/v2\/categories?post=32659"},{"taxonomy":"post_tag","embeddable":true,"href":"https:\/\/www.grieta.org.mx\/index.php\/wp-json\/wp\/v2\/tags?post=32659"}],"curies":[{"name":"wp","href":"https:\/\/api.w.org\/{rel}","templated":true}]}}