{"id":32656,"date":"2019-04-28T08:35:24","date_gmt":"2019-04-28T13:35:24","guid":{"rendered":"http:\/\/www.grieta.org.mx\/?p=32656"},"modified":"2019-04-28T08:47:41","modified_gmt":"2019-04-28T13:47:41","slug":"inm-deporta-a-104-hondurenos-63-son-menores-de-edad","status":"publish","type":"post","link":"https:\/\/www.grieta.org.mx\/index.php\/2019\/04\/28\/inm-deporta-a-104-hondurenos-63-son-menores-de-edad\/","title":{"rendered":"INM deporta a 104 hondure\u00f1os; 63 son menores de edad"},"content":{"rendered":"<p><img loading=\"lazy\" decoding=\"async\" data-attachment-id=\"32657\" data-permalink=\"https:\/\/www.grieta.org.mx\/index.php\/2019\/04\/28\/inm-deporta-a-104-hondurenos-63-son-menores-de-edad\/migrantes-camioneta\/\" data-orig-file=\"https:\/\/www.grieta.org.mx\/wp-content\/uploads\/2019\/04\/Migrantes-camioneta.jpeg\" data-orig-size=\"1024,569\" data-comments-opened=\"0\" data-image-meta=\"{&quot;aperture&quot;:&quot;0&quot;,&quot;credit&quot;:&quot;&quot;,&quot;camera&quot;:&quot;&quot;,&quot;caption&quot;:&quot;&quot;,&quot;created_timestamp&quot;:&quot;0&quot;,&quot;copyright&quot;:&quot;&quot;,&quot;focal_length&quot;:&quot;0&quot;,&quot;iso&quot;:&quot;0&quot;,&quot;shutter_speed&quot;:&quot;0&quot;,&quot;title&quot;:&quot;&quot;,&quot;orientation&quot;:&quot;0&quot;}\" data-image-title=\"Migrantes camioneta\" data-image-description=\"\" data-image-caption=\"\" data-medium-file=\"https:\/\/www.grieta.org.mx\/wp-content\/uploads\/2019\/04\/Migrantes-camioneta-300x167.jpeg\" data-large-file=\"https:\/\/www.grieta.org.mx\/wp-content\/uploads\/2019\/04\/Migrantes-camioneta-1024x569.jpeg\" class=\"alignleft size-large wp-image-32657\" src=\"http:\/\/www.grieta.org.mx\/wp-content\/uploads\/2019\/04\/Migrantes-camioneta-1024x569.jpeg\" alt=\"\" width=\"1024\" height=\"569\" srcset=\"https:\/\/www.grieta.org.mx\/wp-content\/uploads\/2019\/04\/Migrantes-camioneta.jpeg 1024w, https:\/\/www.grieta.org.mx\/wp-content\/uploads\/2019\/04\/Migrantes-camioneta-300x167.jpeg 300w, https:\/\/www.grieta.org.mx\/wp-content\/uploads\/2019\/04\/Migrantes-camioneta-768x427.jpeg 768w, https:\/\/www.grieta.org.mx\/wp-content\/uploads\/2019\/04\/Migrantes-camioneta-900x500.jpeg 900w\" sizes=\"auto, (max-width: 1024px) 100vw, 1024px\" \/><br \/>\nEl Instituto Nacional de Migraci\u00f3n (INM) deport\u00f3 a 104 personas de nacionalidad hondure\u00f1a a su pa\u00eds de origen; 63 de ellos son ni\u00f1os, adem\u00e1s de 41 adultos, la mayor\u00eda conformando grupos familiares. (ARCHIVO)<\/p>\n<p>El Siglo de Torre\u00f3n\/El UNIVERSAL<br \/>\nEl Instituto Nacional de Migraci\u00f3n (INM) deport\u00f3 a 104 personas de nacionalidad hondure\u00f1a a su pa\u00eds de origen; 63 de ellos son ni\u00f1os, adem\u00e1s de 41 adultos, la mayor\u00eda conformando grupos familiares.<\/p>\n<p>&#8220;Todos ten\u00edan condici\u00f3n de estancia irregular en M\u00e9xico. El traslado v\u00eda a\u00e9rea se realiz\u00f3 de Minatitl\u00e1n, Veracruz, a San Pedro Sula, Honduras, en acuerdo con las autoridades del gobierno hondure\u00f1o y cumpliendo con las normas y procedimientos migratorios vigentes&#8221;, inform\u00f3 Migraci\u00f3n.<\/p>\n<p><a href=\"https:\/\/www.elsiglodetorreon.com.mx\/noticia\/1571000.inm-deporta-a-104-hondurenos-63-son-menores-de-edad.html\" target=\"_blank\" rel=\"noopener noreferrer\">https:\/\/www.elsiglodetorreon.com.mx\/noticia\/1571000.inm-deporta-a-104-hondurenos-63-son-menores-de-edad.html<\/a><\/p>\n","protected":false},"excerpt":{"rendered":"<p>El Instituto Nacional de Migraci\u00f3n (INM) deport\u00f3 a 104 personas de nacionalidad hondure\u00f1a a su pa\u00eds de origen; 63 de ellos son ni\u00f1os, adem\u00e1s de 41 adultos, la mayor\u00eda conformando &hellip; <a href=\"https:\/\/www.grieta.org.mx\/index.php\/2019\/04\/28\/inm-deporta-a-104-hondurenos-63-son-menores-de-edad\/\" class=\"more-link\">Leer m\u00e1s<\/a><\/p>\n","protected":false},"author":2,"featured_media":32657,"comment_status":"closed","ping_status":"closed","sticky":false,"template":"","format":"standard","meta":{"ngg_post_thumbnail":0,"_jetpack_newsletter_access":"","_jetpack_dont_email_post_to_subs":false,"_jetpack_newsletter_tier_id":0,"_jetpack_memberships_contains_paywalled_content":false,"_jetpack_memberships_contains_paid_content":false,"footnotes":""},"categories":[80,86,83],"tags":[1395,1871,1194,2511,158,1370],"class_list":["post-32656","post","type-post","status-publish","format-standard","has-post-thumbnail","hentry","category-cintillo","category-migrantes","category-temas-nacionales","tag-abuso-contra-migrantes","tag-caravana-de-migrantes-centroamericanos","tag-criminalizacion-de-migrantes","tag-deportacion-de-migrantes","tag-migrantes","tag-ninos-migrantes","entry"],"jetpack_featured_media_url":"https:\/\/www.grieta.org.mx\/wp-content\/uploads\/2019\/04\/Migrantes-camioneta.jpeg","jetpack_sharing_enabled":true,"jetpack_shortlink":"https:\/\/wp.me\/p7ZJR4-8uI","jetpack_likes_enabled":false,"jetpack-related-posts":[{"id":44316,"url":"https:\/\/www.grieta.org.mx\/index.php\/2020\/01\/23\/operativos-migratorios-separan-a-ninos-de-sus-padres\/","url_meta":{"origin":32656,"position":0},"title":"Operativos migratorios separan a ni\u00f1os de sus padres","author":"grieta","date":"23 enero, 2020","format":false,"excerpt":"Mientras que los adultos son repatriados, los menores permanecer\u00e1n en resguardo del DIF: INM Rub\u00e9n Concepci\u00f3n G\u00f3ngora\/ EL HERALDO DE TABASCO Menores de edad migrantes asegurados quedan bajo el cuidado del Sistema para el Desarrollo Integral de la Familia (DIF) de Tabasco y Chiapas, afirm\u00f3 el Instituto Nacional de Migraci\u00f3n.\u2026","rel":"","context":"En &quot;CINTILLO&quot;","block_context":{"text":"CINTILLO","link":"https:\/\/www.grieta.org.mx\/index.php\/category\/cintillo\/"},"img":{"alt_text":"","src":"https:\/\/i0.wp.com\/www.grieta.org.mx\/wp-content\/uploads\/2020\/02\/SIGUEN-LOS-TRASLADOS-DE-MIGRANTES-JCH17.jpg?resize=350%2C200&ssl=1","width":350,"height":200,"srcset":"https:\/\/i0.wp.com\/www.grieta.org.mx\/wp-content\/uploads\/2020\/02\/SIGUEN-LOS-TRASLADOS-DE-MIGRANTES-JCH17.jpg?resize=350%2C200&ssl=1 1x, https:\/\/i0.wp.com\/www.grieta.org.mx\/wp-content\/uploads\/2020\/02\/SIGUEN-LOS-TRASLADOS-DE-MIGRANTES-JCH17.jpg?resize=525%2C300&ssl=1 1.5x, https:\/\/i0.wp.com\/www.grieta.org.mx\/wp-content\/uploads\/2020\/02\/SIGUEN-LOS-TRASLADOS-DE-MIGRANTES-JCH17.jpg?resize=700%2C400&ssl=1 2x"},"classes":[]},{"id":63459,"url":"https:\/\/www.grieta.org.mx\/index.php\/2022\/02\/18\/mexico-detenciones-masivas-de-migrantes-en-la-frontera\/","url_meta":{"origin":32656,"position":1},"title":"M\u00e9xico: detenciones masivas de migrantes en la frontera","author":"grieta","date":"18 febrero, 2022","format":false,"excerpt":"Redacci\u00f3n \/ NIUS Madrid Un total de 1.266 migrantes de 33 nacionalidades han sido detenidos este jueves Un total de 1.266 migrantes de 33 nacionalidades han sido detenidos este jueves en varias operaciones realizadas en M\u00e9xico, seg\u00fan ha informado el Instituto Nacional de Migraci\u00f3n (INM) de M\u00e9xico. \"En las \u00faltimas\u2026","rel":"","context":"En &quot;CINTILLO&quot;","block_context":{"text":"CINTILLO","link":"https:\/\/www.grieta.org.mx\/index.php\/category\/cintillo\/"},"img":{"alt_text":"","src":"https:\/\/i0.wp.com\/www.grieta.org.mx\/wp-content\/uploads\/2022\/02\/clipping_BiXSBd_d867.jpg?resize=350%2C200&ssl=1","width":350,"height":200,"srcset":"https:\/\/i0.wp.com\/www.grieta.org.mx\/wp-content\/uploads\/2022\/02\/clipping_BiXSBd_d867.jpg?resize=350%2C200&ssl=1 1x, https:\/\/i0.wp.com\/www.grieta.org.mx\/wp-content\/uploads\/2022\/02\/clipping_BiXSBd_d867.jpg?resize=525%2C300&ssl=1 1.5x, https:\/\/i0.wp.com\/www.grieta.org.mx\/wp-content\/uploads\/2022\/02\/clipping_BiXSBd_d867.jpg?resize=700%2C400&ssl=1 2x"},"classes":[]},{"id":34214,"url":"https:\/\/www.grieta.org.mx\/index.php\/2019\/05\/19\/caen-25-migrantes-en-vehiculo-clonado-del-inm-en-veracruz\/","url_meta":{"origin":32656,"position":2},"title":"Caen 25 migrantes en veh\u00edculo clonado del INM en Veracruz","author":"grieta","date":"19 mayo, 2019","format":false,"excerpt":"Redacci\u00f3n \/ La verdad de Tamaulipas Xalapa, Veracruz.- Elementos de la Polic\u00eda Federal aseguraron a un total de 25 indocumentados que eran trasladados en un veh\u00edculo del Instituto Nacional de Migraci\u00f3n (INM), en una de las rutas para cruzar a los Estados Unidos. Tras los hechos los efectivos federales detuvieron\u2026","rel":"","context":"En &quot;CINTILLO&quot;","block_context":{"text":"CINTILLO","link":"https:\/\/www.grieta.org.mx\/index.php\/category\/cintillo\/"},"img":{"alt_text":"","src":"https:\/\/i0.wp.com\/www.grieta.org.mx\/wp-content\/uploads\/2019\/06\/200520-caen-25-migrantes-en-vehiculo-clonado-del-inm-en-veracruz.jpg?resize=350%2C200&ssl=1","width":350,"height":200,"srcset":"https:\/\/i0.wp.com\/www.grieta.org.mx\/wp-content\/uploads\/2019\/06\/200520-caen-25-migrantes-en-vehiculo-clonado-del-inm-en-veracruz.jpg?resize=350%2C200&ssl=1 1x, https:\/\/i0.wp.com\/www.grieta.org.mx\/wp-content\/uploads\/2019\/06\/200520-caen-25-migrantes-en-vehiculo-clonado-del-inm-en-veracruz.jpg?resize=525%2C300&ssl=1 1.5x"},"classes":[]},{"id":33207,"url":"https:\/\/www.grieta.org.mx\/index.php\/2019\/05\/08\/saturan-migrantes-al-inm-en-tamaulipas\/","url_meta":{"origin":32656,"position":3},"title":"Saturan migrantes al INM en Tamaulipas","author":"grieta","date":"8 mayo, 2019","format":false,"excerpt":"Debate En lo que va del a\u00f1o van alrededor de 858 migrantes han sido detenidos en Tampico, Tamaulipas Tampico, Tamaulipas.- Aseguramientos de migrantes en Tamaulipas tienen frecuentemente saturada la peque\u00f1a estaci\u00f3n del Instituto Nacional de Migraci\u00f3n (INM) en Tampico. De acuerdo con registros period\u00edsticos, en lo que va de este\u2026","rel":"","context":"En &quot;CINTILLO&quot;","block_context":{"text":"CINTILLO","link":"https:\/\/www.grieta.org.mx\/index.php\/category\/cintillo\/"},"img":{"alt_text":"","src":"https:\/\/i0.wp.com\/www.grieta.org.mx\/wp-content\/uploads\/2019\/05\/Saturan-migrantes-al-INM-en-Tamaulipas-may.jpg?resize=350%2C200&ssl=1","width":350,"height":200,"srcset":"https:\/\/i0.wp.com\/www.grieta.org.mx\/wp-content\/uploads\/2019\/05\/Saturan-migrantes-al-INM-en-Tamaulipas-may.jpg?resize=350%2C200&ssl=1 1x, https:\/\/i0.wp.com\/www.grieta.org.mx\/wp-content\/uploads\/2019\/05\/Saturan-migrantes-al-INM-en-Tamaulipas-may.jpg?resize=525%2C300&ssl=1 1.5x, https:\/\/i0.wp.com\/www.grieta.org.mx\/wp-content\/uploads\/2019\/05\/Saturan-migrantes-al-INM-en-Tamaulipas-may.jpg?resize=700%2C400&ssl=1 2x"},"classes":[]},{"id":35779,"url":"https:\/\/www.grieta.org.mx\/index.php\/2019\/07\/03\/rescatan-durante-mayo-a-mas-de-400-migrantes-en-slp-san-luis-potosi\/","url_meta":{"origin":32656,"position":4},"title":"Rescatan durante mayo a m\u00e1s de 400 migrantes en SLP (San Luis Potos\u00ed)","author":"grieta","date":"3 julio, 2019","format":false,"excerpt":"Fotograf\u00eda: Pulso Martha Arriaga \/ Pulso Durante mayo, el Instituto Nacional de Migraci\u00f3n (INM) en San Luis Potos\u00ed rescat\u00f3 a 402 migrantes, mismos que fueron repatriados a pa\u00edses como Honduras, Guatemala y El Salvador. Yolanda Camacho Zapata, representante del INM, coment\u00f3 que la mayor\u00eda siguen siendo hondure\u00f1os que buscan llegar\u2026","rel":"","context":"En &quot;CINTILLO&quot;","block_context":{"text":"CINTILLO","link":"https:\/\/www.grieta.org.mx\/index.php\/category\/cintillo\/"},"img":{"alt_text":"","src":"https:\/\/i0.wp.com\/www.grieta.org.mx\/wp-content\/uploads\/2019\/07\/Rescatan-durante-mayo-a-m%C3%A1s-de-400-migrantes-en-SLP-jul.jpg?resize=350%2C200&ssl=1","width":350,"height":200,"srcset":"https:\/\/i0.wp.com\/www.grieta.org.mx\/wp-content\/uploads\/2019\/07\/Rescatan-durante-mayo-a-m%C3%A1s-de-400-migrantes-en-SLP-jul.jpg?resize=350%2C200&ssl=1 1x, https:\/\/i0.wp.com\/www.grieta.org.mx\/wp-content\/uploads\/2019\/07\/Rescatan-durante-mayo-a-m%C3%A1s-de-400-migrantes-en-SLP-jul.jpg?resize=525%2C300&ssl=1 1.5x"},"classes":[]},{"id":62187,"url":"https:\/\/www.grieta.org.mx\/index.php\/2021\/09\/23\/hasta-en-el-cielo-hay-control-migratorio-dice-titular-de-inm-sobre-migrantes-haitianos-en-mexico\/","url_meta":{"origin":32656,"position":5},"title":"\u201cHasta en el cielo hay control migratorio\u201d, dice titular de INM sobre migrantes haitianos en M\u00e9xico","author":"grieta","date":"23 septiembre, 2021","format":false,"excerpt":"ANIMAL POL\u00cdTICO Durante su visita a la Ciudad de Acu\u00f1a, Coahuila, donde varios migrantes han sido detenidos por agentes fronterizos, el titular de migraci\u00f3n asegur\u00f3 que M\u00e9xico nunca ha sido un pa\u00eds de fronteras abiertas. El titular del Instituto Nacional de Migraci\u00f3n (INM), Francisco Gardu\u00f1o Y\u00e1\u00f1ez, asegur\u00f3 durante su visita\u2026","rel":"","context":"En &quot;CINTILLO&quot;","block_context":{"text":"CINTILLO","link":"https:\/\/www.grieta.org.mx\/index.php\/category\/cintillo\/"},"img":{"alt_text":"","src":"https:\/\/i0.wp.com\/www.grieta.org.mx\/wp-content\/uploads\/2021\/10\/Francisco-Garduno-INM.jpg?resize=350%2C200&ssl=1","width":350,"height":200,"srcset":"https:\/\/i0.wp.com\/www.grieta.org.mx\/wp-content\/uploads\/2021\/10\/Francisco-Garduno-INM.jpg?resize=350%2C200&ssl=1 1x, https:\/\/i0.wp.com\/www.grieta.org.mx\/wp-content\/uploads\/2021\/10\/Francisco-Garduno-INM.jpg?resize=525%2C300&ssl=1 1.5x, https:\/\/i0.wp.com\/www.grieta.org.mx\/wp-content\/uploads\/2021\/10\/Francisco-Garduno-INM.jpg?resize=700%2C400&ssl=1 2x"},"classes":[]}],"_links":{"self":[{"href":"https:\/\/www.grieta.org.mx\/index.php\/wp-json\/wp\/v2\/posts\/32656","targetHints":{"allow":["GET"]}}],"collection":[{"href":"https:\/\/www.grieta.org.mx\/index.php\/wp-json\/wp\/v2\/posts"}],"about":[{"href":"https:\/\/www.grieta.org.mx\/index.php\/wp-json\/wp\/v2\/types\/post"}],"author":[{"embeddable":true,"href":"https:\/\/www.grieta.org.mx\/index.php\/wp-json\/wp\/v2\/users\/2"}],"replies":[{"embeddable":true,"href":"https:\/\/www.grieta.org.mx\/index.php\/wp-json\/wp\/v2\/comments?post=32656"}],"version-history":[{"count":1,"href":"https:\/\/www.grieta.org.mx\/index.php\/wp-json\/wp\/v2\/posts\/32656\/revisions"}],"predecessor-version":[{"id":32663,"href":"https:\/\/www.grieta.org.mx\/index.php\/wp-json\/wp\/v2\/posts\/32656\/revisions\/32663"}],"wp:featuredmedia":[{"embeddable":true,"href":"https:\/\/www.grieta.org.mx\/index.php\/wp-json\/wp\/v2\/media\/32657"}],"wp:attachment":[{"href":"https:\/\/www.grieta.org.mx\/index.php\/wp-json\/wp\/v2\/media?parent=32656"}],"wp:term":[{"taxonomy":"category","embeddable":true,"href":"https:\/\/www.grieta.org.mx\/index.php\/wp-json\/wp\/v2\/categories?post=32656"},{"taxonomy":"post_tag","embeddable":true,"href":"https:\/\/www.grieta.org.mx\/index.php\/wp-json\/wp\/v2\/tags?post=32656"}],"curies":[{"name":"wp","href":"https:\/\/api.w.org\/{rel}","templated":true}]}}