{"id":32640,"date":"2019-04-24T18:51:13","date_gmt":"2019-04-24T23:51:13","guid":{"rendered":"http:\/\/www.grieta.org.mx\/?p=32640"},"modified":"2019-04-27T19:01:21","modified_gmt":"2019-04-28T00:01:21","slug":"el-gobierno-persigue-migrantes-y-deja-en-promesa-el-discurso-sobre-derechos-humanos","status":"publish","type":"post","link":"https:\/\/www.grieta.org.mx\/index.php\/2019\/04\/24\/el-gobierno-persigue-migrantes-y-deja-en-promesa-el-discurso-sobre-derechos-humanos\/","title":{"rendered":"El gobierno persigue migrantes y deja en promesa el discurso sobre derechos humanos"},"content":{"rendered":"<blockquote><p>En tan solo tres semanas de este mes abril, M\u00e9xico detuvo a 11 mil 800 migrantes; 125% m\u00e1s que hace dos a\u00f1os.<\/p><\/blockquote>\n<p><img loading=\"lazy\" decoding=\"async\" data-attachment-id=\"32641\" data-permalink=\"https:\/\/www.grieta.org.mx\/index.php\/2019\/04\/24\/el-gobierno-persigue-migrantes-y-deja-en-promesa-el-discurso-sobre-derechos-humanos\/migrantes-polis\/\" data-orig-file=\"https:\/\/www.grieta.org.mx\/wp-content\/uploads\/2019\/04\/migrantes-polis.jpg\" data-orig-size=\"958,505\" data-comments-opened=\"0\" data-image-meta=\"{&quot;aperture&quot;:&quot;0&quot;,&quot;credit&quot;:&quot;&quot;,&quot;camera&quot;:&quot;&quot;,&quot;caption&quot;:&quot;PIJIJIAPAN, CHIAPAS, 22ABRIL2019.- El Instituto Nacional de Migranci\\u00f3n y la Polic\\u00eda Federal detuvo a la caravana de migrantes que avanzaba con rumbo Arriaga, fuentes oficiales detuvieron al menos a 800 personas que no contaban con la documentaci\\u00f3n necesaria para trasitar por territorio nacional.\\rFOTO: CUARTOSCURO.COM&quot;,&quot;created_timestamp&quot;:&quot;0&quot;,&quot;copyright&quot;:&quot;&quot;,&quot;focal_length&quot;:&quot;0&quot;,&quot;iso&quot;:&quot;0&quot;,&quot;shutter_speed&quot;:&quot;0&quot;,&quot;title&quot;:&quot;&quot;,&quot;orientation&quot;:&quot;1&quot;}\" data-image-title=\"migrantes polis\" data-image-description=\"\" data-image-caption=\"&lt;p&gt;Cuartoscuro&lt;\/p&gt;\n\" data-medium-file=\"https:\/\/www.grieta.org.mx\/wp-content\/uploads\/2019\/04\/migrantes-polis-300x158.jpg\" data-large-file=\"https:\/\/www.grieta.org.mx\/wp-content\/uploads\/2019\/04\/migrantes-polis.jpg\" class=\"size-full wp-image-32641\" src=\"http:\/\/www.grieta.org.mx\/wp-content\/uploads\/2019\/04\/migrantes-polis.jpg\" alt=\"\" width=\"958\" height=\"505\" srcset=\"https:\/\/www.grieta.org.mx\/wp-content\/uploads\/2019\/04\/migrantes-polis.jpg 958w, https:\/\/www.grieta.org.mx\/wp-content\/uploads\/2019\/04\/migrantes-polis-300x158.jpg 300w, https:\/\/www.grieta.org.mx\/wp-content\/uploads\/2019\/04\/migrantes-polis-768x405.jpg 768w, https:\/\/www.grieta.org.mx\/wp-content\/uploads\/2019\/04\/migrantes-polis-949x500.jpg 949w\" sizes=\"auto, (max-width: 958px) 100vw, 958px\" \/> Cuartoscuro<\/p>\n<p>Manu Ureste\/ANIMAL POL\u00cdTICO<\/p>\n<p>Desde el arranque del nuevo gobierno, incluso desde la campa\u00f1a electoral, el Ejecutivo lo ha repetido en m\u00faltiples ocasiones y a trav\u00e9s de m\u00faltiples actores: en M\u00e9xico, la nueva pol\u00edtica migratoria se rige por el respeto a los derechos humanos, por atender las causas que originan la migraci\u00f3n forzada, como la pobreza y la violencia en Centroam\u00e9rica, y por dejar atr\u00e1s el enfoque de la migraci\u00f3n como un problema de seguridad nacional, que debe ser atendido con polic\u00edas y soldados.<\/p>\n<p>Sin embargo, cuatro meses despu\u00e9s, el discurso de la nueva pol\u00edtica migratoria contrasta con las estad\u00edsticas de detenci\u00f3n, especialmente con la de abril, que se dispar\u00f3 m\u00e1s de un 100% en comparaci\u00f3n con la de a\u00f1os anteriores.<\/p>\n<p>Lo anterior con el recorte al presupuesto destinado a atender a los solicitantes de refugio, y, sobre todo, con la vuelta de operativos para detener a cientos de migrantes, como el del lunes pasado en Pijijiapan, Chiapas.<\/p>\n<p>Ah\u00ed, a unos 150 kil\u00f3metros de la frontera con Guatemala, elementos del Instituto Nacional de Migraci\u00f3n (INM), escoltados por agentes de la Polic\u00eda Federal, realizaron una redada masiva entre los 3 mil integrantes de una caravana migrante que, seg\u00fan aleg\u00f3 la autoridad, respondieron de manera agresiva ante un operativo de control.<\/p>\n<p>El resultado fue una escena id\u00e9ntica a las registradas especialmente en 2014 y 2015, en plena efervescencia del Plan Frontera Sur de Pe\u00f1a Nieto: ni\u00f1os, ni\u00f1as, adolescentes, mujeres, y hombres migrantes corriendo en estampida por el monte para evitar ser uno de los 371 migrantes que, finalmente, fueron detenidos por el INM con la ayuda de la polic\u00eda, y que, probablemente, ser\u00e1n deportados del pa\u00eds como los 204 migrantes que hace tan solo diez d\u00edas, el 13 de abril, ya fueron expulsados a bordo de un avi\u00f3n gubernamental.<\/p>\n<p>El impacto de las fotograf\u00edas, de los videos y de los cables publicados por periodistas locales y por agencias internacionales de noticias, en los que se ven patrullas y camionetas de la Polic\u00eda persiguiendo a migrantes con carriolas y beb\u00e9s, fue tan fuerte que ayer martes buena parte de la plana mayor del gobierno federal sali\u00f3 a dar explicaciones en una conferencia conjunta entre Segob, Canciller\u00eda y el INM.<\/p>\n<p>El comisionado del INM, Tonatiuh Guill\u00e9n, subray\u00f3 que antes de la redada masiva el propio Instituto ofreci\u00f3 a muchos de los integrantes de la caravana detenidos la posibilidad de regularizar su estancia en M\u00e9xico a trav\u00e9s de las Tarjetas de Visitante Regional, que permite su estancia legal en el pa\u00eds, aunque la restringe exclusivamente a los estados del sur.<\/p>\n<p>Pero estos la rechazaron y posteriormente, en el control migratorio, fueron detenidos, reaccionando algunos de manera violenta, por lo que se pidi\u00f3 la intervenci\u00f3n de la Polic\u00eda Federal.<\/p>\n<p>\u201cS\u00e9 que el escenario que se dio ayer fue complejo\u201d, dijo el comisionado, quien lament\u00f3 la presencia de ni\u00f1os y adolescentes durante el operativo. \u201cPero todo se dio dentro de la norma y sin que hubiera ning\u00fan herido\u201d.<\/p>\n<p>En 22 d\u00edas, casi 12 mil capturas<br \/>\nPor su parte, la titular de Gobernaci\u00f3n, Olga S\u00e1nchez Cordero, as\u00ed como el subsecretario de Migraci\u00f3n, Alejandro Encinas, reiteraron que la pol\u00edtica migratoria mexicana, basada en el respeto a los derechos humanos, no se ha movido ni una coma. Mientras que el canciller Marcelo Ebrard neg\u00f3 cualquier injerencia del gobierno de Estados Unidos en la pol\u00edtica migratoria mexicana.<\/p>\n<p>\u201cEn M\u00e9xico tomamos nuestras propias decisiones\u201d, subray\u00f3 Ebrard, cuando se le pregunt\u00f3 si es una \u201ccoincidencia\u201d que el presidente Donald Trump felicitara a M\u00e9xico v\u00eda Twitter por hacer m\u00e1s detenciones, pocos d\u00edas despu\u00e9s de que el 23 de marzo M\u00e9xico detuviera a 107 migrantes en otro operativo, esta vez en la frontera de Tamaulipas, y luego de que las estad\u00edsticas de capturas repuntaran de manera especial este mes de abril.<\/p>\n<p>Sobre este punto, el comisionado del INM inform\u00f3 ayer que entre el 1 y el 22 de abril suman ya 11 mil 800 detenciones de migrantes indocumentados.<\/p>\n<p>Es decir, que a falta todav\u00eda de una semana para terminar el mes, las detenciones aumentaron un 40% en comparaci\u00f3n con enero, cuando el INM detuvo a 8 mil 556; de hecho, esa cifra en el arranque del nuevo gobierno fue la m\u00e1s baja en cinco a\u00f1os, desde 2014.<\/p>\n<p>Ahora bien, si se compara con el sexenio anterior, el dato de abril de 2019 es 3% mayor al del a\u00f1o pasado, y hasta 125% m\u00e1s en comparaci\u00f3n con abril de 2017.<\/p>\n<p>No obstante, cabe matizar que estos datos a\u00fan est\u00e1 lejos de los 16 mil 700 migrantes que se detuvieron en abril de 2016, y los 17 mil de 2015, los dos a\u00f1os que batieron todos los r\u00e9cords de capturas y de deportaciones de migrantes en M\u00e9xico a ra\u00edz del Plan Frontera Sur.  <\/p>\n<p>\u201cLa pol\u00edtica migratoria no ha cambiado\u201d<br \/>\nAnte estas estad\u00edsticas, y ante las nuevas redadas masivas para detener y deportar migrantes, ayer martes los medios de comunicaci\u00f3n que asistieron a la conferencia cuestionaron a las autoridades cu\u00e1l ha sido realmente el cambio de pol\u00edtica migratoria en relaci\u00f3n al gobierno anterior de Pe\u00f1a Nieto.<\/p>\n<p>\u201cLas cosas s\u00ed han cambiado profundamente. Y para darse cuenta, simplemente hay que ir ahora a Chiapas y ver toda la asistencia humanitaria que anteriormente no exist\u00eda, y ver que ahora ya no hay un proceso de persecuci\u00f3n (al migrante)\u201d, recalc\u00f3 el subsecretario Encinas, haciendo alusi\u00f3n, entre otras medidas, a la instalaci\u00f3n por parte del INM de un nuevo albergue en Tapachula, Chiapas, para dar atenci\u00f3n m\u00e9dica, sanitaria y alimentaria a miles de familias migrantes que est\u00e1n accediendo a M\u00e9xico.<\/p>\n<p>\u201cHay un esfuerzo enorme del gobierno federal, y de los gobiernos estatales, para dar atenci\u00f3n m\u00e9dica y de alimentos en las estaciones migratorias y en los albergues\u201d, a\u00f1adi\u00f3 el comisionado del INM, que, incluso, dio un paso m\u00e1s al asegurar que \u201cel cuidado al migrante desde el inicio de este gobierno ha sido extraordinario\u201d.<\/p>\n<p>No obstante, activistas defensores de migrantes, y organizaciones de la sociedad civil, no coinciden plenamente con este discurso.<\/p>\n<p>Claudia Le\u00f3n, coordinadora de incidencia del Servicio Jesuita a Migrantes, servicio que cuenta con una red de albergues para migrantes en todo el pa\u00eds, critic\u00f3 en entrevista con Animal Pol\u00edtico que, a pesar del cambio en el discurso de las autoridades, a\u00fan persisten viejas pr\u00e1cticas del pasado.<\/p>\n<p>\u201cEn esta nueva administraci\u00f3n se mostr\u00f3 una postura y un discurso distinto, m\u00e1s enfocado a derechos humanos, y a dar una imagen de puertas abiertas hasta cierto punto. Pero, en la pr\u00e1ctica, estamos viendo que las cosas no han cambiado tanto\u201d, apunt\u00f3 la activista.<\/p>\n<p>\u201cPor ejemplo, hemos identificado que a\u00fan hay persecuci\u00f3n y criminalizaci\u00f3n de migrantes, en concreto de algunas personas que han ejercido roles de liderazgo en las caravanas migrantes\u201d, a\u00f1adi\u00f3 Le\u00f3n, en referencia a las cr\u00edticas que la secretaria de Gobernaci\u00f3n, Olga S\u00e1nchez Cordero, ha hecho p\u00fablicamente a la organizaci\u00f3n civil Pueblos Sin Fronteras, a la que el pasado 28 de febrero responsabiliz\u00f3 de reclutar a trav\u00e9s de enga\u00f1os a migrantes centroamericanos para las caravanas.  <\/p>\n<p>\u201cY seguimos viendo que, en estados como Chiapas, los agentes de migraci\u00f3n contin\u00faan coadyuvando con las polic\u00edas federales, estatales y locales, para realizar detenciones, tal y como se hac\u00eda antes\u201d, agreg\u00f3.<\/p>\n<p>Sobre este punto, Claudia Le\u00f3n expuso que muchos migrantes contin\u00faan recurriendo a traficantes de personas, y a viajar por rutas peligrosas en autobuses, y en menor medida en el tren conocido como La Bestia, \u201cporque la pol\u00edtica migratoria no ha cambiado realmente\u201d.<\/p>\n<p>\u201cLa gente sigue recurriendo a transitar clandestinamente por rutas muy peligrosas porque a\u00fan no hay un cambio. De hecho, la preocupaci\u00f3n que tenemos es no saber por d\u00f3nde va esta nueva pol\u00edtica. Porque, por poner un ejemplo, las tarjetas humanitarias que se proporcionaron en Ciudad Hidalgo, Chiapas, para regularizar la situaci\u00f3n de los migrantes, fue una medida sumamente coyuntural, que no ha resuelto ni va a resolver la situaci\u00f3n, y que, de hecho, el gobierno ya ha dejado de darlas\u201d.<\/p>\n<p>\u201cEs decir -concluy\u00f3-, el gobierno est\u00e1 implementando medidas que desde la sociedad civil no entendemos muy bien cu\u00e1l es su finalidad\u201d.<\/p>\n<p>\u201cPreocupaci\u00f3n y decepci\u00f3n\u201d<br \/>\nY desde Estados Unidos, la visi\u00f3n tampoco es muy distinta.<\/p>\n<p>\u00d3scar Chac\u00f3n, director ejecutivo de Alianza Am\u00e9ricas, una red de organizaciones civiles dirigidas por migrantes latinos en ese pa\u00eds, se\u00f1al\u00f3 en entrevista que ven el panorama actual en M\u00e9xico \u201ccon preocupaci\u00f3n y decepci\u00f3n\u201d.<\/p>\n<p>\u201cNo dejamos de reconocer que, cuando gan\u00f3 L\u00f3pez Obrador, s\u00ed hubo una reacci\u00f3n diferente, un deseo de querer marcar una diferencia en la pol\u00edtica migratoria mexicana\u201d, plante\u00f3 Chac\u00f3n.<\/p>\n<p>\u201cPero, en la pr\u00e1ctica, nos preocupa mucho que, aunque M\u00e9xico enfatiza mucho el discurso de autonom\u00eda frente a Estados Unidos, s\u00ed pareciera que hay una actitud (de las autoridades mexicanas) de querer congraciarse con la administraci\u00f3n Trump\u201d.<\/p>\n<p>Sobre lo anterior, \u00d3scar Chac\u00f3n plante\u00f3 que Estados Unidos ha sido muy claro con los gobiernos de Centroam\u00e9rica, a los que ha pedido que, a cambio de programas de ayuda y cooperaci\u00f3n para el desarrollo, \u201cbusquen todas las formas posibles\u201d para que la gente no migre hacia su pa\u00eds.<\/p>\n<p>\u201cY a M\u00e9xico tambi\u00e9n le ha pedido que haga lo suyo. Y lo suyo quiere decir que pare a los migrantes. Que no les permita transitar de manera libre hasta su frontera. Y m\u00e1s all\u00e1 de lo que digan los funcionarios mexicanos, creo que en la pr\u00e1ctica s\u00ed se aprecia claramente que hay una intenci\u00f3n de estar en buenos t\u00e9rminos con el gobierno de Estados Unidos\u201d, finaliz\u00f3.<\/p>\n<p><a href=\"https:\/\/www.animalpolitico.com\/2019\/04\/politica-migratoria-amlo-redadas-masivas\/\" rel=\"noopener noreferrer\" target=\"_blank\">https:\/\/www.animalpolitico.com\/2019\/04\/politica-migratoria-amlo-redadas-masivas\/<\/a><\/p>\n","protected":false},"excerpt":{"rendered":"<p>En tan solo tres semanas de este mes abril, M\u00e9xico detuvo a 11 mil 800 migrantes; 125% m\u00e1s que hace dos a\u00f1os. Cuartoscuro Manu Ureste\/ANIMAL POL\u00cdTICO Desde el arranque del &hellip; <a href=\"https:\/\/www.grieta.org.mx\/index.php\/2019\/04\/24\/el-gobierno-persigue-migrantes-y-deja-en-promesa-el-discurso-sobre-derechos-humanos\/\" class=\"more-link\">Leer m\u00e1s<\/a><\/p>\n","protected":false},"author":2,"featured_media":32641,"comment_status":"closed","ping_status":"closed","sticky":false,"template":"","format":"standard","meta":{"ngg_post_thumbnail":0,"_jetpack_newsletter_access":"","_jetpack_dont_email_post_to_subs":false,"_jetpack_newsletter_tier_id":0,"_jetpack_memberships_contains_paywalled_content":false,"_jetpack_memberships_contains_paid_content":false,"footnotes":""},"categories":[80,370,83],"tags":[1395,1872,1871,1194,1396],"class_list":["post-32640","post","type-post","status-publish","format-standard","has-post-thumbnail","hentry","category-cintillo","category-migrantes-analisis","category-temas-nacionales","tag-abuso-contra-migrantes","tag-agresiones-a-migrantes","tag-caravana-de-migrantes-centroamericanos","tag-criminalizacion-de-migrantes","tag-migrantes-en-mexico","entry"],"jetpack_featured_media_url":"https:\/\/www.grieta.org.mx\/wp-content\/uploads\/2019\/04\/migrantes-polis.jpg","jetpack_sharing_enabled":true,"jetpack_shortlink":"https:\/\/wp.me\/p7ZJR4-8us","jetpack_likes_enabled":false,"jetpack-related-posts":[{"id":63459,"url":"https:\/\/www.grieta.org.mx\/index.php\/2022\/02\/18\/mexico-detenciones-masivas-de-migrantes-en-la-frontera\/","url_meta":{"origin":32640,"position":0},"title":"M\u00e9xico: detenciones masivas de migrantes en la frontera","author":"grieta","date":"18 febrero, 2022","format":false,"excerpt":"Redacci\u00f3n \/ NIUS Madrid Un total de 1.266 migrantes de 33 nacionalidades han sido detenidos este jueves Un total de 1.266 migrantes de 33 nacionalidades han sido detenidos este jueves en varias operaciones realizadas en M\u00e9xico, seg\u00fan ha informado el Instituto Nacional de Migraci\u00f3n (INM) de M\u00e9xico. \"En las \u00faltimas\u2026","rel":"","context":"En &quot;CINTILLO&quot;","block_context":{"text":"CINTILLO","link":"https:\/\/www.grieta.org.mx\/index.php\/category\/cintillo\/"},"img":{"alt_text":"","src":"https:\/\/i0.wp.com\/www.grieta.org.mx\/wp-content\/uploads\/2022\/02\/clipping_BiXSBd_d867.jpg?resize=350%2C200&ssl=1","width":350,"height":200,"srcset":"https:\/\/i0.wp.com\/www.grieta.org.mx\/wp-content\/uploads\/2022\/02\/clipping_BiXSBd_d867.jpg?resize=350%2C200&ssl=1 1x, https:\/\/i0.wp.com\/www.grieta.org.mx\/wp-content\/uploads\/2022\/02\/clipping_BiXSBd_d867.jpg?resize=525%2C300&ssl=1 1.5x, https:\/\/i0.wp.com\/www.grieta.org.mx\/wp-content\/uploads\/2022\/02\/clipping_BiXSBd_d867.jpg?resize=700%2C400&ssl=1 2x"},"classes":[]},{"id":39378,"url":"https:\/\/www.grieta.org.mx\/index.php\/2019\/08\/28\/denuncian-discriminacion-por-caceria-contra-migrantes-en-los-hoteles-del-centro-chihuahua\/","url_meta":{"origin":32640,"position":1},"title":"Denuncian discriminaci\u00f3n por \u00abcacer\u00eda\u00bb contra migrantes en los hoteles del centro (Chihuahua)","author":"grieta","date":"28 agosto, 2019","format":false,"excerpt":"RA\u00cdCHALI Chihuahua.- Los operativos de revisi\u00f3n y detenci\u00f3n a migrantes en por lo menos cuatro hoteles y moteles del centro de la ciudad, incumplieron con los est\u00e1ndares m\u00ednimos que marca la Ley de Migraci\u00f3n, denunci\u00f3 la organizaci\u00f3n Uno de Siete Migrando. Durante la ma\u00f1ana de este mi\u00e9rcoles, decenas de efectivos\u2026","rel":"","context":"En &quot;Chihuahua&quot;","block_context":{"text":"Chihuahua","link":"https:\/\/www.grieta.org.mx\/index.php\/category\/noticias-nacionales\/chihuahua\/"},"img":{"alt_text":"","src":"https:\/\/i0.wp.com\/www.grieta.org.mx\/wp-content\/uploads\/2019\/09\/Sin-t%C3%ADtulo.jpg?resize=350%2C200&ssl=1","width":350,"height":200,"srcset":"https:\/\/i0.wp.com\/www.grieta.org.mx\/wp-content\/uploads\/2019\/09\/Sin-t%C3%ADtulo.jpg?resize=350%2C200&ssl=1 1x, https:\/\/i0.wp.com\/www.grieta.org.mx\/wp-content\/uploads\/2019\/09\/Sin-t%C3%ADtulo.jpg?resize=525%2C300&ssl=1 1.5x, https:\/\/i0.wp.com\/www.grieta.org.mx\/wp-content\/uploads\/2019\/09\/Sin-t%C3%ADtulo.jpg?resize=700%2C400&ssl=1 2x"},"classes":[]},{"id":38295,"url":"https:\/\/www.grieta.org.mx\/index.php\/2019\/08\/23\/migracion-y-violencia-en-mexico\/","url_meta":{"origin":32640,"position":2},"title":"Migraci\u00f3n y violencia en M\u00e9xico","author":"grieta","date":"23 agosto, 2019","format":false,"excerpt":"Son miles de migrantes los que a su paso por territorio mexicano rumbo a Estados Unidos han sufrido alg\u00fan tipo de violencia. Con la implementaci\u00f3n de la Guardia Nacional en todo M\u00e9xico estos aspectos de violencia solo se profundizar\u00e1n. Omar Morales\/ LA IZQUIERDA DIARIO Desde hace un a\u00f1o el flujo\u2026","rel":"","context":"En &quot;CINTILLO&quot;","block_context":{"text":"CINTILLO","link":"https:\/\/www.grieta.org.mx\/index.php\/category\/cintillo\/"},"img":{"alt_text":"","src":"https:\/\/i0.wp.com\/www.grieta.org.mx\/wp-content\/uploads\/2018\/03\/14524434_1106112876131411_958039263622046936_o.jpg?resize=350%2C200&ssl=1","width":350,"height":200,"srcset":"https:\/\/i0.wp.com\/www.grieta.org.mx\/wp-content\/uploads\/2018\/03\/14524434_1106112876131411_958039263622046936_o.jpg?resize=350%2C200&ssl=1 1x, https:\/\/i0.wp.com\/www.grieta.org.mx\/wp-content\/uploads\/2018\/03\/14524434_1106112876131411_958039263622046936_o.jpg?resize=525%2C300&ssl=1 1.5x, https:\/\/i0.wp.com\/www.grieta.org.mx\/wp-content\/uploads\/2018\/03\/14524434_1106112876131411_958039263622046936_o.jpg?resize=700%2C400&ssl=1 2x"},"classes":[]},{"id":58205,"url":"https:\/\/www.grieta.org.mx\/index.php\/2021\/04\/02\/operativos-en-frontera-sur-son-para-reprimir-y-detener-a-migrantes-no-rescates-humanitarios-ong\/","url_meta":{"origin":32640,"position":3},"title":"Operativos en frontera sur son para reprimir y detener a migrantes, no rescates humanitarios: ONG","author":"grieta","date":"2 abril, 2021","format":false,"excerpt":"El Colectivo de Observaci\u00f3n y Monitoreo de Derechos Humanos en el Sureste Mexicano, conformado por 12 organizaciones, critic\u00f3 que la \u201cnarrativa de seguridad promovida\u201d y el \u201cfalso discurso de derechos humanos\u201d que emplea el gobierno federal desemboca en la criminalizaci\u00f3n La Redacci\u00f3n\/ PROCESO CIUDAD DE M\u00c9XICO (apro).- Los operativos contra\u2026","rel":"","context":"En &quot;CINTILLO&quot;","block_context":{"text":"CINTILLO","link":"https:\/\/www.grieta.org.mx\/index.php\/category\/cintillo\/"},"img":{"alt_text":"","src":"https:\/\/i0.wp.com\/www.grieta.org.mx\/wp-content\/uploads\/2021\/04\/f800x450-132498_183944_5050.jpg?resize=350%2C200&ssl=1","width":350,"height":200,"srcset":"https:\/\/i0.wp.com\/www.grieta.org.mx\/wp-content\/uploads\/2021\/04\/f800x450-132498_183944_5050.jpg?resize=350%2C200&ssl=1 1x, https:\/\/i0.wp.com\/www.grieta.org.mx\/wp-content\/uploads\/2021\/04\/f800x450-132498_183944_5050.jpg?resize=525%2C300&ssl=1 1.5x, https:\/\/i0.wp.com\/www.grieta.org.mx\/wp-content\/uploads\/2021\/04\/f800x450-132498_183944_5050.jpg?resize=700%2C400&ssl=1 2x"},"classes":[]},{"id":37061,"url":"https:\/\/www.grieta.org.mx\/index.php\/2019\/07\/25\/cndh-condena-amenazas-de-militares-en-albergues-de-migrantes-en-mexico\/","url_meta":{"origin":32640,"position":4},"title":"CNDH condena amenazas de militares en albergues de migrantes en M\u00e9xico","author":"grieta","date":"25 julio, 2019","format":false,"excerpt":"EFE La Comisi\u00f3n Nacional de los Derechos Humanos (CNDH) emiti\u00f3 este jueves medidas cautelares a fin de evitar violaciones a los derechos humanos tras algunas amenazas registradas en los albergues para migrantes ubicados en los estados mexicanos de Sonora y Coahuila por parte de fuerzas federales. En un comunicado, el\u2026","rel":"","context":"En &quot;CINTILLO&quot;","block_context":{"text":"CINTILLO","link":"https:\/\/www.grieta.org.mx\/index.php\/category\/cintillo\/"},"img":{"alt_text":"","src":"https:\/\/i0.wp.com\/www.grieta.org.mx\/wp-content\/uploads\/2018\/03\/14524434_1106112876131411_958039263622046936_o.jpg?resize=350%2C200&ssl=1","width":350,"height":200,"srcset":"https:\/\/i0.wp.com\/www.grieta.org.mx\/wp-content\/uploads\/2018\/03\/14524434_1106112876131411_958039263622046936_o.jpg?resize=350%2C200&ssl=1 1x, https:\/\/i0.wp.com\/www.grieta.org.mx\/wp-content\/uploads\/2018\/03\/14524434_1106112876131411_958039263622046936_o.jpg?resize=525%2C300&ssl=1 1.5x, https:\/\/i0.wp.com\/www.grieta.org.mx\/wp-content\/uploads\/2018\/03\/14524434_1106112876131411_958039263622046936_o.jpg?resize=700%2C400&ssl=1 2x"},"classes":[]},{"id":35336,"url":"https:\/\/www.grieta.org.mx\/index.php\/2019\/06\/20\/tabasco-es-corresponsable-de-la-criminalizacion-hacia-migrantes-red-tdt\/","url_meta":{"origin":32640,"position":5},"title":"Tabasco es corresponsable de la \u201ccriminalizaci\u00f3n\u201d hacia migrantes: Red TDT","author":"grieta","date":"20 junio, 2019","format":false,"excerpt":"Pedro Zamora Brise\u00f1o \/ Proceso VILLAHERMOSA, Tab. (apro).- La Red Nacional de Organismos Civiles de Derechos Humanos \u201cTodos los Derechos para Todas y Todos\u201d (Red TDT) acus\u00f3 al estado de Tabasco de ser corresponsable en la \u201ccriminalizaci\u00f3n\u201d de los migrantes y colectivos defensores de sus derechos. En un comunicado difundido\u2026","rel":"","context":"En &quot;CINTILLO&quot;","block_context":{"text":"CINTILLO","link":"https:\/\/www.grieta.org.mx\/index.php\/category\/cintillo\/"},"img":{"alt_text":"","src":"https:\/\/i0.wp.com\/www.grieta.org.mx\/wp-content\/uploads\/2019\/06\/Otra-misi%C3%B3n-Foto-Eduardo-Miranda.jpg?resize=350%2C200&ssl=1","width":350,"height":200,"srcset":"https:\/\/i0.wp.com\/www.grieta.org.mx\/wp-content\/uploads\/2019\/06\/Otra-misi%C3%B3n-Foto-Eduardo-Miranda.jpg?resize=350%2C200&ssl=1 1x, https:\/\/i0.wp.com\/www.grieta.org.mx\/wp-content\/uploads\/2019\/06\/Otra-misi%C3%B3n-Foto-Eduardo-Miranda.jpg?resize=525%2C300&ssl=1 1.5x, https:\/\/i0.wp.com\/www.grieta.org.mx\/wp-content\/uploads\/2019\/06\/Otra-misi%C3%B3n-Foto-Eduardo-Miranda.jpg?resize=700%2C400&ssl=1 2x"},"classes":[]}],"_links":{"self":[{"href":"https:\/\/www.grieta.org.mx\/index.php\/wp-json\/wp\/v2\/posts\/32640","targetHints":{"allow":["GET"]}}],"collection":[{"href":"https:\/\/www.grieta.org.mx\/index.php\/wp-json\/wp\/v2\/posts"}],"about":[{"href":"https:\/\/www.grieta.org.mx\/index.php\/wp-json\/wp\/v2\/types\/post"}],"author":[{"embeddable":true,"href":"https:\/\/www.grieta.org.mx\/index.php\/wp-json\/wp\/v2\/users\/2"}],"replies":[{"embeddable":true,"href":"https:\/\/www.grieta.org.mx\/index.php\/wp-json\/wp\/v2\/comments?post=32640"}],"version-history":[{"count":1,"href":"https:\/\/www.grieta.org.mx\/index.php\/wp-json\/wp\/v2\/posts\/32640\/revisions"}],"predecessor-version":[{"id":32642,"href":"https:\/\/www.grieta.org.mx\/index.php\/wp-json\/wp\/v2\/posts\/32640\/revisions\/32642"}],"wp:featuredmedia":[{"embeddable":true,"href":"https:\/\/www.grieta.org.mx\/index.php\/wp-json\/wp\/v2\/media\/32641"}],"wp:attachment":[{"href":"https:\/\/www.grieta.org.mx\/index.php\/wp-json\/wp\/v2\/media?parent=32640"}],"wp:term":[{"taxonomy":"category","embeddable":true,"href":"https:\/\/www.grieta.org.mx\/index.php\/wp-json\/wp\/v2\/categories?post=32640"},{"taxonomy":"post_tag","embeddable":true,"href":"https:\/\/www.grieta.org.mx\/index.php\/wp-json\/wp\/v2\/tags?post=32640"}],"curies":[{"name":"wp","href":"https:\/\/api.w.org\/{rel}","templated":true}]}}