{"id":32637,"date":"2019-04-26T18:19:11","date_gmt":"2019-04-26T23:19:11","guid":{"rendered":"http:\/\/www.grieta.org.mx\/?p=32637"},"modified":"2019-04-27T18:50:29","modified_gmt":"2019-04-27T23:50:29","slug":"4299-menores-han-sido-asesinados-en-cuatro-anos-en-primer-trimestre-de-2019-tres-homicidios-al-dia","status":"publish","type":"post","link":"https:\/\/www.grieta.org.mx\/index.php\/2019\/04\/26\/4299-menores-han-sido-asesinados-en-cuatro-anos-en-primer-trimestre-de-2019-tres-homicidios-al-dia\/","title":{"rendered":"4,299 menores han sido asesinados en cuatro a\u00f1os; en primer trimestre de 2019, tres homicidios al d\u00eda"},"content":{"rendered":"<blockquote><p>En el periodo de 2015 a 2019, la entidad que acumul\u00f3 m\u00e1s v\u00edctimas es Chihuahua con 507 casos, se\u00f1al\u00f3 la Red por los Derechos de la Infancia (Redim).<\/p><\/blockquote>\n<figure id=\"attachment_32638\" aria-describedby=\"caption-attachment-32638\" style=\"width: 960px\" class=\"wp-caption alignleft\"><img loading=\"lazy\" decoding=\"async\" data-attachment-id=\"32638\" data-permalink=\"https:\/\/www.grieta.org.mx\/index.php\/2019\/04\/26\/4299-menores-han-sido-asesinados-en-cuatro-anos-en-primer-trimestre-de-2019-tres-homicidios-al-dia\/menores-asesinatos\/\" data-orig-file=\"https:\/\/www.grieta.org.mx\/wp-content\/uploads\/2019\/04\/menores-asesinatos.jpg\" data-orig-size=\"960,500\" data-comments-opened=\"0\" data-image-meta=\"{&quot;aperture&quot;:&quot;3.2&quot;,&quot;credit&quot;:&quot;&quot;,&quot;camera&quot;:&quot;NIKON D750&quot;,&quot;caption&quot;:&quot;&quot;,&quot;created_timestamp&quot;:&quot;1555865819&quot;,&quot;copyright&quot;:&quot;&quot;,&quot;focal_length&quot;:&quot;85&quot;,&quot;iso&quot;:&quot;500&quot;,&quot;shutter_speed&quot;:&quot;0.0025&quot;,&quot;title&quot;:&quot;&quot;,&quot;orientation&quot;:&quot;1&quot;}\" data-image-title=\"menores-asesinatos\" data-image-description=\"\" data-image-caption=\"&lt;p&gt;Cuartoscuro Archivo&lt;\/p&gt;\n\" data-medium-file=\"https:\/\/www.grieta.org.mx\/wp-content\/uploads\/2019\/04\/menores-asesinatos-300x156.jpg\" data-large-file=\"https:\/\/www.grieta.org.mx\/wp-content\/uploads\/2019\/04\/menores-asesinatos.jpg\" src=\"http:\/\/www.grieta.org.mx\/wp-content\/uploads\/2019\/04\/menores-asesinatos.jpg\" alt=\"\" width=\"960\" height=\"500\" class=\"size-full wp-image-32638\" srcset=\"https:\/\/www.grieta.org.mx\/wp-content\/uploads\/2019\/04\/menores-asesinatos.jpg 960w, https:\/\/www.grieta.org.mx\/wp-content\/uploads\/2019\/04\/menores-asesinatos-300x156.jpg 300w, https:\/\/www.grieta.org.mx\/wp-content\/uploads\/2019\/04\/menores-asesinatos-768x400.jpg 768w\" sizes=\"auto, (max-width: 960px) 100vw, 960px\" \/><figcaption id=\"caption-attachment-32638\" class=\"wp-caption-text\">Cuartoscuro Archivo<\/figcaption><\/figure>\n<p>Caludia Altamirano\/ANIMAL POL\u00cdTICO<\/p>\n<p>El primer trimestre de 2019 ha sido el m\u00e1s violento de los \u00faltimos 20 a\u00f1os en M\u00e9xico, se\u00f1al\u00f3 la Red por los Derechos de la Infancia (Redim), y para los ni\u00f1os no ha sido distinto: en ese periodo fueron asesinados 285 menores de edad en el pa\u00eds, lo que supone tres homicidios dolosos de ni\u00f1as, ni\u00f1os y adolescentes cada d\u00eda.<\/p>\n<p>La red de organizaciones present\u00f3 este viernes datos actualizados de violencia contra ni\u00f1os en M\u00e9xico, basados en los reportes del Secretariado Ejecutivo del Sistema Nacional de Seguridad P\u00fablica, que dan cuenta de los cr\u00edmenes cometidos contra los menores: homicidios, feminicidios, secuestro, tr\u00e1fico de menores y lesiones.<\/p>\n<p>Seg\u00fan estas cifras, entre 2015 y 2019 han sido asesinados cuatro mil 299 ni\u00f1os, ni\u00f1as y adolescentes; ocho de cada 10 v\u00edctimas fueron varones.<\/p>\n<p>En ese periodo, la entidad que acumul\u00f3 m\u00e1s v\u00edctimas es Chihuahua con 507 casos, aunque en distintos periodos las entidades m\u00e1s violentas para la ni\u00f1ez han sido el Estado de M\u00e9xico, Guerrero y Guanajuato. Este \u00faltimo estado del Baj\u00edo es actualmente el m\u00e1s violento, de acuerdo con las cifras del primer trimestre de este a\u00f1o.<\/p>\n<p>El mes m\u00e1s violento de los \u00faltimos cuatro a\u00f1os para la poblaci\u00f3n de 0 a 17 a\u00f1os fue junio de 2018, cuando se registraron 222 homicidios dolosos de menores, lo que signific\u00f3 siete muertes de ni\u00f1os cada d\u00eda.<\/p>\n<p>Aunque este dato corresponde todav\u00eda a la administraci\u00f3n del expresidente Enrique Pe\u00f1a Nieto, para Redim no hay diferencia en la estrategia de combate a la violencia de los gobiernos de Felipe Calder\u00f3n (2006-2012), Pe\u00f1a Nieto (2012-2018) y el actual, de Andr\u00e9s Manuel L\u00f3pez Obrador.<\/p>\n<p>\u201cNo son iguales pero vemos la misma estrategia. No se puede pedir a un gobierno que en cuatro meses resuelva la violencia, pero si no se hace una estrategia diferenciada y completa tampoco se va a resolver en los siguientes seis\u201d, sentenci\u00f3 el director ejecutivo de Redim, Juan Mart\u00edn P\u00e9rez.<\/p>\n<p>En materia de feminicidios de menores de edad, el panorama es peor, de acuerdo con las cifras presentadas por la Red: en 2018 ocurri\u00f3 un promedio de siete asesinatos al mes contra ni\u00f1as y adolescentes; mientras que hasta marzo de 2019 se registraron 29, lo que significa casi 10 por mes.<\/p>\n<p>Comparando el primer trimestre de cada a\u00f1o desde 2015, el de 2019 tuvo \u201cel arranque feminicida m\u00e1s violento para la poblaci\u00f3n de 0 a 17 a\u00f1os\u201d, advierte el reporte de Redim, siendo los estados de M\u00e9xico (con 48 feminicidios), Veracruz (28) y Jalisco (22) los m\u00e1s letales.<\/p>\n<p>En materia de trata de menores, hasta marzo de este a\u00f1o se present\u00f3 un promedio de 10 v\u00edctimas por mes, de las cuales nueve de cada 10 son mujeres.<\/p>\n<p>Todos estos datos, refiere el reporte de la Red, confirman que el primer trimestre de 2019 ha sido el m\u00e1s violento de los \u00faltimos 20 a\u00f1os, como se public\u00f3 en d\u00edas recientes y cuyo fundamento fue cuestionado por la Presidencia.<\/p>\n<p>\u201cAndr\u00e9s Manuel necesita urgentemente un equipo de apoyo que le ayude a entender los datos. Una tendencia estad\u00edstica no se cambia por voluntad o por decreto\u201d, puntualiz\u00f3 Juan Mart\u00edn P\u00e9rez.<\/p>\n<p>En lo relativo al delito de secuestro, Redim indic\u00f3 que durante los primeros tres meses del nuevo gobierno se present\u00f3 un promedio de 15 v\u00edctimas menores de edad por mes.<\/p>\n<p>Sin embargo, el flagelo m\u00e1s frecuentemente cometido contra los ni\u00f1os en M\u00e9xico son las lesiones, seg\u00fan la Red por los Derechos de la Infancia. De febrero de 2015 a marzo de 2019 fueron agredidos mil 902 menores de 18 a\u00f1os cada mes, siendo los estados de M\u00e9xico, Guanajuato y Jalisco los que acumulan m\u00e1s casos de ni\u00f1os y adolescentes violentados.<\/p>\n<p>\u201cEsto habla de una normalizaci\u00f3n e impunidad en el castigo corporal hacia los ni\u00f1os\u201d, explic\u00f3 el director de la Red, al presentar el reporte sobre violencia, en el marco del D\u00eda del Ni\u00f1o.<\/p>\n<p><a href=\"https:\/\/www.animalpolitico.com\/2019\/04\/menores-asesinatos-reporte-redim\/\" rel=\"noopener noreferrer\" target=\"_blank\">https:\/\/www.animalpolitico.com\/2019\/04\/menores-asesinatos-reporte-redim\/<\/a><\/p>\n","protected":false},"excerpt":{"rendered":"<p>En el periodo de 2015 a 2019, la entidad que acumul\u00f3 m\u00e1s v\u00edctimas es Chihuahua con 507 casos, se\u00f1al\u00f3 la Red por los Derechos de la Infancia (Redim). Caludia Altamirano\/ANIMAL &hellip; <a href=\"https:\/\/www.grieta.org.mx\/index.php\/2019\/04\/26\/4299-menores-han-sido-asesinados-en-cuatro-anos-en-primer-trimestre-de-2019-tres-homicidios-al-dia\/\" class=\"more-link\">Leer m\u00e1s<\/a><\/p>\n","protected":false},"author":2,"featured_media":32638,"comment_status":"closed","ping_status":"closed","sticky":false,"template":"","format":"standard","meta":{"ngg_post_thumbnail":0,"_jetpack_newsletter_access":"","_jetpack_dont_email_post_to_subs":false,"_jetpack_newsletter_tier_id":0,"_jetpack_memberships_contains_paywalled_content":false,"_jetpack_memberships_contains_paid_content":false,"footnotes":""},"categories":[80,1827,83,2359],"tags":[2362,734,2507],"class_list":["post-32637","post","type-post","status-publish","format-standard","has-post-thumbnail","hentry","category-cintillo","category-la-ninez-en-la-tormenta-capitalista","category-temas-nacionales","category-violencia-contra-la-ninez-en-guanajuato","tag-la-ninez-en-la-tormenta","tag-menores","tag-violencia-contra-la-ninez-en-chihuahua","entry"],"jetpack_featured_media_url":"https:\/\/www.grieta.org.mx\/wp-content\/uploads\/2019\/04\/menores-asesinatos.jpg","jetpack_sharing_enabled":true,"jetpack_shortlink":"https:\/\/wp.me\/p7ZJR4-8up","jetpack_likes_enabled":false,"jetpack-related-posts":[{"id":32792,"url":"https:\/\/www.grieta.org.mx\/index.php\/2019\/04\/26\/reportan-mas-de-4-mil-menores-asesinados-en-tres-anos-en-mexico\/","url_meta":{"origin":32637,"position":0},"title":"Reportan m\u00e1s de 4 mil menores asesinados en tres a\u00f1os en M\u00e9xico","author":"grieta","date":"26 abril, 2019","format":false,"excerpt":"Lizett Ximena Mej\u00eda\/Excelsior CIUDAD DE M\u00c9XICO. Desde el 2015 hasta el d\u00eda de hoy han sido asesinados 4 mil 299 ni\u00f1os, ni\u00f1as y adolescentes en M\u00e9xico. De acuerdo con la Red por los Derechos de la Infancia en M\u00e9xico (REDIM), los homicidios aumentaron 42% en estos \u00faltimos tres a\u00f1os debido\u2026","rel":"","context":"En &quot;CINTILLO&quot;","block_context":{"text":"CINTILLO","link":"https:\/\/www.grieta.org.mx\/index.php\/category\/cintillo\/"},"img":{"alt_text":"","src":"https:\/\/i0.wp.com\/www.grieta.org.mx\/wp-content\/uploads\/2019\/05\/2137754.jpg?resize=350%2C200&ssl=1","width":350,"height":200},"classes":[]},{"id":32687,"url":"https:\/\/www.grieta.org.mx\/index.php\/2019\/04\/27\/guanajuato-tiene-el-mayor-numero-de-asesinatos-de-menores\/","url_meta":{"origin":32637,"position":1},"title":"Guanajuato tiene el mayor n\u00famero de asesinatos de menores","author":"grieta","date":"27 abril, 2019","format":false,"excerpt":"Durante los primeros meses de este a\u00f1o, en el pa\u00eds 285 menores fueron v\u00edctimas de homicidio y Guanajuato cuenta con el mayor n\u00famero de casos, con 35 AM, Le\u00f3n Guanajuato\/ Redacci\u00f3n, 27 de Abril de 2019 Durante el primer trimestre del a\u00f1o, 285 menores de edad fueron asesinados en el\u2026","rel":"","context":"En &quot;Chihuahua&quot;","block_context":{"text":"Chihuahua","link":"https:\/\/www.grieta.org.mx\/index.php\/category\/noticias-nacionales\/chihuahua\/"},"img":{"alt_text":"","src":"https:\/\/i0.wp.com\/www.grieta.org.mx\/wp-content\/uploads\/2018\/03\/14524434_1106112876131411_958039263622046936_o.jpg?resize=350%2C200&ssl=1","width":350,"height":200,"srcset":"https:\/\/i0.wp.com\/www.grieta.org.mx\/wp-content\/uploads\/2018\/03\/14524434_1106112876131411_958039263622046936_o.jpg?resize=350%2C200&ssl=1 1x, https:\/\/i0.wp.com\/www.grieta.org.mx\/wp-content\/uploads\/2018\/03\/14524434_1106112876131411_958039263622046936_o.jpg?resize=525%2C300&ssl=1 1.5x, https:\/\/i0.wp.com\/www.grieta.org.mx\/wp-content\/uploads\/2018\/03\/14524434_1106112876131411_958039263622046936_o.jpg?resize=700%2C400&ssl=1 2x"},"classes":[]},{"id":42922,"url":"https:\/\/www.grieta.org.mx\/index.php\/2020\/01\/06\/diario-mueren-en-mexico-mas-de-3-ninas-ninos-y-adolescentes-a-causa-de-la-violencia\/","url_meta":{"origin":32637,"position":2},"title":"Diario mueren en M\u00e9xico m\u00e1s de 3 ni\u00f1as, ni\u00f1os y adolescentes a causa de la violencia","author":"grieta","date":"6 enero, 2020","format":false,"excerpt":"Foto: Cuartoscuro Animal Pol\u00edtico La Red de los Derechos de la Infancia en M\u00e9xico encontr\u00f3 en su balance anual que en uno de cada 10 feminicidios, la v\u00edctima es una ni\u00f1a o adolescente. En M\u00e9xico diariamente mueren 3.6 ni\u00f1as, ni\u00f1os y adolescentes a consecuencia de la violencia, mientras que entre\u2026","rel":"","context":"En &quot;CINTILLO&quot;","block_context":{"text":"CINTILLO","link":"https:\/\/www.grieta.org.mx\/index.php\/category\/cintillo\/"},"img":{"alt_text":"","src":"https:\/\/i0.wp.com\/www.grieta.org.mx\/wp-content\/uploads\/2020\/01\/Diario-mueren-en-M%C3%A9xico-m%C3%A1s-de-3-ni%C3%B1as-ni%C3%B1os-y-adolescentes-a-causa-de-la-violencia-la-ni%C3%B1ez-ene.jpg?resize=350%2C200&ssl=1","width":350,"height":200,"srcset":"https:\/\/i0.wp.com\/www.grieta.org.mx\/wp-content\/uploads\/2020\/01\/Diario-mueren-en-M%C3%A9xico-m%C3%A1s-de-3-ni%C3%B1as-ni%C3%B1os-y-adolescentes-a-causa-de-la-violencia-la-ni%C3%B1ez-ene.jpg?resize=350%2C200&ssl=1 1x, https:\/\/i0.wp.com\/www.grieta.org.mx\/wp-content\/uploads\/2020\/01\/Diario-mueren-en-M%C3%A9xico-m%C3%A1s-de-3-ni%C3%B1as-ni%C3%B1os-y-adolescentes-a-causa-de-la-violencia-la-ni%C3%B1ez-ene.jpg?resize=525%2C300&ssl=1 1.5x, https:\/\/i0.wp.com\/www.grieta.org.mx\/wp-content\/uploads\/2020\/01\/Diario-mueren-en-M%C3%A9xico-m%C3%A1s-de-3-ni%C3%B1as-ni%C3%B1os-y-adolescentes-a-causa-de-la-violencia-la-ni%C3%B1ez-ene.jpg?resize=700%2C400&ssl=1 2x, https:\/\/i0.wp.com\/www.grieta.org.mx\/wp-content\/uploads\/2020\/01\/Diario-mueren-en-M%C3%A9xico-m%C3%A1s-de-3-ni%C3%B1as-ni%C3%B1os-y-adolescentes-a-causa-de-la-violencia-la-ni%C3%B1ez-ene.jpg?resize=1050%2C600&ssl=1 3x, https:\/\/i0.wp.com\/www.grieta.org.mx\/wp-content\/uploads\/2020\/01\/Diario-mueren-en-M%C3%A9xico-m%C3%A1s-de-3-ni%C3%B1as-ni%C3%B1os-y-adolescentes-a-causa-de-la-violencia-la-ni%C3%B1ez-ene.jpg?resize=1400%2C800&ssl=1 4x"},"classes":[]},{"id":30911,"url":"https:\/\/www.grieta.org.mx\/index.php\/2019\/03\/08\/al-menos-siete-feminicidios-mensuales-de-ninas-y-adolescentes-redim\/","url_meta":{"origin":32637,"position":3},"title":"Al menos siete feminicidios mensuales de ni\u00f1as y adolescentes: REDIM","author":"grieta","date":"8 marzo, 2019","format":false,"excerpt":"L\u00f3pez D\u00f3riga Digital La cifra de adolescentes v\u00edctimas de feminicidios a nivel nacional se duplic\u00f3 de 2015 a 2018, al pasar de 422 a 861 casos La Red por los Derechos de la Infancia en M\u00e9xico (REDIM) asegur\u00f3 que la violencia machista y omisi\u00f3n de las autoridades son responsables de\u2026","rel":"","context":"En &quot;Chihuahua&quot;","block_context":{"text":"Chihuahua","link":"https:\/\/www.grieta.org.mx\/index.php\/category\/noticias-nacionales\/chihuahua\/"},"img":{"alt_text":"","src":"https:\/\/i0.wp.com\/www.grieta.org.mx\/wp-content\/uploads\/2019\/03\/Al-menos-siete-feminicidios-mensuales-de-ni%C3%B1as-y-adolescentes-REDIM-nl-mzo.jpg?resize=350%2C200&ssl=1","width":350,"height":200,"srcset":"https:\/\/i0.wp.com\/www.grieta.org.mx\/wp-content\/uploads\/2019\/03\/Al-menos-siete-feminicidios-mensuales-de-ni%C3%B1as-y-adolescentes-REDIM-nl-mzo.jpg?resize=350%2C200&ssl=1 1x, https:\/\/i0.wp.com\/www.grieta.org.mx\/wp-content\/uploads\/2019\/03\/Al-menos-siete-feminicidios-mensuales-de-ni%C3%B1as-y-adolescentes-REDIM-nl-mzo.jpg?resize=525%2C300&ssl=1 1.5x, https:\/\/i0.wp.com\/www.grieta.org.mx\/wp-content\/uploads\/2019\/03\/Al-menos-siete-feminicidios-mensuales-de-ni%C3%B1as-y-adolescentes-REDIM-nl-mzo.jpg?resize=700%2C400&ssl=1 2x"},"classes":[]},{"id":65588,"url":"https:\/\/www.grieta.org.mx\/index.php\/2022\/10\/22\/jalisco-segundo-lugar-en-feminicidios-infantiles\/","url_meta":{"origin":32637,"position":4},"title":"Jalisco, segundo lugar en feminicidios infantiles","author":"grieta","date":"22 octubre, 2022","format":false,"excerpt":"Imagen: Cuartoscuro Redacci\u00f3n \/ El Diario TNR Jalisco se ubica en el segundo sitio a nivel nacional con m\u00e1s feminicidios infantiles y adolescentes, el cuarto lugar con m\u00e1s hospitalizaciones de menores de edad por violencia sexual, y quinto lugar en homicidios de menores de 0 a 17 a\u00f1os, precis\u00f3 Tania\u2026","rel":"","context":"En &quot;CINTILLO&quot;","block_context":{"text":"CINTILLO","link":"https:\/\/www.grieta.org.mx\/index.php\/category\/cintillo\/"},"img":{"alt_text":"","src":"https:\/\/i0.wp.com\/www.grieta.org.mx\/wp-content\/uploads\/2022\/10\/2022-10-22_03-10-55___5899.jpg?resize=350%2C200&ssl=1","width":350,"height":200,"srcset":"https:\/\/i0.wp.com\/www.grieta.org.mx\/wp-content\/uploads\/2022\/10\/2022-10-22_03-10-55___5899.jpg?resize=350%2C200&ssl=1 1x, https:\/\/i0.wp.com\/www.grieta.org.mx\/wp-content\/uploads\/2022\/10\/2022-10-22_03-10-55___5899.jpg?resize=525%2C300&ssl=1 1.5x, https:\/\/i0.wp.com\/www.grieta.org.mx\/wp-content\/uploads\/2022\/10\/2022-10-22_03-10-55___5899.jpg?resize=700%2C400&ssl=1 2x"},"classes":[]},{"id":42821,"url":"https:\/\/www.grieta.org.mx\/index.php\/2020\/01\/06\/en-2019-crecieron-13-5-los-feminicidios-de-ninas-en-el-pais\/","url_meta":{"origin":32637,"position":5},"title":"En 2019 crecieron 13.5% los feminicidios de ni\u00f1as en el pa\u00eds","author":"grieta","date":"6 enero, 2020","format":false,"excerpt":"En junio pasado, la familia de Emily Samanta vel\u00f3 el cuerpo de la peque\u00f1a de 9, quien fue asesinada a golpes por su padrastro. Foto archivo. Cuartoscuro Aurora Zepeda \/ Excelsior Presenta la REDIM informe sobre la infancia y la adolescencia; las desapariciones de ni\u00f1as y ni\u00f1os incrementaron 30%; cuestionan\u2026","rel":"","context":"En &quot;CINTILLO&quot;","block_context":{"text":"CINTILLO","link":"https:\/\/www.grieta.org.mx\/index.php\/category\/cintillo\/"},"img":{"alt_text":"","src":"https:\/\/i0.wp.com\/www.grieta.org.mx\/wp-content\/uploads\/2020\/01\/En-2019-crecieron-13.5-los-feminicidios-de-ni%C3%B1as-en-el-pa%C3%ADs-la-ni%C3%B1ez-ene.jpg?resize=350%2C200&ssl=1","width":350,"height":200,"srcset":"https:\/\/i0.wp.com\/www.grieta.org.mx\/wp-content\/uploads\/2020\/01\/En-2019-crecieron-13.5-los-feminicidios-de-ni%C3%B1as-en-el-pa%C3%ADs-la-ni%C3%B1ez-ene.jpg?resize=350%2C200&ssl=1 1x, https:\/\/i0.wp.com\/www.grieta.org.mx\/wp-content\/uploads\/2020\/01\/En-2019-crecieron-13.5-los-feminicidios-de-ni%C3%B1as-en-el-pa%C3%ADs-la-ni%C3%B1ez-ene.jpg?resize=525%2C300&ssl=1 1.5x"},"classes":[]}],"_links":{"self":[{"href":"https:\/\/www.grieta.org.mx\/index.php\/wp-json\/wp\/v2\/posts\/32637","targetHints":{"allow":["GET"]}}],"collection":[{"href":"https:\/\/www.grieta.org.mx\/index.php\/wp-json\/wp\/v2\/posts"}],"about":[{"href":"https:\/\/www.grieta.org.mx\/index.php\/wp-json\/wp\/v2\/types\/post"}],"author":[{"embeddable":true,"href":"https:\/\/www.grieta.org.mx\/index.php\/wp-json\/wp\/v2\/users\/2"}],"replies":[{"embeddable":true,"href":"https:\/\/www.grieta.org.mx\/index.php\/wp-json\/wp\/v2\/comments?post=32637"}],"version-history":[{"count":1,"href":"https:\/\/www.grieta.org.mx\/index.php\/wp-json\/wp\/v2\/posts\/32637\/revisions"}],"predecessor-version":[{"id":32639,"href":"https:\/\/www.grieta.org.mx\/index.php\/wp-json\/wp\/v2\/posts\/32637\/revisions\/32639"}],"wp:featuredmedia":[{"embeddable":true,"href":"https:\/\/www.grieta.org.mx\/index.php\/wp-json\/wp\/v2\/media\/32638"}],"wp:attachment":[{"href":"https:\/\/www.grieta.org.mx\/index.php\/wp-json\/wp\/v2\/media?parent=32637"}],"wp:term":[{"taxonomy":"category","embeddable":true,"href":"https:\/\/www.grieta.org.mx\/index.php\/wp-json\/wp\/v2\/categories?post=32637"},{"taxonomy":"post_tag","embeddable":true,"href":"https:\/\/www.grieta.org.mx\/index.php\/wp-json\/wp\/v2\/tags?post=32637"}],"curies":[{"name":"wp","href":"https:\/\/api.w.org\/{rel}","templated":true}]}}