{"id":32617,"date":"2019-04-24T05:07:48","date_gmt":"2019-04-24T10:07:48","guid":{"rendered":"http:\/\/www.grieta.org.mx\/?p=32617"},"modified":"2019-04-27T05:29:56","modified_gmt":"2019-04-27T10:29:56","slug":"juez-frena-un-parque-solar-en-yucatan-y-ampara-el-territorio-de-mayas-y-de-jaguares","status":"publish","type":"post","link":"https:\/\/www.grieta.org.mx\/index.php\/2019\/04\/24\/juez-frena-un-parque-solar-en-yucatan-y-ampara-el-territorio-de-mayas-y-de-jaguares\/","title":{"rendered":"Juez frena un parque solar en Yucat\u00e1n y ampara el territorio de mayas y de jaguares"},"content":{"rendered":"<p><img loading=\"lazy\" decoding=\"async\" data-attachment-id=\"32618\" data-permalink=\"https:\/\/www.grieta.org.mx\/index.php\/2019\/04\/24\/juez-frena-un-parque-solar-en-yucatan-y-ampara-el-territorio-de-mayas-y-de-jaguares\/gollohau\/\" data-orig-file=\"https:\/\/www.grieta.org.mx\/wp-content\/uploads\/2019\/04\/gollohau.jpg\" data-orig-size=\"900,568\" data-comments-opened=\"0\" data-image-meta=\"{&quot;aperture&quot;:&quot;1.9&quot;,&quot;credit&quot;:&quot;&quot;,&quot;camera&quot;:&quot;SM-A520F&quot;,&quot;caption&quot;:&quot;&quot;,&quot;created_timestamp&quot;:&quot;1556100450&quot;,&quot;copyright&quot;:&quot;&quot;,&quot;focal_length&quot;:&quot;3.6&quot;,&quot;iso&quot;:&quot;160&quot;,&quot;shutter_speed&quot;:&quot;0.066666666666667&quot;,&quot;title&quot;:&quot;&quot;,&quot;orientation&quot;:&quot;1&quot;}\" data-image-title=\"gollohau\" data-image-description=\"\" data-image-caption=\"\" data-medium-file=\"https:\/\/www.grieta.org.mx\/wp-content\/uploads\/2019\/04\/gollohau-300x189.jpg\" data-large-file=\"https:\/\/www.grieta.org.mx\/wp-content\/uploads\/2019\/04\/gollohau.jpg\" src=\"http:\/\/www.grieta.org.mx\/wp-content\/uploads\/2019\/04\/gollohau.jpg\" alt=\"\" width=\"729\" height=\"459\" class=\"alignleft size-full wp-image-32618\" srcset=\"https:\/\/www.grieta.org.mx\/wp-content\/uploads\/2019\/04\/gollohau.jpg 900w, https:\/\/www.grieta.org.mx\/wp-content\/uploads\/2019\/04\/gollohau-300x189.jpg 300w, https:\/\/www.grieta.org.mx\/wp-content\/uploads\/2019\/04\/gollohau-768x485.jpg 768w, https:\/\/www.grieta.org.mx\/wp-content\/uploads\/2019\/04\/gollohau-792x500.jpg 792w\" sizes=\"auto, (max-width: 729px) 100vw, 729px\" \/><br \/>\nMayapolitikon<br \/>\nUn juzgado federal hizo caso a las demandas de vecinos de Valladolid y orden\u00f3 detener totalmente las obras que se realizan en el \u201cParque Yucat\u00e1n Solar\u201d, un complejo de 210 hect\u00e1reas, en cuyo pol\u00edgono est\u00e1 ubicado un cenote sagrado de 2300 a\u00f1os y tres estructuras prehisp\u00e1nicas. Adem\u00e1s de ser el paso y h\u00e1bitat de jaguares y panteras.<\/p>\n<p>De esta forma, vecinos de comisar\u00edas de Valladolid vieron escuchadas sus demandas y preocupaciones que comenzaron desde octubre de 2016, cuando se enteraron de un proyecto de energ\u00eda solar y comenzaron a movilizarse, poni\u00e9ndose en contacto con las autoridades federales correspondientes, la Semarnat y la Sener, que nunca respondieron a sus requerimientos.<\/p>\n<p>Fueron poco m\u00e1s de tres a\u00f1os de ir y venir de los vecinos, desde octubre de 2016 hasta mediados de este mes cuando los inconformes fueron escuchados por el juzgado Quinto de Distrito, con sede en M\u00e9rida el cual les otorg\u00f3 el amparo de la justicia federal, fallo que fue dado a conocer el 22 de abril pasado.<\/p>\n<p>La demanda de amparo, firmada por una treintena de personas encabezadas por Gregorio Hau Caamal, fue interpuesto el 11 de febrero pasado y se pidi\u00f3 la suspensi\u00f3n del proyecto y la revocaci\u00f3n de los permisos.<\/p>\n<p>Un hecho relevante que incidi\u00f3 en el peso del amparo solicitado fue la difusi\u00f3n, en diciembre de 2018, en el V Simposio Ichkaantijo\u2019 que se realiza en la sede del INAH Yucat\u00e1n, la existencia de un cenote sagrado de miles de a\u00f1os, cuyo uso sigue vigente, y est\u00e1 ubicado en el pol\u00edgono del parque solar.<\/p>\n<p>Los vecinos comenzaron a preparar su amparo en enero de este a\u00f1o para lo cual reunieron a diversas personas de las comunidades aleda\u00f1as. Una carta dirigida al alcalde de Valladolid para solicitar la suspensi\u00f3n de licencias tampoco tuvo respuesta.<\/p>\n<p><img loading=\"lazy\" decoding=\"async\" data-attachment-id=\"32621\" data-permalink=\"https:\/\/www.grieta.org.mx\/index.php\/2019\/04\/24\/juez-frena-un-parque-solar-en-yucatan-y-ampara-el-territorio-de-mayas-y-de-jaguares\/panoramica\/\" data-orig-file=\"https:\/\/www.grieta.org.mx\/wp-content\/uploads\/2019\/04\/panoramica.jpg\" data-orig-size=\"900,675\" data-comments-opened=\"0\" data-image-meta=\"{&quot;aperture&quot;:&quot;1.9&quot;,&quot;credit&quot;:&quot;&quot;,&quot;camera&quot;:&quot;SM-A520F&quot;,&quot;caption&quot;:&quot;&quot;,&quot;created_timestamp&quot;:&quot;1556100981&quot;,&quot;copyright&quot;:&quot;&quot;,&quot;focal_length&quot;:&quot;3.6&quot;,&quot;iso&quot;:&quot;200&quot;,&quot;shutter_speed&quot;:&quot;0.066666666666667&quot;,&quot;title&quot;:&quot;&quot;,&quot;orientation&quot;:&quot;1&quot;}\" data-image-title=\"panoramica\" data-image-description=\"\" data-image-caption=\"\" data-medium-file=\"https:\/\/www.grieta.org.mx\/wp-content\/uploads\/2019\/04\/panoramica-300x225.jpg\" data-large-file=\"https:\/\/www.grieta.org.mx\/wp-content\/uploads\/2019\/04\/panoramica.jpg\" src=\"http:\/\/www.grieta.org.mx\/wp-content\/uploads\/2019\/04\/panoramica.jpg\" alt=\"\" width=\"656\" height=\"492\" class=\"alignleft size-full wp-image-32621\" srcset=\"https:\/\/www.grieta.org.mx\/wp-content\/uploads\/2019\/04\/panoramica.jpg 900w, https:\/\/www.grieta.org.mx\/wp-content\/uploads\/2019\/04\/panoramica-300x225.jpg 300w, https:\/\/www.grieta.org.mx\/wp-content\/uploads\/2019\/04\/panoramica-768x576.jpg 768w, https:\/\/www.grieta.org.mx\/wp-content\/uploads\/2019\/04\/panoramica-667x500.jpg 667w\" sizes=\"auto, (max-width: 656px) 100vw, 656px\" \/><\/p>\n<p>A principios de febrero escriben a la Sener, a Semarnat, a Conacyt y al INPI y a la Secretar\u00eda del Bienestar, pidi\u00e9ndoles que intervengan y suspendan el megaproyecto \u201cParque Yucat\u00e1n Solar\u201d, argumentando las violaciones a los derechos del pueblo maya en la autorizaci\u00f3n del megaproyecto y pidiendo su suspensi\u00f3n. Ninguna dependencia responde.<\/p>\n<p>Una solicitud al INAH Yucat\u00e1n, el 12 de marzo pasado, para que provea mayor informaci\u00f3n sobre el cenote M\u00fausench\u2019een fue rechazada porque la informaci\u00f3n es \u201cconfidencial\u201d y es s\u00f3lo es posible consultarla 10 a\u00f1os despu\u00e9s.<\/p>\n<p>Pero ahora, en la resoluci\u00f3n de amparo, el juez Carlos Sol\u00eds Brice\u00f1o dictamin\u00f3 \u201cque no se realice ninguna obra material o de cualquier tipo para la ejecuci\u00f3n del megaproyecto.<\/p>\n<p>\u201cQue no se lleve a cabo ni se d\u00e9 inicio a alguna obra de construcci\u00f3n [\u2026 ] evitando da\u00f1os irreparables en derechos constitucionales y convencionales de los pueblos ind\u00edgenas, como la protecci\u00f3n del patrimonio cultural y social de su territorio ind\u00edgena, as\u00ed como la de proteger y garantizar un medio ambiente sano, a trav\u00e9s de la suspensi\u00f3n de cualquier acto que implique la deforestaci\u00f3n y tala de la vegetaci\u00f3n que conforme a la selva ubicada en el territorio ind\u00edgena de la parte quejosa, as\u00ed como el cenote sagrado denominado M\u00fausench\u2019een, ubicado en la zona en la que se pretende ejecutar el mencionado proyecto, (entre Ebt\u00fan y Cuncunul) utilizado con fines rituales y ceremoniales desde la \u00e9poca precolombina.<\/p>\n<p>El cenote, seg\u00fan el documento oficial, forma parte de un antiguo asentamiento precolombino al que se le ha dado uso como sitio ceremonial ininterrumpido desde hace unos 2,300 a\u00f1os hasta la actualidad, y que en el sitio arqueol\u00f3gico donde se encuentra dicho cenote consta de tres edificios prehisp\u00e1nicos intactos, de los cuales dos colindan con el interior del cenote y uno ubicado exactamente arriba del mismo; asimismo, en el cenote se hallaron cinco entierros, y que el cenote cumple con la funci\u00f3n primordial de dotar a los sacerdotes mayas de agua virgen para la realizaci\u00f3n de ceremonias rituales.<\/p>\n<p>Los quejosos pertenecen a las comunidades de  Dzinup, Santa Eleuteria, Xalau, en Valladolid; as\u00ed como de Chemax y Chichimila y dijeron de que se les niega el derecho a ser consultados sobre un megaproyecto de impacto significativo en su vida comunitaria, y de este modo se les niega tambi\u00e9n emitir un consentimiento libre, previo e informado sobre el mismo, lo que resulta discriminatorio<\/p>\n<p>La construcci\u00f3n del proyecto implicar\u00eda la deforestaci\u00f3n de 210 hect\u00e1reas de selva sumamente bien conservada, con una rica biodiversidad. Esta deforestaci\u00f3n provocar\u00eda importantes afectaciones que preocupan a la poblaci\u00f3n local. Causar\u00eda importantes afectaciones a la apicultura, a la p\u00e9rdida de biodiversidad sumamente importante para la medicina tradicional maya, asimismo la selva bien conservada tiene una alta importancia ritual y espiritualpara el pueblo Maya, dado que es el hogar de los alux, los \u201cesp\u00edritus\u201d de la selva que dan vida y garantizan la continuidad de la cultura Maya.<\/p>\n<p>Asimismo, varios firmantes de la demanda de amparo practican el Xok K\u2019iin (tambi\u00e9n conocido como caba\u00f1uelas mayas), el cual hace registros durante el a\u00f1o del comportamiento de determinadas especies de aves e insectos y de la forma en que el ciclo natural se refleja en los \u00e1rboles de la selva. Dichas observaciones y registros son utilizadas desde tiempos prehisp\u00e1nicos para determinar el calendario agr\u00edcola maya. Su continuidad depende de la conservaci\u00f3n de la selva.<\/p>\n<p>La instalaci\u00f3n de m\u00e1s de 200 hect\u00e1reas de paneles solares causar\u00eda un fuerte efecto \u201cisla de calor\u201d, que afectar\u00eda gravemente la regulaci\u00f3n de la temperatura de la regi\u00f3n circundante. Adem\u00e1s, la deforestaci\u00f3n causar\u00eda una p\u00e9rdida de protecci\u00f3n contra el viento. La zona del proyecto ha sido ruta de huracanes (30 a 40 huracanes entre 1900 y 2005, con vientos registrados de hasta 130 km\/h.<\/p>\n<p>Con un n\u00famero extremadamente reducido de muestreos con fototrampa, el Manifiesto del Impacto Ambiental afirma que no hay presencia de jaguares ni de otros felinos, cuando la poblaci\u00f3n local y estudios acad\u00e9micos previos han mostrado con certeza que la zona es hogar de jaguares y pumas, animales sagradosy de gran importancia para nuestro Pueblo Maya. La construcci\u00f3n del parque provocar\u00eda la p\u00e9rdida de su h\u00e1bitat.<\/p>\n<p>La Manifestaci\u00f3n de Impacto Ambiental (MIA) y la Evaluaci\u00f3n de Impacto social (EVIS) preparadas por la empresa omitieron deliberadamente informaci\u00f3n sumamente importante sobre impactos negativos a las comunidades. Las autoridades competentes, por su parte, decidieron no tomar en cuenta la informaci\u00f3n y opiniones cr\u00edticas.<\/p>\n<p>La autorizaci\u00f3n del proyecto se basa en informaci\u00f3n manipuladay en una supuesta \u201cconsulta ind\u00edgena\u201d a modo, de la que fueron excluidas personas y comunidades cr\u00edticos con el proyecto.<\/p>\n<p>Los demandantes enfatizaron que autorizar un proyecto de este tipo en un \u00e1rea de selva en buen estado supone un atentado ecol\u00f3gico y cosmog\u00f3nico del monte y de sus usos. La selva ha sido y seguir\u00e1 siendo conservada por la poblaci\u00f3n Maya,y usada de forma sustentable a trav\u00e9s de la apicultura y otras actividades sin impactos negativos.<\/p>\n<p><a href=\"https:\/\/mayapolitikon.com\/parque-solar-amparo\/\" rel=\"noopener noreferrer\" target=\"_blank\">https:\/\/mayapolitikon.com\/parque-solar-amparo\/<\/a><\/p>\n","protected":false},"excerpt":{"rendered":"<p>Mayapolitikon Un juzgado federal hizo caso a las demandas de vecinos de Valladolid y orden\u00f3 detener totalmente las obras que se realizan en el \u201cParque Yucat\u00e1n Solar\u201d, un complejo de &hellip; <a href=\"https:\/\/www.grieta.org.mx\/index.php\/2019\/04\/24\/juez-frena-un-parque-solar-en-yucatan-y-ampara-el-territorio-de-mayas-y-de-jaguares\/\" class=\"more-link\">Leer m\u00e1s<\/a><\/p>\n","protected":false},"author":2,"featured_media":32618,"comment_status":"closed","ping_status":"closed","sticky":false,"template":"","format":"standard","meta":{"ngg_post_thumbnail":0,"_jetpack_newsletter_access":"","_jetpack_dont_email_post_to_subs":false,"_jetpack_newsletter_tier_id":0,"_jetpack_memberships_contains_paywalled_content":false,"_jetpack_memberships_contains_paid_content":false,"footnotes":""},"categories":[60,80,984,1,954,3,922,952,2,37,1051,1058,420,36],"tags":[262,1879],"class_list":["post-32617","post","type-post","status-publish","format-standard","has-post-thumbnail","hentry","category-16-pueblo-maya","category-cintillo","category-esp-yucatan","category-espejos-de-la-resistencia","category-espejos-estados","category-megaproyectos","category-megaproyectos-estados","category-mp-yucatan","category-noticias-nacionales","category-parques-eolicos","category-parques-eolicos-y-solares-en-yucatan","category-parques-eolicos-y-solares-en-yucatan-mp-yucatan","category-parques-solares","category-yucatan","tag-parque-solar","tag-pueblo-maya","entry"],"jetpack_featured_media_url":"https:\/\/www.grieta.org.mx\/wp-content\/uploads\/2019\/04\/gollohau.jpg","jetpack_sharing_enabled":true,"jetpack_shortlink":"https:\/\/wp.me\/p7ZJR4-8u5","jetpack_likes_enabled":false,"jetpack-related-posts":[{"id":30641,"url":"https:\/\/www.grieta.org.mx\/index.php\/2019\/03\/11\/energias-limpias-con-procedimientos-puercos-en-yucatan\/","url_meta":{"origin":32617,"position":0},"title":"\u2018Energ\u00edas limpias\u2019 con procedimientos puercos en Yucat\u00e1n","author":"grieta","date":"11 marzo, 2019","format":false,"excerpt":"Yucat\u00e1n Ahora Representantes ejidales de Valladolid, Sinanch\u00e9, Muna e Ixil declararon que promotores de empresas fotovoltaicas y e\u00f3licas que pretenden instalarse en Yucat\u00e1n los han despojado de sus tierras bajo enga\u00f1os. En conferencia de prensa, los afectados informaron que han este estos hechos han interpuesto demandas ante el Tribunal Agrario\u2026","rel":"","context":"En &quot;16. Pueblo Maya&quot;","block_context":{"text":"16. Pueblo Maya","link":"https:\/\/www.grieta.org.mx\/index.php\/category\/espejos-de-la-resistencia\/16-pueblo-maya\/"},"img":{"alt_text":"","src":"https:\/\/i0.wp.com\/www.grieta.org.mx\/wp-content\/uploads\/2019\/03\/EnergiasLimpiasProcedimientosPuercos.png?resize=350%2C200&ssl=1","width":350,"height":200,"srcset":"https:\/\/i0.wp.com\/www.grieta.org.mx\/wp-content\/uploads\/2019\/03\/EnergiasLimpiasProcedimientosPuercos.png?resize=350%2C200&ssl=1 1x, https:\/\/i0.wp.com\/www.grieta.org.mx\/wp-content\/uploads\/2019\/03\/EnergiasLimpiasProcedimientosPuercos.png?resize=525%2C300&ssl=1 1.5x, https:\/\/i0.wp.com\/www.grieta.org.mx\/wp-content\/uploads\/2019\/03\/EnergiasLimpiasProcedimientosPuercos.png?resize=700%2C400&ssl=1 2x, https:\/\/i0.wp.com\/www.grieta.org.mx\/wp-content\/uploads\/2019\/03\/EnergiasLimpiasProcedimientosPuercos.png?resize=1050%2C600&ssl=1 3x"},"classes":[]},{"id":6189,"url":"https:\/\/www.grieta.org.mx\/index.php\/2016\/08\/29\/avanzan-proyectos-de-parques-eolicos-en-yucatan\/","url_meta":{"origin":32617,"position":1},"title":"Avanzan proyectos de parques e\u00f3licos en Yucat\u00e1n","author":"grieta","date":"29 agosto, 2016","format":false,"excerpt":"29\/08\/16. Sorpresa en obra e\u00f3lica (Yucat\u00e1n) Diario de Yucat\u00e1n 11\/06\/16. En Yucat\u00e1n, empresas de energ\u00eda e\u00f3lica obtendr\u00e1n cr\u00e9ditos hipotecando tierras mayas Mayapolitikon 31\/03\/16. Motul y Ticul \u201cacaparan\u201d parques e\u00f3licos y solares en Yucat\u00e1n Mayapolitikon 03\/12\/15. Pronto nuevo parque e\u00f3lico Diario de Yucat\u00e1n 23\/10\/15. Primer parque e\u00f3lico de Yucat\u00e1n 'alimentar\u00e1' todos\u2026","rel":"","context":"En &quot;16. Pueblo Maya&quot;","block_context":{"text":"16. Pueblo Maya","link":"https:\/\/www.grieta.org.mx\/index.php\/category\/espejos-de-la-resistencia\/16-pueblo-maya\/"},"img":{"alt_text":"","src":"https:\/\/i0.wp.com\/www.grieta.org.mx\/wp-content\/uploads\/2018\/03\/14524434_1106112876131411_958039263622046936_o.jpg?resize=350%2C200&ssl=1","width":350,"height":200,"srcset":"https:\/\/i0.wp.com\/www.grieta.org.mx\/wp-content\/uploads\/2018\/03\/14524434_1106112876131411_958039263622046936_o.jpg?resize=350%2C200&ssl=1 1x, https:\/\/i0.wp.com\/www.grieta.org.mx\/wp-content\/uploads\/2018\/03\/14524434_1106112876131411_958039263622046936_o.jpg?resize=525%2C300&ssl=1 1.5x, https:\/\/i0.wp.com\/www.grieta.org.mx\/wp-content\/uploads\/2018\/03\/14524434_1106112876131411_958039263622046936_o.jpg?resize=700%2C400&ssl=1 2x"},"classes":[]},{"id":37678,"url":"https:\/\/www.grieta.org.mx\/index.php\/2019\/08\/08\/denuncian-activistas-mayas-amenaza-de-cartel-del-narcotrafico-en-valladolid-yucatan\/","url_meta":{"origin":32617,"position":2},"title":"Denuncian activistas mayas amenaza de c\u00e1rtel del narcotr\u00e1fico en Valladolid (Yucat\u00e1n)","author":"grieta","date":"8 agosto, 2019","format":false,"excerpt":"Redacci\u00f3n\/Infolliteras En un comunicado la Asamblea de Defensores del Territorio Maya M\u00fauch\u2019 X\u00edinbal dice que uno de sus miembros ha recibido amenazas de muerte v\u00eda telef\u00f3nica en Yucat\u00e1n provenientes, al parecer, de un c\u00e1rtel del narcotr\u00e1fico que dijo estar asentado en el municipio de Valladolid. En el comunicado afirman que\u2026","rel":"","context":"En &quot;16. Pueblo Maya&quot;","block_context":{"text":"16. Pueblo Maya","link":"https:\/\/www.grieta.org.mx\/index.php\/category\/espejos-de-la-resistencia\/16-pueblo-maya\/"},"img":{"alt_text":"","src":"https:\/\/i0.wp.com\/www.grieta.org.mx\/wp-content\/uploads\/2019\/08\/Muuch.png?resize=350%2C200&ssl=1","width":350,"height":200,"srcset":"https:\/\/i0.wp.com\/www.grieta.org.mx\/wp-content\/uploads\/2019\/08\/Muuch.png?resize=350%2C200&ssl=1 1x, https:\/\/i0.wp.com\/www.grieta.org.mx\/wp-content\/uploads\/2019\/08\/Muuch.png?resize=525%2C300&ssl=1 1.5x, https:\/\/i0.wp.com\/www.grieta.org.mx\/wp-content\/uploads\/2019\/08\/Muuch.png?resize=700%2C400&ssl=1 2x"},"classes":[]},{"id":25360,"url":"https:\/\/www.grieta.org.mx\/index.php\/2018\/07\/31\/en-la-ilegalidad-los-20-proyectos-de-energia-renovable-en-yucatan\/","url_meta":{"origin":32617,"position":3},"title":"En la ilegalidad los 20 proyectos de energ\u00eda renovable en Yucat\u00e1n","author":"grieta","date":"31 julio, 2018","format":false,"excerpt":"Yucat\u00e1n Ahora Bajo la ilegalidad se desarrollan los 20 megaproyectos de energ\u00eda renovable en Yucat\u00e1n, ya que ninguno ha hecho la Evaluaci\u00f3n Ambiental Estrat\u00e9gica (EAE) y s\u00f3lo dos ya efectuaron una Consulta Ind\u00edgena pero ambas s\u00f3lo benefician al sector empresarial, afirm\u00f3 el especialista de la Unidad M\u00e9rida del Centro de\u2026","rel":"","context":"En &quot;16. Pueblo Maya&quot;","block_context":{"text":"16. Pueblo Maya","link":"https:\/\/www.grieta.org.mx\/index.php\/category\/espejos-de-la-resistencia\/16-pueblo-maya\/"},"img":{"alt_text":"","src":"https:\/\/i0.wp.com\/www.grieta.org.mx\/wp-content\/uploads\/2018\/08\/Eolicas.png?resize=350%2C200&ssl=1","width":350,"height":200,"srcset":"https:\/\/i0.wp.com\/www.grieta.org.mx\/wp-content\/uploads\/2018\/08\/Eolicas.png?resize=350%2C200&ssl=1 1x, https:\/\/i0.wp.com\/www.grieta.org.mx\/wp-content\/uploads\/2018\/08\/Eolicas.png?resize=525%2C300&ssl=1 1.5x, https:\/\/i0.wp.com\/www.grieta.org.mx\/wp-content\/uploads\/2018\/08\/Eolicas.png?resize=700%2C400&ssl=1 2x"},"classes":[]},{"id":25003,"url":"https:\/\/www.grieta.org.mx\/index.php\/2018\/07\/21\/a-traves-de-la-violencia-fisica-amenazas-y-de-maniobras-legaloides-de-burocratas-federales-pretenden-imponer-parque-solar-en-muna-denuncian\/","url_meta":{"origin":32617,"position":4},"title":"A trav\u00e9s de la violencia f\u00edsica, amenazas y de maniobras legaloides de bur\u00f3cratas federales pretenden imponer parque solar en Muna, denuncian","author":"grieta","date":"21 julio, 2018","format":false,"excerpt":"Micaela Mag\u00f3n\/Infolliteras A trav\u00e9s del uso de la violencia f\u00edsica, de las amenazas y de las maniobras legaloides de bur\u00f3cratas federales y empresarios ambiciosos se pretende imponer un mega parque solar de 718 hect\u00e1reas en la comisar\u00eda de San Jos\u00e9 Tipceh. Se trata de los proyectos energ\u00e9ticos Parque Solar Ticul\u2026","rel":"","context":"En &quot;16. Pueblo Maya&quot;","block_context":{"text":"16. Pueblo Maya","link":"https:\/\/www.grieta.org.mx\/index.php\/category\/espejos-de-la-resistencia\/16-pueblo-maya\/"},"img":{"alt_text":"","src":"https:\/\/i0.wp.com\/www.grieta.org.mx\/wp-content\/uploads\/2018\/07\/solar5344-yjbfe5hbjh.jpg?resize=350%2C200&ssl=1","width":350,"height":200,"srcset":"https:\/\/i0.wp.com\/www.grieta.org.mx\/wp-content\/uploads\/2018\/07\/solar5344-yjbfe5hbjh.jpg?resize=350%2C200&ssl=1 1x, https:\/\/i0.wp.com\/www.grieta.org.mx\/wp-content\/uploads\/2018\/07\/solar5344-yjbfe5hbjh.jpg?resize=525%2C300&ssl=1 1.5x, https:\/\/i0.wp.com\/www.grieta.org.mx\/wp-content\/uploads\/2018\/07\/solar5344-yjbfe5hbjh.jpg?resize=700%2C400&ssl=1 2x"},"classes":[]},{"id":58003,"url":"https:\/\/www.grieta.org.mx\/index.php\/2021\/03\/27\/son-proyectos-que-no-estan-siendo-consultados-por-tren-maya-se-harian-10-parques-solares-activistas-de-yucatan-no-quieren-mas-despojo-de-tierras\/","url_meta":{"origin":32617,"position":5},"title":"\u201cSon proyectos que no est\u00e1n siendo consultados\u201d: Por Tren Maya, se har\u00edan 10 parques solares; activistas de Yucat\u00e1n no quieren m\u00e1s despojo de tierras","author":"grieta","date":"27 marzo, 2021","format":false,"excerpt":"Itzel Chan \/ Noticaribe M\u00c9RIDA, MX.- Ante el anuncio relacionado con la construcci\u00f3n de 10 parques de energ\u00eda solar para abastecer los tramos electrificados del Tren Maya, integrantes de la Asamblea de Defensores del Territorio Maya M\u00fauch\u2019 X\u00edinbal, se pronuncian desde ahora que se oponen a m\u00e1s despojo de tierras.\u2026","rel":"","context":"En &quot;Campeche&quot;","block_context":{"text":"Campeche","link":"https:\/\/www.grieta.org.mx\/index.php\/category\/noticias-nacionales\/campeche\/"},"img":{"alt_text":"","src":"https:\/\/i0.wp.com\/www.grieta.org.mx\/wp-content\/uploads\/2021\/03\/ParquesSolaresTrenMalla-e1616978369383.png?resize=350%2C200&ssl=1","width":350,"height":200,"srcset":"https:\/\/i0.wp.com\/www.grieta.org.mx\/wp-content\/uploads\/2021\/03\/ParquesSolaresTrenMalla-e1616978369383.png?resize=350%2C200&ssl=1 1x, https:\/\/i0.wp.com\/www.grieta.org.mx\/wp-content\/uploads\/2021\/03\/ParquesSolaresTrenMalla-e1616978369383.png?resize=525%2C300&ssl=1 1.5x, https:\/\/i0.wp.com\/www.grieta.org.mx\/wp-content\/uploads\/2021\/03\/ParquesSolaresTrenMalla-e1616978369383.png?resize=700%2C400&ssl=1 2x"},"classes":[]}],"_links":{"self":[{"href":"https:\/\/www.grieta.org.mx\/index.php\/wp-json\/wp\/v2\/posts\/32617","targetHints":{"allow":["GET"]}}],"collection":[{"href":"https:\/\/www.grieta.org.mx\/index.php\/wp-json\/wp\/v2\/posts"}],"about":[{"href":"https:\/\/www.grieta.org.mx\/index.php\/wp-json\/wp\/v2\/types\/post"}],"author":[{"embeddable":true,"href":"https:\/\/www.grieta.org.mx\/index.php\/wp-json\/wp\/v2\/users\/2"}],"replies":[{"embeddable":true,"href":"https:\/\/www.grieta.org.mx\/index.php\/wp-json\/wp\/v2\/comments?post=32617"}],"version-history":[{"count":1,"href":"https:\/\/www.grieta.org.mx\/index.php\/wp-json\/wp\/v2\/posts\/32617\/revisions"}],"predecessor-version":[{"id":32626,"href":"https:\/\/www.grieta.org.mx\/index.php\/wp-json\/wp\/v2\/posts\/32617\/revisions\/32626"}],"wp:featuredmedia":[{"embeddable":true,"href":"https:\/\/www.grieta.org.mx\/index.php\/wp-json\/wp\/v2\/media\/32618"}],"wp:attachment":[{"href":"https:\/\/www.grieta.org.mx\/index.php\/wp-json\/wp\/v2\/media?parent=32617"}],"wp:term":[{"taxonomy":"category","embeddable":true,"href":"https:\/\/www.grieta.org.mx\/index.php\/wp-json\/wp\/v2\/categories?post=32617"},{"taxonomy":"post_tag","embeddable":true,"href":"https:\/\/www.grieta.org.mx\/index.php\/wp-json\/wp\/v2\/tags?post=32617"}],"curies":[{"name":"wp","href":"https:\/\/api.w.org\/{rel}","templated":true}]}}