{"id":32604,"date":"2019-04-21T22:54:02","date_gmt":"2019-04-22T03:54:02","guid":{"rendered":"http:\/\/www.grieta.org.mx\/?p=32604"},"modified":"2019-04-26T23:03:21","modified_gmt":"2019-04-27T04:03:21","slug":"32604","status":"publish","type":"post","link":"https:\/\/www.grieta.org.mx\/index.php\/2019\/04\/21\/32604\/","title":{"rendered":"Dejan sin medicamento a pacientes con VIH en Tehuac\u00e1n (Puebla)"},"content":{"rendered":"<p><img loading=\"lazy\" decoding=\"async\" data-attachment-id=\"32606\" data-permalink=\"https:\/\/www.grieta.org.mx\/index.php\/2019\/04\/21\/32604\/vihveracruz\/\" data-orig-file=\"https:\/\/www.grieta.org.mx\/wp-content\/uploads\/2019\/04\/vihveracruz.jpg\" data-orig-size=\"4512,3008\" data-comments-opened=\"0\" data-image-meta=\"{&quot;aperture&quot;:&quot;2.5&quot;,&quot;credit&quot;:&quot;Yahir Ceballos&quot;,&quot;camera&quot;:&quot;NIKON D750&quot;,&quot;caption&quot;:&quot;&quot;,&quot;created_timestamp&quot;:&quot;1497088827&quot;,&quot;copyright&quot;:&quot;Yahir Ceballos&quot;,&quot;focal_length&quot;:&quot;50&quot;,&quot;iso&quot;:&quot;100&quot;,&quot;shutter_speed&quot;:&quot;0.002&quot;,&quot;title&quot;:&quot;&quot;,&quot;orientation&quot;:&quot;1&quot;}\" data-image-title=\"vihveracruz\" data-image-description=\"\" data-image-caption=\"\" data-medium-file=\"https:\/\/www.grieta.org.mx\/wp-content\/uploads\/2019\/04\/vihveracruz-300x200.jpg\" data-large-file=\"https:\/\/www.grieta.org.mx\/wp-content\/uploads\/2019\/04\/vihveracruz-1024x683.jpg\" src=\"http:\/\/www.grieta.org.mx\/wp-content\/uploads\/2019\/04\/vihveracruz-1024x683.jpg\" alt=\"\" width=\"702\" height=\"468\" class=\"alignleft size-large wp-image-32606\" srcset=\"https:\/\/www.grieta.org.mx\/wp-content\/uploads\/2019\/04\/vihveracruz-1024x683.jpg 1024w, https:\/\/www.grieta.org.mx\/wp-content\/uploads\/2019\/04\/vihveracruz-300x200.jpg 300w, https:\/\/www.grieta.org.mx\/wp-content\/uploads\/2019\/04\/vihveracruz-768x512.jpg 768w, https:\/\/www.grieta.org.mx\/wp-content\/uploads\/2019\/04\/vihveracruz-750x500.jpg 750w\" sizes=\"auto, (max-width: 702px) 100vw, 702px\" \/><\/p>\n<p><strong>Tehuac\u00e1n, Pue.-Pacientes que padecen VIH se encuentran en incertidumbre de cu\u00e1l ser\u00e1 el seguimiento sus tratamientos debido a que desde finales del a\u00f1o pasado no se ha dado las dosis correspondientes a ese programa y existe una situaci\u00f3n de desabasto en medicamentos, lo cual pone en riesgo la vida de cientos de personas que tienen este padecimiento y acuden a las instalaciones del Hospital Regional procedentes de varios municipios de esta zona, inform\u00f3 Mariano Correo Mart\u00ednez, representante de un grupo de pacientes.<\/strong><\/p>\n<p>Los cambios en el esquema de gobierno sugieren que en alg\u00fan momento la desaparici\u00f3n del Seguro Popular tambi\u00e9n afectar\u00e1 la exenci\u00f3n de apoyos del Sistema de Atenci\u00f3n Integral (SAI) mediante el cual se da seguimiento a personas con esa enfermedad terminal, lo cual pudiera complicar no solamente su condici\u00f3n actual sino a quienes est\u00e1n en el inicio de este padecimiento.<\/p>\n<p>Desde hace medio a\u00f1o no se ha tenido un seguimiento para la dotaci\u00f3n de condones, lubricantes, folletos y otros art\u00edculos que proporcionaban de manera normal, esperando que la administraci\u00f3n federal haga algo para que no se desatienda a ese sector, el cual ya ten\u00eda una base de pacientes y usuarios, de no hacerlo as\u00ed ser\u00eda una afectaci\u00f3n directa porque anteriormente ten\u00edan que acudir hasta la ciudad de Puebla, hecho que se complicaba porque muchos proceden de otros municipios aleda\u00f1os.<\/p>\n<p>Con respecto a las quejas que en su momento fueron interpuestas ante la Comisi\u00f3n Estatal de Derechos humanos por supuestos actos de discriminaci\u00f3n y malos tratos hacia quienes se encontraban ingresados en el Hospital Regional General, dijo que se ha mejorado el esquema de atenci\u00f3n, dejando de lado algunas pr\u00e1cticas negativas, ahora se ve una atenci\u00f3n m\u00e1s favorable, por lo cual se considera que s\u00ed hubo un seguimiento a ese tipo de quejas emitidas.<\/p>\n<p>Aunque en ocasiones algunos m\u00e9dicos han propiciado malos tratos a los pacientes, esto se ha subsanado al buscar hablar con la directiva de ese lugar, por ello no ha sido necesario el generar nuevamente quejas u otros documentos para se\u00f1alar las anomal\u00edas.<\/p>\n<p><a href=\"http:\/\/m.municipiospuebla.mx\/index.php\/nota\/2019-04-21\/tehuac\u00e1n\/dejan-sin-medicamento-pacientes-con-vih-en-tehuac\u00e1n\">http:\/\/m.municipiospuebla.mx\/index.php\/nota\/2019-04-21\/tehuac\u00e1n\/dejan-sin-medicamento-pacientes-con-vih-en-tehuac\u00e1n<\/a><\/p>\n","protected":false},"excerpt":{"rendered":"<p>Tehuac\u00e1n, Pue.-Pacientes que padecen VIH se encuentran en incertidumbre de cu\u00e1l ser\u00e1 el seguimiento sus tratamientos debido a que desde finales del a\u00f1o pasado no se ha dado las dosis &hellip; <a href=\"https:\/\/www.grieta.org.mx\/index.php\/2019\/04\/21\/32604\/\" class=\"more-link\">Leer m\u00e1s<\/a><\/p>\n","protected":false},"author":2,"featured_media":32606,"comment_status":"closed","ping_status":"closed","sticky":false,"template":"","format":"standard","meta":{"ngg_post_thumbnail":0,"_jetpack_newsletter_access":"","_jetpack_dont_email_post_to_subs":false,"_jetpack_newsletter_tier_id":0,"_jetpack_memberships_contains_paywalled_content":false,"_jetpack_memberships_contains_paid_content":false,"footnotes":""},"categories":[80,1247,2,26],"tags":[1459],"class_list":["post-32604","post","type-post","status-publish","format-standard","has-post-thumbnail","hentry","category-cintillo","category-movilizaciones-contra-reforma-al-sector-y-privatizacion-de-la-salud-en-puebla","category-noticias-nacionales","category-puebla","tag-crisis-sector-salud","entry"],"jetpack_featured_media_url":"https:\/\/www.grieta.org.mx\/wp-content\/uploads\/2019\/04\/vihveracruz.jpg","jetpack_sharing_enabled":true,"jetpack_shortlink":"https:\/\/wp.me\/s7ZJR4-32604","jetpack_likes_enabled":false,"jetpack-related-posts":[{"id":15132,"url":"https:\/\/www.grieta.org.mx\/index.php\/2016\/06\/24\/respaldan-medicos-de-tehuacan-protestas-de-homologos-en-puebla\/","url_meta":{"origin":32604,"position":0},"title":"Respaldan m\u00e9dicos de Tehuac\u00e1n protestas de hom\u00f3logos en Puebla","author":"grieta","date":"24 junio, 2016","format":false,"excerpt":"Por Enrique Hern\u00e1ndez Tehuac\u00e1n, Pue.- La Sociedad M\u00e9dica de Tehuac\u00e1n manifest\u00f3 apoyo a sus hom\u00f3logos en Puebla, quienes esta semana realizaron una marcha en la capital del Estado para exigir mejores condiciones laborales, inform\u00f3 el presidente del gremio, Jos\u00e9 Antonio Ponce de la Fuente. Coincidi\u00f3 en que es necesario concientizar\u2026","rel":"","context":"En &quot;CINTILLO&quot;","block_context":{"text":"CINTILLO","link":"https:\/\/www.grieta.org.mx\/index.php\/category\/cintillo\/"},"img":{"alt_text":"","src":"https:\/\/i0.wp.com\/www.grieta.org.mx\/wp-content\/uploads\/2016\/06\/medicos-tehuacan.jpg?resize=350%2C200&ssl=1","width":350,"height":200,"srcset":"https:\/\/i0.wp.com\/www.grieta.org.mx\/wp-content\/uploads\/2016\/06\/medicos-tehuacan.jpg?resize=350%2C200&ssl=1 1x, https:\/\/i0.wp.com\/www.grieta.org.mx\/wp-content\/uploads\/2016\/06\/medicos-tehuacan.jpg?resize=525%2C300&ssl=1 1.5x"},"classes":[]},{"id":43937,"url":"https:\/\/www.grieta.org.mx\/index.php\/2020\/01\/24\/pacientes-con-cancer-de-mama-se-manifiestan-en-el-hospital-del-norte-de-puebla-para-denunciar-falta-de-medicamentos\/","url_meta":{"origin":32604,"position":1},"title":"Pacientes con c\u00e1ncer de mama se manifiestan en el Hospital del Norte de Puebla para denunciar falta de medicamentos","author":"Admin","date":"24 enero, 2020","format":false,"excerpt":"Por Redacci\u00f3n \/ Peri\u00f3dico Central Los inconformes acusaron que adem\u00e1s existe falta de personal m\u00e9dico, lo cual pone en riesgo su salud pues debido a la enfermedad que padecen no pueden detener el tratamiento que reciben. Familiares y pacientes de enfermos con c\u00e1ncer de mama se manifestaron la ma\u00f1ana de\u2026","rel":"","context":"En &quot;CINTILLO&quot;","block_context":{"text":"CINTILLO","link":"https:\/\/www.grieta.org.mx\/index.php\/category\/cintillo\/"},"img":{"alt_text":"","src":"https:\/\/i0.wp.com\/www.grieta.org.mx\/wp-content\/uploads\/2020\/02\/1f9e52f5766a7a5e24af756d4d3b3708_XL.jpg?resize=350%2C200&ssl=1","width":350,"height":200,"srcset":"https:\/\/i0.wp.com\/www.grieta.org.mx\/wp-content\/uploads\/2020\/02\/1f9e52f5766a7a5e24af756d4d3b3708_XL.jpg?resize=350%2C200&ssl=1 1x, https:\/\/i0.wp.com\/www.grieta.org.mx\/wp-content\/uploads\/2020\/02\/1f9e52f5766a7a5e24af756d4d3b3708_XL.jpg?resize=525%2C300&ssl=1 1.5x, https:\/\/i0.wp.com\/www.grieta.org.mx\/wp-content\/uploads\/2020\/02\/1f9e52f5766a7a5e24af756d4d3b3708_XL.jpg?resize=700%2C400&ssl=1 2x"},"classes":[]},{"id":33173,"url":"https:\/\/www.grieta.org.mx\/index.php\/2019\/05\/08\/discriminan-a-pacientes-con-vih-en-el-hospital-tamaulipas\/","url_meta":{"origin":32604,"position":2},"title":"Discriminan a pacientes con VIH en el Hospital (Tamaulipas)","author":"grieta","date":"8 mayo, 2019","format":false,"excerpt":"Erik Huerta \/ El Ma\u00f1ana Han presentado dos quejas ante la Codeht Tampico, Tam.- Dos quejas ante la Comisi\u00f3n de los Derechos Humanos de Tamaulipas (Codeht) han interpuesto integrantes de la Asociaci\u00f3n Diversidad Vihda Trans, en contra del Hospital Civil de Tampico, \"Dr. Carlos Canseco\", luego de que refieren que\u2026","rel":"","context":"En &quot;CINTILLO&quot;","block_context":{"text":"CINTILLO","link":"https:\/\/www.grieta.org.mx\/index.php\/category\/cintillo\/"},"img":{"alt_text":"","src":"https:\/\/i0.wp.com\/www.grieta.org.mx\/wp-content\/uploads\/2019\/05\/Discriminan-a-pacientes-con-VIH-en-el-Hospital-tama-may.jpg?resize=350%2C200&ssl=1","width":350,"height":200,"srcset":"https:\/\/i0.wp.com\/www.grieta.org.mx\/wp-content\/uploads\/2019\/05\/Discriminan-a-pacientes-con-VIH-en-el-Hospital-tama-may.jpg?resize=350%2C200&ssl=1 1x, https:\/\/i0.wp.com\/www.grieta.org.mx\/wp-content\/uploads\/2019\/05\/Discriminan-a-pacientes-con-VIH-en-el-Hospital-tama-may.jpg?resize=525%2C300&ssl=1 1.5x"},"classes":[]},{"id":52322,"url":"https:\/\/www.grieta.org.mx\/index.php\/2020\/07\/29\/protestan-pacientes-con-vih-en-aguascalientes-exigen-tratamientos\/","url_meta":{"origin":32604,"position":3},"title":"Protestan pacientes con VIH en Aguascalientes; exigen tratamientos","author":"grieta","date":"29 julio, 2020","format":false,"excerpt":"La Jornada\/Head Topics M\u00e9xico 29 julio 2020 Se han cancelado todas las consultas m\u00e9dicas para nosotros, nuestra salud est\u00e1 en riesgo' expuso Gonz\u00e1lez Muro dirigente del CAVA Foto: Claudio Bola\u00f1os Pacientes con VIH se manifestaron, enmascarados, a las puertas del Instituto de Servicios de Salud del Estado (ISSEA) para exigir\u2026","rel":"","context":"En &quot;Aguascalientes&quot;","block_context":{"text":"Aguascalientes","link":"https:\/\/www.grieta.org.mx\/index.php\/category\/noticias-nacionales\/aguascalientes\/"},"img":{"alt_text":"","src":"https:\/\/i0.wp.com\/www.grieta.org.mx\/wp-content\/uploads\/2020\/08\/vih.png?resize=350%2C200&ssl=1","width":350,"height":200,"srcset":"https:\/\/i0.wp.com\/www.grieta.org.mx\/wp-content\/uploads\/2020\/08\/vih.png?resize=350%2C200&ssl=1 1x, https:\/\/i0.wp.com\/www.grieta.org.mx\/wp-content\/uploads\/2020\/08\/vih.png?resize=525%2C300&ssl=1 1.5x, https:\/\/i0.wp.com\/www.grieta.org.mx\/wp-content\/uploads\/2020\/08\/vih.png?resize=700%2C400&ssl=1 2x"},"classes":[]},{"id":33770,"url":"https:\/\/www.grieta.org.mx\/index.php\/2019\/05\/09\/se-agrava-situacion-de-pacientes-con-vih-nayarit\/","url_meta":{"origin":32604,"position":4},"title":"Se agrava situaci\u00f3n de pacientes con VIH (Nayarit)","author":"grieta","date":"9 mayo, 2019","format":false,"excerpt":"Ver\u00f3nica Ram\u00edrez \/Realidades Tepic, Nayarit.- Jueves 09 de mayo del 2019.- Al igual que en el resto del pa\u00eds, Nayarit registra desabasto de antiretrovirales, es decir, el medicamento para los pacientes con VIH no est\u00e1n en los estantes de las instituciones de salud p\u00fablica, denunci\u00f3 la dirigente de la Asociaci\u00f3n,\u2026","rel":"","context":"En &quot;CINTILLO&quot;","block_context":{"text":"CINTILLO","link":"https:\/\/www.grieta.org.mx\/index.php\/category\/cintillo\/"},"img":{"alt_text":"","src":"https:\/\/i0.wp.com\/www.grieta.org.mx\/wp-content\/uploads\/2018\/03\/14524434_1106112876131411_958039263622046936_o.jpg?resize=350%2C200&ssl=1","width":350,"height":200,"srcset":"https:\/\/i0.wp.com\/www.grieta.org.mx\/wp-content\/uploads\/2018\/03\/14524434_1106112876131411_958039263622046936_o.jpg?resize=350%2C200&ssl=1 1x, https:\/\/i0.wp.com\/www.grieta.org.mx\/wp-content\/uploads\/2018\/03\/14524434_1106112876131411_958039263622046936_o.jpg?resize=525%2C300&ssl=1 1.5x, https:\/\/i0.wp.com\/www.grieta.org.mx\/wp-content\/uploads\/2018\/03\/14524434_1106112876131411_958039263622046936_o.jpg?resize=700%2C400&ssl=1 2x"},"classes":[]},{"id":56824,"url":"https:\/\/www.grieta.org.mx\/index.php\/2021\/01\/29\/soy-trabajador-del-imss-puebla-y-no-me-han-vacunado\/","url_meta":{"origin":32604,"position":5},"title":"&#8220;Soy trabajador del IMSS-Puebla y no me han vacunado&#8221;","author":"Admin","date":"29 enero, 2021","format":false,"excerpt":"Gabriela Hern\u00e1ndez \/ Proceso PUEBLA, Pue. (apro).- Trabajadores del Hospital de Traumatolog\u00eda y Ortopedia de esta capital, as\u00ed como de las cl\u00ednicas 9 y 30 de Tehuac\u00e1n, pertenecientes al Instituto Mexicano del Seguro Social (IMSS), realizaron hoy una manifestaci\u00f3n virtual porque no fueron incluidos en la primera fase de vacunaci\u00f3n\u2026","rel":"","context":"En &quot;CINTILLO&quot;","block_context":{"text":"CINTILLO","link":"https:\/\/www.grieta.org.mx\/index.php\/category\/cintillo\/"},"img":{"alt_text":"","src":"https:\/\/i0.wp.com\/www.grieta.org.mx\/wp-content\/uploads\/2021\/02\/f800x450-129272_180718_5050.jpg?resize=350%2C200&ssl=1","width":350,"height":200,"srcset":"https:\/\/i0.wp.com\/www.grieta.org.mx\/wp-content\/uploads\/2021\/02\/f800x450-129272_180718_5050.jpg?resize=350%2C200&ssl=1 1x, https:\/\/i0.wp.com\/www.grieta.org.mx\/wp-content\/uploads\/2021\/02\/f800x450-129272_180718_5050.jpg?resize=525%2C300&ssl=1 1.5x, https:\/\/i0.wp.com\/www.grieta.org.mx\/wp-content\/uploads\/2021\/02\/f800x450-129272_180718_5050.jpg?resize=700%2C400&ssl=1 2x"},"classes":[]}],"_links":{"self":[{"href":"https:\/\/www.grieta.org.mx\/index.php\/wp-json\/wp\/v2\/posts\/32604","targetHints":{"allow":["GET"]}}],"collection":[{"href":"https:\/\/www.grieta.org.mx\/index.php\/wp-json\/wp\/v2\/posts"}],"about":[{"href":"https:\/\/www.grieta.org.mx\/index.php\/wp-json\/wp\/v2\/types\/post"}],"author":[{"embeddable":true,"href":"https:\/\/www.grieta.org.mx\/index.php\/wp-json\/wp\/v2\/users\/2"}],"replies":[{"embeddable":true,"href":"https:\/\/www.grieta.org.mx\/index.php\/wp-json\/wp\/v2\/comments?post=32604"}],"version-history":[{"count":1,"href":"https:\/\/www.grieta.org.mx\/index.php\/wp-json\/wp\/v2\/posts\/32604\/revisions"}],"predecessor-version":[{"id":32613,"href":"https:\/\/www.grieta.org.mx\/index.php\/wp-json\/wp\/v2\/posts\/32604\/revisions\/32613"}],"wp:featuredmedia":[{"embeddable":true,"href":"https:\/\/www.grieta.org.mx\/index.php\/wp-json\/wp\/v2\/media\/32606"}],"wp:attachment":[{"href":"https:\/\/www.grieta.org.mx\/index.php\/wp-json\/wp\/v2\/media?parent=32604"}],"wp:term":[{"taxonomy":"category","embeddable":true,"href":"https:\/\/www.grieta.org.mx\/index.php\/wp-json\/wp\/v2\/categories?post=32604"},{"taxonomy":"post_tag","embeddable":true,"href":"https:\/\/www.grieta.org.mx\/index.php\/wp-json\/wp\/v2\/tags?post=32604"}],"curies":[{"name":"wp","href":"https:\/\/api.w.org\/{rel}","templated":true}]}}