{"id":32568,"date":"2019-04-26T18:36:24","date_gmt":"2019-04-26T23:36:24","guid":{"rendered":"http:\/\/www.grieta.org.mx\/?p=32568"},"modified":"2019-04-26T18:36:24","modified_gmt":"2019-04-26T23:36:24","slug":"pacientes-con-cancer-piden-que-les-den-tratamiento-sinaloa","status":"publish","type":"post","link":"https:\/\/www.grieta.org.mx\/index.php\/2019\/04\/26\/pacientes-con-cancer-piden-que-les-den-tratamiento-sinaloa\/","title":{"rendered":"Pacientes con c\u00e1ncer piden que les den tratamiento (Sinaloa)"},"content":{"rendered":"<p><img loading=\"lazy\" decoding=\"async\" data-attachment-id=\"32569\" data-permalink=\"https:\/\/www.grieta.org.mx\/index.php\/2019\/04\/26\/pacientes-con-cancer-piden-que-les-den-tratamiento-sinaloa\/pacientes_con_cxncer_piden_que_les_den_tratamiento-jpg_1306284052\/\" data-orig-file=\"https:\/\/www.grieta.org.mx\/wp-content\/uploads\/2019\/04\/pacientes_con_cxncer_piden_que_les_den_tratamiento.jpg_1306284052.jpg\" data-orig-size=\"6000,4000\" data-comments-opened=\"0\" data-image-meta=\"{&quot;aperture&quot;:&quot;0&quot;,&quot;credit&quot;:&quot;&quot;,&quot;camera&quot;:&quot;&quot;,&quot;caption&quot;:&quot;&quot;,&quot;created_timestamp&quot;:&quot;0&quot;,&quot;copyright&quot;:&quot;&quot;,&quot;focal_length&quot;:&quot;0&quot;,&quot;iso&quot;:&quot;0&quot;,&quot;shutter_speed&quot;:&quot;0&quot;,&quot;title&quot;:&quot;&quot;,&quot;orientation&quot;:&quot;0&quot;}\" data-image-title=\"pacientes_con_cxncer_piden_que_les_den_tratamiento.jpg_1306284052\" data-image-description=\"\" data-image-caption=\"\" data-medium-file=\"https:\/\/www.grieta.org.mx\/wp-content\/uploads\/2019\/04\/pacientes_con_cxncer_piden_que_les_den_tratamiento.jpg_1306284052-300x200.jpg\" data-large-file=\"https:\/\/www.grieta.org.mx\/wp-content\/uploads\/2019\/04\/pacientes_con_cxncer_piden_que_les_den_tratamiento.jpg_1306284052-1024x683.jpg\" class=\" wp-image-32569 aligncenter\" src=\"http:\/\/www.grieta.org.mx\/wp-content\/uploads\/2019\/04\/pacientes_con_cxncer_piden_que_les_den_tratamiento.jpg_1306284052-1024x683.jpg\" alt=\"\" width=\"767\" height=\"511\" srcset=\"https:\/\/www.grieta.org.mx\/wp-content\/uploads\/2019\/04\/pacientes_con_cxncer_piden_que_les_den_tratamiento.jpg_1306284052-1024x683.jpg 1024w, https:\/\/www.grieta.org.mx\/wp-content\/uploads\/2019\/04\/pacientes_con_cxncer_piden_que_les_den_tratamiento.jpg_1306284052-300x200.jpg 300w, https:\/\/www.grieta.org.mx\/wp-content\/uploads\/2019\/04\/pacientes_con_cxncer_piden_que_les_den_tratamiento.jpg_1306284052-768x512.jpg 768w, https:\/\/www.grieta.org.mx\/wp-content\/uploads\/2019\/04\/pacientes_con_cxncer_piden_que_les_den_tratamiento.jpg_1306284052-750x500.jpg 750w\" sizes=\"auto, (max-width: 767px) 100vw, 767px\" \/><\/p>\n<p>Angelina Corral \/ Debate<\/p>\n<p><strong>Culiac\u00e1n, Sinaloa<\/strong>.- Personas que sufren c\u00e1ncer se plantaron ayer en el Palacio de Gobierno para pedir al gobernador Quirino Ordaz Coppel y al secretario de Salud, Efr\u00e9n Encinas, que arreglen el acelerador lineal del Instituto Sinaloense de Cancerolog\u00eda.<\/p>\n<p>Francisco Paredes Vel\u00e1zquez, quien habl\u00f3 por los inconformes, indic\u00f3 que\u00a0de manera continua se descompone el acelerador, por lo que personas que ten\u00edan hasta once horas esperando su tratamiento se tienen que regresar a casa sin recibirlo, adem\u00e1s de retrasar el alivio porque las terapias no son de forma continua y les hacen perder mucho tiempo, agregando a esto que es muy cansado permanecer tantas horas en espera para nada.<\/p>\n<p>Paredes Vel\u00e1zquez tambi\u00e9n dijo que se requiere de aparatos adecuados y modernos para su tratamiento porque algunos ya son obsoletos. En el caso del acelerador lineal, lo que les dicen es que las piezas que se requieren para arreglarlo est\u00e1n en la frontera y no las pueden cruzar.<\/p>\n<p>En lo que se refiere al personal m\u00e9dico y radi\u00f3logos, dijo que les dan una excelente atenci\u00f3n.<\/p>\n<p>De las personas que ayer fueron al Palacio, la mayor\u00eda era de la tercera edad y sufre c\u00e1ncer de mama, de pelvis o de cara.<\/p>\n<p>Otro caso<\/p>\n<p>En entrevista en otro lugar, Olga Ojeda, encargada de un albergue de personas que padecen c\u00e1ncer, se\u00f1al\u00f3 que ha sido testigo de las deficiencias y las fallas que ha presentado el equipo del Instituto de Cancerolog\u00eda.<\/p>\n<p>Actualmente atiende una paciente que al mes alcanza a recibir \u00fanicamente una atenci\u00f3n en radioterapia, lo que ha repercutido severamente en su salud.<\/p>\n<p>Debido al estado cr\u00edtico que conserva, la ausencia del tratamiento oportuno est\u00e1 afectando la recuperaci\u00f3n.\u00a0De acuerdo con la versi\u00f3n de la paciente, durante el periodo de espera, encargados de la operaci\u00f3n de los equipos le informan de \u00faltimo momento que los aparatos no pueden realizar la atenci\u00f3n.<\/p>\n<p><a href=\"https:\/\/www.debate.com.mx\/culiacan\/Pacientes-con-cancer-piden-que-les-den-tratamiento-20190426-0073.html\">https:\/\/www.debate.com.mx\/culiacan\/Pacientes-con-cancer-piden-que-les-den-tratamiento-20190426-0073.html<\/a><\/p>\n","protected":false},"excerpt":{"rendered":"<p>Angelina Corral \/ Debate Culiac\u00e1n, Sinaloa.- Personas que sufren c\u00e1ncer se plantaron ayer en el Palacio de Gobierno para pedir al gobernador Quirino Ordaz Coppel y al secretario de Salud, &hellip; <a href=\"https:\/\/www.grieta.org.mx\/index.php\/2019\/04\/26\/pacientes-con-cancer-piden-que-les-den-tratamiento-sinaloa\/\" class=\"more-link\">Leer m\u00e1s<\/a><\/p>\n","protected":false},"author":2,"featured_media":32569,"comment_status":"closed","ping_status":"closed","sticky":false,"template":"","format":"standard","meta":{"ngg_post_thumbnail":0,"_jetpack_newsletter_access":"","_jetpack_dont_email_post_to_subs":false,"_jetpack_newsletter_tier_id":0,"_jetpack_memberships_contains_paywalled_content":false,"_jetpack_memberships_contains_paid_content":false,"footnotes":""},"categories":[80,918,2420,2,30,83],"tags":[2367,1459,2170,893,1939,831],"class_list":["post-32568","post","type-post","status-publish","format-standard","has-post-thumbnail","hentry","category-cintillo","category-privatizacion-del-sector-salud","category-crisis-del-sector-salud-en-sinaloa","category-noticias-nacionales","category-sinaloa","category-temas-nacionales","tag-crisis-en-el-sector-salud","tag-crisis-sector-salud","tag-danos-a-la-salud","tag-privatizacion-de-la-salud","tag-salud-publica","tag-sector-salud","entry"],"jetpack_featured_media_url":"https:\/\/www.grieta.org.mx\/wp-content\/uploads\/2019\/04\/pacientes_con_cxncer_piden_que_les_den_tratamiento.jpg_1306284052.jpg","jetpack_sharing_enabled":true,"jetpack_shortlink":"https:\/\/wp.me\/p7ZJR4-8ti","jetpack_likes_enabled":false,"jetpack-related-posts":[{"id":38806,"url":"https:\/\/www.grieta.org.mx\/index.php\/2019\/09\/02\/denuncian-pesimo-servicio-en-centro-de-salud-del-sector-pemex-culiacan-sinaloa\/","url_meta":{"origin":32568,"position":0},"title":"Denuncian p\u00e9simo servicio en Centro de Salud del sector Pemex, Culiac\u00e1n (Sinaloa)","author":"grieta","date":"2 septiembre, 2019","format":false,"excerpt":"Foto: El Debate A veces no hay m\u00e9dicos y en otras ocasiones no tienen medicamentos, denuncian pacientes del Centro de Salud unidad Pemex Mar\u00eda Elizalde \/ El Debate Culiac\u00e1n, Sinaloa.- Gran inconformidad entre los usuarios que asisten al Centro de Salud unidad Pemex debido a que hay estudiantes que desde\u2026","rel":"","context":"En &quot;CINTILLO&quot;","block_context":{"text":"CINTILLO","link":"https:\/\/www.grieta.org.mx\/index.php\/category\/cintillo\/"},"img":{"alt_text":"","src":"https:\/\/i0.wp.com\/www.grieta.org.mx\/wp-content\/uploads\/2019\/09\/denuncian_pxsimo_servicio_en_centro_de_salud_del_sector_pemexx_culiacxn.jpeg_219914347.jpeg?resize=350%2C200&ssl=1","width":350,"height":200,"srcset":"https:\/\/i0.wp.com\/www.grieta.org.mx\/wp-content\/uploads\/2019\/09\/denuncian_pxsimo_servicio_en_centro_de_salud_del_sector_pemexx_culiacxn.jpeg_219914347.jpeg?resize=350%2C200&ssl=1 1x, https:\/\/i0.wp.com\/www.grieta.org.mx\/wp-content\/uploads\/2019\/09\/denuncian_pxsimo_servicio_en_centro_de_salud_del_sector_pemexx_culiacxn.jpeg_219914347.jpeg?resize=525%2C300&ssl=1 1.5x, https:\/\/i0.wp.com\/www.grieta.org.mx\/wp-content\/uploads\/2019\/09\/denuncian_pxsimo_servicio_en_centro_de_salud_del_sector_pemexx_culiacxn.jpeg_219914347.jpeg?resize=700%2C400&ssl=1 2x"},"classes":[]},{"id":32716,"url":"https:\/\/www.grieta.org.mx\/index.php\/2019\/04\/25\/faltan-medicinas-para-usuarios-de-centros-de-salud-sinaloa\/","url_meta":{"origin":32568,"position":1},"title":"Faltan medicinas para usuarios de Centros de Salud (Sinaloa)","author":"grieta","date":"25 abril, 2019","format":false,"excerpt":"Blanca Regalado \/ El Debate Mazatl\u00e1n, Sinaloa.- Los usuarios de las unidades de la Secretar\u00eda de Salud padecen la falta de medicinas para tratar varios padecimientos. Entre los f\u00e1rmacos que no han podido surtir en los \u00faltimas d\u00edas en los centros de salud est\u00e1n \u00a0nifedipina, losart\u00e1n, hidroclorotiazida, \u00a0paracetamol e \u00a0insulina.\u2026","rel":"","context":"En &quot;CINTILLO&quot;","block_context":{"text":"CINTILLO","link":"https:\/\/www.grieta.org.mx\/index.php\/category\/cintillo\/"},"img":{"alt_text":"","src":"https:\/\/i0.wp.com\/www.grieta.org.mx\/wp-content\/uploads\/2019\/04\/no_hay_medicinas_en_el_centro_de_salu_en_mazatlan.jpg_219914347.jpg?resize=350%2C200&ssl=1","width":350,"height":200,"srcset":"https:\/\/i0.wp.com\/www.grieta.org.mx\/wp-content\/uploads\/2019\/04\/no_hay_medicinas_en_el_centro_de_salu_en_mazatlan.jpg_219914347.jpg?resize=350%2C200&ssl=1 1x, https:\/\/i0.wp.com\/www.grieta.org.mx\/wp-content\/uploads\/2019\/04\/no_hay_medicinas_en_el_centro_de_salu_en_mazatlan.jpg_219914347.jpg?resize=525%2C300&ssl=1 1.5x, https:\/\/i0.wp.com\/www.grieta.org.mx\/wp-content\/uploads\/2019\/04\/no_hay_medicinas_en_el_centro_de_salu_en_mazatlan.jpg_219914347.jpg?resize=700%2C400&ssl=1 2x"},"classes":[]},{"id":35033,"url":"https:\/\/www.grieta.org.mx\/index.php\/2019\/06\/18\/exigen-a-amlo-no-quitar-hemodialisis-del-imss-sinaloa\/","url_meta":{"origin":32568,"position":2},"title":"Exigen a AMLO no quitar hemodi\u00e1lisis del IMSS (Sinaloa)","author":"grieta","date":"18 junio, 2019","format":false,"excerpt":"Derechohabientes del IMSS se manifiestan en las afueras del instituto para exigir que el presidente de la Rep\u00fablica, Andr\u00e9s Manuel L\u00f3pez Obrador, no les quite el recurso al \u00e1rea de la salud Blanca Regalado \/ El Debate Mazatl\u00e1n, Sinaloa.- Concepci\u00f3n Becerra, llorando le exige al presidente la rep\u00fablica, Andr\u00e9s Manuel\u2026","rel":"","context":"En &quot;CINTILLO&quot;","block_context":{"text":"CINTILLO","link":"https:\/\/www.grieta.org.mx\/index.php\/category\/cintillo\/"},"img":{"alt_text":"","src":"https:\/\/i0.wp.com\/www.grieta.org.mx\/wp-content\/uploads\/2019\/06\/f1d24030-3ef8-49f3-877e-2e0ec974bfe0_crop1560876923444.jpg_1727466156.jpg?resize=350%2C200&ssl=1","width":350,"height":200,"srcset":"https:\/\/i0.wp.com\/www.grieta.org.mx\/wp-content\/uploads\/2019\/06\/f1d24030-3ef8-49f3-877e-2e0ec974bfe0_crop1560876923444.jpg_1727466156.jpg?resize=350%2C200&ssl=1 1x, https:\/\/i0.wp.com\/www.grieta.org.mx\/wp-content\/uploads\/2019\/06\/f1d24030-3ef8-49f3-877e-2e0ec974bfe0_crop1560876923444.jpg_1727466156.jpg?resize=525%2C300&ssl=1 1.5x, https:\/\/i0.wp.com\/www.grieta.org.mx\/wp-content\/uploads\/2019\/06\/f1d24030-3ef8-49f3-877e-2e0ec974bfe0_crop1560876923444.jpg_1727466156.jpg?resize=700%2C400&ssl=1 2x"},"classes":[]},{"id":34715,"url":"https:\/\/www.grieta.org.mx\/index.php\/2019\/06\/11\/la-secretaria-de-salud-sin-vacunas-contra-el-sarampion-sinaloa\/","url_meta":{"origin":32568,"position":3},"title":"La Secretar\u00eda de Salud, sin vacunas contra el sarampi\u00f3n (Sinaloa)","author":"grieta","date":"11 junio, 2019","format":false,"excerpt":"El biol\u00f3gico que se aplica a ni\u00f1os de uno y seis a\u00f1os no se tiene desde finales de mayo Julissa F\u00e9lix \/ El Debate Guasave, Sinaloa.-\u00a0Desde finales de mayo de este a\u00f1o el personal de Enfermer\u00eda de la Secretar\u00eda de Salud dej\u00f3 de aplicar el biol\u00f3gico contra el sarampi\u00f3n porque\u2026","rel":"","context":"En &quot;CINTILLO&quot;","block_context":{"text":"CINTILLO","link":"https:\/\/www.grieta.org.mx\/index.php\/category\/cintillo\/"},"img":{"alt_text":"","src":"https:\/\/i0.wp.com\/www.grieta.org.mx\/wp-content\/uploads\/2019\/06\/la_secretarxa_de_saludx_sin_vacunas_contra_el_sarampixn_crop1560288334493.jpg_1727466156.jpg?resize=350%2C200&ssl=1","width":350,"height":200,"srcset":"https:\/\/i0.wp.com\/www.grieta.org.mx\/wp-content\/uploads\/2019\/06\/la_secretarxa_de_saludx_sin_vacunas_contra_el_sarampixn_crop1560288334493.jpg_1727466156.jpg?resize=350%2C200&ssl=1 1x, https:\/\/i0.wp.com\/www.grieta.org.mx\/wp-content\/uploads\/2019\/06\/la_secretarxa_de_saludx_sin_vacunas_contra_el_sarampixn_crop1560288334493.jpg_1727466156.jpg?resize=525%2C300&ssl=1 1.5x, https:\/\/i0.wp.com\/www.grieta.org.mx\/wp-content\/uploads\/2019\/06\/la_secretarxa_de_saludx_sin_vacunas_contra_el_sarampixn_crop1560288334493.jpg_1727466156.jpg?resize=700%2C400&ssl=1 2x"},"classes":[]},{"id":35464,"url":"https:\/\/www.grieta.org.mx\/index.php\/2019\/06\/26\/el-imss-de-mazatlan-se-queda-ahora-sin-rayos-x-sinaloa\/","url_meta":{"origin":32568,"position":4},"title":"El IMSS de Mazatl\u00e1n se queda ahora sin rayos X (Sinaloa)","author":"grieta","date":"26 junio, 2019","format":false,"excerpt":"Foto: El Debate Personas de todas edades, que provienen hasta de zona rural, no pudieron realizarse los estudios Blanca Regalado \/ El Debate Mazatl\u00e1n, Sinaloa.- El equipo de rayos X del Hospital General de Zona (HGZ) 3, del Instituto Mexicano del Seguro Social (IMSS), se descompuso. Esta falla dej\u00f3 a\u2026","rel":"","context":"En &quot;CINTILLO&quot;","block_context":{"text":"CINTILLO","link":"https:\/\/www.grieta.org.mx\/index.php\/category\/cintillo\/"},"img":{"alt_text":"","src":"https:\/\/i0.wp.com\/www.grieta.org.mx\/wp-content\/uploads\/2019\/06\/sala_de_espera_imss_crop1561561952953.jpg_1727466156.jpg?resize=350%2C200&ssl=1","width":350,"height":200,"srcset":"https:\/\/i0.wp.com\/www.grieta.org.mx\/wp-content\/uploads\/2019\/06\/sala_de_espera_imss_crop1561561952953.jpg_1727466156.jpg?resize=350%2C200&ssl=1 1x, https:\/\/i0.wp.com\/www.grieta.org.mx\/wp-content\/uploads\/2019\/06\/sala_de_espera_imss_crop1561561952953.jpg_1727466156.jpg?resize=525%2C300&ssl=1 1.5x, https:\/\/i0.wp.com\/www.grieta.org.mx\/wp-content\/uploads\/2019\/06\/sala_de_espera_imss_crop1561561952953.jpg_1727466156.jpg?resize=700%2C400&ssl=1 2x"},"classes":[]},{"id":33832,"url":"https:\/\/www.grieta.org.mx\/index.php\/2019\/05\/21\/mas-de-cien-trabajadores-del-sector-quedan-fuera-del-aumento-en-sinaloa\/","url_meta":{"origin":32568,"position":5},"title":"M\u00e1s de cien trabajadores del sector quedan fuera del aumento en Sinaloa","author":"grieta","date":"21 mayo, 2019","format":false,"excerpt":"Estefan\u00eda L\u00f3pez Corral \/ El Debate Culiac\u00e1n, Sinaloa.- Poco m\u00e1s de 100 trabajadores del sector de la salud quedaron fuera del incremento salarial pagado el pasado 15 de mayo con la reasignaci\u00f3n de 200 millones de pesos en el Presupuesto de Egresos 2019, por lo que se hicieron presentes en\u2026","rel":"","context":"En &quot;CINTILLO&quot;","block_context":{"text":"CINTILLO","link":"https:\/\/www.grieta.org.mx\/index.php\/category\/cintillo\/"},"img":{"alt_text":"","src":"https:\/\/i0.wp.com\/www.grieta.org.mx\/wp-content\/uploads\/2019\/05\/mxs_de_cien_trabajadores_quedan_fuera_del_aumento_en_sinaloa.jpg_219914347.jpg?resize=350%2C200&ssl=1","width":350,"height":200,"srcset":"https:\/\/i0.wp.com\/www.grieta.org.mx\/wp-content\/uploads\/2019\/05\/mxs_de_cien_trabajadores_quedan_fuera_del_aumento_en_sinaloa.jpg_219914347.jpg?resize=350%2C200&ssl=1 1x, https:\/\/i0.wp.com\/www.grieta.org.mx\/wp-content\/uploads\/2019\/05\/mxs_de_cien_trabajadores_quedan_fuera_del_aumento_en_sinaloa.jpg_219914347.jpg?resize=525%2C300&ssl=1 1.5x, https:\/\/i0.wp.com\/www.grieta.org.mx\/wp-content\/uploads\/2019\/05\/mxs_de_cien_trabajadores_quedan_fuera_del_aumento_en_sinaloa.jpg_219914347.jpg?resize=700%2C400&ssl=1 2x"},"classes":[]}],"_links":{"self":[{"href":"https:\/\/www.grieta.org.mx\/index.php\/wp-json\/wp\/v2\/posts\/32568","targetHints":{"allow":["GET"]}}],"collection":[{"href":"https:\/\/www.grieta.org.mx\/index.php\/wp-json\/wp\/v2\/posts"}],"about":[{"href":"https:\/\/www.grieta.org.mx\/index.php\/wp-json\/wp\/v2\/types\/post"}],"author":[{"embeddable":true,"href":"https:\/\/www.grieta.org.mx\/index.php\/wp-json\/wp\/v2\/users\/2"}],"replies":[{"embeddable":true,"href":"https:\/\/www.grieta.org.mx\/index.php\/wp-json\/wp\/v2\/comments?post=32568"}],"version-history":[{"count":1,"href":"https:\/\/www.grieta.org.mx\/index.php\/wp-json\/wp\/v2\/posts\/32568\/revisions"}],"predecessor-version":[{"id":32570,"href":"https:\/\/www.grieta.org.mx\/index.php\/wp-json\/wp\/v2\/posts\/32568\/revisions\/32570"}],"wp:featuredmedia":[{"embeddable":true,"href":"https:\/\/www.grieta.org.mx\/index.php\/wp-json\/wp\/v2\/media\/32569"}],"wp:attachment":[{"href":"https:\/\/www.grieta.org.mx\/index.php\/wp-json\/wp\/v2\/media?parent=32568"}],"wp:term":[{"taxonomy":"category","embeddable":true,"href":"https:\/\/www.grieta.org.mx\/index.php\/wp-json\/wp\/v2\/categories?post=32568"},{"taxonomy":"post_tag","embeddable":true,"href":"https:\/\/www.grieta.org.mx\/index.php\/wp-json\/wp\/v2\/tags?post=32568"}],"curies":[{"name":"wp","href":"https:\/\/api.w.org\/{rel}","templated":true}]}}