{"id":32565,"date":"2019-04-25T17:09:30","date_gmt":"2019-04-25T22:09:30","guid":{"rendered":"http:\/\/www.grieta.org.mx\/?p=32565"},"modified":"2019-04-26T18:13:49","modified_gmt":"2019-04-26T23:13:49","slug":"queretaro-de-verde-a-rojo-en-delitos-de-alto-impacto","status":"publish","type":"post","link":"https:\/\/www.grieta.org.mx\/index.php\/2019\/04\/25\/queretaro-de-verde-a-rojo-en-delitos-de-alto-impacto\/","title":{"rendered":"Quer\u00e9taro, de verde a rojo en delitos de alto impacto"},"content":{"rendered":"<p><img loading=\"lazy\" decoding=\"async\" data-attachment-id=\"32566\" data-permalink=\"https:\/\/www.grieta.org.mx\/index.php\/2019\/04\/25\/queretaro-de-verde-a-rojo-en-delitos-de-alto-impacto\/sem-696x429\/\" data-orig-file=\"https:\/\/www.grieta.org.mx\/wp-content\/uploads\/2019\/04\/sem-696x429.jpg\" data-orig-size=\"696,429\" data-comments-opened=\"0\" data-image-meta=\"{&quot;aperture&quot;:&quot;0&quot;,&quot;credit&quot;:&quot;&quot;,&quot;camera&quot;:&quot;&quot;,&quot;caption&quot;:&quot;&quot;,&quot;created_timestamp&quot;:&quot;0&quot;,&quot;copyright&quot;:&quot;&quot;,&quot;focal_length&quot;:&quot;0&quot;,&quot;iso&quot;:&quot;0&quot;,&quot;shutter_speed&quot;:&quot;0&quot;,&quot;title&quot;:&quot;&quot;,&quot;orientation&quot;:&quot;0&quot;}\" data-image-title=\"sem-696&amp;#215;429\" data-image-description=\"\" data-image-caption=\"\" data-medium-file=\"https:\/\/www.grieta.org.mx\/wp-content\/uploads\/2019\/04\/sem-696x429-300x185.jpg\" data-large-file=\"https:\/\/www.grieta.org.mx\/wp-content\/uploads\/2019\/04\/sem-696x429.jpg\" class=\" wp-image-32566 aligncenter\" src=\"http:\/\/www.grieta.org.mx\/wp-content\/uploads\/2019\/04\/sem-696x429.jpg\" alt=\"\" width=\"765\" height=\"471\" srcset=\"https:\/\/www.grieta.org.mx\/wp-content\/uploads\/2019\/04\/sem-696x429.jpg 696w, https:\/\/www.grieta.org.mx\/wp-content\/uploads\/2019\/04\/sem-696x429-300x185.jpg 300w\" sizes=\"auto, (max-width: 765px) 100vw, 765px\" \/><\/p>\n<p>Libertad de Palabra \/ Plaza de Armas<\/p>\n<p>Debido al incremento en delitos de alto impacto, durante el primer trimestre de 2019, el estado de Quer\u00e9taro fue ubicado de verde a rojo en el Sem\u00e1foro Delictivo.<\/p>\n<p>La entidad que gobierna el panista Francisco Dom\u00ednguez Servi\u00e9n registr\u00f3 un aumento en los delitos de homicidio, extorsi\u00f3n y robo de autos en los primeros tres meses del a\u00f1o, seg\u00fan la medici\u00f3n que realiza el Sem\u00e1foro Delictivo.<\/p>\n<p>Esos delitos \u2013como lo son el homicidio\u2013 son considerados de alto impacto porque adem\u00e1s de da\u00f1ar un bien jur\u00eddico tutelado, generan conmoci\u00f3n social y un sentimiento de inseguridad por la forma como son cometidos.<\/p>\n<p>En cuanto a homicidio, Quer\u00e9taro registr\u00f3 un alza del 23 por ciento con respecto al mismo periodo del a\u00f1o pasado.<\/p>\n<p>Seg\u00fan las cifras del Sem\u00e1foro, en la entidad en enero fueron cometidos 13 homicidios, en febrero 16 y en marzo 19.<\/p>\n<p>Sobre el delito de robo de veh\u00edculo, el Sem\u00e1foro Delictivo ubica a la entidad en el cuarto lugar nacional con una tasa de 66, s\u00f3lo superada por Baja California, Estado de M\u00e9xico y Jalisco.<\/p>\n<p>En cuanto al delito de extorsi\u00f3n, la entidad fue ubicada por arriba de la media nacional.<\/p>\n<p>Seg\u00fan el Sem\u00e1foro Delictivo, en enero fueron denunciadas 14 extorsiones, en febrero 35 y en marzo 21, cantidades que por cada 100 mil habitantes dan como resultado una tasa de 5, por arriba de la media nacional.<\/p>\n<p>Por el delito de lesiones dolosas, la entidad encabeza el listado nacional con una tasa de 64 por cada 100 mil habitantes.<\/p>\n<p>De acuerdo con las cifras del Sem\u00e1foro Delictivo, Quer\u00e9taro tambi\u00e9n fue ubicado por encima de la media nacional debido a la incidencia de delitos como el robo a casa habitaci\u00f3n, el robo a comercio, el narcomenudeo y la violaci\u00f3n.<\/p>\n<p><a href=\"https:\/\/plazadearmas.com.mx\/queretaro-de-verde-a-rojo-en-delitos-de-alto-impacto\/\">https:\/\/plazadearmas.com.mx\/queretaro-de-verde-a-rojo-en-delitos-de-alto-impacto\/<\/a><\/p>\n","protected":false},"excerpt":{"rendered":"<p>Libertad de Palabra \/ Plaza de Armas Debido al incremento en delitos de alto impacto, durante el primer trimestre de 2019, el estado de Quer\u00e9taro fue ubicado de verde a &hellip; <a href=\"https:\/\/www.grieta.org.mx\/index.php\/2019\/04\/25\/queretaro-de-verde-a-rojo-en-delitos-de-alto-impacto\/\" class=\"more-link\">Leer m\u00e1s<\/a><\/p>\n","protected":false},"author":2,"featured_media":32566,"comment_status":"closed","ping_status":"closed","sticky":false,"template":"","format":"standard","meta":{"ngg_post_thumbnail":0,"_jetpack_newsletter_access":"","_jetpack_dont_email_post_to_subs":false,"_jetpack_newsletter_tier_id":0,"_jetpack_memberships_contains_paywalled_content":false,"_jetpack_memberships_contains_paid_content":false,"footnotes":""},"categories":[80,2479,2,27],"tags":[1133,99],"class_list":["post-32565","post","type-post","status-publish","format-standard","has-post-thumbnail","hentry","category-cintillo","category-incremento-de-la-violencia-en-queretaro","category-noticias-nacionales","category-queretaro","tag-incremento-en-la-violencia","tag-inseguridad","entry"],"jetpack_featured_media_url":"https:\/\/www.grieta.org.mx\/wp-content\/uploads\/2019\/04\/sem-696x429.jpg","jetpack_sharing_enabled":true,"jetpack_shortlink":"https:\/\/wp.me\/p7ZJR4-8tf","jetpack_likes_enabled":false,"jetpack-related-posts":[{"id":34837,"url":"https:\/\/www.grieta.org.mx\/index.php\/2019\/06\/05\/se-desatan-secuestros-y-extorsiones-en-cdmx\/","url_meta":{"origin":32565,"position":0},"title":"Se desatan secuestros y extorsiones en CDMX","author":"grieta","date":"5 junio, 2019","format":false,"excerpt":"Forbes M\u00e9xico De acuerdo con cifras del Sem\u00e1foro de Delitos de Alto Impacto en el pa\u00eds, la CDMX es un \u201cfoco rojo\u201d para estos y otros delitos. De enero a marzo el secuestro se dispar\u00f3 550%, la extorsi\u00f3n aument\u00f3 127%, el robo a negocio 62%, homicidios 48%, robo de veh\u00edculo\u2026","rel":"","context":"En &quot;CINTILLO&quot;","block_context":{"text":"CINTILLO","link":"https:\/\/www.grieta.org.mx\/index.php\/category\/cintillo\/"},"img":{"alt_text":"","src":"https:\/\/i0.wp.com\/www.grieta.org.mx\/wp-content\/uploads\/2019\/06\/secuestro.jpg1_.jpg?resize=350%2C200&ssl=1","width":350,"height":200,"srcset":"https:\/\/i0.wp.com\/www.grieta.org.mx\/wp-content\/uploads\/2019\/06\/secuestro.jpg1_.jpg?resize=350%2C200&ssl=1 1x, https:\/\/i0.wp.com\/www.grieta.org.mx\/wp-content\/uploads\/2019\/06\/secuestro.jpg1_.jpg?resize=525%2C300&ssl=1 1.5x, https:\/\/i0.wp.com\/www.grieta.org.mx\/wp-content\/uploads\/2019\/06\/secuestro.jpg1_.jpg?resize=700%2C400&ssl=1 2x, https:\/\/i0.wp.com\/www.grieta.org.mx\/wp-content\/uploads\/2019\/06\/secuestro.jpg1_.jpg?resize=1050%2C600&ssl=1 3x"},"classes":[]},{"id":42859,"url":"https:\/\/www.grieta.org.mx\/index.php\/2020\/01\/06\/colima-aparece-en-rojo-en-siete-de-once-delitos-que-se-monitorean\/","url_meta":{"origin":32565,"position":1},"title":"Colima aparece en rojo en siete de once delitos que se monitorean","author":"grieta","date":"6 enero, 2020","format":false,"excerpt":"Imagen: Diario Avanzada Heidi de Le\u00f3n Guti\u00e9rrez \/ Diario Avanzada Colima, M\u00e9xico, Avanzada (06\/01\/2020).- Los homicidios, la extorsi\u00f3n, los robos a negocio, el narcomenudeo, las lesiones, la violaci\u00f3n sexual y la violencia familiar son los delitos en los que el estado de Colima se encuentra por arriba de la media\u2026","rel":"","context":"En &quot;CINTILLO&quot;","block_context":{"text":"CINTILLO","link":"https:\/\/www.grieta.org.mx\/index.php\/category\/cintillo\/"},"img":{"alt_text":"","src":"https:\/\/i0.wp.com\/www.grieta.org.mx\/wp-content\/uploads\/2020\/01\/Colima-con-olor-a-muerte-1005x500-1.jpg?resize=350%2C200&ssl=1","width":350,"height":200,"srcset":"https:\/\/i0.wp.com\/www.grieta.org.mx\/wp-content\/uploads\/2020\/01\/Colima-con-olor-a-muerte-1005x500-1.jpg?resize=350%2C200&ssl=1 1x, https:\/\/i0.wp.com\/www.grieta.org.mx\/wp-content\/uploads\/2020\/01\/Colima-con-olor-a-muerte-1005x500-1.jpg?resize=525%2C300&ssl=1 1.5x, https:\/\/i0.wp.com\/www.grieta.org.mx\/wp-content\/uploads\/2020\/01\/Colima-con-olor-a-muerte-1005x500-1.jpg?resize=700%2C400&ssl=1 2x"},"classes":[]},{"id":33943,"url":"https:\/\/www.grieta.org.mx\/index.php\/2019\/05\/22\/incrementan-delitos-de-feminicidios-violencia-familiar-y-violaciones-en-nl-nuevo-leon\/","url_meta":{"origin":32565,"position":2},"title":"Incrementan delitos de feminicidios, violencia familiar y violaciones en NL (Nuevo Le\u00f3n)","author":"grieta","date":"22 mayo, 2019","format":false,"excerpt":"Cynthia Pardo \/ Multimedios De acuerdo con las cifras del sem\u00e1foro delictivo, dichos cr\u00edmenes se ubican en color rojo junto a los homicidios. MONTERREY.- Los feminicidios, violencia familiar, y las violaciones fueron los delitos que se dispararon en el mes de abril de acuerdo a cifras del sem\u00e1foro delictivo para\u2026","rel":"","context":"En &quot;CINTILLO&quot;","block_context":{"text":"CINTILLO","link":"https:\/\/www.grieta.org.mx\/index.php\/category\/cintillo\/"},"img":{"alt_text":"","src":"https:\/\/i0.wp.com\/www.grieta.org.mx\/wp-content\/uploads\/2019\/05\/Incrementan-delitos-de-feminicidios-violencia-familiar-y-violaciones-en-NL-may.jpg?resize=350%2C200","width":350,"height":200,"srcset":"https:\/\/i0.wp.com\/www.grieta.org.mx\/wp-content\/uploads\/2019\/05\/Incrementan-delitos-de-feminicidios-violencia-familiar-y-violaciones-en-NL-may.jpg?resize=350%2C200 1x, https:\/\/i0.wp.com\/www.grieta.org.mx\/wp-content\/uploads\/2019\/05\/Incrementan-delitos-de-feminicidios-violencia-familiar-y-violaciones-en-NL-may.jpg?resize=525%2C300 1.5x"},"classes":[]},{"id":53219,"url":"https:\/\/www.grieta.org.mx\/index.php\/2020\/08\/31\/queretaro-primer-lugar-nacional-en-denuncias-por-acoso-sexual\/","url_meta":{"origin":32565,"position":3},"title":"Quer\u00e9taro, primer lugar nacional en denuncias por acoso sexual","author":"grieta","date":"31 agosto, 2020","format":false,"excerpt":"M\u00e1nelick Cruz Blanco \/ Tribuna de Quer\u00e9taro Adem\u00e1s, lleva dos a\u00f1os consecutivos en aparecer en sexto lugar nacional por acumular carpetas de investigaci\u00f3n por cada 100 mil habitantes. Un total de 333 carpetas acumuladas en 2020 corresponden a acoso sexual en el estado de Quer\u00e9taro. De esta forma, pese a\u2026","rel":"","context":"En &quot;CINTILLO&quot;","block_context":{"text":"CINTILLO","link":"https:\/\/www.grieta.org.mx\/index.php\/category\/cintillo\/"},"img":{"alt_text":"","src":"https:\/\/i0.wp.com\/www.grieta.org.mx\/wp-content\/uploads\/2018\/03\/14524434_1106112876131411_958039263622046936_o.jpg?resize=350%2C200&ssl=1","width":350,"height":200,"srcset":"https:\/\/i0.wp.com\/www.grieta.org.mx\/wp-content\/uploads\/2018\/03\/14524434_1106112876131411_958039263622046936_o.jpg?resize=350%2C200&ssl=1 1x, https:\/\/i0.wp.com\/www.grieta.org.mx\/wp-content\/uploads\/2018\/03\/14524434_1106112876131411_958039263622046936_o.jpg?resize=525%2C300&ssl=1 1.5x, https:\/\/i0.wp.com\/www.grieta.org.mx\/wp-content\/uploads\/2018\/03\/14524434_1106112876131411_958039263622046936_o.jpg?resize=700%2C400&ssl=1 2x"},"classes":[]},{"id":41613,"url":"https:\/\/www.grieta.org.mx\/index.php\/2019\/11\/21\/mas-del-71-de-las-mujeres-en-queretaro-han-enfrentado-violencia-inegi\/","url_meta":{"origin":32565,"position":4},"title":"M\u00e1s del 71% de las mujeres en Quer\u00e9taro han enfrentado violencia: INEGI","author":"grieta","date":"21 noviembre, 2019","format":false,"excerpt":"Quadratin Quer\u00e9taro QUER\u00c9TARO, Qro., 21 de noviembre 2019.- En 2016, de las 770 mil mujeres de 15 a\u00f1os y m\u00e1s que hay en Quer\u00e9taro, 71.2% (548 mil) han enfrentado violencia de cualquier tipo y de cualquier agresor, alguna vez en su vida, de acuerdo con INEGI. El 44.7% han enfrentado\u2026","rel":"","context":"En &quot;CINTILLO&quot;","block_context":{"text":"CINTILLO","link":"https:\/\/www.grieta.org.mx\/index.php\/category\/cintillo\/"},"img":{"alt_text":"","src":"https:\/\/i0.wp.com\/www.grieta.org.mx\/wp-content\/uploads\/2019\/11\/M%C3%A1s-del-71-de-las-mujeres-en-Quer%C3%A9taro-han-enfrentado-violencia-INEGI-qro-nov.jpg?resize=350%2C200&ssl=1","width":350,"height":200,"srcset":"https:\/\/i0.wp.com\/www.grieta.org.mx\/wp-content\/uploads\/2019\/11\/M%C3%A1s-del-71-de-las-mujeres-en-Quer%C3%A9taro-han-enfrentado-violencia-INEGI-qro-nov.jpg?resize=350%2C200&ssl=1 1x, https:\/\/i0.wp.com\/www.grieta.org.mx\/wp-content\/uploads\/2019\/11\/M%C3%A1s-del-71-de-las-mujeres-en-Quer%C3%A9taro-han-enfrentado-violencia-INEGI-qro-nov.jpg?resize=525%2C300&ssl=1 1.5x, https:\/\/i0.wp.com\/www.grieta.org.mx\/wp-content\/uploads\/2019\/11\/M%C3%A1s-del-71-de-las-mujeres-en-Quer%C3%A9taro-han-enfrentado-violencia-INEGI-qro-nov.jpg?resize=700%2C400&ssl=1 2x, https:\/\/i0.wp.com\/www.grieta.org.mx\/wp-content\/uploads\/2019\/11\/M%C3%A1s-del-71-de-las-mujeres-en-Quer%C3%A9taro-han-enfrentado-violencia-INEGI-qro-nov.jpg?resize=1050%2C600&ssl=1 3x"},"classes":[]},{"id":38373,"url":"https:\/\/www.grieta.org.mx\/index.php\/2019\/07\/26\/morelos-en-segundo-lugar-en-feminicidios-semaforo-delictivo\/","url_meta":{"origin":32565,"position":5},"title":"Morelos, en segundo lugar en feminicidios: Sem\u00e1foro Delictivo","author":"grieta","date":"26 julio, 2019","format":false,"excerpt":"Dulce Valdepe\u00f1a \/ Quadrat\u00edn Morelos CUAUTLA, Mor., 26 de julio del 2019.- De acuerdo al los resultados que arroj\u00f3 el proyecto social \u201cSem\u00e1foro Delictivo\u201d, el estado de Morelos se encuentra en el segundo lugar a nivel nacional en feminicidios seguido de Veracruz. El estado de Morelos tiene ocho municipios con\u2026","rel":"","context":"En &quot;CINTILLO&quot;","block_context":{"text":"CINTILLO","link":"https:\/\/www.grieta.org.mx\/index.php\/category\/cintillo\/"},"img":{"alt_text":"","src":"https:\/\/i0.wp.com\/www.grieta.org.mx\/wp-content\/uploads\/2019\/08\/04CA5DC0-5C28-45B9-9483-C2E274BBECF2-1160x700.jpeg?resize=350%2C200&ssl=1","width":350,"height":200,"srcset":"https:\/\/i0.wp.com\/www.grieta.org.mx\/wp-content\/uploads\/2019\/08\/04CA5DC0-5C28-45B9-9483-C2E274BBECF2-1160x700.jpeg?resize=350%2C200&ssl=1 1x, https:\/\/i0.wp.com\/www.grieta.org.mx\/wp-content\/uploads\/2019\/08\/04CA5DC0-5C28-45B9-9483-C2E274BBECF2-1160x700.jpeg?resize=525%2C300&ssl=1 1.5x, https:\/\/i0.wp.com\/www.grieta.org.mx\/wp-content\/uploads\/2019\/08\/04CA5DC0-5C28-45B9-9483-C2E274BBECF2-1160x700.jpeg?resize=700%2C400&ssl=1 2x, https:\/\/i0.wp.com\/www.grieta.org.mx\/wp-content\/uploads\/2019\/08\/04CA5DC0-5C28-45B9-9483-C2E274BBECF2-1160x700.jpeg?resize=1050%2C600&ssl=1 3x"},"classes":[]}],"_links":{"self":[{"href":"https:\/\/www.grieta.org.mx\/index.php\/wp-json\/wp\/v2\/posts\/32565","targetHints":{"allow":["GET"]}}],"collection":[{"href":"https:\/\/www.grieta.org.mx\/index.php\/wp-json\/wp\/v2\/posts"}],"about":[{"href":"https:\/\/www.grieta.org.mx\/index.php\/wp-json\/wp\/v2\/types\/post"}],"author":[{"embeddable":true,"href":"https:\/\/www.grieta.org.mx\/index.php\/wp-json\/wp\/v2\/users\/2"}],"replies":[{"embeddable":true,"href":"https:\/\/www.grieta.org.mx\/index.php\/wp-json\/wp\/v2\/comments?post=32565"}],"version-history":[{"count":1,"href":"https:\/\/www.grieta.org.mx\/index.php\/wp-json\/wp\/v2\/posts\/32565\/revisions"}],"predecessor-version":[{"id":32567,"href":"https:\/\/www.grieta.org.mx\/index.php\/wp-json\/wp\/v2\/posts\/32565\/revisions\/32567"}],"wp:featuredmedia":[{"embeddable":true,"href":"https:\/\/www.grieta.org.mx\/index.php\/wp-json\/wp\/v2\/media\/32566"}],"wp:attachment":[{"href":"https:\/\/www.grieta.org.mx\/index.php\/wp-json\/wp\/v2\/media?parent=32565"}],"wp:term":[{"taxonomy":"category","embeddable":true,"href":"https:\/\/www.grieta.org.mx\/index.php\/wp-json\/wp\/v2\/categories?post=32565"},{"taxonomy":"post_tag","embeddable":true,"href":"https:\/\/www.grieta.org.mx\/index.php\/wp-json\/wp\/v2\/tags?post=32565"}],"curies":[{"name":"wp","href":"https:\/\/api.w.org\/{rel}","templated":true}]}}