{"id":32560,"date":"2019-04-24T16:51:08","date_gmt":"2019-04-24T21:51:08","guid":{"rendered":"http:\/\/www.grieta.org.mx\/?p=32560"},"modified":"2019-04-26T19:20:26","modified_gmt":"2019-04-27T00:20:26","slug":"juzgado-reconoce-ilegalidad-de-concesiones-mineras-en-ixtacamaxtitlan-puebla","status":"publish","type":"post","link":"https:\/\/www.grieta.org.mx\/index.php\/2019\/04\/24\/juzgado-reconoce-ilegalidad-de-concesiones-mineras-en-ixtacamaxtitlan-puebla\/","title":{"rendered":"Juzgado reconoce ilegalidad de concesiones mineras en Ixtacamaxtitl\u00e1n (Puebla)"},"content":{"rendered":"<figure id=\"attachment_32575\" aria-describedby=\"caption-attachment-32575\" style=\"width: 800px\" class=\"wp-caption alignleft\"><img loading=\"lazy\" decoding=\"async\" data-attachment-id=\"32575\" data-permalink=\"https:\/\/www.grieta.org.mx\/index.php\/2019\/04\/24\/juzgado-reconoce-ilegalidad-de-concesiones-mineras-en-ixtacamaxtitlan-puebla\/rio-ixtacamaxtitlan-mujeres-contra-la-mina_opt\/\" data-orig-file=\"https:\/\/www.grieta.org.mx\/wp-content\/uploads\/2019\/04\/rio-ixtacamaxtitlan-mujeres-contra-la-mina_opt.jpg\" data-orig-size=\"800,466\" data-comments-opened=\"0\" data-image-meta=\"{&quot;aperture&quot;:&quot;11&quot;,&quot;credit&quot;:&quot;&quot;,&quot;camera&quot;:&quot;NIKON D7100&quot;,&quot;caption&quot;:&quot;&quot;,&quot;created_timestamp&quot;:&quot;1496011133&quot;,&quot;copyright&quot;:&quot;&quot;,&quot;focal_length&quot;:&quot;18&quot;,&quot;iso&quot;:&quot;100&quot;,&quot;shutter_speed&quot;:&quot;0.008&quot;,&quot;title&quot;:&quot;&quot;,&quot;orientation&quot;:&quot;1&quot;}\" data-image-title=\"rio-ixtacamaxtitlan-mujeres-contra-la-mina_opt\" data-image-description=\"\" data-image-caption=\"&lt;p&gt;El r\u00edo Apulco, en riesgo de ser contaminado por el proyecto minero en Ixtacamaxtitl\u00e1n, recorre varios municipios de la sierra de Puebla y llega hasta Veracruz.&lt;\/p&gt;\n\" data-medium-file=\"https:\/\/www.grieta.org.mx\/wp-content\/uploads\/2019\/04\/rio-ixtacamaxtitlan-mujeres-contra-la-mina_opt-300x175.jpg\" data-large-file=\"https:\/\/www.grieta.org.mx\/wp-content\/uploads\/2019\/04\/rio-ixtacamaxtitlan-mujeres-contra-la-mina_opt.jpg\" src=\"http:\/\/www.grieta.org.mx\/wp-content\/uploads\/2019\/04\/rio-ixtacamaxtitlan-mujeres-contra-la-mina_opt.jpg\" alt=\"\" width=\"800\" height=\"466\" class=\"size-full wp-image-32575\" srcset=\"https:\/\/www.grieta.org.mx\/wp-content\/uploads\/2019\/04\/rio-ixtacamaxtitlan-mujeres-contra-la-mina_opt.jpg 800w, https:\/\/www.grieta.org.mx\/wp-content\/uploads\/2019\/04\/rio-ixtacamaxtitlan-mujeres-contra-la-mina_opt-300x175.jpg 300w, https:\/\/www.grieta.org.mx\/wp-content\/uploads\/2019\/04\/rio-ixtacamaxtitlan-mujeres-contra-la-mina_opt-768x447.jpg 768w\" sizes=\"auto, (max-width: 800px) 100vw, 800px\" \/><figcaption id=\"caption-attachment-32575\" class=\"wp-caption-text\">El r\u00edo Apulco, en riesgo de ser contaminado por el proyecto minero en Ixtacamaxtitl\u00e1n, recorre varios municipios de la sierra de Puebla y llega hasta Veracruz. Foto: Marlene Mart\u00ednez.<\/figcaption><\/figure>\n<p>Mely Arellano \/ Lado B<\/p>\n<p>Un juzgado federal determin\u00f3 que las concesiones de la minera Almaden Minerals son ilegales y orden\u00f3 a la Secretar\u00eda de Econom\u00eda (SE) cancelarlas, por haberlas entregado sin consulta ni consentimiento del pueblo ind\u00edgena en Ixtacamaxtitl\u00e1n, en la sierra de Puebla.<\/p>\n<p>Lo anterior deriva de una sentencia dictada el 11 de abril dentro del juicio de amparo 445\/2015 que interpuso el ejido de Tecoltemi respecto de las concesiones Cerro Grande y Cerro Grande 2 otorgadas en 2003 y 2009, respectivamente, para instalar una mina de oro y plata a cielo abierto en su territorio.<\/p>\n<p>El Juzgado Segundo de Distrito en Materia de Amparo Civil, Administrativa, de Trabajos y de Juicios Federales en Puebla reconoci\u00f3 el car\u00e1cter ind\u00edgena de Tecoltemi, aunque la empresa de origen canadiense lo haya negado durante el juicio, lo que le otorga protecci\u00f3n jur\u00eddica espec\u00edfica de acuerdo con la Constituci\u00f3n y el Convenio 169 de la Organizaci\u00f3n Internacional del Trabajo (OIT)<\/p>\n<p>En la sentencia, el juzgado se\u00f1ala la omisi\u00f3n legislativa en la que han incurrido el Ejecutivo y Congreso de la Uni\u00f3n por incumplir con su obligaci\u00f3n de adecuar la Ley Minera para incluir el derecho a la consulta y al consentimiento previo, libre e informado.<\/p>\n<p>Sin embargo la sentencia no entra a fondo en el reclamo de la comunidad sobre la inconstitucionalidad espec\u00edficamente de los art\u00edculos 6, 10, 9, 15 y 17.<\/p>\n<p>\u201cLo que busc\u00e1bamos s\u00ed era que se dejaran insubsistentes las concesiones, pero no por la omisi\u00f3n, sino por una violaci\u00f3n de la Ley a respetar el derecho de los pueblos al territorio, al agua, al medio ambiente; la Ley minera es contraria a la Constituci\u00f3n\u201d, explic\u00f3 a LADO B la abogada Diana P\u00e9rez, del Consejo Tiyat Tlali.<\/p>\n<p>La Ley Minera contraviene adem\u00e1s de la Constituci\u00f3n, los tratados internacionales porque da preferencia a la miner\u00eda sobre las comunidades y sus derechos.<\/p>\n<p>Es por ello que la estrategia jur\u00eddica de Tecoltemi es interponer un recurso de revisi\u00f3n de la sentencia para pedir que se revisen los argumentos de inconstitucionalidad.<\/p>\n<p>\u201cDado que la sentencia no le beneficia, dudo mucho que la empresa se quede de brazos cruzados\u201d, dijo la abogada. Por lo que se espera que en los pr\u00f3ximos d\u00edas tambi\u00e9n interponga su recurso.<\/p>\n<p>Una vez que los recursos sean admitidos, ser\u00e1 un Tribunal Colegiado quien deber\u00e1 emitir\u00e1 la sentencia final, al cabo de 90 d\u00edas.<\/p>\n<p>Mientras tanto los trabajos de exploraci\u00f3n en Ixtacamaxtitl\u00e1n ya concluyeron, y la empresa est\u00e1 en el proceso para iniciar la explotaci\u00f3n. De acuerdo con la Manifestaci\u00f3n de Impacto Ambiental presentada ante la Semarnat, Almaden Minerals encontr\u00f3 tal cantidad de oro que hace econ\u00f3micamente factible continuar con el proyecto de miner\u00eda a cielo abierto en la sierra norte de Puebla.<\/p>\n<p><a href=\"https:\/\/ladobe.com.mx\/2019\/04\/juzgado-reconoce-ilegalidad-de-concesiones-mineras-en-ixtacamaxtitlan\/\">https:\/\/ladobe.com.mx\/2019\/04\/juzgado-reconoce-ilegalidad-de-concesiones-mineras-en-ixtacamaxtitlan\/<\/a><\/p>\n","protected":false},"excerpt":{"rendered":"<p>Mely Arellano \/ Lado B Un juzgado federal determin\u00f3 que las concesiones de la minera Almaden Minerals son ilegales y orden\u00f3 a la Secretar\u00eda de Econom\u00eda (SE) cancelarlas, por haberlas &hellip; <a href=\"https:\/\/www.grieta.org.mx\/index.php\/2019\/04\/24\/juzgado-reconoce-ilegalidad-de-concesiones-mineras-en-ixtacamaxtitlan-puebla\/\" class=\"more-link\">Leer m\u00e1s<\/a><\/p>\n","protected":false},"author":2,"featured_media":32575,"comment_status":"closed","ping_status":"closed","sticky":false,"template":"","format":"standard","meta":{"ngg_post_thumbnail":0,"_jetpack_newsletter_access":"","_jetpack_dont_email_post_to_subs":false,"_jetpack_newsletter_tier_id":0,"_jetpack_memberships_contains_paywalled_content":false,"_jetpack_memberships_contains_paid_content":false,"footnotes":""},"categories":[70,80,974,1,954,922,6,1024,942,2,26],"tags":[1487,384,109],"class_list":["post-32560","post","type-post","status-publish","format-standard","has-post-thumbnail","hentry","category-26-sierra-puebla","category-cintillo","category-esp-puebla","category-espejos-de-la-resistencia","category-espejos-estados","category-megaproyectos-estados","category-mineria","category-mineria-en-puebla","category-mp-puebla","category-noticias-nacionales","category-puebla","tag-almaden","tag-amparo","tag-mineria","entry"],"jetpack_featured_media_url":"https:\/\/www.grieta.org.mx\/wp-content\/uploads\/2019\/04\/rio-ixtacamaxtitlan-mujeres-contra-la-mina_opt.jpg","jetpack_sharing_enabled":true,"jetpack_shortlink":"https:\/\/wp.me\/p7ZJR4-8ta","jetpack_likes_enabled":false,"jetpack-related-posts":[{"id":53528,"url":"https:\/\/www.grieta.org.mx\/index.php\/2020\/09\/17\/tras-resolucion-judicial-minera-exige-reactivar-evaluacion-de-mina-en-ixtacamaxtitlan-puebla\/","url_meta":{"origin":32560,"position":0},"title":"Tras resoluci\u00f3n judicial, minera exige reactivar evaluaci\u00f3n de mina en Ixtacamaxtitl\u00e1n (Puebla)","author":"Admin","date":"17 septiembre, 2020","format":false,"excerpt":"Gabriela Hern\u00e1ndez - Proceso PUEBLA, Pue. (apro).- Minera Gorri\u00f3n, subsidiaria de la empresa canadiense Almaden Minerals, inform\u00f3 que obtuvo a su favor una resoluci\u00f3n judicial en contra de la determinaci\u00f3n de la Secretar\u00eda de Medio Ambiente y Recursos Naturales (Semarnat) de suspender el proceso de evaluaci\u00f3n de impacto ambiental de\u2026","rel":"","context":"En &quot;CINTILLO&quot;","block_context":{"text":"CINTILLO","link":"https:\/\/www.grieta.org.mx\/index.php\/category\/cintillo\/"},"img":{"alt_text":"","src":"https:\/\/i0.wp.com\/www.grieta.org.mx\/wp-content\/uploads\/2020\/09\/Minera.jpg?resize=350%2C200&ssl=1","width":350,"height":200,"srcset":"https:\/\/i0.wp.com\/www.grieta.org.mx\/wp-content\/uploads\/2020\/09\/Minera.jpg?resize=350%2C200&ssl=1 1x, https:\/\/i0.wp.com\/www.grieta.org.mx\/wp-content\/uploads\/2020\/09\/Minera.jpg?resize=525%2C300&ssl=1 1.5x, https:\/\/i0.wp.com\/www.grieta.org.mx\/wp-content\/uploads\/2020\/09\/Minera.jpg?resize=700%2C400&ssl=1 2x, https:\/\/i0.wp.com\/www.grieta.org.mx\/wp-content\/uploads\/2020\/09\/Minera.jpg?resize=1050%2C600&ssl=1 3x"},"classes":[]},{"id":47612,"url":"https:\/\/www.grieta.org.mx\/index.php\/2020\/04\/07\/almaden-minerals-intento-sobornar-opositores-en-su-proyecto-en-ixtacamtitlan-ong-puebla\/","url_meta":{"origin":32560,"position":1},"title":"Almaden Minerals intent\u00f3 sobornar opositores en su proyecto en Ixtacamtitl\u00e1n: ONG (Puebla)","author":"Admin","date":"7 abril, 2020","format":false,"excerpt":"Aurelio Fern\u00e1ndez \/ La Jornada de Oriente Organizaciones que se oponen al proyecto de Almaden Minerals en Ixtacamaxtitl\u00e1n, denunciaron que directivos de esa transnacional pretendieron sobornar a representantes de la comunidad de Tecoltemi para que se desistieran del juicio de garant\u00edas que tramitaron por haber concesionado su territorio a la\u2026","rel":"","context":"En &quot;26. Sierra Puebla&quot;","block_context":{"text":"26. Sierra Puebla","link":"https:\/\/www.grieta.org.mx\/index.php\/category\/espejos-de-la-resistencia\/26-sierra-puebla\/"},"img":{"alt_text":"","src":"https:\/\/i0.wp.com\/www.grieta.org.mx\/wp-content\/uploads\/2020\/04\/190715JMagua03.jpg?resize=350%2C200&ssl=1","width":350,"height":200,"srcset":"https:\/\/i0.wp.com\/www.grieta.org.mx\/wp-content\/uploads\/2020\/04\/190715JMagua03.jpg?resize=350%2C200&ssl=1 1x, https:\/\/i0.wp.com\/www.grieta.org.mx\/wp-content\/uploads\/2020\/04\/190715JMagua03.jpg?resize=525%2C300&ssl=1 1.5x, https:\/\/i0.wp.com\/www.grieta.org.mx\/wp-content\/uploads\/2020\/04\/190715JMagua03.jpg?resize=700%2C400&ssl=1 2x, https:\/\/i0.wp.com\/www.grieta.org.mx\/wp-content\/uploads\/2020\/04\/190715JMagua03.jpg?resize=1050%2C600&ssl=1 3x"},"classes":[]},{"id":61081,"url":"https:\/\/www.grieta.org.mx\/index.php\/2021\/08\/06\/ixtacamaxtitlan-denuncia-actividades-de-exploracion-ilegal-de-la-minera-almaden-minerals-puebla\/","url_meta":{"origin":32560,"position":2},"title":"Ixtacamaxtitl\u00e1n denuncia actividades de exploraci\u00f3n ilegal de la minera Almaden Minerals (Puebla)","author":"Admin","date":"6 agosto, 2021","format":false,"excerpt":"Gabriela Hern\u00e1ndez \/ Proceso PUEBLA, Pue. (apro).- Pobladores del municipio de Ixtacamaxtitl\u00e1n, ubicado en la Sierra Norte de Puebla, presentaron una denuncia ante la Procuradur\u00eda Federal de Protecci\u00f3n al Ambiente (Profepa) en contra de la empresa Minera Gorri\u00f3n, subsidiaria de la canadiense Almaden Minerals, por iniciar tareas de exploraci\u00f3n en\u2026","rel":"","context":"En &quot;CINTILLO&quot;","block_context":{"text":"CINTILLO","link":"https:\/\/www.grieta.org.mx\/index.php\/category\/cintillo\/"},"img":{"alt_text":"","src":"https:\/\/i0.wp.com\/www.grieta.org.mx\/wp-content\/uploads\/2021\/08\/f800x450-140368_191814_5050.jpg?resize=350%2C200&ssl=1","width":350,"height":200,"srcset":"https:\/\/i0.wp.com\/www.grieta.org.mx\/wp-content\/uploads\/2021\/08\/f800x450-140368_191814_5050.jpg?resize=350%2C200&ssl=1 1x, https:\/\/i0.wp.com\/www.grieta.org.mx\/wp-content\/uploads\/2021\/08\/f800x450-140368_191814_5050.jpg?resize=525%2C300&ssl=1 1.5x, https:\/\/i0.wp.com\/www.grieta.org.mx\/wp-content\/uploads\/2021\/08\/f800x450-140368_191814_5050.jpg?resize=700%2C400&ssl=1 2x"},"classes":[]},{"id":32594,"url":"https:\/\/www.grieta.org.mx\/index.php\/2019\/04\/25\/poder-judicial-evita-hablar-sobre-inconstitucionalidad-de-ley-minera-puebla\/","url_meta":{"origin":32560,"position":3},"title":"Poder judicial evita hablar sobre inconstitucionalidad de Ley Minera (Puebla)","author":"grieta","date":"25 abril, 2019","format":false,"excerpt":"La comunidad de Tecoltemi interpuso un juicio de amparo en contra de la Secretar\u00eda de Econom\u00eda por haber entregado dos concesiones a Minera Gorri\u00f3n, filial en M\u00e9xico de la empresa canadiense Almaden Minerals. Andrea Vega \/ Animal Pol\u00edtico- Vanguardia Un juzgado federal tuvo la oportunidad de resolver sobre la inconstitucionalidad\u2026","rel":"","context":"En &quot;26. Sierra Puebla&quot;","block_context":{"text":"26. Sierra Puebla","link":"https:\/\/www.grieta.org.mx\/index.php\/category\/espejos-de-la-resistencia\/26-sierra-puebla\/"},"img":{"alt_text":"","src":"https:\/\/i0.wp.com\/www.grieta.org.mx\/wp-content\/uploads\/2019\/04\/ixtaca_zanja_vs_mineros_1.jpg?resize=350%2C200&ssl=1","width":350,"height":200,"srcset":"https:\/\/i0.wp.com\/www.grieta.org.mx\/wp-content\/uploads\/2019\/04\/ixtaca_zanja_vs_mineros_1.jpg?resize=350%2C200&ssl=1 1x, https:\/\/i0.wp.com\/www.grieta.org.mx\/wp-content\/uploads\/2019\/04\/ixtaca_zanja_vs_mineros_1.jpg?resize=525%2C300&ssl=1 1.5x, https:\/\/i0.wp.com\/www.grieta.org.mx\/wp-content\/uploads\/2019\/04\/ixtaca_zanja_vs_mineros_1.jpg?resize=700%2C400&ssl=1 2x"},"classes":[]},{"id":28462,"url":"https:\/\/www.grieta.org.mx\/index.php\/2018\/12\/18\/pobladores-nahuas-denuncian-concesiones-mineras-que-violan-la-ley-puebla\/","url_meta":{"origin":32560,"position":4},"title":"Pobladores nahuas denuncian concesiones mineras que violan la ley (Puebla)","author":"grieta","date":"18 diciembre, 2018","format":false,"excerpt":"Luis Francisco Quiroga, nuevo subsecretario de Miner\u00eda, apoy\u00f3 un proyecto minero por el que la Secretar\u00eda de Econom\u00eda, de la que \u00e9l es representante, est\u00e1 demandada. El amparo, promovido por una comunidad de Puebla, es por el otorgamiento de dos concesiones mineras para las que no se consult\u00f3 a los\u2026","rel":"","context":"En &quot;26. Sierra Puebla&quot;","block_context":{"text":"26. Sierra Puebla","link":"https:\/\/www.grieta.org.mx\/index.php\/category\/espejos-de-la-resistencia\/26-sierra-puebla\/"},"img":{"alt_text":"","src":"https:\/\/i0.wp.com\/www.grieta.org.mx\/wp-content\/uploads\/2019\/01\/direct-13.jpg?resize=350%2C200&ssl=1","width":350,"height":200,"srcset":"https:\/\/i0.wp.com\/www.grieta.org.mx\/wp-content\/uploads\/2019\/01\/direct-13.jpg?resize=350%2C200&ssl=1 1x, https:\/\/i0.wp.com\/www.grieta.org.mx\/wp-content\/uploads\/2019\/01\/direct-13.jpg?resize=525%2C300&ssl=1 1.5x, https:\/\/i0.wp.com\/www.grieta.org.mx\/wp-content\/uploads\/2019\/01\/direct-13.jpg?resize=700%2C400&ssl=1 2x"},"classes":[]},{"id":36006,"url":"https:\/\/www.grieta.org.mx\/index.php\/2017\/04\/27\/almaden-minerals-mintio-a-semarnat-y-a-pobladores-de-ixtacamaxtitlan-puebla\/","url_meta":{"origin":32560,"position":5},"title":"Almaden Minerals minti\u00f3 a Semarnat y a pobladores de Ixtacamaxtitl\u00e1n (Puebla)","author":"Admin","date":"27 abril, 2017","format":false,"excerpt":"Aranzaz\u00fa Ayala Mart\u00ednez \/ LADO B \u00bfC\u00f3mo entr\u00f3 Almaden Minerals al municipio de Ixtacamaxtitl\u00e1n, en la Sierra de Puebla? \u00bfQu\u00e9 Derechos Humanos de los habitantes ha violado, qu\u00e9 mentiras les ha dicho, cu\u00e1les son las ganancias que espera de explotar durante 14 a\u00f1os? Esas preguntas son las que se responden\u2026","rel":"","context":"En &quot;26. Sierra Puebla&quot;","block_context":{"text":"26. Sierra Puebla","link":"https:\/\/www.grieta.org.mx\/index.php\/category\/espejos-de-la-resistencia\/26-sierra-puebla\/"},"img":{"alt_text":"","src":"https:\/\/i0.wp.com\/www.grieta.org.mx\/wp-content\/uploads\/2019\/07\/IxtacamatitlanB1-95-1.jpg?resize=350%2C200&ssl=1","width":350,"height":200,"srcset":"https:\/\/i0.wp.com\/www.grieta.org.mx\/wp-content\/uploads\/2019\/07\/IxtacamatitlanB1-95-1.jpg?resize=350%2C200&ssl=1 1x, https:\/\/i0.wp.com\/www.grieta.org.mx\/wp-content\/uploads\/2019\/07\/IxtacamatitlanB1-95-1.jpg?resize=525%2C300&ssl=1 1.5x, https:\/\/i0.wp.com\/www.grieta.org.mx\/wp-content\/uploads\/2019\/07\/IxtacamatitlanB1-95-1.jpg?resize=700%2C400&ssl=1 2x"},"classes":[]}],"_links":{"self":[{"href":"https:\/\/www.grieta.org.mx\/index.php\/wp-json\/wp\/v2\/posts\/32560","targetHints":{"allow":["GET"]}}],"collection":[{"href":"https:\/\/www.grieta.org.mx\/index.php\/wp-json\/wp\/v2\/posts"}],"about":[{"href":"https:\/\/www.grieta.org.mx\/index.php\/wp-json\/wp\/v2\/types\/post"}],"author":[{"embeddable":true,"href":"https:\/\/www.grieta.org.mx\/index.php\/wp-json\/wp\/v2\/users\/2"}],"replies":[{"embeddable":true,"href":"https:\/\/www.grieta.org.mx\/index.php\/wp-json\/wp\/v2\/comments?post=32560"}],"version-history":[{"count":1,"href":"https:\/\/www.grieta.org.mx\/index.php\/wp-json\/wp\/v2\/posts\/32560\/revisions"}],"predecessor-version":[{"id":32576,"href":"https:\/\/www.grieta.org.mx\/index.php\/wp-json\/wp\/v2\/posts\/32560\/revisions\/32576"}],"wp:featuredmedia":[{"embeddable":true,"href":"https:\/\/www.grieta.org.mx\/index.php\/wp-json\/wp\/v2\/media\/32575"}],"wp:attachment":[{"href":"https:\/\/www.grieta.org.mx\/index.php\/wp-json\/wp\/v2\/media?parent=32560"}],"wp:term":[{"taxonomy":"category","embeddable":true,"href":"https:\/\/www.grieta.org.mx\/index.php\/wp-json\/wp\/v2\/categories?post=32560"},{"taxonomy":"post_tag","embeddable":true,"href":"https:\/\/www.grieta.org.mx\/index.php\/wp-json\/wp\/v2\/tags?post=32560"}],"curies":[{"name":"wp","href":"https:\/\/api.w.org\/{rel}","templated":true}]}}