{"id":32557,"date":"2019-04-25T16:35:09","date_gmt":"2019-04-25T21:35:09","guid":{"rendered":"http:\/\/www.grieta.org.mx\/?p=32557"},"modified":"2019-04-26T16:57:26","modified_gmt":"2019-04-26T21:57:26","slug":"mujer-fue-asesinada-por-su-esposo-afuera-de-casa-jalisco-tenia-orden-de-proteccion","status":"publish","type":"post","link":"https:\/\/www.grieta.org.mx\/index.php\/2019\/04\/25\/mujer-fue-asesinada-por-su-esposo-afuera-de-casa-jalisco-tenia-orden-de-proteccion\/","title":{"rendered":"Mujer fue asesinada por su esposo afuera de Casa Jalisco; ten\u00eda orden de protecci\u00f3n"},"content":{"rendered":"<p><img loading=\"lazy\" decoding=\"async\" data-attachment-id=\"32559\" data-permalink=\"https:\/\/www.grieta.org.mx\/index.php\/2019\/04\/25\/mujer-fue-asesinada-por-su-esposo-afuera-de-casa-jalisco-tenia-orden-de-proteccion\/casa_jalisco_frj\/\" data-orig-file=\"https:\/\/www.grieta.org.mx\/wp-content\/uploads\/2019\/04\/Casa_Jalisco_FRJ.jpg\" data-orig-size=\"768,479\" data-comments-opened=\"0\" data-image-meta=\"{&quot;aperture&quot;:&quot;0&quot;,&quot;credit&quot;:&quot;&quot;,&quot;camera&quot;:&quot;&quot;,&quot;caption&quot;:&quot;&quot;,&quot;created_timestamp&quot;:&quot;0&quot;,&quot;copyright&quot;:&quot;&quot;,&quot;focal_length&quot;:&quot;0&quot;,&quot;iso&quot;:&quot;0&quot;,&quot;shutter_speed&quot;:&quot;0&quot;,&quot;title&quot;:&quot;&quot;,&quot;orientation&quot;:&quot;0&quot;}\" data-image-title=\"Casa_Jalisco_FRJ\" data-image-description=\"\" data-image-caption=\"\" data-medium-file=\"https:\/\/www.grieta.org.mx\/wp-content\/uploads\/2019\/04\/Casa_Jalisco_FRJ-300x187.jpg\" data-large-file=\"https:\/\/www.grieta.org.mx\/wp-content\/uploads\/2019\/04\/Casa_Jalisco_FRJ.jpg\" class=\" wp-image-32559 aligncenter\" src=\"http:\/\/www.grieta.org.mx\/wp-content\/uploads\/2019\/04\/Casa_Jalisco_FRJ.jpg\" alt=\"\" width=\"766\" height=\"478\" srcset=\"https:\/\/www.grieta.org.mx\/wp-content\/uploads\/2019\/04\/Casa_Jalisco_FRJ.jpg 768w, https:\/\/www.grieta.org.mx\/wp-content\/uploads\/2019\/04\/Casa_Jalisco_FRJ-300x187.jpg 300w\" sizes=\"auto, (max-width: 766px) 100vw, 766px\" \/><\/p>\n<p>Elizabeth Ibal \/ El Occidental<\/p>\n<p>Una mujer fue asesinada con un cuchillo por su esposo. Ella ten\u00eda una orden de protecci\u00f3n, la cual no se atendi\u00f3 de manera correcta. En el lugar del feminicidio, el agresor fue herido por el escolta del Fiscal y muri\u00f3 tiempo despu\u00e9s mientras era atendido en un hospital.<\/p>\n<p>Vanessa Gait\u00e1n lleg\u00f3 en un taxi ejecutivo a Manuel Acu\u00f1a y Montreal se dirig\u00eda a su trabajo, una farmacia, pero en el trayecto detect\u00f3 que era perseguida por su esposo, de quien se estaba divorciando y con quien ten\u00eda una criatura de 2 a\u00f1os, por lo que ah\u00ed pidi\u00f3 apoyo.<\/p>\n<p>Por sugerencia de su abogado lleg\u00f3 a la residencia oficial del Gobernador, ubicada en Manuel Acu\u00f1a y Montreal, por lo que fue atendida por un polic\u00eda estatal establecido en ese punto para brindar seguridad.<\/p>\n<p>De manera intempestiva el esposo de la mujer la arroll\u00f3 -mientras hablaba por tel\u00e9fono-, al igual que al polic\u00eda del Estado que estaba con ella.<\/p>\n<p>&#8220;El veh\u00edculo arrolla a las dos personas e inmediatamente despu\u00e9s baja un sujeto con una arma blanca en la mano, con un cuchillo y de manera r\u00e1pida y brusca se dirige hacia la mujer -esto ya est\u00e1 fuera de la pantalla- se dirige a la mujer y empieza a agredirla&#8221;, narr\u00f3 el fiscal estatal de acuerdo a lo grabado por una c\u00e1mara de vigilancia de la zona.<\/p>\n<p>En ese momento al encontrase \u00e9l dentro de Casa Jalisco, uno de sus escoltas que estaba cerca, intervino al presenciar el atropellamiento.<\/p>\n<p>&#8220;Hace varios disparos mi escolta sobre el sujeto al accionar logra darle varios de ellos, sin embargo no logra evitar la agresi\u00f3n hacia la mujer&#8221;, se\u00f1al\u00f3 Sol\u00eds G\u00f3mez, dijo que Vanessa muri\u00f3 en el lugar, mientras que su esposo y atacante Irving Emmanuel N. tambi\u00e9n falleci\u00f3 a causa de los disparos cuando era atendido en un hospital de la zona. El polic\u00eda estatal que la apoyaba tambi\u00e9n result\u00f3 con lesiones leves.<\/p>\n<p>VANESSA TEN\u00cdA ORDEN DE PROTECCI\u00d3N TRAS DENUNCIAS<\/p>\n<p>El 30 de diciembre de 2017, Vanessa se present\u00f3 al Centro de Justicia para la Mujer (CJM) a presentar una denuncia penal en contra de su esposo Irving Emmanuel por una serie de agresiones. Seg\u00fan lo que mencion\u00f3 en ese momento al igual que testigos, \u00e9l era un tipo agresivo.<\/p>\n<p><a href=\"https:\/\/www.eloccidental.com.mx\/policiaca\/mujer-fue-asesinada-por-su-esposo-afuera-de-casa-jalisco-tenia-orden-de-proteccion-3369545.html\">https:\/\/www.eloccidental.com.mx\/policiaca\/mujer-fue-asesinada-por-su-esposo-afuera-de-casa-jalisco-tenia-orden-de-proteccion-3369545.html<\/a><\/p>\n","protected":false},"excerpt":{"rendered":"<p>Elizabeth Ibal \/ El Occidental Una mujer fue asesinada con un cuchillo por su esposo. Ella ten\u00eda una orden de protecci\u00f3n, la cual no se atendi\u00f3 de manera correcta. En &hellip; <a href=\"https:\/\/www.grieta.org.mx\/index.php\/2019\/04\/25\/mujer-fue-asesinada-por-su-esposo-afuera-de-casa-jalisco-tenia-orden-de-proteccion\/\" class=\"more-link\">Leer m\u00e1s<\/a><\/p>\n","protected":false},"author":2,"featured_media":32559,"comment_status":"closed","ping_status":"closed","sticky":false,"template":"","format":"standard","meta":{"ngg_post_thumbnail":0,"_jetpack_newsletter_access":"","_jetpack_dont_email_post_to_subs":false,"_jetpack_newsletter_tier_id":0,"_jetpack_memberships_contains_paywalled_content":false,"_jetpack_memberships_contains_paid_content":false,"footnotes":""},"categories":[80,84,2107,20,2,83],"tags":[81],"class_list":["post-32557","post","type-post","status-publish","format-standard","has-post-thumbnail","hentry","category-cintillo","category-feminicidios","category-feminicidios-en-jalisco","category-jalisco","category-noticias-nacionales","category-temas-nacionales","tag-feminicidios","entry"],"jetpack_featured_media_url":"https:\/\/www.grieta.org.mx\/wp-content\/uploads\/2019\/04\/Casa_Jalisco_FRJ.jpg","jetpack_sharing_enabled":true,"jetpack_shortlink":"https:\/\/wp.me\/p7ZJR4-8t7","jetpack_likes_enabled":false,"jetpack-related-posts":[{"id":32562,"url":"https:\/\/www.grieta.org.mx\/index.php\/2019\/04\/26\/se-manifiestan-afuera-de-casa-jalisco-luego-del-asesinato-de-vannesa\/","url_meta":{"origin":32557,"position":0},"title":"Se manifiestan afuera de Casa Jalisco, luego del asesinato de Vannesa","author":"grieta","date":"26 abril, 2019","format":false,"excerpt":"Redacci\u00f3n \/ El Occidental Se manfiestan en los alrededores de Casa Jalisco esta tarde, luego del lamentable hecho de ayer, en donde una mujer fue atacada por su marido, primero atropell\u00e1ndola y despu\u00e9s dej\u00e1ndole una lesi\u00f3n con la que perdi\u00f3 la vida. Vanessa Gait\u00e1n lleg\u00f3 en un taxi ejecutivo a\u2026","rel":"","context":"En &quot;CINTILLO&quot;","block_context":{"text":"CINTILLO","link":"https:\/\/www.grieta.org.mx\/index.php\/category\/cintillo\/"},"img":{"alt_text":"","src":"https:\/\/i0.wp.com\/www.grieta.org.mx\/wp-content\/uploads\/2019\/04\/Casa-Jalisco_Francisco_D%C3%ADa2.jpg?resize=350%2C200&ssl=1","width":350,"height":200,"srcset":"https:\/\/i0.wp.com\/www.grieta.org.mx\/wp-content\/uploads\/2019\/04\/Casa-Jalisco_Francisco_D%C3%ADa2.jpg?resize=350%2C200&ssl=1 1x, https:\/\/i0.wp.com\/www.grieta.org.mx\/wp-content\/uploads\/2019\/04\/Casa-Jalisco_Francisco_D%C3%ADa2.jpg?resize=525%2C300&ssl=1 1.5x, https:\/\/i0.wp.com\/www.grieta.org.mx\/wp-content\/uploads\/2019\/04\/Casa-Jalisco_Francisco_D%C3%ADa2.jpg?resize=700%2C400&ssl=1 2x"},"classes":[]},{"id":32732,"url":"https:\/\/www.grieta.org.mx\/index.php\/2019\/04\/28\/mujeres-confrontan-a-gobernador-de-jalisco-por-el-feminicidio-de-vanesa-gaytan\/","url_meta":{"origin":32557,"position":1},"title":"Mujeres confrontan a gobernador de Jalisco por el feminicidio de Vanesa Gayt\u00e1n","author":"grieta","date":"28 abril, 2019","format":false,"excerpt":"Mario Marlo \/ Pie de p\u00e1gina GUADALAJARA, JALISCO.- M\u00e1s de 100 mujeres, activistas y familiares de v\u00edctimas de feminicidio confrontaron al gobernador de Jalisco, Enrique Alfaro, durante \u00a0la vigilia por Vanesa Gayt\u00e1n Ochoa, asesinada por Irving Emanuel Ram\u00edrez Barajas a unos metros de la entrada de Casa Jalisco, residencia oficial\u2026","rel":"","context":"En &quot;CINTILLO&quot;","block_context":{"text":"CINTILLO","link":"https:\/\/www.grieta.org.mx\/index.php\/category\/cintillo\/"},"img":{"alt_text":"","src":"https:\/\/i0.wp.com\/www.grieta.org.mx\/wp-content\/uploads\/2019\/04\/Jalisco-5-1200x800.jpg?resize=350%2C200&ssl=1","width":350,"height":200,"srcset":"https:\/\/i0.wp.com\/www.grieta.org.mx\/wp-content\/uploads\/2019\/04\/Jalisco-5-1200x800.jpg?resize=350%2C200&ssl=1 1x, https:\/\/i0.wp.com\/www.grieta.org.mx\/wp-content\/uploads\/2019\/04\/Jalisco-5-1200x800.jpg?resize=525%2C300&ssl=1 1.5x, https:\/\/i0.wp.com\/www.grieta.org.mx\/wp-content\/uploads\/2019\/04\/Jalisco-5-1200x800.jpg?resize=700%2C400&ssl=1 2x, https:\/\/i0.wp.com\/www.grieta.org.mx\/wp-content\/uploads\/2019\/04\/Jalisco-5-1200x800.jpg?resize=1050%2C600&ssl=1 3x"},"classes":[]},{"id":33228,"url":"https:\/\/www.grieta.org.mx\/index.php\/2019\/04\/26\/desde-2017-han-sido-asesinadas-en-jalisco-seis-mujeres-que-tenian-ordenes-de-proteccion\/","url_meta":{"origin":32557,"position":2},"title":"Desde 2017 han sido asesinadas en Jalisco seis mujeres que ten\u00edan \u00f3rdenes de protecci\u00f3n","author":"grieta","date":"26 abril, 2019","format":false,"excerpt":"Esos casos dejan de manifiesto la ineficiencia de las medidas de protecci\u00f3n implementadas a partir de febrero de 2016 con la activaci\u00f3n de la alerta de g\u00e9nero por parte del Gobierno Estatal Elizabeth Ibal \/ El Occidentental Desde marzo de 2017, seis mujeres que ten\u00edan \u00f3rdenes de protecci\u00f3n por violencia\u2026","rel":"","context":"En &quot;CINTILLO&quot;","block_context":{"text":"CINTILLO","link":"https:\/\/www.grieta.org.mx\/index.php\/category\/cintillo\/"},"img":{"alt_text":"","src":"https:\/\/i0.wp.com\/www.grieta.org.mx\/wp-content\/uploads\/2019\/05\/VIOLENCIA_OEM.jpg?resize=350%2C200&ssl=1","width":350,"height":200,"srcset":"https:\/\/i0.wp.com\/www.grieta.org.mx\/wp-content\/uploads\/2019\/05\/VIOLENCIA_OEM.jpg?resize=350%2C200&ssl=1 1x, https:\/\/i0.wp.com\/www.grieta.org.mx\/wp-content\/uploads\/2019\/05\/VIOLENCIA_OEM.jpg?resize=525%2C300&ssl=1 1.5x, https:\/\/i0.wp.com\/www.grieta.org.mx\/wp-content\/uploads\/2019\/05\/VIOLENCIA_OEM.jpg?resize=700%2C400&ssl=1 2x"},"classes":[]},{"id":60060,"url":"https:\/\/www.grieta.org.mx\/index.php\/2021\/06\/15\/los-rostros-de-la-violencia-contra-la-mujer-en-colima\/","url_meta":{"origin":32557,"position":3},"title":"Los rostros de la violencia contra la mujer en Colima","author":"grieta","date":"15 junio, 2021","format":false,"excerpt":"Imagen: Diario Avanzada Heidi de Le\u00f3n Guti\u00e9rrez \/ Diario Avanzada Colima, M\u00e9xico, Avanzada (15\/06\/2021).- Julissa fue asesinada de varias pu\u00f1aladas y su cuerpo fue calcinado en una vivienda en Villa de \u00c1lvarez; ten\u00eda 15 a\u00f1os de edad y su cuerpo fue encontrado en el ba\u00f1o de la casa. Mar\u00eda Herlinda\u2026","rel":"","context":"En &quot;CINTILLO&quot;","block_context":{"text":"CINTILLO","link":"https:\/\/www.grieta.org.mx\/index.php\/category\/cintillo\/"},"img":{"alt_text":"","src":"https:\/\/i0.wp.com\/www.grieta.org.mx\/wp-content\/uploads\/2021\/06\/200830939_917583298818862_8986235510000952065_n.jpg?resize=350%2C200&ssl=1","width":350,"height":200,"srcset":"https:\/\/i0.wp.com\/www.grieta.org.mx\/wp-content\/uploads\/2021\/06\/200830939_917583298818862_8986235510000952065_n.jpg?resize=350%2C200&ssl=1 1x, https:\/\/i0.wp.com\/www.grieta.org.mx\/wp-content\/uploads\/2021\/06\/200830939_917583298818862_8986235510000952065_n.jpg?resize=525%2C300&ssl=1 1.5x, https:\/\/i0.wp.com\/www.grieta.org.mx\/wp-content\/uploads\/2021\/06\/200830939_917583298818862_8986235510000952065_n.jpg?resize=700%2C400&ssl=1 2x"},"classes":[]},{"id":30521,"url":"https:\/\/www.grieta.org.mx\/index.php\/2019\/03\/12\/exigen-justicia-por-el-feminicidio-de-alondra-jalisco\/","url_meta":{"origin":32557,"position":4},"title":"Exigen justicia por el feminicidio de Alondra (Jalisco)","author":"grieta","date":"12 marzo, 2019","format":false,"excerpt":"Dar\u00edo Pereira \/ El Diario NTR Alondra Gonz\u00e1lez Arias fue v\u00edctima de feminicidio el 10 de marzo de 2017. Ten\u00eda 21 a\u00f1os de edad y tan solo unos d\u00edas antes hab\u00eda dado a luz a su segundo hijo. A dos a\u00f1os del caso, su ex pareja y responsable del asesinato,\u2026","rel":"","context":"En &quot;CINTILLO&quot;","block_context":{"text":"CINTILLO","link":"https:\/\/www.grieta.org.mx\/index.php\/category\/cintillo\/"},"img":{"alt_text":"","src":"https:\/\/i0.wp.com\/www.grieta.org.mx\/wp-content\/uploads\/2019\/03\/IMAGEN-NOTA-A1-Especial.jpg?resize=350%2C200&ssl=1","width":350,"height":200,"srcset":"https:\/\/i0.wp.com\/www.grieta.org.mx\/wp-content\/uploads\/2019\/03\/IMAGEN-NOTA-A1-Especial.jpg?resize=350%2C200&ssl=1 1x, https:\/\/i0.wp.com\/www.grieta.org.mx\/wp-content\/uploads\/2019\/03\/IMAGEN-NOTA-A1-Especial.jpg?resize=525%2C300&ssl=1 1.5x, https:\/\/i0.wp.com\/www.grieta.org.mx\/wp-content\/uploads\/2019\/03\/IMAGEN-NOTA-A1-Especial.jpg?resize=700%2C400&ssl=1 2x"},"classes":[]},{"id":35966,"url":"https:\/\/www.grieta.org.mx\/index.php\/2019\/05\/18\/de-padres-a-investigadores-de-feminicidios-para-hallar-justicia-edomex\/","url_meta":{"origin":32557,"position":5},"title":"De padres a investigadores de feminicidios para hallar justicia (Edomex)","author":"grieta","date":"18 mayo, 2019","format":false,"excerpt":"Foto: Daniel Galeana Jes\u00fas Ben\u00edtez lucha porque se haga justicia en el asesinato de su hija Ver\u00f3nica, ultimada presuntamente por su esposo Manuel Cosme \/ El Sol de Toluca La familia de Ver\u00f3nica Guadalupe Ben\u00edtez Vega, estudiante de la Facultad de Estudios Superiores Cuautitl\u00e1n, libr\u00f3 una lucha tit\u00e1nica contra el\u2026","rel":"","context":"En &quot;CINTILLO&quot;","block_context":{"text":"CINTILLO","link":"https:\/\/www.grieta.org.mx\/index.php\/category\/cintillo\/"},"img":{"alt_text":"","src":"https:\/\/i0.wp.com\/www.grieta.org.mx\/wp-content\/uploads\/2019\/07\/feminicidios.jpg?resize=350%2C200&ssl=1","width":350,"height":200,"srcset":"https:\/\/i0.wp.com\/www.grieta.org.mx\/wp-content\/uploads\/2019\/07\/feminicidios.jpg?resize=350%2C200&ssl=1 1x, https:\/\/i0.wp.com\/www.grieta.org.mx\/wp-content\/uploads\/2019\/07\/feminicidios.jpg?resize=525%2C300&ssl=1 1.5x, https:\/\/i0.wp.com\/www.grieta.org.mx\/wp-content\/uploads\/2019\/07\/feminicidios.jpg?resize=700%2C400&ssl=1 2x"},"classes":[]}],"_links":{"self":[{"href":"https:\/\/www.grieta.org.mx\/index.php\/wp-json\/wp\/v2\/posts\/32557","targetHints":{"allow":["GET"]}}],"collection":[{"href":"https:\/\/www.grieta.org.mx\/index.php\/wp-json\/wp\/v2\/posts"}],"about":[{"href":"https:\/\/www.grieta.org.mx\/index.php\/wp-json\/wp\/v2\/types\/post"}],"author":[{"embeddable":true,"href":"https:\/\/www.grieta.org.mx\/index.php\/wp-json\/wp\/v2\/users\/2"}],"replies":[{"embeddable":true,"href":"https:\/\/www.grieta.org.mx\/index.php\/wp-json\/wp\/v2\/comments?post=32557"}],"version-history":[{"count":1,"href":"https:\/\/www.grieta.org.mx\/index.php\/wp-json\/wp\/v2\/posts\/32557\/revisions"}],"predecessor-version":[{"id":32561,"href":"https:\/\/www.grieta.org.mx\/index.php\/wp-json\/wp\/v2\/posts\/32557\/revisions\/32561"}],"wp:featuredmedia":[{"embeddable":true,"href":"https:\/\/www.grieta.org.mx\/index.php\/wp-json\/wp\/v2\/media\/32559"}],"wp:attachment":[{"href":"https:\/\/www.grieta.org.mx\/index.php\/wp-json\/wp\/v2\/media?parent=32557"}],"wp:term":[{"taxonomy":"category","embeddable":true,"href":"https:\/\/www.grieta.org.mx\/index.php\/wp-json\/wp\/v2\/categories?post=32557"},{"taxonomy":"post_tag","embeddable":true,"href":"https:\/\/www.grieta.org.mx\/index.php\/wp-json\/wp\/v2\/tags?post=32557"}],"curies":[{"name":"wp","href":"https:\/\/api.w.org\/{rel}","templated":true}]}}