{"id":32554,"date":"2019-04-24T15:58:04","date_gmt":"2019-04-24T20:58:04","guid":{"rendered":"http:\/\/www.grieta.org.mx\/?p=32554"},"modified":"2019-04-26T16:13:01","modified_gmt":"2019-04-26T21:13:01","slug":"aborto-por-violacion-no-se-respeta-cepad-jalisco","status":"publish","type":"post","link":"https:\/\/www.grieta.org.mx\/index.php\/2019\/04\/24\/aborto-por-violacion-no-se-respeta-cepad-jalisco\/","title":{"rendered":"Aborto por violaci\u00f3n no se respeta: Cepad (Jalisco)"},"content":{"rendered":"<p><img loading=\"lazy\" decoding=\"async\" data-attachment-id=\"32555\" data-permalink=\"https:\/\/www.grieta.org.mx\/index.php\/2019\/04\/24\/aborto-por-violacion-no-se-respeta-cepad-jalisco\/2019-04-24_12-04-44___5978\/\" data-orig-file=\"https:\/\/www.grieta.org.mx\/wp-content\/uploads\/2019\/04\/2019-04-24_12-04-44___5978.jpg\" data-orig-size=\"750,500\" data-comments-opened=\"0\" data-image-meta=\"{&quot;aperture&quot;:&quot;0&quot;,&quot;credit&quot;:&quot;&quot;,&quot;camera&quot;:&quot;&quot;,&quot;caption&quot;:&quot;&quot;,&quot;created_timestamp&quot;:&quot;0&quot;,&quot;copyright&quot;:&quot;TODOS LOS DERECHOS RESERVADOS: idesign2222@hotmail.com&quot;,&quot;focal_length&quot;:&quot;0&quot;,&quot;iso&quot;:&quot;0&quot;,&quot;shutter_speed&quot;:&quot;0&quot;,&quot;title&quot;:&quot;&quot;,&quot;orientation&quot;:&quot;0&quot;}\" data-image-title=\"2019-04-24_12-04-44___5978\" data-image-description=\"\" data-image-caption=\"\" data-medium-file=\"https:\/\/www.grieta.org.mx\/wp-content\/uploads\/2019\/04\/2019-04-24_12-04-44___5978-300x200.jpg\" data-large-file=\"https:\/\/www.grieta.org.mx\/wp-content\/uploads\/2019\/04\/2019-04-24_12-04-44___5978.jpg\" class=\" wp-image-32555 aligncenter\" src=\"http:\/\/www.grieta.org.mx\/wp-content\/uploads\/2019\/04\/2019-04-24_12-04-44___5978.jpg\" alt=\"\" width=\"761\" height=\"507\" srcset=\"https:\/\/www.grieta.org.mx\/wp-content\/uploads\/2019\/04\/2019-04-24_12-04-44___5978.jpg 750w, https:\/\/www.grieta.org.mx\/wp-content\/uploads\/2019\/04\/2019-04-24_12-04-44___5978-300x200.jpg 300w\" sizes=\"auto, (max-width: 761px) 100vw, 761px\" \/><\/p>\n<p>Dario Pereira \/ El Diario NTR<\/p>\n<p>Pese a que desde 2016 la Norma Oficial Mexicana (NOM) 046 sobre violencia familiar, sexual y contra las mujeres especifica que los servicios de salud de todo el pa\u00eds deben proporcionar a las mujeres que tengan un embarazo producto de una violaci\u00f3n la opci\u00f3n de interrumpirlo sin la necesidad de presentar una denuncia y de obtener una autorizaci\u00f3n por parte de autoridad competente, en Jalisco su aplicaci\u00f3n ha quedado m\u00e1s en el papel que en la pr\u00e1ctica.<\/p>\n<p>En los hechos a\u00fan hay muchas trabas que se anteponen al derecho de ni\u00f1as y mujeres, seg\u00fan se recoge en el <em>Informe de la Situaci\u00f3n de los Derechos Humanos en Jalisco 2018<\/em>\u00a0del Centro de Justicia para la Paz y el Desarrollo (Cepad).<\/p>\n<p>La circular estableci\u00f3 que los derechos de las ni\u00f1as, mujeres y adolescentes incluyen que, a quienes soliciten la IVE en los t\u00e9rminos de la NOM 046, \u00e9sta se les practique bajo el principio de buena fe, es decir, \u201ccon su dicho, sin ser necesaria la denuncia de violaci\u00f3n ante el agente del Ministerio P\u00fablico\u201d; que se respete su privacidad; que se les brinde informaci\u00f3n \u201cobjetiva y cient\u00edfica\u201d sobre sexualidad y sobre posibles riesgos y consecuencias de la interrupci\u00f3n del embarazo; que se les haga saber su derecho a denunciar los actos de violencia y de la existencia de la Comisi\u00f3n Ejecutiva Estatal de Atenci\u00f3n a V\u00edctimas (CEEAV); as\u00ed como que se respete la autonom\u00eda de sus decisiones.<\/p>\n<p><strong>HAY VARIOS PENDIENTES<\/strong><\/p>\n<p>No obstante, en el informe mencionado la acad\u00e9mica del Instituto Tecnol\u00f3gico y de Estudios Superiores de Occidente (ITESO) Paola Lazo Corvera recopil\u00f3 los problemas para acceder a este derecho en Jalisco.<\/p>\n<p>Entre algunas de las acciones violatorias en las que incurre el personal de la Secretar\u00eda de Salud Jalisco (SSJ) se encuentran la realizaci\u00f3n de an\u00e1lisis de ADN para corroborar qui\u00e9n es el padre del feto; poner en duda la palabra de la v\u00edctima; otorgar atenci\u00f3n psicol\u00f3gica tendenciosa para evitar la interrupci\u00f3n del embarazo; realizar intimidaci\u00f3n a las madres de las v\u00edctimas; la exigencia de que las menores vuelvan a detallar la violencia sexual de la que fueron v\u00edctimas; el uso de informaci\u00f3n no cient\u00edfica ni laica; la negaci\u00f3n de asentar en expediente la realizaci\u00f3n de la interrupci\u00f3n del embarazo por violaci\u00f3n, y la negaci\u00f3n de medicamento para el dolor durante el procedimiento.<\/p>\n<p>\u201cLa experiencia de varias de las chicas y mujeres que han solicitado atenci\u00f3n y apoyo pone en evidencia que la SSJ no cuenta a\u00fan con suficiente personal capacitado, sensibilizado y no objetor de conciencia que pueda atender adecuadamente estos casos. En ocasiones, el proceso qu\u00edmico se desecha para seguir el instrumentado, por tratarse del que las y los m\u00e9dicos conocen y dominan, y no porque sea el m\u00e1s conveniente para la v\u00edctima; esta situaci\u00f3n hace que el procedimiento sea tortuoso, doloroso, invasivo y agresivo, especialmente cuando se trata de ni\u00f1as o jovencitas v\u00edctimas de violencia sexual\u201d, recoge Lazo citando el texto\u00a0<em>La alerta de violencia contra las mujeres en Jalisco: avances y retos,\u00a0<\/em>de la activista Patricia Ortega.<\/p>\n<p>Estas violaciones de derechos fueron denunciadas desde el Grupo Inter Multidisciplinario (GIM) que trabaj\u00f3 en la Alerta de Violencia de G\u00e9nero (AVG) federal decretada a finales de 2018 y de la cual el gobierno del estado no ha presentado avances.<\/p>\n<p>\u201cLa gran cantidad de casos de ni\u00f1as, j\u00f3venes y mujeres que resultan embarazadas a partir de un ataque sexual es un indicador de que el estado falla, primero, en resguardar su integridad y su seguridad, y despu\u00e9s, al no garantizar el acceso adecuado a servicios de anticoncepci\u00f3n de emergencia e interrupci\u00f3n del embarazo en casos de violaci\u00f3n\u201d, se\u00f1ala el informe.<\/p>\n<p><img decoding=\"async\" src=\"http:\/\/img.ntrguadalajara.com\/470_1.PNG\" \/><\/p>\n<h3>Cada d\u00eda 99 mujeres son v\u00edctimas de delitos sexuales<\/h3>\n<p>En el informe del Centro de Justicia para la Paz y el Desarrollo (Cepad), Paola Lazo Corvera recoge datos del Secretariado Ejecutivo del Sistema Nacional de Seguridad P\u00fablica (SESNSP), y explica que, cada d\u00eda, en todo el pa\u00eds 99 mujeres son v\u00edctimas de delitos sexuales y cada 40 minutos ocurre una violaci\u00f3n; mientras que 15 por ciento de las mujeres entre 20 y 24 a\u00f1os fue madre antes de ser mayor de edad.<\/p>\n<p>Jalisco, por su parte, se encuentra entre los primeros cinco estados de la Rep\u00fablica con mayor cantidad de delitos sexuales registrados oficialmente.<\/p>\n<p>Aunque no existe un registro de cu\u00e1ntos de estos han derivado en embarazos, en Jalisco, seg\u00fan datos proporcionado por la SSJ, desde 2016, s\u00f3lo se han realizado 29 interrupciones voluntarias del embarazo.<\/p>\n<p>\u201cLos datos obtenidos de la investigaci\u00f3n del GIM de la Alerta de Violencia de G\u00e9nero evidenciaron que, en el estado, las ni\u00f1as y mujeres v\u00edctimas de violaci\u00f3n sexual terminan por parir a los hijos\/as de los violadores\u201d, concluye Lazo.\u00a0<em>Dar\u00edo Pereira<\/em><\/p>\n<p>\u201cLa experiencia de varias de las chicas y mujeres que han solicitado atenci\u00f3n y apoyo pone en evidencia que la SSJ no cuenta a\u00fan con suficiente personal capacitado, sensibilizado y no objetor de conciencia\u201d.<\/p>\n<p><a href=\"https:\/\/www.ntrguadalajara.com\/post.php?id_nota=124274\">https:\/\/www.ntrguadalajara.com\/post.php?id_nota=124274<\/a><\/p>\n","protected":false},"excerpt":{"rendered":"<p>Dario Pereira \/ El Diario NTR Pese a que desde 2016 la Norma Oficial Mexicana (NOM) 046 sobre violencia familiar, sexual y contra las mujeres especifica que los servicios de &hellip; <a href=\"https:\/\/www.grieta.org.mx\/index.php\/2019\/04\/24\/aborto-por-violacion-no-se-respeta-cepad-jalisco\/\" class=\"more-link\">Leer m\u00e1s<\/a><\/p>\n","protected":false},"author":2,"featured_media":32555,"comment_status":"closed","ping_status":"closed","sticky":false,"template":"","format":"standard","meta":{"ngg_post_thumbnail":0,"_jetpack_newsletter_access":"","_jetpack_dont_email_post_to_subs":false,"_jetpack_newsletter_tier_id":0,"_jetpack_memberships_contains_paywalled_content":false,"_jetpack_memberships_contains_paid_content":false,"footnotes":""},"categories":[80,20,2,2504],"tags":[2286,1630],"class_list":["post-32554","post","type-post","status-publish","format-standard","has-post-thumbnail","hentry","category-cintillo","category-jalisco","category-noticias-nacionales","category-violencia-contra-las-mujeres-en-jalisco","tag-violencia-contra-la-mujer","tag-violencia-contra-las-mujeres","entry"],"jetpack_featured_media_url":"https:\/\/www.grieta.org.mx\/wp-content\/uploads\/2019\/04\/2019-04-24_12-04-44___5978.jpg","jetpack_sharing_enabled":true,"jetpack_shortlink":"https:\/\/wp.me\/p7ZJR4-8t4","jetpack_likes_enabled":false,"jetpack-related-posts":[{"id":11429,"url":"https:\/\/www.grieta.org.mx\/index.php\/2016\/04\/25\/movilizacion-contra-la-violencia-hacia-las-mujeres-en-jalisco\/","url_meta":{"origin":32554,"position":0},"title":"Movilizaci\u00f3n contra la violencia hacia las mujeres en Jalisco","author":"grieta","date":"25 abril, 2016","format":false,"excerpt":"25\/04\/16. #VivasNosQueremos protesta por JaliscoCr\u00f3nica Jalisco","rel":"","context":"En &quot;Jalisco&quot;","block_context":{"text":"Jalisco","link":"https:\/\/www.grieta.org.mx\/index.php\/category\/noticias-nacionales\/jalisco\/"},"img":{"alt_text":"","src":"https:\/\/i0.wp.com\/www.grieta.org.mx\/wp-content\/uploads\/2018\/03\/14524434_1106112876131411_958039263622046936_o.jpg?resize=350%2C200&ssl=1","width":350,"height":200,"srcset":"https:\/\/i0.wp.com\/www.grieta.org.mx\/wp-content\/uploads\/2018\/03\/14524434_1106112876131411_958039263622046936_o.jpg?resize=350%2C200&ssl=1 1x, https:\/\/i0.wp.com\/www.grieta.org.mx\/wp-content\/uploads\/2018\/03\/14524434_1106112876131411_958039263622046936_o.jpg?resize=525%2C300&ssl=1 1.5x, https:\/\/i0.wp.com\/www.grieta.org.mx\/wp-content\/uploads\/2018\/03\/14524434_1106112876131411_958039263622046936_o.jpg?resize=700%2C400&ssl=1 2x"},"classes":[]},{"id":51437,"url":"https:\/\/www.grieta.org.mx\/index.php\/2020\/06\/23\/jalisco-segundo-lugar-nacional-en-delitos-de-violencia-contra-las-mujeres\/","url_meta":{"origin":32554,"position":1},"title":"Jalisco segundo lugar nacional en delitos de violencia contra las mujeres","author":"grieta","date":"23 junio, 2020","format":false,"excerpt":"Foto: Especial Juan Levario \/ El Diario NTR En\u00a0mayo 6 mil 530 mujeres\u00a0fueron v\u00edctimas de delitos en M\u00e9xico; de ellas, 442 son de\u00a0Jalisco,\u00a0lo que posiciona\u00a0al estado\u00a0en el segundo lugar a nivel nacional.\u00a0El\u00a0Estado de M\u00e9xico se\u00a0ubic\u00f3\u00a0en\u00a0el\u00a0primer lugar con mil 402 v\u00edctimas. El total de delitos en contra de mujeres de Jalisco\u00a0represent\u00f3\u2026","rel":"","context":"En &quot;CINTILLO&quot;","block_context":{"text":"CINTILLO","link":"https:\/\/www.grieta.org.mx\/index.php\/category\/cintillo\/"},"img":{"alt_text":"","src":"https:\/\/i0.wp.com\/www.grieta.org.mx\/wp-content\/uploads\/2020\/06\/2020-06-22_11-06-36___4846.jpg?resize=350%2C200&ssl=1","width":350,"height":200},"classes":[]},{"id":38240,"url":"https:\/\/www.grieta.org.mx\/index.php\/2019\/08\/17\/se-solidarizan-por-violencia-contra-las-mujeres-jalisco\/","url_meta":{"origin":32554,"position":2},"title":"Se solidarizan por violencia contra las mujeres (Jalisco)","author":"grieta","date":"17 agosto, 2019","format":false,"excerpt":"Foto: F Atilano. \/ El Informador Exigen justicia por caso de menor violada por polic\u00edas en la Ciudad de M\u00e9xico Redacci\u00f3n \/ El Informador Cerca de 200 manifestantes protestaron en la Plaza de Armas, en solidaridad y exigiendo justicia por el caso de una joven de 17 a\u00f1os quien presuntamente\u2026","rel":"","context":"En &quot;CINTILLO&quot;","block_context":{"text":"CINTILLO","link":"https:\/\/www.grieta.org.mx\/index.php\/category\/cintillo\/"},"img":{"alt_text":"","src":"https:\/\/i0.wp.com\/www.grieta.org.mx\/wp-content\/uploads\/2019\/08\/imagen_feminismox_feministasx31311658x_crop1566026510984.jpg_1970638775.jpg?resize=350%2C200&ssl=1","width":350,"height":200,"srcset":"https:\/\/i0.wp.com\/www.grieta.org.mx\/wp-content\/uploads\/2019\/08\/imagen_feminismox_feministasx31311658x_crop1566026510984.jpg_1970638775.jpg?resize=350%2C200&ssl=1 1x, https:\/\/i0.wp.com\/www.grieta.org.mx\/wp-content\/uploads\/2019\/08\/imagen_feminismox_feministasx31311658x_crop1566026510984.jpg_1970638775.jpg?resize=525%2C300&ssl=1 1.5x, https:\/\/i0.wp.com\/www.grieta.org.mx\/wp-content\/uploads\/2019\/08\/imagen_feminismox_feministasx31311658x_crop1566026510984.jpg_1970638775.jpg?resize=700%2C400&ssl=1 2x"},"classes":[]},{"id":62790,"url":"https:\/\/www.grieta.org.mx\/index.php\/2021\/11\/25\/marchan-mujeres-para-exigir-alto-a-la-violencia-en-vallarta-jalisco\/","url_meta":{"origin":32554,"position":3},"title":"Marchan mujeres para exigir alto a la violencia en Vallarta (Jalisco)","author":"grieta","date":"25 noviembre, 2021","format":false,"excerpt":"Foto: Tribuna de la Bah\u00eda Brenda Beltr\u00e1n \/ Tribuna de la Bah\u00eda Este jueves, colectivos de mujeres, hombres y ciudadanos en general, marcharon para exigir un alto a la violencia contra las mujeres de\u00a0Puerto Vallarta, saliendo del parque de\u00a0Las Mujeres hasta llegar a Los Arcos del Malec\u00f3n. Como ya se\u2026","rel":"","context":"En &quot;CINTILLO&quot;","block_context":{"text":"CINTILLO","link":"https:\/\/www.grieta.org.mx\/index.php\/category\/cintillo\/"},"img":{"alt_text":"","src":"https:\/\/i0.wp.com\/www.grieta.org.mx\/wp-content\/uploads\/2021\/11\/marcha-contra-violencia-vallarta-2-cover.jpg?resize=350%2C200&ssl=1","width":350,"height":200,"srcset":"https:\/\/i0.wp.com\/www.grieta.org.mx\/wp-content\/uploads\/2021\/11\/marcha-contra-violencia-vallarta-2-cover.jpg?resize=350%2C200&ssl=1 1x, https:\/\/i0.wp.com\/www.grieta.org.mx\/wp-content\/uploads\/2021\/11\/marcha-contra-violencia-vallarta-2-cover.jpg?resize=525%2C300&ssl=1 1.5x, https:\/\/i0.wp.com\/www.grieta.org.mx\/wp-content\/uploads\/2021\/11\/marcha-contra-violencia-vallarta-2-cover.jpg?resize=700%2C400&ssl=1 2x"},"classes":[]},{"id":62990,"url":"https:\/\/www.grieta.org.mx\/index.php\/2021\/12\/29\/quitan-recursos-contra-violencia-de-genero-jalisco\/","url_meta":{"origin":32554,"position":4},"title":"Quitan recursos contra violencia de g\u00e9nero (Jalisco)","author":"grieta","date":"29 diciembre, 2021","format":false,"excerpt":"Foto: Cortes\u00eda EFE Redacci\u00f3n \/ El Diario NTR En Jalisco las mujeres est\u00e1n en el olvido y completamente desprotegidas, el Estado en lugar de reforzar las pol\u00edticas y programas para prevenir, atender y eliminar la violencia de g\u00e9nero, les quita recursos, denunci\u00f3 Sandra Qui\u00f1onez Dom\u00ednguez, coordinadora de Cladem Jalisco. Adem\u00e1s,\u2026","rel":"","context":"En &quot;CINTILLO&quot;","block_context":{"text":"CINTILLO","link":"https:\/\/www.grieta.org.mx\/index.php\/category\/cintillo\/"},"img":{"alt_text":"","src":"https:\/\/i0.wp.com\/www.grieta.org.mx\/wp-content\/uploads\/2022\/01\/2021-12-29_05-12-06___6162.jpg?resize=350%2C200&ssl=1","width":350,"height":200,"srcset":"https:\/\/i0.wp.com\/www.grieta.org.mx\/wp-content\/uploads\/2022\/01\/2021-12-29_05-12-06___6162.jpg?resize=350%2C200&ssl=1 1x, https:\/\/i0.wp.com\/www.grieta.org.mx\/wp-content\/uploads\/2022\/01\/2021-12-29_05-12-06___6162.jpg?resize=525%2C300&ssl=1 1.5x, https:\/\/i0.wp.com\/www.grieta.org.mx\/wp-content\/uploads\/2022\/01\/2021-12-29_05-12-06___6162.jpg?resize=700%2C400&ssl=1 2x"},"classes":[]},{"id":38259,"url":"https:\/\/www.grieta.org.mx\/index.php\/2019\/08\/21\/marchan-estudiantes-para-exigir-seguridad-jalisco\/","url_meta":{"origin":32554,"position":5},"title":"Marchan estudiantes para exigir seguridad (Jalisco)","author":"grieta","date":"21 agosto, 2019","format":false,"excerpt":"Foto: Agapito Espinoza \"Yo si te creo\", \"No m\u00e1s violencia\" y \"fuera acosadores de la Universidad\", \"Ni una m\u00e1s\", fueron los reclamos de j\u00f3venes de la Preparatoria de Jalisco, luego del caso de una compa\u00f1era que sufri\u00f3 un intento de violaci\u00f3n Isaura L\u00f3pez \/ El Occidental \"Yo si te creo\",\u2026","rel":"","context":"En &quot;CINTILLO&quot;","block_context":{"text":"CINTILLO","link":"https:\/\/www.grieta.org.mx\/index.php\/category\/cintillo\/"},"img":{"alt_text":"","src":"https:\/\/i0.wp.com\/www.grieta.org.mx\/wp-content\/uploads\/2019\/08\/MARCHA-MUJERES-PREPA-1-1.jpg?resize=350%2C200&ssl=1","width":350,"height":200,"srcset":"https:\/\/i0.wp.com\/www.grieta.org.mx\/wp-content\/uploads\/2019\/08\/MARCHA-MUJERES-PREPA-1-1.jpg?resize=350%2C200&ssl=1 1x, https:\/\/i0.wp.com\/www.grieta.org.mx\/wp-content\/uploads\/2019\/08\/MARCHA-MUJERES-PREPA-1-1.jpg?resize=525%2C300&ssl=1 1.5x, https:\/\/i0.wp.com\/www.grieta.org.mx\/wp-content\/uploads\/2019\/08\/MARCHA-MUJERES-PREPA-1-1.jpg?resize=700%2C400&ssl=1 2x"},"classes":[]}],"_links":{"self":[{"href":"https:\/\/www.grieta.org.mx\/index.php\/wp-json\/wp\/v2\/posts\/32554","targetHints":{"allow":["GET"]}}],"collection":[{"href":"https:\/\/www.grieta.org.mx\/index.php\/wp-json\/wp\/v2\/posts"}],"about":[{"href":"https:\/\/www.grieta.org.mx\/index.php\/wp-json\/wp\/v2\/types\/post"}],"author":[{"embeddable":true,"href":"https:\/\/www.grieta.org.mx\/index.php\/wp-json\/wp\/v2\/users\/2"}],"replies":[{"embeddable":true,"href":"https:\/\/www.grieta.org.mx\/index.php\/wp-json\/wp\/v2\/comments?post=32554"}],"version-history":[{"count":1,"href":"https:\/\/www.grieta.org.mx\/index.php\/wp-json\/wp\/v2\/posts\/32554\/revisions"}],"predecessor-version":[{"id":32556,"href":"https:\/\/www.grieta.org.mx\/index.php\/wp-json\/wp\/v2\/posts\/32554\/revisions\/32556"}],"wp:featuredmedia":[{"embeddable":true,"href":"https:\/\/www.grieta.org.mx\/index.php\/wp-json\/wp\/v2\/media\/32555"}],"wp:attachment":[{"href":"https:\/\/www.grieta.org.mx\/index.php\/wp-json\/wp\/v2\/media?parent=32554"}],"wp:term":[{"taxonomy":"category","embeddable":true,"href":"https:\/\/www.grieta.org.mx\/index.php\/wp-json\/wp\/v2\/categories?post=32554"},{"taxonomy":"post_tag","embeddable":true,"href":"https:\/\/www.grieta.org.mx\/index.php\/wp-json\/wp\/v2\/tags?post=32554"}],"curies":[{"name":"wp","href":"https:\/\/api.w.org\/{rel}","templated":true}]}}