{"id":32524,"date":"2019-03-30T19:09:11","date_gmt":"2019-03-31T01:09:11","guid":{"rendered":"http:\/\/www.grieta.org.mx\/?p=32524"},"modified":"2019-04-25T19:11:50","modified_gmt":"2019-04-26T00:11:50","slug":"asesinan-en-veracruz-a-activista-abiram-hernandez-activista-por-los-desaparecidos","status":"publish","type":"post","link":"https:\/\/www.grieta.org.mx\/index.php\/2019\/03\/30\/asesinan-en-veracruz-a-activista-abiram-hernandez-activista-por-los-desaparecidos\/","title":{"rendered":"Asesinan en Veracruz a activista Abir\u00e1m Hern\u00e1ndez, activista por los desaparecidos"},"content":{"rendered":"<p><img loading=\"lazy\" decoding=\"async\" data-attachment-id=\"32525\" data-permalink=\"https:\/\/www.grieta.org.mx\/index.php\/2019\/03\/30\/asesinan-en-veracruz-a-activista-abiram-hernandez-activista-por-los-desaparecidos\/36539725_10160675006530442_3325318810486964224_n\/\" data-orig-file=\"https:\/\/www.grieta.org.mx\/wp-content\/uploads\/2019\/04\/36539725_10160675006530442_3325318810486964224_n.jpg\" data-orig-size=\"720,960\" data-comments-opened=\"0\" data-image-meta=\"{&quot;aperture&quot;:&quot;0&quot;,&quot;credit&quot;:&quot;&quot;,&quot;camera&quot;:&quot;&quot;,&quot;caption&quot;:&quot;&quot;,&quot;created_timestamp&quot;:&quot;0&quot;,&quot;copyright&quot;:&quot;&quot;,&quot;focal_length&quot;:&quot;0&quot;,&quot;iso&quot;:&quot;0&quot;,&quot;shutter_speed&quot;:&quot;0&quot;,&quot;title&quot;:&quot;&quot;,&quot;orientation&quot;:&quot;0&quot;}\" data-image-title=\"36539725_10160675006530442_3325318810486964224_n\" data-image-description=\"\" data-image-caption=\"\" data-medium-file=\"https:\/\/www.grieta.org.mx\/wp-content\/uploads\/2019\/04\/36539725_10160675006530442_3325318810486964224_n-225x300.jpg\" data-large-file=\"https:\/\/www.grieta.org.mx\/wp-content\/uploads\/2019\/04\/36539725_10160675006530442_3325318810486964224_n.jpg\" src=\"http:\/\/www.grieta.org.mx\/wp-content\/uploads\/2019\/04\/36539725_10160675006530442_3325318810486964224_n.jpg\" alt=\"\" width=\"720\" height=\"960\" class=\"alignleft size-full wp-image-32525\" srcset=\"https:\/\/www.grieta.org.mx\/wp-content\/uploads\/2019\/04\/36539725_10160675006530442_3325318810486964224_n.jpg 720w, https:\/\/www.grieta.org.mx\/wp-content\/uploads\/2019\/04\/36539725_10160675006530442_3325318810486964224_n-225x300.jpg 225w, https:\/\/www.grieta.org.mx\/wp-content\/uploads\/2019\/04\/36539725_10160675006530442_3325318810486964224_n-375x500.jpg 375w\" sizes=\"auto, (max-width: 720px) 100vw, 720px\" \/><\/p>\n<p>Abir\u00e1m Hern\u00e1ndez, ex integrante del colectivo Por la Paz de Xalapa, fue asesinado el d\u00eda de ayer de manera artera: su cuerpo fue encontrado en la sala de su casa con un golpe en la cabeza que le quit\u00f3 la vida, luego de que fueran forzadas las entradas a su casa.<\/p>\n<p>El joven, de 37 a\u00f1os, es recordado por haber hecho frente a Javier Duarte y Miguel \u00c1nguel Yunes por el problema de las desapariciones en el estado. Aunque ha cambiado el mando pol\u00edtico, las cosas siguen igual: Veracruz vuelve a ser tan temible como en las peores \u00e9pocas del PRI.<\/p>\n<p>Colectivos por los desaparecidos ya han expresado su indignaci\u00f3n por el caso y han exigido justicia para Abir\u00e1m.<\/p>\n<p><a href=\"https:\/\/terceravia.mx\/2019\/03\/asesinan-en-veracruz-a-activista-abiram-hernandez-activista-por-los-desaparecidos\/\">https:\/\/terceravia.mx\/2019\/03\/asesinan-en-veracruz-a-activista-abiram-hernandez-activista-por-los-desaparecidos\/<\/a><\/p>\n","protected":false},"excerpt":{"rendered":"<p>Abir\u00e1m Hern\u00e1ndez, ex integrante del colectivo Por la Paz de Xalapa, fue asesinado el d\u00eda de ayer de manera artera: su cuerpo fue encontrado en la sala de su casa &hellip; <a href=\"https:\/\/www.grieta.org.mx\/index.php\/2019\/03\/30\/asesinan-en-veracruz-a-activista-abiram-hernandez-activista-por-los-desaparecidos\/\" class=\"more-link\">Leer m\u00e1s<\/a><\/p>\n","protected":false},"author":2,"featured_media":32525,"comment_status":"closed","ping_status":"closed","sticky":false,"template":"","format":"standard","meta":{"ngg_post_thumbnail":0,"_jetpack_newsletter_access":"","_jetpack_dont_email_post_to_subs":false,"_jetpack_newsletter_tier_id":0,"_jetpack_memberships_contains_paywalled_content":false,"_jetpack_memberships_contains_paid_content":false,"footnotes":""},"categories":[2502,80,1012,2,35],"tags":[2140,121],"class_list":["post-32524","post","type-post","status-publish","format-standard","has-post-thumbnail","hentry","category-asesinato-de-activistas-en-veracruz","category-cintillo","category-desaparecidos-en-veracruz","category-noticias-nacionales","category-veracruz","tag-asesinato-de-activistas","tag-desaparecidos","entry"],"jetpack_featured_media_url":"https:\/\/www.grieta.org.mx\/wp-content\/uploads\/2019\/04\/36539725_10160675006530442_3325318810486964224_n.jpg","jetpack_sharing_enabled":true,"jetpack_shortlink":"https:\/\/wp.me\/p7ZJR4-8sA","jetpack_likes_enabled":false,"jetpack-related-posts":[{"id":32481,"url":"https:\/\/www.grieta.org.mx\/index.php\/2019\/04\/03\/temen-activistas-que-crimen-de-abiram-quede-impune-veracruz\/","url_meta":{"origin":32524,"position":0},"title":"Temen activistas que crimen de Abir\u00e1m quede impune (Veracruz)","author":"grieta","date":"3 abril, 2019","format":false,"excerpt":"Juan David Castilla \/ El Dem\u00f3crata Un grupo de activistas protest\u00f3 frente a Palacio de Gobierno para exigir a las autoridades que el crimen de Abir\u00e1m Hern\u00e1ndez no quede en la impunidad. Ana\u00eds Palacios P\u00e9rez, quien ha formado parte de colectivos de familiares de desaparecidos, denunci\u00f3 que a cinco d\u00edas\u2026","rel":"","context":"En &quot;CINTILLO&quot;","block_context":{"text":"CINTILLO","link":"https:\/\/www.grieta.org.mx\/index.php\/category\/cintillo\/"},"img":{"alt_text":"","src":"https:\/\/i0.wp.com\/www.grieta.org.mx\/wp-content\/uploads\/2019\/04\/Screenshot_2019-04-25-Temen-activistas-que-crimen-de-Abir%C3%A1m-quede-impune-El-Dem%C3%B3crata.jpg?resize=350%2C200&ssl=1","width":350,"height":200,"srcset":"https:\/\/i0.wp.com\/www.grieta.org.mx\/wp-content\/uploads\/2019\/04\/Screenshot_2019-04-25-Temen-activistas-que-crimen-de-Abir%C3%A1m-quede-impune-El-Dem%C3%B3crata.jpg?resize=350%2C200&ssl=1 1x, https:\/\/i0.wp.com\/www.grieta.org.mx\/wp-content\/uploads\/2019\/04\/Screenshot_2019-04-25-Temen-activistas-que-crimen-de-Abir%C3%A1m-quede-impune-El-Dem%C3%B3crata.jpg?resize=525%2C300&ssl=1 1.5x, https:\/\/i0.wp.com\/www.grieta.org.mx\/wp-content\/uploads\/2019\/04\/Screenshot_2019-04-25-Temen-activistas-que-crimen-de-Abir%C3%A1m-quede-impune-El-Dem%C3%B3crata.jpg?resize=700%2C400&ssl=1 2x, https:\/\/i0.wp.com\/www.grieta.org.mx\/wp-content\/uploads\/2019\/04\/Screenshot_2019-04-25-Temen-activistas-que-crimen-de-Abir%C3%A1m-quede-impune-El-Dem%C3%B3crata.jpg?resize=1050%2C600&ssl=1 3x, https:\/\/i0.wp.com\/www.grieta.org.mx\/wp-content\/uploads\/2019\/04\/Screenshot_2019-04-25-Temen-activistas-que-crimen-de-Abir%C3%A1m-quede-impune-El-Dem%C3%B3crata.jpg?resize=1400%2C800&ssl=1 4x"},"classes":[]},{"id":47321,"url":"https:\/\/www.grieta.org.mx\/index.php\/2020\/03\/30\/piden-justicia-para-abiram-hernandez-defensor-de-derechos-humanos-veracruz\/","url_meta":{"origin":32524,"position":1},"title":"Piden justicia para Abiram Hern\u00e1ndez, defensor de derechos humanos (Veracruz)","author":"Admin","date":"30 marzo, 2020","format":false,"excerpt":"Cinthya Trinidad \/ Vanguardia Xalapa, Ver.- Este 30 de marzo se cumpli\u00f3 un a\u00f1o del homicidio de Abiram Hern\u00e1ndez Fern\u00e1ndez, defensor de derechos humanos y acompa\u00f1ante de familias con personas desaparecidas. A la fecha, el crimen prevalece en la impunidad pues no hay avances en las investigaciones ni detenidos tras\u2026","rel":"","context":"En &quot;Asesinato de activistas en Veracruz&quot;","block_context":{"text":"Asesinato de activistas en Veracruz","link":"https:\/\/www.grieta.org.mx\/index.php\/category\/noticias-nacionales\/veracruz\/asesinato-de-activistas-en-veracruz\/"},"img":{"alt_text":"","src":"https:\/\/i0.wp.com\/www.grieta.org.mx\/wp-content\/uploads\/2020\/04\/PIDEN-1-4-1024x536.jpg?resize=350%2C200&ssl=1","width":350,"height":200,"srcset":"https:\/\/i0.wp.com\/www.grieta.org.mx\/wp-content\/uploads\/2020\/04\/PIDEN-1-4-1024x536.jpg?resize=350%2C200&ssl=1 1x, https:\/\/i0.wp.com\/www.grieta.org.mx\/wp-content\/uploads\/2020\/04\/PIDEN-1-4-1024x536.jpg?resize=525%2C300&ssl=1 1.5x, https:\/\/i0.wp.com\/www.grieta.org.mx\/wp-content\/uploads\/2020\/04\/PIDEN-1-4-1024x536.jpg?resize=700%2C400&ssl=1 2x"},"classes":[]},{"id":58037,"url":"https:\/\/www.grieta.org.mx\/index.php\/2021\/03\/28\/siembran-arboles-en-memoria-de-activista-y-18-asesinados-en-veracruz\/","url_meta":{"origin":32524,"position":2},"title":"Siembran \u00e1rboles en memoria de activista y 18 asesinados en Veracruz","author":"Admin","date":"28 marzo, 2021","format":false,"excerpt":"- Es la cuarta jornada de reforestaci\u00f3n que se ha llevado a cabo en la ciudad de Xalapa por desapariciones y asesinatos Juan David Castilla Arcos \/ Heraldo de M\u00e9xico Integrantes de la Coalici\u00f3n Estatal de la Diversidad Sexual y de otras organizaciones plantaron 24 \u00e1rboles en el bosque Don\u2026","rel":"","context":"En &quot;Asesinato de activistas en Veracruz&quot;","block_context":{"text":"Asesinato de activistas en Veracruz","link":"https:\/\/www.grieta.org.mx\/index.php\/category\/noticias-nacionales\/veracruz\/asesinato-de-activistas-en-veracruz\/"},"img":{"alt_text":"","src":"https:\/\/i0.wp.com\/www.grieta.org.mx\/wp-content\/uploads\/2021\/03\/Screenshot_2021-03-28-Siembran-arboles-en-memoria-de-activista-y-18-asesinados-en-Veracruz-FOTOS.png?resize=350%2C200&ssl=1","width":350,"height":200,"srcset":"https:\/\/i0.wp.com\/www.grieta.org.mx\/wp-content\/uploads\/2021\/03\/Screenshot_2021-03-28-Siembran-arboles-en-memoria-de-activista-y-18-asesinados-en-Veracruz-FOTOS.png?resize=350%2C200&ssl=1 1x, https:\/\/i0.wp.com\/www.grieta.org.mx\/wp-content\/uploads\/2021\/03\/Screenshot_2021-03-28-Siembran-arboles-en-memoria-de-activista-y-18-asesinados-en-Veracruz-FOTOS.png?resize=525%2C300&ssl=1 1.5x, https:\/\/i0.wp.com\/www.grieta.org.mx\/wp-content\/uploads\/2021\/03\/Screenshot_2021-03-28-Siembran-arboles-en-memoria-de-activista-y-18-asesinados-en-Veracruz-FOTOS.png?resize=700%2C400&ssl=1 2x, https:\/\/i0.wp.com\/www.grieta.org.mx\/wp-content\/uploads\/2021\/03\/Screenshot_2021-03-28-Siembran-arboles-en-memoria-de-activista-y-18-asesinados-en-Veracruz-FOTOS.png?resize=1050%2C600&ssl=1 3x"},"classes":[]},{"id":65660,"url":"https:\/\/www.grieta.org.mx\/index.php\/2022\/11\/01\/el-crimen-amenaza-a-activistas-para-frenar-busquedas-de-desaparecidos-en-veracruz\/","url_meta":{"origin":32524,"position":3},"title":"El crimen amenaza a activistas para frenar b\u00fasquedas de desaparecidos en Veracruz","author":"grieta","date":"1 noviembre, 2022","format":false,"excerpt":"Laura Morales \/ Imagen del Golfo Se necesita mayor seguridad en las brigadas de b\u00fasqueda que llevan a cabo los colectivos en predios de la entidad, pues los activistas siguen siendo amenazados e intimidados para frenar sus acciones. Rosal\u00eda Castro Toss, integrante del Colectivo Solecito, acus\u00f3 que no se sienten\u2026","rel":"","context":"En &quot;CINTILLO&quot;","block_context":{"text":"CINTILLO","link":"https:\/\/www.grieta.org.mx\/index.php\/category\/cintillo\/"},"img":{"alt_text":"","src":"https:\/\/i0.wp.com\/www.grieta.org.mx\/wp-content\/uploads\/2022\/11\/collage-78_1-focus-0-0-732-549.jpg?resize=350%2C200&ssl=1","width":350,"height":200,"srcset":"https:\/\/i0.wp.com\/www.grieta.org.mx\/wp-content\/uploads\/2022\/11\/collage-78_1-focus-0-0-732-549.jpg?resize=350%2C200&ssl=1 1x, https:\/\/i0.wp.com\/www.grieta.org.mx\/wp-content\/uploads\/2022\/11\/collage-78_1-focus-0-0-732-549.jpg?resize=525%2C300&ssl=1 1.5x, https:\/\/i0.wp.com\/www.grieta.org.mx\/wp-content\/uploads\/2022\/11\/collage-78_1-focus-0-0-732-549.jpg?resize=700%2C400&ssl=1 2x"},"classes":[]},{"id":53473,"url":"https:\/\/www.grieta.org.mx\/index.php\/2020\/08\/28\/integrantes-de-la-comunidad-lgbt-protestan-por-asesinato-de-transgenero-en-veracruz\/","url_meta":{"origin":32524,"position":4},"title":"Integrantes de la comunidad LGBT protestan por asesinato de transg\u00e9nero en Veracruz","author":"grieta","date":"28 agosto, 2020","format":false,"excerpt":"No\u00e9 Zavaleta \/ Proceso XALAPA, Ver. (apro).- Activistas LGTB y amigos de Brandy Carolina Melchor protestaron este viernes en la explanada de la Fiscal\u00eda General del estado (FGE) para exigir justicia por el asesinato de la mujer transg\u00e9nero y su madre, Mar\u00eda Luisa Huerta, el pasado mi\u00e9rcoles 26. Brandy, de\u2026","rel":"","context":"En &quot;CINTILLO&quot;","block_context":{"text":"CINTILLO","link":"https:\/\/www.grieta.org.mx\/index.php\/category\/cintillo\/"},"img":{"alt_text":"","src":"https:\/\/i0.wp.com\/www.grieta.org.mx\/wp-content\/uploads\/2020\/09\/asesinato-transexual-protesta-870x522-1.jpg?resize=350%2C200&ssl=1","width":350,"height":200,"srcset":"https:\/\/i0.wp.com\/www.grieta.org.mx\/wp-content\/uploads\/2020\/09\/asesinato-transexual-protesta-870x522-1.jpg?resize=350%2C200&ssl=1 1x, https:\/\/i0.wp.com\/www.grieta.org.mx\/wp-content\/uploads\/2020\/09\/asesinato-transexual-protesta-870x522-1.jpg?resize=525%2C300&ssl=1 1.5x, https:\/\/i0.wp.com\/www.grieta.org.mx\/wp-content\/uploads\/2020\/09\/asesinato-transexual-protesta-870x522-1.jpg?resize=700%2C400&ssl=1 2x"},"classes":[]},{"id":51050,"url":"https:\/\/www.grieta.org.mx\/index.php\/2020\/04\/09\/ambientalistas-claman-justicia-por-asesinato-de-activista-veracruz\/","url_meta":{"origin":32524,"position":5},"title":"Ambientalistas claman justicia por asesinato de activista (Veracruz)","author":"grieta","date":"9 abril, 2020","format":false,"excerpt":"Cinthya Trinidad \/ Vanguardia Xalapa, Ver.- Organizaciones ambientalistas y personas dedicadas al cuidado del medio ambiente exigen a las autoridades el esclarecimiento del asesinato del activista Ad\u00e1n Vez Lira, ocurrido este mi\u00e9rcoles 8 de abril, cerca de La Mancha, en el municipio de Actopan. En una carta firmada por diferentes\u2026","rel":"","context":"En &quot;Asesinato de activistas en Veracruz&quot;","block_context":{"text":"Asesinato de activistas en Veracruz","link":"https:\/\/www.grieta.org.mx\/index.php\/category\/noticias-nacionales\/veracruz\/asesinato-de-activistas-en-veracruz\/"},"img":{"alt_text":"","src":"https:\/\/i0.wp.com\/www.grieta.org.mx\/wp-content\/uploads\/2020\/06\/Screenshot_2020-06-19-adan-vez-lira-B%C3%BAsqueda-de-Google.png?resize=350%2C200&ssl=1","width":350,"height":200,"srcset":"https:\/\/i0.wp.com\/www.grieta.org.mx\/wp-content\/uploads\/2020\/06\/Screenshot_2020-06-19-adan-vez-lira-B%C3%BAsqueda-de-Google.png?resize=350%2C200&ssl=1 1x, https:\/\/i0.wp.com\/www.grieta.org.mx\/wp-content\/uploads\/2020\/06\/Screenshot_2020-06-19-adan-vez-lira-B%C3%BAsqueda-de-Google.png?resize=525%2C300&ssl=1 1.5x, https:\/\/i0.wp.com\/www.grieta.org.mx\/wp-content\/uploads\/2020\/06\/Screenshot_2020-06-19-adan-vez-lira-B%C3%BAsqueda-de-Google.png?resize=700%2C400&ssl=1 2x"},"classes":[]}],"_links":{"self":[{"href":"https:\/\/www.grieta.org.mx\/index.php\/wp-json\/wp\/v2\/posts\/32524","targetHints":{"allow":["GET"]}}],"collection":[{"href":"https:\/\/www.grieta.org.mx\/index.php\/wp-json\/wp\/v2\/posts"}],"about":[{"href":"https:\/\/www.grieta.org.mx\/index.php\/wp-json\/wp\/v2\/types\/post"}],"author":[{"embeddable":true,"href":"https:\/\/www.grieta.org.mx\/index.php\/wp-json\/wp\/v2\/users\/2"}],"replies":[{"embeddable":true,"href":"https:\/\/www.grieta.org.mx\/index.php\/wp-json\/wp\/v2\/comments?post=32524"}],"version-history":[{"count":1,"href":"https:\/\/www.grieta.org.mx\/index.php\/wp-json\/wp\/v2\/posts\/32524\/revisions"}],"predecessor-version":[{"id":32526,"href":"https:\/\/www.grieta.org.mx\/index.php\/wp-json\/wp\/v2\/posts\/32524\/revisions\/32526"}],"wp:featuredmedia":[{"embeddable":true,"href":"https:\/\/www.grieta.org.mx\/index.php\/wp-json\/wp\/v2\/media\/32525"}],"wp:attachment":[{"href":"https:\/\/www.grieta.org.mx\/index.php\/wp-json\/wp\/v2\/media?parent=32524"}],"wp:term":[{"taxonomy":"category","embeddable":true,"href":"https:\/\/www.grieta.org.mx\/index.php\/wp-json\/wp\/v2\/categories?post=32524"},{"taxonomy":"post_tag","embeddable":true,"href":"https:\/\/www.grieta.org.mx\/index.php\/wp-json\/wp\/v2\/tags?post=32524"}],"curies":[{"name":"wp","href":"https:\/\/api.w.org\/{rel}","templated":true}]}}