{"id":32503,"date":"2019-04-22T18:15:09","date_gmt":"2019-04-22T23:15:09","guid":{"rendered":"http:\/\/www.grieta.org.mx\/?p=32503"},"modified":"2019-04-25T18:27:32","modified_gmt":"2019-04-25T23:27:32","slug":"transcanada-concluira-gasoducto-tula-en-2020-veracruz","status":"publish","type":"post","link":"https:\/\/www.grieta.org.mx\/index.php\/2019\/04\/22\/transcanada-concluira-gasoducto-tula-en-2020-veracruz\/","title":{"rendered":"TransCanad\u00e1 concluir\u00e1 gasoducto Tula en 2020 (Veracruz)"},"content":{"rendered":"<p><img loading=\"lazy\" decoding=\"async\" data-attachment-id=\"32504\" data-permalink=\"https:\/\/www.grieta.org.mx\/index.php\/2019\/04\/22\/transcanada-concluira-gasoducto-tula-en-2020-veracruz\/serveimage-3\/\" data-orig-file=\"https:\/\/www.grieta.org.mx\/wp-content\/uploads\/2019\/04\/serveimage-2.jpg\" data-orig-size=\"300,168\" data-comments-opened=\"0\" data-image-meta=\"{&quot;aperture&quot;:&quot;0&quot;,&quot;credit&quot;:&quot;&quot;,&quot;camera&quot;:&quot;&quot;,&quot;caption&quot;:&quot;&quot;,&quot;created_timestamp&quot;:&quot;0&quot;,&quot;copyright&quot;:&quot;&quot;,&quot;focal_length&quot;:&quot;0&quot;,&quot;iso&quot;:&quot;0&quot;,&quot;shutter_speed&quot;:&quot;0&quot;,&quot;title&quot;:&quot;&quot;,&quot;orientation&quot;:&quot;0&quot;}\" data-image-title=\"serveimage\" data-image-description=\"\" data-image-caption=\"\" data-medium-file=\"https:\/\/www.grieta.org.mx\/wp-content\/uploads\/2019\/04\/serveimage-2-300x168.jpg\" data-large-file=\"https:\/\/www.grieta.org.mx\/wp-content\/uploads\/2019\/04\/serveimage-2.jpg\" src=\"http:\/\/www.grieta.org.mx\/wp-content\/uploads\/2019\/04\/serveimage-2.jpg\" alt=\"\" width=\"300\" height=\"168\" class=\"alignleft size-full wp-image-32504\" \/><\/p>\n<p>Redacci\u00f3n \/ Opportimes<\/p>\n<p>TransCanad\u00e1 completar\u00e1 en 2020 la construcci\u00f3n de un gasoducto que transportar\u00e1 gas natural desde Tuxpan, Veracruz, a los mercados cercanos a Tula, que se extender\u00e1 a trav\u00e9s de los estados de Puebla e Hidalgo.<\/p>\n<p>En noviembre de 2015, la compa\u00f1\u00eda se adjudic\u00f3 el contrato para construir, poseer y operar el ducto de 36 pulgadas y 324 km (201 millas) con un lateral de 16 pulgadas y 24 km (15 millas), respaldado por una TSA de gas natural a 25 a\u00f1os para 949 TJ\/d (886 MMcf \/d) con la Comisi\u00f3n Federal de Electricidad (CFE).<\/p>\n<p>La construcci\u00f3n del ducto de Tula se complet\u00f3 sustancialmente en 2017, con la excepci\u00f3n de aproximadamente 90 km (56 millas) del ducto.<\/p>\n<p>TransCanad\u00e1 dijo que la CFE ha aprobado el reconocimiento de eventos de fuerza mayor para el gasoducto de Tula, incluida la continuaci\u00f3n del pago de los cargos de capacidad fija que comenzaron en el primer trimestre de 2018. El inicio de la construcci\u00f3n del segmento central del proyecto se ha retrasado debido a una falta de progreso por parte de la Secretar\u00eda de Energ\u00eda respecto a una consulta ind\u00edgena.<\/p>\n<p>La finalizaci\u00f3n del proyecto se ha revisado hasta fines de 2020. TransCanad\u00e1 ha negociado contratos independientes de la CFE que permitir\u00edan que ciertos segmentos del gasoducto se pongan en servicio cuando haya gas disponible.<br \/>\nOtro gasoducto<\/p>\n<p>TransCanad\u00e1 podr\u00e1 en operaci\u00f3n el gasoducto Villa de Reyes en el segundo semestre de 2019.<\/p>\n<p>El gasoducto bidireccional transportar\u00e1 gas natural desde Tula, Hidalgo, a Villa de Reyes, San Luis Potos\u00ed, y se conectar\u00e1 a los gasoductos Tamazunchale y Tula, incluyendo un lateral al complejo industrial de Salamanca, en Guanajuato.<\/p>\n<p>Seg\u00fan TransCanad\u00e1, la CFE ha aprobado el reconocimiento de eventos de fuerza mayor para el gasoducto de Villa de Reyes, incluida la continuaci\u00f3n del pago de los cargos de capacidad fija que comenz\u00f3 la empresa en el primer trimestre de 2018.<\/p>\n<p>La construcci\u00f3n del proyecto contin\u00faa y se anticipa que estar\u00e1 en servicio en la segunda mitad de 2019. La empresa ha negociado contratos separados de la CFE que permitir\u00edan que ciertos segmentos del gasoducto se pongan en servicio cuando haya gas disponible.<\/p>\n<p>En abril de 2016, TransCanad\u00e1 se adjudic\u00f3 el contrato para construir, poseer y operar los ductos de Villa de Reyes de 36 y 24 pulgadas, con un total de 420 km (261 millas). La construcci\u00f3n del gasoducto est\u00e1 respaldada por una TSA de gas natural a 25 a\u00f1os por 949 TJ\/d (886 MMcf \/d) con la CFE.<\/p>\n<p>La construcci\u00f3n del proyecto comenz\u00f3, sin embargo, con demoras debido a las investigaciones arqueol\u00f3gicas por parte de las autoridades estatales.<\/p>\n<p><a href=\"https:\/\/www.opportimes.com\/transcanada-concluira-gasoducto-tula-en-2020\/\">https:\/\/www.opportimes.com\/transcanada-concluira-gasoducto-tula-en-2020\/<\/a><\/p>\n","protected":false},"excerpt":{"rendered":"<p>Redacci\u00f3n \/ Opportimes TransCanad\u00e1 completar\u00e1 en 2020 la construcci\u00f3n de un gasoducto que transportar\u00e1 gas natural desde Tuxpan, Veracruz, a los mercados cercanos a Tula, que se extender\u00e1 a trav\u00e9s &hellip; <a href=\"https:\/\/www.grieta.org.mx\/index.php\/2019\/04\/22\/transcanada-concluira-gasoducto-tula-en-2020-veracruz\/\" class=\"more-link\">Leer m\u00e1s<\/a><\/p>\n","protected":false},"author":2,"featured_media":32504,"comment_status":"closed","ping_status":"closed","sticky":false,"template":"","format":"standard","meta":{"ngg_post_thumbnail":0,"_jetpack_newsletter_access":"","_jetpack_dont_email_post_to_subs":false,"_jetpack_newsletter_tier_id":0,"_jetpack_memberships_contains_paywalled_content":false,"_jetpack_memberships_contains_paid_content":false,"footnotes":""},"categories":[80,2043,1429,3,922,935,951,2,35],"tags":[350,638,830],"class_list":["post-32503","post","type-post","status-publish","format-standard","has-post-thumbnail","hentry","category-cintillo","category-gasoducto-tuxpan-tula-analisis","category-lucha-contra-el-gasoducto-tuxpan-tula-puebla-veracruz-hidalgo","category-megaproyectos","category-megaproyectos-estados","category-mp-hidalgo","category-mp-veracruz","category-noticias-nacionales","category-veracruz","tag-gasoducto","tag-gasoducto-tuxpan-tula","tag-transcanada","entry"],"jetpack_featured_media_url":"https:\/\/www.grieta.org.mx\/wp-content\/uploads\/2019\/04\/serveimage-2.jpg","jetpack_sharing_enabled":true,"jetpack_shortlink":"https:\/\/wp.me\/p7ZJR4-8sf","jetpack_likes_enabled":false,"jetpack-related-posts":[{"id":11670,"url":"https:\/\/www.grieta.org.mx\/index.php\/2016\/04\/25\/inconformidad-e-incertidumbre-por-gasoducto-tula-tuxpan\/","url_meta":{"origin":32503,"position":0},"title":"Inconformidad e incertidumbre por gasoducto Tula-Tuxpan","author":"grieta","date":"25 abril, 2016","format":false,"excerpt":"La negativa de pago por afectaciones a las parcelas por el paso del ducto Tuxpan-Tula, para el funcionamiento de la hidroel\u00e9ctrica, propicia la inconformidad de propietarios de predios de los estados de Hidalgo, Puebla y Veracruz, especialmente territorio de Tihuatl\u00e1n, donde las empresas TransCanada Corporation, Transportadora de Gas Natural del\u2026","rel":"","context":"En &quot;CINTILLO&quot;","block_context":{"text":"CINTILLO","link":"https:\/\/www.grieta.org.mx\/index.php\/category\/cintillo\/"},"img":{"alt_text":"","src":"https:\/\/i0.wp.com\/www.grieta.org.mx\/wp-content\/uploads\/2018\/03\/14524434_1106112876131411_958039263622046936_o.jpg?resize=350%2C200&ssl=1","width":350,"height":200,"srcset":"https:\/\/i0.wp.com\/www.grieta.org.mx\/wp-content\/uploads\/2018\/03\/14524434_1106112876131411_958039263622046936_o.jpg?resize=350%2C200&ssl=1 1x, https:\/\/i0.wp.com\/www.grieta.org.mx\/wp-content\/uploads\/2018\/03\/14524434_1106112876131411_958039263622046936_o.jpg?resize=525%2C300&ssl=1 1.5x, https:\/\/i0.wp.com\/www.grieta.org.mx\/wp-content\/uploads\/2018\/03\/14524434_1106112876131411_958039263622046936_o.jpg?resize=700%2C400&ssl=1 2x"},"classes":[]},{"id":27751,"url":"https:\/\/www.grieta.org.mx\/index.php\/2018\/11\/18\/se-libra-sierra-norte-de-transcanada-suspende-gasoducto-puebla\/","url_meta":{"origin":32503,"position":1},"title":"Se libra Sierra Norte de TransCanada, suspende gasoducto (Puebla)","author":"grieta","date":"18 noviembre, 2018","format":false,"excerpt":"Municipios Puebla Por las mermas econ\u00f3micas que han generado las variaciones de las leyes de ingresos municipales y la resistencia de las comunidades inconformes con la construcci\u00f3n del gasoducto que impactar\u00eda en tres municipios de la Sierra Norte, la empresa TransCanada cancel\u00f3 la construcci\u00f3n del gasoducto Tuxpan-Tula, anunci\u00f3 esta semana.\u2026","rel":"","context":"En &quot;CINTILLO&quot;","block_context":{"text":"CINTILLO","link":"https:\/\/www.grieta.org.mx\/index.php\/category\/cintillo\/"},"img":{"alt_text":"","src":"https:\/\/i0.wp.com\/www.grieta.org.mx\/wp-content\/uploads\/2018\/11\/gasoducto_21.jpg?resize=350%2C200&ssl=1","width":350,"height":200,"srcset":"https:\/\/i0.wp.com\/www.grieta.org.mx\/wp-content\/uploads\/2018\/11\/gasoducto_21.jpg?resize=350%2C200&ssl=1 1x, https:\/\/i0.wp.com\/www.grieta.org.mx\/wp-content\/uploads\/2018\/11\/gasoducto_21.jpg?resize=525%2C300&ssl=1 1.5x, https:\/\/i0.wp.com\/www.grieta.org.mx\/wp-content\/uploads\/2018\/11\/gasoducto_21.jpg?resize=700%2C400&ssl=1 2x, https:\/\/i0.wp.com\/www.grieta.org.mx\/wp-content\/uploads\/2018\/11\/gasoducto_21.jpg?resize=1050%2C600&ssl=1 3x, https:\/\/i0.wp.com\/www.grieta.org.mx\/wp-content\/uploads\/2018\/11\/gasoducto_21.jpg?resize=1400%2C800&ssl=1 4x"},"classes":[]},{"id":38577,"url":"https:\/\/www.grieta.org.mx\/index.php\/2019\/08\/30\/piden-garantizar-derecho-de-consulta-en-comunidades-indigenas-ante-gasoductos-hidalgo\/","url_meta":{"origin":32503,"position":2},"title":"Piden garantizar derecho de consulta en comunidades ind\u00edgenas ante gasoductos (Hidalgo)","author":"Admin","date":"30 agosto, 2019","format":false,"excerpt":"Miriam Avil\u00e9s \/ AM El activista ambiental V\u00edctor Castillo P\u00e9rez, integrante del colectivo Ximh?i-Derechos Humanos para la Sierra Otom\u00ed-Tepehua, se\u00f1al\u00f3 que las transnacionales son las \u00fanicas que celebran el acuerdo entre la Comisi\u00f3n Federal de Electricidad (CFE) con la firma TransCanada para terminar la construcci\u00f3n del gasoducto Tuxpan-Tula. Lo anterior,\u2026","rel":"","context":"En &quot;CINTILLO&quot;","block_context":{"text":"CINTILLO","link":"https:\/\/www.grieta.org.mx\/index.php\/category\/cintillo\/"},"img":{"alt_text":"","src":"https:\/\/i0.wp.com\/www.grieta.org.mx\/wp-content\/uploads\/2019\/08\/Captura-de-pantalla-2019-08-31-19.40.49.png?resize=350%2C200&ssl=1","width":350,"height":200,"srcset":"https:\/\/i0.wp.com\/www.grieta.org.mx\/wp-content\/uploads\/2019\/08\/Captura-de-pantalla-2019-08-31-19.40.49.png?resize=350%2C200&ssl=1 1x, https:\/\/i0.wp.com\/www.grieta.org.mx\/wp-content\/uploads\/2019\/08\/Captura-de-pantalla-2019-08-31-19.40.49.png?resize=525%2C300&ssl=1 1.5x, https:\/\/i0.wp.com\/www.grieta.org.mx\/wp-content\/uploads\/2019\/08\/Captura-de-pantalla-2019-08-31-19.40.49.png?resize=700%2C400&ssl=1 2x"},"classes":[]},{"id":38984,"url":"https:\/\/www.grieta.org.mx\/index.php\/2019\/09\/05\/gasoducto-tuxpan-tula-sigue-sin-un-futuro-definido-hidalgo-puebla-veracruz\/","url_meta":{"origin":32503,"position":3},"title":"Gasoducto Tuxpan-Tula sigue sin un futuro definido (Hidalgo, Puebla, Veracruz)","author":"Admin","date":"5 septiembre, 2019","format":false,"excerpt":"Aranzaz\u00fa Ayala Mart\u00ednez \/ Lado B El gasoducto Tuxpan-Tula es uno de los megaproyectos que s\u00ed se echar\u00e1n a andar de acuerdo con el anuncio del gobierno federal, pero los habitantes siguen en la incertidumbre de qu\u00e9 pasar\u00e1 exactamente. El 27 de agosto el presidente Andr\u00e9s Manuel L\u00f3pez Obrador anunci\u00f3\u2026","rel":"","context":"En &quot;26. Sierra Puebla&quot;","block_context":{"text":"26. Sierra Puebla","link":"https:\/\/www.grieta.org.mx\/index.php\/category\/espejos-de-la-resistencia\/26-sierra-puebla\/"},"img":{"alt_text":"","src":"https:\/\/i0.wp.com\/www.grieta.org.mx\/wp-content\/uploads\/2019\/09\/Transcanada-maqueta-725x483.jpg?resize=350%2C200&ssl=1","width":350,"height":200,"srcset":"https:\/\/i0.wp.com\/www.grieta.org.mx\/wp-content\/uploads\/2019\/09\/Transcanada-maqueta-725x483.jpg?resize=350%2C200&ssl=1 1x, https:\/\/i0.wp.com\/www.grieta.org.mx\/wp-content\/uploads\/2019\/09\/Transcanada-maqueta-725x483.jpg?resize=525%2C300&ssl=1 1.5x, https:\/\/i0.wp.com\/www.grieta.org.mx\/wp-content\/uploads\/2019\/09\/Transcanada-maqueta-725x483.jpg?resize=700%2C400&ssl=1 2x"},"classes":[]},{"id":6958,"url":"https:\/\/www.grieta.org.mx\/index.php\/2015\/12\/01\/nuevo-gasoducto-tuxpan-tula-afectara-7-municipios-de-puebla\/","url_meta":{"origin":32503,"position":4},"title":"Nuevo gasoducto Tuxpan-Tula afectar\u00e1 7 municipios de Puebla","author":"Admin","date":"1 diciembre, 2015","format":false,"excerpt":"Leticia \u00c1nimas Vargas Se trata de Venustiano Carranza, Francisco Z. Mena, Jalpan, Tlaxco, Tlacuilotepec, Pahuatl\u00e1n y Honey Huauchinango, Pue.- M\u00e1s de 130 comunidades de Puebla, Hidalgo y Veracruz ser\u00e1n afectadas por la construcci\u00f3n del gasoducto Tuxpan-Tula que transportar\u00e1 886 millones de pies c\u00fabicos de gas diarios desde el sur de\u2026","rel":"","context":"En &quot;CINTILLO&quot;","block_context":{"text":"CINTILLO","link":"https:\/\/www.grieta.org.mx\/index.php\/category\/cintillo\/"},"img":{"alt_text":"","src":"https:\/\/i0.wp.com\/www.grieta.org.mx\/wp-content\/uploads\/2018\/03\/14524434_1106112876131411_958039263622046936_o.jpg?resize=350%2C200&ssl=1","width":350,"height":200,"srcset":"https:\/\/i0.wp.com\/www.grieta.org.mx\/wp-content\/uploads\/2018\/03\/14524434_1106112876131411_958039263622046936_o.jpg?resize=350%2C200&ssl=1 1x, https:\/\/i0.wp.com\/www.grieta.org.mx\/wp-content\/uploads\/2018\/03\/14524434_1106112876131411_958039263622046936_o.jpg?resize=525%2C300&ssl=1 1.5x, https:\/\/i0.wp.com\/www.grieta.org.mx\/wp-content\/uploads\/2018\/03\/14524434_1106112876131411_958039263622046936_o.jpg?resize=700%2C400&ssl=1 2x"},"classes":[]},{"id":29064,"url":"https:\/\/www.grieta.org.mx\/index.php\/2019\/02\/11\/comunidad-indigena-gana-amparo-contra-gasoducto-tuxpan-tula\/","url_meta":{"origin":32503,"position":5},"title":"Comunidad ind\u00edgena gana amparo contra gasoducto Tuxpan-Tula","author":"grieta","date":"11 febrero, 2019","format":false,"excerpt":"Gabriela Hern\u00e1ndez \/ Proceso PUEBLA, Pue. (apro).- La comunidad de Cuautepec, perteneciente al municipio de Tlacuilotepec, gan\u00f3 un amparo contra la construcci\u00f3n del gasoducto Tuxpan-Tula. La sentencia del juicio de amparo 1971\/2017, emitida por la juez Yolanda Vel\u00e1zquez Rebollo, refiere que el proyecto es susceptible de afectar el derecho colectivo\u2026","rel":"","context":"En &quot;CINTILLO&quot;","block_context":{"text":"CINTILLO","link":"https:\/\/www.grieta.org.mx\/index.php\/category\/cintillo\/"},"img":{"alt_text":"","src":"https:\/\/i0.wp.com\/www.grieta.org.mx\/wp-content\/uploads\/2019\/02\/tux.jpg?resize=350%2C200&ssl=1","width":350,"height":200,"srcset":"https:\/\/i0.wp.com\/www.grieta.org.mx\/wp-content\/uploads\/2019\/02\/tux.jpg?resize=350%2C200&ssl=1 1x, https:\/\/i0.wp.com\/www.grieta.org.mx\/wp-content\/uploads\/2019\/02\/tux.jpg?resize=525%2C300&ssl=1 1.5x, https:\/\/i0.wp.com\/www.grieta.org.mx\/wp-content\/uploads\/2019\/02\/tux.jpg?resize=700%2C400&ssl=1 2x"},"classes":[]}],"_links":{"self":[{"href":"https:\/\/www.grieta.org.mx\/index.php\/wp-json\/wp\/v2\/posts\/32503","targetHints":{"allow":["GET"]}}],"collection":[{"href":"https:\/\/www.grieta.org.mx\/index.php\/wp-json\/wp\/v2\/posts"}],"about":[{"href":"https:\/\/www.grieta.org.mx\/index.php\/wp-json\/wp\/v2\/types\/post"}],"author":[{"embeddable":true,"href":"https:\/\/www.grieta.org.mx\/index.php\/wp-json\/wp\/v2\/users\/2"}],"replies":[{"embeddable":true,"href":"https:\/\/www.grieta.org.mx\/index.php\/wp-json\/wp\/v2\/comments?post=32503"}],"version-history":[{"count":1,"href":"https:\/\/www.grieta.org.mx\/index.php\/wp-json\/wp\/v2\/posts\/32503\/revisions"}],"predecessor-version":[{"id":32505,"href":"https:\/\/www.grieta.org.mx\/index.php\/wp-json\/wp\/v2\/posts\/32503\/revisions\/32505"}],"wp:featuredmedia":[{"embeddable":true,"href":"https:\/\/www.grieta.org.mx\/index.php\/wp-json\/wp\/v2\/media\/32504"}],"wp:attachment":[{"href":"https:\/\/www.grieta.org.mx\/index.php\/wp-json\/wp\/v2\/media?parent=32503"}],"wp:term":[{"taxonomy":"category","embeddable":true,"href":"https:\/\/www.grieta.org.mx\/index.php\/wp-json\/wp\/v2\/categories?post=32503"},{"taxonomy":"post_tag","embeddable":true,"href":"https:\/\/www.grieta.org.mx\/index.php\/wp-json\/wp\/v2\/tags?post=32503"}],"curies":[{"name":"wp","href":"https:\/\/api.w.org\/{rel}","templated":true}]}}