{"id":32464,"date":"2019-04-04T11:32:31","date_gmt":"2019-04-04T17:32:31","guid":{"rendered":"http:\/\/www.grieta.org.mx\/?p=32464"},"modified":"2019-04-25T07:33:32","modified_gmt":"2019-04-25T12:33:32","slug":"huelga-de-hambre-en-akal-c-campeche","status":"publish","type":"post","link":"https:\/\/www.grieta.org.mx\/index.php\/2019\/04\/04\/huelga-de-hambre-en-akal-c-campeche\/","title":{"rendered":"Huelga de hambre en Akal-C (Campeche)"},"content":{"rendered":"<p><img loading=\"lazy\" decoding=\"async\" data-attachment-id=\"32479\" data-permalink=\"https:\/\/www.grieta.org.mx\/index.php\/2019\/04\/04\/huelga-de-hambre-en-akal-c-campeche\/huelgahambre-3\/\" data-orig-file=\"https:\/\/www.grieta.org.mx\/wp-content\/uploads\/2019\/04\/HuelgaHambre.png\" data-orig-size=\"686,396\" data-comments-opened=\"0\" data-image-meta=\"{&quot;aperture&quot;:&quot;0&quot;,&quot;credit&quot;:&quot;&quot;,&quot;camera&quot;:&quot;&quot;,&quot;caption&quot;:&quot;&quot;,&quot;created_timestamp&quot;:&quot;0&quot;,&quot;copyright&quot;:&quot;&quot;,&quot;focal_length&quot;:&quot;0&quot;,&quot;iso&quot;:&quot;0&quot;,&quot;shutter_speed&quot;:&quot;0&quot;,&quot;title&quot;:&quot;&quot;,&quot;orientation&quot;:&quot;0&quot;}\" data-image-title=\"HuelgaHambre\" data-image-description=\"\" data-image-caption=\"\" data-medium-file=\"https:\/\/www.grieta.org.mx\/wp-content\/uploads\/2019\/04\/HuelgaHambre-300x173.png\" data-large-file=\"https:\/\/www.grieta.org.mx\/wp-content\/uploads\/2019\/04\/HuelgaHambre.png\" src=\"http:\/\/www.grieta.org.mx\/wp-content\/uploads\/2019\/04\/HuelgaHambre.png\" alt=\"\" width=\"686\" height=\"396\" class=\"alignleft size-full wp-image-32479\" srcset=\"https:\/\/www.grieta.org.mx\/wp-content\/uploads\/2019\/04\/HuelgaHambre.png 686w, https:\/\/www.grieta.org.mx\/wp-content\/uploads\/2019\/04\/HuelgaHambre-300x173.png 300w\" sizes=\"auto, (max-width: 686px) 100vw, 686px\" \/><\/p>\n<p>Ignacio Morales\/PorEsto!<\/p>\n<blockquote><p>Plataformeros denuncian malas pr\u00e1cticas entre Veggies Health M\u00e9xico y el \u00e1rea de Alimentaci\u00f3n y Hospedaje de PEMEX \/ Reportan m\u00e1s intoxicados costa afuera por alimentos en mal estado<\/p><\/blockquote>\n<p>Veggies Health M\u00e9xico sigue dando de qu\u00e9 hablar en el \u00e1rea de plataformas y es que trabajadores de la Akal Charly el d\u00eda de ayer realizaron una huelga de hambre como manifestaci\u00f3n por el mal servicio de alimentaci\u00f3n, cabe mencionar que esta compa\u00f1\u00eda es propiedad de los Camargo Salinas, quienes por a\u00f1os se han visto favorecidos en la asignaci\u00f3n de contratos con Petr\u00f3leos Mexicanos (PEMEX), sin dar un buen servicio.<br \/>\nDe acuerdo a los trabajadores petroleros, los responsables de la mala alimentaci\u00f3n y problemas de salud por comer comida de muy mala calidad son el jefe de alimentaci\u00f3n y hospedaje de transporte de personal, Dino Casanova Loya y Humberto Valladares Zetina, supervisor de contrato de Veggies, compa\u00f1\u00eda de comodato que presta el servicio de alimentaci\u00f3n a bordo, as\u00ed como Alejandro Palacios Porras, l\u00edder de Habitacionales de Producci\u00f3n.<br \/>\nPor ello el d\u00eda de ayer todos los trabajadores de Petr\u00f3leos Mexicanos que est\u00e1n en la plataforma Akal-C decidieron realizar una huelga de hambre en contra de todas estas personas y pedir al director de PEMEX que atienda la emergencia, pues ya van m\u00e1s de 100 personas que resultan intoxicadas por consumir alimentos contaminados.<br \/>\nCabe mencionar que Veggies es una de las empresas privilegiadas, ya que Javier Camargo y sus hermanos han sido beneficiados en sexenios panistas y pri\u00edstas con contratos millonarios en la industria petrolera.<br \/>\nIncluso es una empresa que no les paga a sus trabajadores, pues les adeudan hasta tres quincenas las cuales les van cumpliendo en paguitos, como lo han mencionado los mismos empleados.<br \/>\nPor ello prefieren comprar productos de alimentaci\u00f3n de baja calidad y mandarlos a plataforma cobrando sus facturas millonarias, sin garantizar la alimentaci\u00f3n de todo el personal al que surte alimentos en la plataforma.<\/p>\n<p>En la \u00faltima supervisi\u00f3n en la plataforma Akal-C se determin\u00f3 que hab\u00eda una gotera de aguas negras cerca de la plancha en donde hac\u00edan la comida y nunca se dio cuenta el personal de mantenimiento de la empresa privada, esto gener\u00f3 que los trabajadores petroleros estuvieran en contacto con sustancias fecales en sus alimentos.<br \/>\nSituaci\u00f3n que presuntamente fue reparada y la empresa sigui\u00f3 laborando como si nada; sin embargo, en los \u00faltimos 30 d\u00edas ya son dos guardias m\u00e1s que resultan intoxicadas por ingerir alimentos de mala calidad.<br \/>\nLos trabajadores que se manifestaron el d\u00eda de ayer piden la salida de estos supervisores que solapan la corrupci\u00f3n y el mal servicio de la empresa de alimentaci\u00f3n y hoteler\u00eda Veggies, quienes no cumplen las normas de calidad ISO.<br \/>\n(Texto: Ignacio Morales \/ Fotos: Especial)<\/p>\n<p><a href=\"https:\/\/www.poresto.net\/2019\/04\/04\/huelga-de-hambre-en-akal-c\/\" rel=\"noopener noreferrer\" target=\"_blank\">https:\/\/www.poresto.net\/2019\/04\/04\/huelga-de-hambre-en-akal-c\/<\/a><\/p>\n","protected":false},"excerpt":{"rendered":"<p>Ignacio Morales\/PorEsto! Plataformeros denuncian malas pr\u00e1cticas entre Veggies Health M\u00e9xico y el \u00e1rea de Alimentaci\u00f3n y Hospedaje de PEMEX \/ Reportan m\u00e1s intoxicados costa afuera por alimentos en mal estado &hellip; <a href=\"https:\/\/www.grieta.org.mx\/index.php\/2019\/04\/04\/huelga-de-hambre-en-akal-c-campeche\/\" class=\"more-link\">Leer m\u00e1s<\/a><\/p>\n","protected":false},"author":2,"featured_media":32479,"comment_status":"closed","ping_status":"closed","sticky":false,"template":"","format":"standard","meta":{"ngg_post_thumbnail":0,"_jetpack_newsletter_access":"","_jetpack_dont_email_post_to_subs":false,"_jetpack_newsletter_tier_id":0,"_jetpack_memberships_contains_paywalled_content":false,"_jetpack_memberships_contains_paid_content":false,"footnotes":""},"categories":[11,80,1040,2],"tags":[634,125],"class_list":["post-32464","post","type-post","status-publish","format-standard","has-post-thumbnail","hentry","category-campeche","category-cintillo","category-conflictos-laborales-en-campeche","category-noticias-nacionales","tag-condiciones-laborales","tag-pemex","entry"],"jetpack_featured_media_url":"https:\/\/www.grieta.org.mx\/wp-content\/uploads\/2019\/04\/HuelgaHambre.png","jetpack_sharing_enabled":true,"jetpack_shortlink":"https:\/\/wp.me\/p7ZJR4-8rC","jetpack_likes_enabled":false,"jetpack-related-posts":[{"id":53143,"url":"https:\/\/www.grieta.org.mx\/index.php\/2020\/09\/08\/obreros-de-plataformas-de-la-sonda-de-campeche-inician-huelga-de-hambre\/","url_meta":{"origin":32464,"position":0},"title":"Obreros de plataformas de la Sonda de Campeche inician huelga de hambre","author":"grieta","date":"8 septiembre, 2020","format":false,"excerpt":"Rosa Santana \/ Proceso CIUDAD DEL CARMEN, Cam. (apro).- Cientos de obreros abordo de las plataformas petroleras Abkat\u00fan Alfa, Pool Alfa y N1, en la Sonda de Campeche, se declararon en huelga de hambre en protesta por el deficiente servicio de alimentaci\u00f3n que reciben de la empresa Topqual Food 365.\u2026","rel":"","context":"En &quot;Campeche&quot;","block_context":{"text":"Campeche","link":"https:\/\/www.grieta.org.mx\/index.php\/category\/noticias-nacionales\/campeche\/"},"img":{"alt_text":"","src":"https:\/\/i0.wp.com\/www.grieta.org.mx\/wp-content\/uploads\/2020\/09\/sonda-campec-he-e1599675029340.jpg?resize=350%2C200&ssl=1","width":350,"height":200,"srcset":"https:\/\/i0.wp.com\/www.grieta.org.mx\/wp-content\/uploads\/2020\/09\/sonda-campec-he-e1599675029340.jpg?resize=350%2C200&ssl=1 1x, https:\/\/i0.wp.com\/www.grieta.org.mx\/wp-content\/uploads\/2020\/09\/sonda-campec-he-e1599675029340.jpg?resize=525%2C300&ssl=1 1.5x, https:\/\/i0.wp.com\/www.grieta.org.mx\/wp-content\/uploads\/2020\/09\/sonda-campec-he-e1599675029340.jpg?resize=700%2C400&ssl=1 2x"},"classes":[]},{"id":29843,"url":"https:\/\/www.grieta.org.mx\/index.php\/2019\/03\/01\/intoxicados-con-bacteria-cerca-de-40-petroleros-campeche\/","url_meta":{"origin":32464,"position":1},"title":"Intoxicados con bacteria cerca de 40 petroleros (Campeche)","author":"grieta","date":"1 marzo, 2019","format":false,"excerpt":"Gabriel Viche\/Novedades Cerca de 40 trabajadores de la plataforma Akal C, entre personal de Petr\u00f3leos Mexicanos (Pemex) y de compa\u00f1\u00eda, est\u00e1n intoxicados por una bacteria debido a la mala calidad de los alimentos por parte de la compa\u00f1\u00eda Veggies Light. Los obreros a bordo hicieron un llamado de auxilio a\u2026","rel":"","context":"En &quot;Campeche&quot;","block_context":{"text":"Campeche","link":"https:\/\/www.grieta.org.mx\/index.php\/category\/noticias-nacionales\/campeche\/"},"img":{"alt_text":"","src":"https:\/\/i0.wp.com\/www.grieta.org.mx\/wp-content\/uploads\/2019\/03\/28intoxicados-696x461.jpg?resize=350%2C200&ssl=1","width":350,"height":200,"srcset":"https:\/\/i0.wp.com\/www.grieta.org.mx\/wp-content\/uploads\/2019\/03\/28intoxicados-696x461.jpg?resize=350%2C200&ssl=1 1x, https:\/\/i0.wp.com\/www.grieta.org.mx\/wp-content\/uploads\/2019\/03\/28intoxicados-696x461.jpg?resize=525%2C300&ssl=1 1.5x"},"classes":[]},{"id":68798,"url":"https:\/\/www.grieta.org.mx\/index.php\/2024\/04\/07\/un-trabajador-muerto-y-13-heridos-en-un-incendio-en-una-plataforma-de-pemex-campeche\/","url_meta":{"origin":32464,"position":2},"title":"Un trabajador muerto y 13 heridos en un incendio en una plataforma de Pemex (Campeche)","author":"grieta","date":"7 abril, 2024","format":false,"excerpt":"Pablo Ferri \/ El Pa\u00eds Un incendio en una plataforma de Pemex en Campeche, en el sur de M\u00e9xico, ha dejado un muerto y 13 heridos, seg\u00fan ha confirmado la empresa paraestatal, en un comunicado divulgado este domingo. Pemex no ha dado detalles del origen y los motivos del siniestro.\u2026","rel":"","context":"En &quot;Campeche&quot;","block_context":{"text":"Campeche","link":"https:\/\/www.grieta.org.mx\/index.php\/category\/noticias-nacionales\/campeche\/"},"img":{"alt_text":"","src":"https:\/\/i0.wp.com\/www.grieta.org.mx\/wp-content\/uploads\/2024\/04\/Incendio-e1712951433295.jpg?resize=350%2C200&ssl=1","width":350,"height":200,"srcset":"https:\/\/i0.wp.com\/www.grieta.org.mx\/wp-content\/uploads\/2024\/04\/Incendio-e1712951433295.jpg?resize=350%2C200&ssl=1 1x, https:\/\/i0.wp.com\/www.grieta.org.mx\/wp-content\/uploads\/2024\/04\/Incendio-e1712951433295.jpg?resize=525%2C300&ssl=1 1.5x, https:\/\/i0.wp.com\/www.grieta.org.mx\/wp-content\/uploads\/2024\/04\/Incendio-e1712951433295.jpg?resize=700%2C400&ssl=1 2x"},"classes":[]},{"id":42966,"url":"https:\/\/www.grieta.org.mx\/index.php\/2020\/01\/07\/un-incendio-en-una-plataforma-de-pemex-en-campeche-deja-tres-heridos\/","url_meta":{"origin":32464,"position":3},"title":"Un incendio en una plataforma de Pemex en Campeche deja tres heridos","author":"grieta","date":"7 enero, 2020","format":false,"excerpt":"Rosa Santana \/ Proceso CIUDAD DEL CARMEN, Cam. (apro). \u2013 Un incendio registrado esta ma\u00f1ana en la plataforma Akal-C 6 de Pemex, ubicada en la Sonda de Campeche, dej\u00f3 un saldo de tres trabajadores lesionados. El incidente ocurri\u00f3 aproximadamente a las 10:00 horas de este martes en el lado oeste\u2026","rel":"","context":"En &quot;Campeche&quot;","block_context":{"text":"Campeche","link":"https:\/\/www.grieta.org.mx\/index.php\/category\/noticias-nacionales\/campeche\/"},"img":{"alt_text":"","src":"https:\/\/i0.wp.com\/www.grieta.org.mx\/wp-content\/uploads\/2020\/01\/Pemex_Campeche-870x522-e1578770327600.jpg?resize=350%2C200&ssl=1","width":350,"height":200,"srcset":"https:\/\/i0.wp.com\/www.grieta.org.mx\/wp-content\/uploads\/2020\/01\/Pemex_Campeche-870x522-e1578770327600.jpg?resize=350%2C200&ssl=1 1x, https:\/\/i0.wp.com\/www.grieta.org.mx\/wp-content\/uploads\/2020\/01\/Pemex_Campeche-870x522-e1578770327600.jpg?resize=525%2C300&ssl=1 1.5x, https:\/\/i0.wp.com\/www.grieta.org.mx\/wp-content\/uploads\/2020\/01\/Pemex_Campeche-870x522-e1578770327600.jpg?resize=700%2C400&ssl=1 2x"},"classes":[]},{"id":9598,"url":"https:\/\/www.grieta.org.mx\/index.php\/2016\/09\/10\/conflictos-laborales-en-campeche\/","url_meta":{"origin":32464,"position":4},"title":"Conflictos laborales en Campeche","author":"grieta","date":"10 septiembre, 2016","format":false,"excerpt":"10\/09\/16. Despiden a obreros de PASA por protestar (Campeche) Tribuna 09\/09\/16. Jubilados exigen pago de bonos (Campeche) Tribuna 06\/09\/16. Paran otra vez los polic\u00edas; sin bono (Campeche) Tribuna 30\/08\/16. Bloquean Planta de Nitr\u00f3geno Cantarell (Campeche) Tribuna 20\/08\/16. Paralizan labores en Cobacam (Campeche) Tribuna 12\/08\/16. Plantean demandas empleados del INAH (Campeche)\u2026","rel":"","context":"En &quot;Campeche&quot;","block_context":{"text":"Campeche","link":"https:\/\/www.grieta.org.mx\/index.php\/category\/noticias-nacionales\/campeche\/"},"img":{"alt_text":"","src":"https:\/\/i0.wp.com\/www.grieta.org.mx\/wp-content\/uploads\/2018\/03\/14524434_1106112876131411_958039263622046936_o.jpg?resize=350%2C200&ssl=1","width":350,"height":200,"srcset":"https:\/\/i0.wp.com\/www.grieta.org.mx\/wp-content\/uploads\/2018\/03\/14524434_1106112876131411_958039263622046936_o.jpg?resize=350%2C200&ssl=1 1x, https:\/\/i0.wp.com\/www.grieta.org.mx\/wp-content\/uploads\/2018\/03\/14524434_1106112876131411_958039263622046936_o.jpg?resize=525%2C300&ssl=1 1.5x, https:\/\/i0.wp.com\/www.grieta.org.mx\/wp-content\/uploads\/2018\/03\/14524434_1106112876131411_958039263622046936_o.jpg?resize=700%2C400&ssl=1 2x"},"classes":[]},{"id":1734,"url":"https:\/\/www.grieta.org.mx\/index.php\/2015\/05\/05\/mueren-dos-trabajadores-por-accidente-en-plataforma-pemex\/","url_meta":{"origin":32464,"position":5},"title":"Mueren dos trabajadores por accidente en plataforma: Pemex","author":"grieta","date":"5 mayo, 2015","format":false,"excerpt":"La plataforma Troll Solution, propiedad de la empresa Typhoon, se lade\u00f3 cuando se estaba posicionando para dar servicio de mantenimiento a pozos por lo que 101 trabajadores tuvieron que ser desalojados, inform\u00f3 Petr\u00f3leos Mexicanos. CIUDAD DE M\u00c9XICO.- Dos trabajadores murieron este martes luego de que una plataforma en la Sonda\u2026","rel":"","context":"En &quot;campeche&quot;","block_context":{"text":"campeche","link":"https:\/\/www.grieta.org.mx\/index.php\/category\/campeche\/"},"img":{"alt_text":"","src":"https:\/\/i0.wp.com\/www.grieta.org.mx\/wp-content\/uploads\/2018\/03\/14524434_1106112876131411_958039263622046936_o.jpg?resize=350%2C200&ssl=1","width":350,"height":200,"srcset":"https:\/\/i0.wp.com\/www.grieta.org.mx\/wp-content\/uploads\/2018\/03\/14524434_1106112876131411_958039263622046936_o.jpg?resize=350%2C200&ssl=1 1x, https:\/\/i0.wp.com\/www.grieta.org.mx\/wp-content\/uploads\/2018\/03\/14524434_1106112876131411_958039263622046936_o.jpg?resize=525%2C300&ssl=1 1.5x, https:\/\/i0.wp.com\/www.grieta.org.mx\/wp-content\/uploads\/2018\/03\/14524434_1106112876131411_958039263622046936_o.jpg?resize=700%2C400&ssl=1 2x"},"classes":[]}],"_links":{"self":[{"href":"https:\/\/www.grieta.org.mx\/index.php\/wp-json\/wp\/v2\/posts\/32464","targetHints":{"allow":["GET"]}}],"collection":[{"href":"https:\/\/www.grieta.org.mx\/index.php\/wp-json\/wp\/v2\/posts"}],"about":[{"href":"https:\/\/www.grieta.org.mx\/index.php\/wp-json\/wp\/v2\/types\/post"}],"author":[{"embeddable":true,"href":"https:\/\/www.grieta.org.mx\/index.php\/wp-json\/wp\/v2\/users\/2"}],"replies":[{"embeddable":true,"href":"https:\/\/www.grieta.org.mx\/index.php\/wp-json\/wp\/v2\/comments?post=32464"}],"version-history":[{"count":1,"href":"https:\/\/www.grieta.org.mx\/index.php\/wp-json\/wp\/v2\/posts\/32464\/revisions"}],"predecessor-version":[{"id":32480,"href":"https:\/\/www.grieta.org.mx\/index.php\/wp-json\/wp\/v2\/posts\/32464\/revisions\/32480"}],"wp:featuredmedia":[{"embeddable":true,"href":"https:\/\/www.grieta.org.mx\/index.php\/wp-json\/wp\/v2\/media\/32479"}],"wp:attachment":[{"href":"https:\/\/www.grieta.org.mx\/index.php\/wp-json\/wp\/v2\/media?parent=32464"}],"wp:term":[{"taxonomy":"category","embeddable":true,"href":"https:\/\/www.grieta.org.mx\/index.php\/wp-json\/wp\/v2\/categories?post=32464"},{"taxonomy":"post_tag","embeddable":true,"href":"https:\/\/www.grieta.org.mx\/index.php\/wp-json\/wp\/v2\/tags?post=32464"}],"curies":[{"name":"wp","href":"https:\/\/api.w.org\/{rel}","templated":true}]}}