{"id":32438,"date":"2019-04-19T00:58:04","date_gmt":"2019-04-19T05:58:04","guid":{"rendered":"http:\/\/www.grieta.org.mx\/?p=32438"},"modified":"2019-04-23T01:10:37","modified_gmt":"2019-04-23T06:10:37","slug":"reviven-calvario-por-la-ausencia-de-familiares-nuevo-leon","status":"publish","type":"post","link":"https:\/\/www.grieta.org.mx\/index.php\/2019\/04\/19\/reviven-calvario-por-la-ausencia-de-familiares-nuevo-leon\/","title":{"rendered":"Reviven calvario por la ausencia de familiares (Nuevo Le\u00f3n)"},"content":{"rendered":"<p><img loading=\"lazy\" decoding=\"async\" data-attachment-id=\"32439\" data-permalink=\"https:\/\/www.grieta.org.mx\/index.php\/2019\/04\/19\/reviven-calvario-por-la-ausencia-de-familiares-nuevo-leon\/reviven-calvario-por-la-ausencia-de-familiares-nl-abr\/\" data-orig-file=\"https:\/\/www.grieta.org.mx\/wp-content\/uploads\/2019\/04\/Reviven-calvario-por-la-ausencia-de-familiares-nl-abr.jpg\" data-orig-size=\"287,176\" data-comments-opened=\"0\" data-image-meta=\"{&quot;aperture&quot;:&quot;0&quot;,&quot;credit&quot;:&quot;&quot;,&quot;camera&quot;:&quot;&quot;,&quot;caption&quot;:&quot;&quot;,&quot;created_timestamp&quot;:&quot;0&quot;,&quot;copyright&quot;:&quot;&quot;,&quot;focal_length&quot;:&quot;0&quot;,&quot;iso&quot;:&quot;0&quot;,&quot;shutter_speed&quot;:&quot;0&quot;,&quot;title&quot;:&quot;&quot;,&quot;orientation&quot;:&quot;0&quot;}\" data-image-title=\"Reviven calvario por la ausencia de familiares nl abr\" data-image-description=\"\" data-image-caption=\"\" data-medium-file=\"https:\/\/www.grieta.org.mx\/wp-content\/uploads\/2019\/04\/Reviven-calvario-por-la-ausencia-de-familiares-nl-abr.jpg\" data-large-file=\"https:\/\/www.grieta.org.mx\/wp-content\/uploads\/2019\/04\/Reviven-calvario-por-la-ausencia-de-familiares-nl-abr.jpg\" class=\"alignleft  wp-image-32439\" src=\"http:\/\/www.grieta.org.mx\/wp-content\/uploads\/2019\/04\/Reviven-calvario-por-la-ausencia-de-familiares-nl-abr.jpg\" alt=\"\" width=\"355\" height=\"218\" \/><br \/>\nDavid Carrizales \/ El Universal<\/p>\n<p>Monterrey.\u2014 Familiares de desaparecidos de Nuevo Le\u00f3n, en apego a la tradici\u00f3n cristiana, salieron este Jueves Santo a recorrer los siete templos para simbolizar el calvario que han vivido sin saber de sus seres queridos, al peregrinar de una dependencia a otra sin recibir la atenci\u00f3n debida.<\/p>\n<p>En el grupo conformado mayoritariamente por mujeres estuvieron Magdalena Trejo, quien acudi\u00f3 por primera vez para orar por su hermano, Vicente Constantino Trejo Reyes, desaparecido en octubre de 2018; Juana Catalina Estala Lozano, quien nada sabe de su hijo Jos\u00e9 Cruz S\u00e1nchez, desaparecido en Reynosa en 2012, y Mar\u00eda Graciela Nuncio, quien en octubre pasado encontr\u00f3 los restos de su hijo Francisco Reyna, pero exige justicia, saber por qu\u00e9 lo mataron.<\/p>\n<p>Juana Catalina Estala Lozano, coordinadora de Amores (Agrupaci\u00f3n de Mujeres Organizadas por los Ejecutados, Secuestrados y Desaparecidos de Nuevo Le\u00f3n), que surgi\u00f3 impulsada por la asociaci\u00f3n Ciudadanos en Apoyo a los Derechos Humanos (Cadhac), ha participado en esta representaci\u00f3n desde hace varios a\u00f1os para pedir por su hijo Jos\u00e9 Cruz S\u00e1nchez Estala, desaparecido el 2 de octubre de 2012 en Reynosa.<\/p>\n<p>Jos\u00e9 Cruz, quien hoy tendr\u00eda 30 a\u00f1os, trabajaba para una empresa regiomontana de naves industriales. Junto con otros siete trabajadores de Monterrey se lo llevaron de una casa que rentaban en Reynosa.<\/p>\n<p>Juana Catalina dijo que la visita a los siete templos es para recordar la Pasi\u00f3n de Cristo, orar por sus seres queridos y exigir justicia.<\/p>\n<p>\u201cMi hijo desapareci\u00f3 en Reynosa, vengo aqu\u00ed y me dicen: no, es all\u00e1, voy all\u00e1 y me dicen: pues no, aqu\u00ed no puedes porque hay much\u00edsima inseguridad; no haya uno ni a qu\u00e9 lado ir, no sabes d\u00f3nde te van a responder\u201d.<\/p>\n<p>Agreg\u00f3: \u201cAs\u00ed trajeron a Jes\u00fas, de un lado a otro, y las autoridades como Poncio Pilatos, se lavan las manos\u201d. Esto nos hace venir a visitar los templos para orar, para pedir a Dios, y a decirle que no perdemos la esperanza que alg\u00fan d\u00eda vamos a saber de ellos. Iniciaron su recorrido en la Catedral de Monterrey, pasaron por la capilla Dulces Nombres, y las parroquias del Sagrado Coraz\u00f3n, El Roble y Dolores, Perpetuo Socorro y San Jos\u00e9.<\/p>\n<p>En total son 65 familias organizadas en Amores las que tienen uno, dos o m\u00e1s familiares desaparecidos, y quisieron agradecer estar con vida y tener fuerzas para seguir buscando hasta hallar a sus seres queridos.<\/p>\n<p>Ah\u00ed estuvo tambi\u00e9n do\u00f1a Mar\u00eda Graciela Nuncio Mendoza, no obstante que el pasado 4 de octubre encontr\u00f3 en Salinas Victoria los restos de su hijo, desaparecido el 3 de noviembre de 2015. Sigue participando en las actividades del grupo Amores, porque ahora busca justicia.<\/p>\n<p><a href=\"https:\/\/www.eluniversal.com.mx\/estados\/reviven-calvario-por-la-ausencia-de-familiares\" target=\"_blank\" rel=\"noopener noreferrer\">https:\/\/www.eluniversal.com.mx\/estados\/reviven-calvario-por-la-ausencia-de-familiares<\/a><\/p>\n","protected":false},"excerpt":{"rendered":"<p>David Carrizales \/ El Universal Monterrey.\u2014 Familiares de desaparecidos de Nuevo Le\u00f3n, en apego a la tradici\u00f3n cristiana, salieron este Jueves Santo a recorrer los siete templos para simbolizar el &hellip; <a href=\"https:\/\/www.grieta.org.mx\/index.php\/2019\/04\/19\/reviven-calvario-por-la-ausencia-de-familiares-nuevo-leon\/\" class=\"more-link\">Leer m\u00e1s<\/a><\/p>\n","protected":false},"author":2,"featured_media":32439,"comment_status":"closed","ping_status":"closed","sticky":false,"template":"","format":"standard","meta":{"ngg_post_thumbnail":0,"_jetpack_newsletter_access":"","_jetpack_dont_email_post_to_subs":false,"_jetpack_newsletter_tier_id":0,"_jetpack_memberships_contains_paywalled_content":false,"_jetpack_memberships_contains_paid_content":false,"footnotes":""},"categories":[80,87,1043,1197,2,24,33,83],"tags":[121],"class_list":["post-32438","post","type-post","status-publish","format-standard","has-post-thumbnail","hentry","category-cintillo","category-desaparecidos","category-desaparecidos-en-nuevo-leon","category-desaparecidos-en-tamaulipas","category-noticias-nacionales","category-nuevo-leon","category-tamaulipas","category-temas-nacionales","tag-desaparecidos","entry"],"jetpack_featured_media_url":"https:\/\/www.grieta.org.mx\/wp-content\/uploads\/2019\/04\/Reviven-calvario-por-la-ausencia-de-familiares-nl-abr.jpg","jetpack_sharing_enabled":true,"jetpack_shortlink":"https:\/\/wp.me\/p7ZJR4-8rc","jetpack_likes_enabled":false,"jetpack-related-posts":[{"id":33319,"url":"https:\/\/www.grieta.org.mx\/index.php\/2019\/05\/10\/marchan-madres-en-nuevo-leon-por-sus-hijos-desaparecidos\/","url_meta":{"origin":32438,"position":0},"title":"Marchan madres en Nuevo Le\u00f3n por sus hijos desaparecidos","author":"grieta","date":"10 mayo, 2019","format":false,"excerpt":"Aracely Chantaka \/ Vanguardia La movilizaci\u00f3n se registr\u00f3, este viernes, en el marco del D\u00eda de las Madres y congreg\u00f3 a decenas de integrantes de esa agrupaci\u00f3n que es respaldada por Ciudadanos en Apoyo a los Derechos Humanos (Cadhac) Monterrey, Nuevo Le\u00f3n.- La ausencia de un hijo desaparecido no se\u2026","rel":"","context":"En &quot;CINTILLO&quot;","block_context":{"text":"CINTILLO","link":"https:\/\/www.grieta.org.mx\/index.php\/category\/cintillo\/"},"img":{"alt_text":"","src":"https:\/\/i0.wp.com\/www.grieta.org.mx\/wp-content\/uploads\/2019\/05\/Marchan-madres-en-Nuevo-Le%C3%B3n-por-sus-hijos-desaparecidos-nl-may.jpg?resize=350%2C200&ssl=1","width":350,"height":200,"srcset":"https:\/\/i0.wp.com\/www.grieta.org.mx\/wp-content\/uploads\/2019\/05\/Marchan-madres-en-Nuevo-Le%C3%B3n-por-sus-hijos-desaparecidos-nl-may.jpg?resize=350%2C200&ssl=1 1x, https:\/\/i0.wp.com\/www.grieta.org.mx\/wp-content\/uploads\/2019\/05\/Marchan-madres-en-Nuevo-Le%C3%B3n-por-sus-hijos-desaparecidos-nl-may.jpg?resize=525%2C300&ssl=1 1.5x, https:\/\/i0.wp.com\/www.grieta.org.mx\/wp-content\/uploads\/2019\/05\/Marchan-madres-en-Nuevo-Le%C3%B3n-por-sus-hijos-desaparecidos-nl-may.jpg?resize=700%2C400&ssl=1 2x"},"classes":[]},{"id":33325,"url":"https:\/\/www.grieta.org.mx\/index.php\/2019\/05\/10\/apoyaran-expertos-de-europa-a-rastrear-desparecidos-de-nl-nuevo-leon\/","url_meta":{"origin":32438,"position":1},"title":"Apoyar\u00e1n expertos de Europa a rastrear desparecidos de NL (Nuevo Le\u00f3n)","author":"grieta","date":"10 mayo, 2019","format":false,"excerpt":"Eduardo Mendieta S\u00e1nchez \/ Milenio El fiscal general Gustavo Adolfo Guerrero inform\u00f3 que por cuatro a\u00f1os, una instituci\u00f3n de Holanda estar\u00e1 apoyando para buscar e identificar a los desaparecidos. La Fiscal\u00eda General de Justicia del Estado revel\u00f3 que expertos internacionales en cuestiones t\u00e9cnicas y cient\u00edficas provenientes de Holanda apoyar\u00e1n la\u2026","rel":"","context":"En &quot;CINTILLO&quot;","block_context":{"text":"CINTILLO","link":"https:\/\/www.grieta.org.mx\/index.php\/category\/cintillo\/"},"img":{"alt_text":"","src":"https:\/\/i0.wp.com\/www.grieta.org.mx\/wp-content\/uploads\/2019\/05\/Apoyar%C3%A1n-expertos-de-Europa-a-rastrear-desparecidos-de-NL-may.jpeg?resize=350%2C200&ssl=1","width":350,"height":200,"srcset":"https:\/\/i0.wp.com\/www.grieta.org.mx\/wp-content\/uploads\/2019\/05\/Apoyar%C3%A1n-expertos-de-Europa-a-rastrear-desparecidos-de-NL-may.jpeg?resize=350%2C200&ssl=1 1x, https:\/\/i0.wp.com\/www.grieta.org.mx\/wp-content\/uploads\/2019\/05\/Apoyar%C3%A1n-expertos-de-Europa-a-rastrear-desparecidos-de-NL-may.jpeg?resize=525%2C300&ssl=1 1.5x, https:\/\/i0.wp.com\/www.grieta.org.mx\/wp-content\/uploads\/2019\/05\/Apoyar%C3%A1n-expertos-de-Europa-a-rastrear-desparecidos-de-NL-may.jpeg?resize=700%2C400&ssl=1 2x"},"classes":[]},{"id":33316,"url":"https:\/\/www.grieta.org.mx\/index.php\/2019\/05\/10\/cinco-madres-de-desaparecidos-en-nuevo-leon-murieron-sin-encontrar-justicia-cadhac\/","url_meta":{"origin":32438,"position":2},"title":"Cinco madres de desaparecidos en Nuevo Le\u00f3n murieron sin encontrar justicia: CADHAC","author":"grieta","date":"10 mayo, 2019","format":false,"excerpt":"Lauren Franco \/ Contral\u00ednea Este viernes 10 de mayo, decenas de personas se reunieron en la Plaza de la Pur\u00edsima, en el Centro de Monterrey, en el marco de la \u201cMarcha en memoria de las madres de personas desaparecidos que murieron sin encontrar a sus hijos\u201d. De acuerdo con la\u2026","rel":"","context":"En &quot;CINTILLO&quot;","block_context":{"text":"CINTILLO","link":"https:\/\/www.grieta.org.mx\/index.php\/category\/cintillo\/"},"img":{"alt_text":"","src":"https:\/\/i0.wp.com\/www.grieta.org.mx\/wp-content\/uploads\/2019\/05\/Cinco-madres-de-desaparecidos-en-Nuevo-Le%C3%B3n-murieron-sin-encontrar-justicia-CADHAC-nl-may.jpg?resize=350%2C200&ssl=1","width":350,"height":200,"srcset":"https:\/\/i0.wp.com\/www.grieta.org.mx\/wp-content\/uploads\/2019\/05\/Cinco-madres-de-desaparecidos-en-Nuevo-Le%C3%B3n-murieron-sin-encontrar-justicia-CADHAC-nl-may.jpg?resize=350%2C200&ssl=1 1x, https:\/\/i0.wp.com\/www.grieta.org.mx\/wp-content\/uploads\/2019\/05\/Cinco-madres-de-desaparecidos-en-Nuevo-Le%C3%B3n-murieron-sin-encontrar-justicia-CADHAC-nl-may.jpg?resize=525%2C300&ssl=1 1.5x"},"classes":[]},{"id":4894,"url":"https:\/\/www.grieta.org.mx\/index.php\/2016\/08\/05\/desaparecidos-en-nuevo-leon\/","url_meta":{"origin":32438,"position":3},"title":"Desaparecidos en Nuevo Le\u00f3n","author":"grieta","date":"5 agosto, 2016","format":false,"excerpt":"03\/08\/16. Empeora situaci\u00f3n de v\u00edctimas de desaparici\u00f3n en Nuevo Le\u00f3nVanguardia Mx 10\/06\/16. Familias de Nuevo Le\u00f3n piden localizar a padres desaparecidos Vanguardia Mx 10\/01\/16. Realizan evento en memoria de desaparecidos en NL La Jornada 19\/11\/15. En Nuevo Le\u00f3n, 173 casos de desaparici\u00f3n que involucran a 314 v\u00edctimas Desinform\u00e9monos 08\/11\/15. En\u2026","rel":"","context":"En &quot;Desaparecidos&quot;","block_context":{"text":"Desaparecidos","link":"https:\/\/www.grieta.org.mx\/index.php\/category\/temas-nacionales\/desaparecidos\/"},"img":{"alt_text":"","src":"https:\/\/i0.wp.com\/www.grieta.org.mx\/wp-content\/uploads\/2018\/03\/14524434_1106112876131411_958039263622046936_o.jpg?resize=350%2C200&ssl=1","width":350,"height":200,"srcset":"https:\/\/i0.wp.com\/www.grieta.org.mx\/wp-content\/uploads\/2018\/03\/14524434_1106112876131411_958039263622046936_o.jpg?resize=350%2C200&ssl=1 1x, https:\/\/i0.wp.com\/www.grieta.org.mx\/wp-content\/uploads\/2018\/03\/14524434_1106112876131411_958039263622046936_o.jpg?resize=525%2C300&ssl=1 1.5x, https:\/\/i0.wp.com\/www.grieta.org.mx\/wp-content\/uploads\/2018\/03\/14524434_1106112876131411_958039263622046936_o.jpg?resize=700%2C400&ssl=1 2x"},"classes":[]},{"id":27499,"url":"https:\/\/www.grieta.org.mx\/index.php\/2018\/08\/04\/desaparecen-a-10-marinos-en-tamaulipas-y-nuevo-leon\/","url_meta":{"origin":32438,"position":4},"title":"Desaparecen a 10 marinos en Tamaulipas y Nuevo Le\u00f3n","author":"grieta","date":"4 agosto, 2018","format":false,"excerpt":"Agencia Reforma Agencia Reforma. CIUDAD DE M\u00c9XICO .-Elementos de la Armada son responsables de la desaparici\u00f3n forzada de 10 personas, entre ellos dos menores de edad, en hechos registrados en Nuevo Le\u00f3n y Tamaulipas entre 2011 y 2014, concluy\u00f3 la Comisi\u00f3n Nacional de los Derechos Humanos. En la Recomendaci\u00f3n 11\/VG\/2018\u2026","rel":"","context":"En &quot;Abuso policiaco y tortura en Tamaulipas&quot;","block_context":{"text":"Abuso policiaco y tortura en Tamaulipas","link":"https:\/\/www.grieta.org.mx\/index.php\/category\/noticias-nacionales\/tamaulipas\/abuso-policiaco-y-tortura-en-tamaulipas\/"},"img":{"alt_text":"","src":"https:\/\/i0.wp.com\/www.grieta.org.mx\/wp-content\/uploads\/2018\/11\/direct.jpg?resize=350%2C200&ssl=1","width":350,"height":200,"srcset":"https:\/\/i0.wp.com\/www.grieta.org.mx\/wp-content\/uploads\/2018\/11\/direct.jpg?resize=350%2C200&ssl=1 1x, https:\/\/i0.wp.com\/www.grieta.org.mx\/wp-content\/uploads\/2018\/11\/direct.jpg?resize=525%2C300&ssl=1 1.5x"},"classes":[]},{"id":48951,"url":"https:\/\/www.grieta.org.mx\/index.php\/2020\/05\/10\/protestan-en-redes-por-desaparecidos-de-nuevo-leon\/","url_meta":{"origin":32438,"position":5},"title":"Protestan en redes por desaparecidos de Nuevo Le\u00f3n","author":"grieta","date":"10 mayo, 2020","format":false,"excerpt":"Ante la contingencia por el covid-19, FUNDENL realiz\u00f3 una \u201cmarcha\u201d en redes sociales exigiendo al Gobierno del Estado no parar con la b\u00fasqueda de las personas desaparecidas. Kevin Recio\/ MILENIO La organizaci\u00f3n no gubernamental Fuerzas Unidas por Nuestros Desaparecidos en Nuevo Le\u00f3n, (FUNDENL) \u201cmarch\u00f3\u201d en redes sociales exigiendo al Estado\u2026","rel":"","context":"En &quot;CINTILLO&quot;","block_context":{"text":"CINTILLO","link":"https:\/\/www.grieta.org.mx\/index.php\/category\/cintillo\/"},"img":{"alt_text":"","src":"https:\/\/i0.wp.com\/www.grieta.org.mx\/wp-content\/uploads\/2020\/05\/desaparecidos-archivos.jpg?resize=350%2C200&ssl=1","width":350,"height":200,"srcset":"https:\/\/i0.wp.com\/www.grieta.org.mx\/wp-content\/uploads\/2020\/05\/desaparecidos-archivos.jpg?resize=350%2C200&ssl=1 1x, https:\/\/i0.wp.com\/www.grieta.org.mx\/wp-content\/uploads\/2020\/05\/desaparecidos-archivos.jpg?resize=525%2C300&ssl=1 1.5x, https:\/\/i0.wp.com\/www.grieta.org.mx\/wp-content\/uploads\/2020\/05\/desaparecidos-archivos.jpg?resize=700%2C400&ssl=1 2x"},"classes":[]}],"_links":{"self":[{"href":"https:\/\/www.grieta.org.mx\/index.php\/wp-json\/wp\/v2\/posts\/32438","targetHints":{"allow":["GET"]}}],"collection":[{"href":"https:\/\/www.grieta.org.mx\/index.php\/wp-json\/wp\/v2\/posts"}],"about":[{"href":"https:\/\/www.grieta.org.mx\/index.php\/wp-json\/wp\/v2\/types\/post"}],"author":[{"embeddable":true,"href":"https:\/\/www.grieta.org.mx\/index.php\/wp-json\/wp\/v2\/users\/2"}],"replies":[{"embeddable":true,"href":"https:\/\/www.grieta.org.mx\/index.php\/wp-json\/wp\/v2\/comments?post=32438"}],"version-history":[{"count":1,"href":"https:\/\/www.grieta.org.mx\/index.php\/wp-json\/wp\/v2\/posts\/32438\/revisions"}],"predecessor-version":[{"id":32440,"href":"https:\/\/www.grieta.org.mx\/index.php\/wp-json\/wp\/v2\/posts\/32438\/revisions\/32440"}],"wp:featuredmedia":[{"embeddable":true,"href":"https:\/\/www.grieta.org.mx\/index.php\/wp-json\/wp\/v2\/media\/32439"}],"wp:attachment":[{"href":"https:\/\/www.grieta.org.mx\/index.php\/wp-json\/wp\/v2\/media?parent=32438"}],"wp:term":[{"taxonomy":"category","embeddable":true,"href":"https:\/\/www.grieta.org.mx\/index.php\/wp-json\/wp\/v2\/categories?post=32438"},{"taxonomy":"post_tag","embeddable":true,"href":"https:\/\/www.grieta.org.mx\/index.php\/wp-json\/wp\/v2\/tags?post=32438"}],"curies":[{"name":"wp","href":"https:\/\/api.w.org\/{rel}","templated":true}]}}