{"id":32434,"date":"2019-04-19T00:48:03","date_gmt":"2019-04-19T05:48:03","guid":{"rendered":"http:\/\/www.grieta.org.mx\/?p=32434"},"modified":"2019-04-23T00:56:37","modified_gmt":"2019-04-23T05:56:37","slug":"estados-replicaran-preparatoria-militarizada-de-nl-nuevo-leon","status":"publish","type":"post","link":"https:\/\/www.grieta.org.mx\/index.php\/2019\/04\/19\/estados-replicaran-preparatoria-militarizada-de-nl-nuevo-leon\/","title":{"rendered":"Estados replicar\u00e1n preparatoria militarizada de NL (Nuevo Le\u00f3n)"},"content":{"rendered":"<p><img loading=\"lazy\" decoding=\"async\" data-attachment-id=\"32436\" data-permalink=\"https:\/\/www.grieta.org.mx\/index.php\/2019\/04\/19\/estados-replicaran-preparatoria-militarizada-de-nl-nuevo-leon\/estados-replicaran-preparatoria-militarizada-de-nl-abr\/\" data-orig-file=\"https:\/\/www.grieta.org.mx\/wp-content\/uploads\/2019\/04\/Estados-replicar\u00e1n-preparatoria-militarizada-de-NL-abr.jpg\" data-orig-size=\"958,596\" data-comments-opened=\"0\" data-image-meta=\"{&quot;aperture&quot;:&quot;0&quot;,&quot;credit&quot;:&quot;&quot;,&quot;camera&quot;:&quot;&quot;,&quot;caption&quot;:&quot;&quot;,&quot;created_timestamp&quot;:&quot;0&quot;,&quot;copyright&quot;:&quot;&quot;,&quot;focal_length&quot;:&quot;0&quot;,&quot;iso&quot;:&quot;0&quot;,&quot;shutter_speed&quot;:&quot;0&quot;,&quot;title&quot;:&quot;&quot;,&quot;orientation&quot;:&quot;0&quot;}\" data-image-title=\"Estados replicar\u00e1n preparatoria militarizada de NL abr\" data-image-description=\"\" data-image-caption=\"\" data-medium-file=\"https:\/\/www.grieta.org.mx\/wp-content\/uploads\/2019\/04\/Estados-replicar\u00e1n-preparatoria-militarizada-de-NL-abr-300x187.jpg\" data-large-file=\"https:\/\/www.grieta.org.mx\/wp-content\/uploads\/2019\/04\/Estados-replicar\u00e1n-preparatoria-militarizada-de-NL-abr.jpg\" class=\"alignleft  wp-image-32436\" src=\"http:\/\/www.grieta.org.mx\/wp-content\/uploads\/2019\/04\/Estados-replicar\u00e1n-preparatoria-militarizada-de-NL-abr-300x187.jpg\" alt=\"\" width=\"451\" height=\"281\" srcset=\"https:\/\/www.grieta.org.mx\/wp-content\/uploads\/2019\/04\/Estados-replicar\u00e1n-preparatoria-militarizada-de-NL-abr-300x187.jpg 300w, https:\/\/www.grieta.org.mx\/wp-content\/uploads\/2019\/04\/Estados-replicar\u00e1n-preparatoria-militarizada-de-NL-abr-768x478.jpg 768w, https:\/\/www.grieta.org.mx\/wp-content\/uploads\/2019\/04\/Estados-replicar\u00e1n-preparatoria-militarizada-de-NL-abr-804x500.jpg 804w, https:\/\/www.grieta.org.mx\/wp-content\/uploads\/2019\/04\/Estados-replicar\u00e1n-preparatoria-militarizada-de-NL-abr.jpg 958w\" sizes=\"auto, (max-width: 451px) 100vw, 451px\" \/><br \/>\nEduardo Mendieta \/ Milenio<\/p>\n<blockquote><p>Los bachilleres, implementados por la actual administraci\u00f3n desde el 2017, tienen como finalidad contribuir en la formaci\u00f3n de j\u00f3venes a trav\u00e9s de la disciplina y el ejercicio militarizado, para el desarrollo de los valores.<\/p><\/blockquote>\n<p>Estados como Puebla y Guanajuato, buscan replicar el modelo de la preparatoria militarizada, instaurada por Nuevo Le\u00f3n.<\/p>\n<p>El general Jos\u00e9 Manuel Zozaya Gallegos, director general del Colegio de Bachilleres Militarizado, revel\u00f3 el inter\u00e9s mostrado por los funcionarios de ambos estados, para trasladar ideas implementadas por este esquema de ense\u00f1anza.<\/p>\n<p>Se\u00f1al\u00f3 que por ser los primeros en su tipo en el pa\u00eds, podr\u00edan convertirse en un referente nacional para que este modelo se replique en otros lugares.<\/p>\n<p>&#8220;Nos han visitado de diversos estados y actualmente hay escuelas de este tipo en varias entidades, pero por ser nosotros el organismo m\u00e1s grande, exitoso y que crece constantemente, nos convertimos en el referente nacional.<\/p>\n<p>&#8220;En efecto, Guanajuato y Puebla, nos visitaron con la intenci\u00f3n de tomar algunas de nuestras ideas para sus propios proyectos, pero ha habido m\u00e1s&#8221;, se\u00f1al\u00f3.<\/p>\n<p>La intenci\u00f3n, agreg\u00f3 Zozaya Gallegos, no es firmar prospectos para la Guardia Civil, pero, sin duda, naturalmente lo ser\u00e1n por su excelente preparaci\u00f3n, convicci\u00f3n \u00e9tica y moral y su disciplina.<\/p>\n<p>&#8220;Nuestros egresados ser\u00e1n aptos pr\u00e1cticamente en cualquier campo, porque est\u00e1n comprometidos con M\u00e9xico, y diariamente se trabaja mucho con ellos.<\/p>\n<p>&#8220;En el caso de Puebla y Guanajuato (acudieron), los secretarios de Educaci\u00f3n, y de (la Ciudad de) M\u00e9xico, la anterior subsecretaria federal, y de otros estados funcionarios menores. Adem\u00e1s, tenemos contacto electr\u00f3nico con las autoridades educativas de todo el pa\u00eds, al igual que con Sedena y la IV Zona Militar&#8221;, indic\u00f3 el director.<\/p>\n<p>Actualmente el Colegio de Bachilleres Militarizado &#8220;General Mariano Escobedo&#8221;, cuenta con planteles en la zona de San Bernab\u00e9, y los municipios de San Nicol\u00e1s, Montemorelos, Apodaca y Garc\u00eda, y falta por arrancar la construcci\u00f3n de la unidad en el municipio de Ju\u00e1rez.<\/p>\n<p>Este modelo educativo que comenz\u00f3 en el 2017, es un proyecto que inici\u00f3 la actual administraci\u00f3n de Jaime Rodr\u00edguez Calder\u00f3n, que busca contribuir en la formaci\u00f3n de los j\u00f3venes a trav\u00e9s de la disciplina, y el ejercicio militarizado; y el desarrollo de valores sociales, culturales y formativos.<\/p>\n<p>El bachillerato militarizado es una opci\u00f3n m\u00e1s para los estudiantes principalmente de escasos recursos econ\u00f3micos, ya que es totalmente gratuito, en alimentaci\u00f3n y uniformes escolares.<\/p>\n<p>Los requisitos para ingresar son tener entre 15 y 17 a\u00f1os, secundaria concluida y aprobar los ex\u00e1menes f\u00edsicos, psicol\u00f3gicos y culturales.<\/p>\n<p><a href=\"https:\/\/www.milenio.com\/politica\/estados-replicaran-preparatoria-militarizada-de-nl\" target=\"_blank\" rel=\"noopener noreferrer\">https:\/\/www.milenio.com\/politica\/estados-replicaran-preparatoria-militarizada-de-nl<\/a><\/p>\n","protected":false},"excerpt":{"rendered":"<p>Eduardo Mendieta \/ Milenio Los bachilleres, implementados por la actual administraci\u00f3n desde el 2017, tienen como finalidad contribuir en la formaci\u00f3n de j\u00f3venes a trav\u00e9s de la disciplina y el &hellip; <a href=\"https:\/\/www.grieta.org.mx\/index.php\/2019\/04\/19\/estados-replicaran-preparatoria-militarizada-de-nl-nuevo-leon\/\" class=\"more-link\">Leer m\u00e1s<\/a><\/p>\n","protected":false},"author":2,"featured_media":32436,"comment_status":"closed","ping_status":"closed","sticky":false,"template":"","format":"standard","meta":{"ngg_post_thumbnail":0,"_jetpack_newsletter_access":"","_jetpack_dont_email_post_to_subs":false,"_jetpack_newsletter_tier_id":0,"_jetpack_memberships_contains_paywalled_content":false,"_jetpack_memberships_contains_paid_content":false,"footnotes":""},"categories":[80,912,2196,2,24,83],"tags":[2295,614],"class_list":["post-32434","post","type-post","status-publish","format-standard","has-post-thumbnail","hentry","category-cintillo","category-militarizacion","category-militarizacion-en-nuevo-leon","category-noticias-nacionales","category-nuevo-leon","category-temas-nacionales","tag-guardia-nacional","tag-militarizacion","entry"],"jetpack_featured_media_url":"https:\/\/www.grieta.org.mx\/wp-content\/uploads\/2019\/04\/Estados-replicar\u00e1n-preparatoria-militarizada-de-NL-abr.jpg","jetpack_sharing_enabled":true,"jetpack_shortlink":"https:\/\/wp.me\/p7ZJR4-8r8","jetpack_likes_enabled":false,"jetpack-related-posts":[{"id":34668,"url":"https:\/\/www.grieta.org.mx\/index.php\/2019\/06\/10\/llegarian-a-nl-mil-800-elementos-de-la-guardia-nacional-nuevo-leon\/","url_meta":{"origin":32434,"position":0},"title":"Llegar\u00edan A NL Mil 800 Elementos De La Guardia Nacional (Nuevo Le\u00f3n)","author":"grieta","date":"10 junio, 2019","format":false,"excerpt":"Miled Nuevo Le\u00f3n Tras el anuncio que hizo el secretario de Seguridad y Protecci\u00f3n Ciudadana del Gobierno Federal, Alfonso Durazo Monta\u00f1o, en cuanto a la llegada de al menos mil 200 elementos de la Guardia Nacional, Aldo Fasci Zuazua, secretario de Seguridad del Estado, adelant\u00f3 que llegar\u00edan m\u00e1s efectivos de\u2026","rel":"","context":"En &quot;CINTILLO&quot;","block_context":{"text":"CINTILLO","link":"https:\/\/www.grieta.org.mx\/index.php\/category\/cintillo\/"},"img":{"alt_text":"","src":"https:\/\/i0.wp.com\/www.grieta.org.mx\/wp-content\/uploads\/2019\/06\/Llegar%C3%ADan-A-NL-Mil-800-Elementos-De-La-Guardia-Nacional-nl-jun.jpg?resize=350%2C200&ssl=1","width":350,"height":200,"srcset":"https:\/\/i0.wp.com\/www.grieta.org.mx\/wp-content\/uploads\/2019\/06\/Llegar%C3%ADan-A-NL-Mil-800-Elementos-De-La-Guardia-Nacional-nl-jun.jpg?resize=350%2C200&ssl=1 1x, https:\/\/i0.wp.com\/www.grieta.org.mx\/wp-content\/uploads\/2019\/06\/Llegar%C3%ADan-A-NL-Mil-800-Elementos-De-La-Guardia-Nacional-nl-jun.jpg?resize=525%2C300&ssl=1 1.5x, https:\/\/i0.wp.com\/www.grieta.org.mx\/wp-content\/uploads\/2019\/06\/Llegar%C3%ADan-A-NL-Mil-800-Elementos-De-La-Guardia-Nacional-nl-jun.jpg?resize=700%2C400&ssl=1 2x"},"classes":[]},{"id":34665,"url":"https:\/\/www.grieta.org.mx\/index.php\/2019\/06\/07\/iniciara-guardia-nacional-en-4-regiones-de-nl-nuevo-leon\/","url_meta":{"origin":32434,"position":1},"title":"Iniciar\u00e1 Guardia Nacional en 4 regiones de NL (Nuevo Le\u00f3n)","author":"grieta","date":"7 junio, 2019","format":false,"excerpt":"V\u00edctor Antonio Gonz\u00e1lez \/ abcnoticias Cada regi\u00f3n ser\u00e1 resguardada entre 300 y 600 elementos, informaron autoridades federales Monterrey.- La Guardia Nacional arrancar\u00e1 en Nuevo Le\u00f3n en cuatro regiones de Nuevo Le\u00f3n, de las siete fracciones que se prev\u00e9n sea dividido el Estado, inform\u00f3 el Secretario de Seguridad y Protecci\u00f3n Ciudadana,\u2026","rel":"","context":"En &quot;CINTILLO&quot;","block_context":{"text":"CINTILLO","link":"https:\/\/www.grieta.org.mx\/index.php\/category\/cintillo\/"},"img":{"alt_text":"","src":"https:\/\/i0.wp.com\/www.grieta.org.mx\/wp-content\/uploads\/2019\/06\/Iniciar%C3%A1-Guardia-Nacional-en-4-regiones-de-NL-jun.jpeg?resize=350%2C200&ssl=1","width":350,"height":200,"srcset":"https:\/\/i0.wp.com\/www.grieta.org.mx\/wp-content\/uploads\/2019\/06\/Iniciar%C3%A1-Guardia-Nacional-en-4-regiones-de-NL-jun.jpeg?resize=350%2C200&ssl=1 1x, https:\/\/i0.wp.com\/www.grieta.org.mx\/wp-content\/uploads\/2019\/06\/Iniciar%C3%A1-Guardia-Nacional-en-4-regiones-de-NL-jun.jpeg?resize=525%2C300&ssl=1 1.5x, https:\/\/i0.wp.com\/www.grieta.org.mx\/wp-content\/uploads\/2019\/06\/Iniciar%C3%A1-Guardia-Nacional-en-4-regiones-de-NL-jun.jpeg?resize=700%2C400&ssl=1 2x"},"classes":[]},{"id":56784,"url":"https:\/\/www.grieta.org.mx\/index.php\/2021\/02\/01\/operativos-del-ejercito-regresan-a-la-zona-metropolitana-de-nuevo-leon\/","url_meta":{"origin":32434,"position":2},"title":"Operativos del Ej\u00e9rcito regresan a la zona metropolitana de Nuevo Le\u00f3n","author":"grieta","date":"1 febrero, 2021","format":false,"excerpt":"Nuevo Le\u00f3n ha sufrido eventos violentos en los \u00faltimos a\u00f1os. De acuerdo con estad\u00edsticas de la Fiscal\u00eda de Justicia estatal, en 2017 se registraron 656 homicidios dolosos y para 2020 la cifra subi\u00f3 a 914. Luciano Campos Garza\/ PROCESO \u00a0 MONTERREY, N.L. (apro).- La Secretar\u00eda de la Defensa Nacional (Sedena)\u2026","rel":"","context":"En &quot;CINTILLO&quot;","block_context":{"text":"CINTILLO","link":"https:\/\/www.grieta.org.mx\/index.php\/category\/cintillo\/"},"img":{"alt_text":"","src":"https:\/\/i0.wp.com\/www.grieta.org.mx\/wp-content\/uploads\/2021\/02\/helicopf800x450-129435_180881_5050.jpg?resize=350%2C200&ssl=1","width":350,"height":200,"srcset":"https:\/\/i0.wp.com\/www.grieta.org.mx\/wp-content\/uploads\/2021\/02\/helicopf800x450-129435_180881_5050.jpg?resize=350%2C200&ssl=1 1x, https:\/\/i0.wp.com\/www.grieta.org.mx\/wp-content\/uploads\/2021\/02\/helicopf800x450-129435_180881_5050.jpg?resize=525%2C300&ssl=1 1.5x, https:\/\/i0.wp.com\/www.grieta.org.mx\/wp-content\/uploads\/2021\/02\/helicopf800x450-129435_180881_5050.jpg?resize=700%2C400&ssl=1 2x"},"classes":[]},{"id":32429,"url":"https:\/\/www.grieta.org.mx\/index.php\/2019\/04\/20\/guardia-nacional-tendria-base-en-monterrey-nuevo-leon\/","url_meta":{"origin":32434,"position":3},"title":"Guardia Nacional tendr\u00eda base en Monterrey (Nuevo Le\u00f3n)","author":"grieta","date":"20 abril, 2019","format":false,"excerpt":"Orlando Maldonado \/ Milenio La primera Base de Operaciones de la reci\u00e9n creada Guardia Nacional tendr\u00eda su sede en el municipio de Monterrey, seg\u00fan inform\u00f3 Cristina D\u00edaz Salazar, alcaldesa de Guadalupe. A decir de la presidenta municipal, esa es la \u00fanica informaci\u00f3n que les han dado a conocer por parte\u2026","rel":"","context":"En &quot;CINTILLO&quot;","block_context":{"text":"CINTILLO","link":"https:\/\/www.grieta.org.mx\/index.php\/category\/cintillo\/"},"img":{"alt_text":"","src":"https:\/\/i0.wp.com\/www.grieta.org.mx\/wp-content\/uploads\/2018\/03\/14524434_1106112876131411_958039263622046936_o.jpg?resize=350%2C200&ssl=1","width":350,"height":200,"srcset":"https:\/\/i0.wp.com\/www.grieta.org.mx\/wp-content\/uploads\/2018\/03\/14524434_1106112876131411_958039263622046936_o.jpg?resize=350%2C200&ssl=1 1x, https:\/\/i0.wp.com\/www.grieta.org.mx\/wp-content\/uploads\/2018\/03\/14524434_1106112876131411_958039263622046936_o.jpg?resize=525%2C300&ssl=1 1.5x, https:\/\/i0.wp.com\/www.grieta.org.mx\/wp-content\/uploads\/2018\/03\/14524434_1106112876131411_958039263622046936_o.jpg?resize=700%2C400&ssl=1 2x"},"classes":[]},{"id":43786,"url":"https:\/\/www.grieta.org.mx\/index.php\/2020\/01\/24\/militarizacion-de-la-vida-publica-en-mexico\/","url_meta":{"origin":32434,"position":4},"title":"Militarizaci\u00f3n de la vida p\u00fablica en M\u00e9xico","author":"grieta","date":"24 enero, 2020","format":false,"excerpt":"Foto: Daniel C\u00e1rdenas Jes\u00fas Gonz\u00e1lez Ram\u00edrez \/ Zona Docs No existe ning\u00fan efecto positivo de la militarizaci\u00f3n apoyada por los gobiernos de Felipe Calder\u00f3n, Enrique Pe\u00f1a Nieto y Andr\u00e9s Manuel L\u00f3pez Obrador, ni en la estrategia de enfrentamientos frontales de los dos primeros ni en la de no enfrentamientos del\u2026","rel":"","context":"En &quot;CINTILLO&quot;","block_context":{"text":"CINTILLO","link":"https:\/\/www.grieta.org.mx\/index.php\/category\/cintillo\/"},"img":{"alt_text":"","src":"https:\/\/i0.wp.com\/www.grieta.org.mx\/wp-content\/uploads\/2020\/02\/ejercito-mexicano-en-la-cuarta-transformacion-de-amlo-high.jpg?resize=350%2C200&ssl=1","width":350,"height":200,"srcset":"https:\/\/i0.wp.com\/www.grieta.org.mx\/wp-content\/uploads\/2020\/02\/ejercito-mexicano-en-la-cuarta-transformacion-de-amlo-high.jpg?resize=350%2C200&ssl=1 1x, https:\/\/i0.wp.com\/www.grieta.org.mx\/wp-content\/uploads\/2020\/02\/ejercito-mexicano-en-la-cuarta-transformacion-de-amlo-high.jpg?resize=525%2C300&ssl=1 1.5x, https:\/\/i0.wp.com\/www.grieta.org.mx\/wp-content\/uploads\/2020\/02\/ejercito-mexicano-en-la-cuarta-transformacion-de-amlo-high.jpg?resize=700%2C400&ssl=1 2x"},"classes":[]},{"id":29727,"url":"https:\/\/www.grieta.org.mx\/index.php\/2019\/02\/27\/ante-ola-de-violencia-regresan-patrullajes-de-militares-a-san-pedro-nuevo-leon\/","url_meta":{"origin":32434,"position":5},"title":"Ante ola de violencia, regresan patrullajes de militares a San Pedro, Nuevo Le\u00f3n","author":"grieta","date":"27 febrero, 2019","format":false,"excerpt":"Vanguardia Los militares permanecer\u00e1n en el municipio de San Pedro brindando apoyo en patrullajes y labores de inteligencia Monterrey, Nuevo Le\u00f3n.- En medio de la ola de violencia que vive el municipio de San Pedro,\u00a0este martes regresaron los patrullajes militares a ese municipio. A trav\u00e9s de un convenio de colaboraci\u00f3n\u2026","rel":"","context":"En &quot;CINTILLO&quot;","block_context":{"text":"CINTILLO","link":"https:\/\/www.grieta.org.mx\/index.php\/category\/cintillo\/"},"img":{"alt_text":"","src":"https:\/\/i0.wp.com\/www.grieta.org.mx\/wp-content\/uploads\/2019\/02\/Ante-ola-de-violencia-regresan-patrullajes-de-militares-a-San-Pedro-Nuevo-Le%C3%B3n-nl-feb.jpg?resize=350%2C200&ssl=1","width":350,"height":200,"srcset":"https:\/\/i0.wp.com\/www.grieta.org.mx\/wp-content\/uploads\/2019\/02\/Ante-ola-de-violencia-regresan-patrullajes-de-militares-a-San-Pedro-Nuevo-Le%C3%B3n-nl-feb.jpg?resize=350%2C200&ssl=1 1x, https:\/\/i0.wp.com\/www.grieta.org.mx\/wp-content\/uploads\/2019\/02\/Ante-ola-de-violencia-regresan-patrullajes-de-militares-a-San-Pedro-Nuevo-Le%C3%B3n-nl-feb.jpg?resize=525%2C300&ssl=1 1.5x, https:\/\/i0.wp.com\/www.grieta.org.mx\/wp-content\/uploads\/2019\/02\/Ante-ola-de-violencia-regresan-patrullajes-de-militares-a-San-Pedro-Nuevo-Le%C3%B3n-nl-feb.jpg?resize=700%2C400&ssl=1 2x"},"classes":[]}],"_links":{"self":[{"href":"https:\/\/www.grieta.org.mx\/index.php\/wp-json\/wp\/v2\/posts\/32434","targetHints":{"allow":["GET"]}}],"collection":[{"href":"https:\/\/www.grieta.org.mx\/index.php\/wp-json\/wp\/v2\/posts"}],"about":[{"href":"https:\/\/www.grieta.org.mx\/index.php\/wp-json\/wp\/v2\/types\/post"}],"author":[{"embeddable":true,"href":"https:\/\/www.grieta.org.mx\/index.php\/wp-json\/wp\/v2\/users\/2"}],"replies":[{"embeddable":true,"href":"https:\/\/www.grieta.org.mx\/index.php\/wp-json\/wp\/v2\/comments?post=32434"}],"version-history":[{"count":1,"href":"https:\/\/www.grieta.org.mx\/index.php\/wp-json\/wp\/v2\/posts\/32434\/revisions"}],"predecessor-version":[{"id":32437,"href":"https:\/\/www.grieta.org.mx\/index.php\/wp-json\/wp\/v2\/posts\/32434\/revisions\/32437"}],"wp:featuredmedia":[{"embeddable":true,"href":"https:\/\/www.grieta.org.mx\/index.php\/wp-json\/wp\/v2\/media\/32436"}],"wp:attachment":[{"href":"https:\/\/www.grieta.org.mx\/index.php\/wp-json\/wp\/v2\/media?parent=32434"}],"wp:term":[{"taxonomy":"category","embeddable":true,"href":"https:\/\/www.grieta.org.mx\/index.php\/wp-json\/wp\/v2\/categories?post=32434"},{"taxonomy":"post_tag","embeddable":true,"href":"https:\/\/www.grieta.org.mx\/index.php\/wp-json\/wp\/v2\/tags?post=32434"}],"curies":[{"name":"wp","href":"https:\/\/api.w.org\/{rel}","templated":true}]}}