{"id":32424,"date":"2019-04-16T20:28:28","date_gmt":"2019-04-17T01:28:28","guid":{"rendered":"http:\/\/www.grieta.org.mx\/?p=32424"},"modified":"2019-04-22T20:36:27","modified_gmt":"2019-04-23T01:36:27","slug":"arbitraria-detencion-de-enfermero-acusado-de-robo-de-medicamentos-en-queretaro","status":"publish","type":"post","link":"https:\/\/www.grieta.org.mx\/index.php\/2019\/04\/16\/arbitraria-detencion-de-enfermero-acusado-de-robo-de-medicamentos-en-queretaro\/","title":{"rendered":"Arbitraria detenci\u00f3n de enfermero acusado de robo de medicamentos en Quer\u00e9taro"},"content":{"rendered":"<p><img loading=\"lazy\" decoding=\"async\" data-attachment-id=\"32425\" data-permalink=\"https:\/\/www.grieta.org.mx\/index.php\/2019\/04\/16\/arbitraria-detencion-de-enfermero-acusado-de-robo-de-medicamentos-en-queretaro\/d5b5b06a-cc45-40bf-8457-ddd99de9694d-1160x700\/\" data-orig-file=\"https:\/\/www.grieta.org.mx\/wp-content\/uploads\/2019\/04\/D5B5B06A-CC45-40BF-8457-DDD99DE9694D-1160x700.jpeg\" data-orig-size=\"1160,700\" data-comments-opened=\"0\" data-image-meta=\"{&quot;aperture&quot;:&quot;0&quot;,&quot;credit&quot;:&quot;&quot;,&quot;camera&quot;:&quot;&quot;,&quot;caption&quot;:&quot;&quot;,&quot;created_timestamp&quot;:&quot;0&quot;,&quot;copyright&quot;:&quot;&quot;,&quot;focal_length&quot;:&quot;0&quot;,&quot;iso&quot;:&quot;0&quot;,&quot;shutter_speed&quot;:&quot;0&quot;,&quot;title&quot;:&quot;&quot;,&quot;orientation&quot;:&quot;0&quot;}\" data-image-title=\"D5B5B06A-CC45-40BF-8457-DDD99DE9694D-1160&amp;#215;700\" data-image-description=\"\" data-image-caption=\"\" data-medium-file=\"https:\/\/www.grieta.org.mx\/wp-content\/uploads\/2019\/04\/D5B5B06A-CC45-40BF-8457-DDD99DE9694D-1160x700-300x181.jpeg\" data-large-file=\"https:\/\/www.grieta.org.mx\/wp-content\/uploads\/2019\/04\/D5B5B06A-CC45-40BF-8457-DDD99DE9694D-1160x700-1024x618.jpeg\" class=\" wp-image-32425 aligncenter\" src=\"http:\/\/www.grieta.org.mx\/wp-content\/uploads\/2019\/04\/D5B5B06A-CC45-40BF-8457-DDD99DE9694D-1160x700-300x181.jpeg\" alt=\"\" width=\"769\" height=\"465\" srcset=\"https:\/\/www.grieta.org.mx\/wp-content\/uploads\/2019\/04\/D5B5B06A-CC45-40BF-8457-DDD99DE9694D-1160x700-300x181.jpeg 300w, https:\/\/www.grieta.org.mx\/wp-content\/uploads\/2019\/04\/D5B5B06A-CC45-40BF-8457-DDD99DE9694D-1160x700-768x463.jpeg 768w, https:\/\/www.grieta.org.mx\/wp-content\/uploads\/2019\/04\/D5B5B06A-CC45-40BF-8457-DDD99DE9694D-1160x700-1024x618.jpeg 1024w, https:\/\/www.grieta.org.mx\/wp-content\/uploads\/2019\/04\/D5B5B06A-CC45-40BF-8457-DDD99DE9694D-1160x700-829x500.jpeg 829w, https:\/\/www.grieta.org.mx\/wp-content\/uploads\/2019\/04\/D5B5B06A-CC45-40BF-8457-DDD99DE9694D-1160x700.jpeg 1160w\" sizes=\"auto, (max-width: 769px) 100vw, 769px\" \/><\/p>\n<p>Mariana Villalobos \/ Quadratin<\/p>\n<p>QUER\u00c9TARO, Qro., 16 de abril del 2019.-El personal de enfermer\u00eda del Hospital del Ni\u00f1o y la Mujer acus\u00f3 a las autoridades de haber detenido arbitrariamente al jefe de este departamento en el turno matutino por supuesto robo hormiga de medicamentos.<\/p>\n<p>Los compa\u00f1eros del acusado exigieron que se les trate con respeto pues no solo no existe robo de medicamentos sino que adem\u00e1s los enfermeros tienen que encontrar alternativas para dotar del tratamiento necesario a sus pacientes por desabasto.<\/p>\n<p>\u201cAhorita estamos en desabasto y a\u00fan con esto toda enfermer\u00eda est\u00e1 haciendo hasta lo imposible por dar los tratamientos a nuestros pacientes\u201d dijo.<\/p>\n<p>Aunado a esto, las enfermeras que encabezaron la manifestaci\u00f3n evitaron la participaci\u00f3n de los representantes sindicales para evitar politizar el asunto y evitar que se le aplique un acta administrativa que desde su punto de vista nunca debi\u00f3 de ser aplicada.<\/p>\n<p><a href=\"https:\/\/queretaro.quadratin.com.mx\/arbitraria-detencion-de-enfermero-acusado-de-robo-de-medicamentos-en-qro\/\">https:\/\/queretaro.quadratin.com.mx\/arbitraria-detencion-de-enfermero-acusado-de-robo-de-medicamentos-en-qro\/<\/a><\/p>\n","protected":false},"excerpt":{"rendered":"<p>Mariana Villalobos \/ Quadratin QUER\u00c9TARO, Qro., 16 de abril del 2019.-El personal de enfermer\u00eda del Hospital del Ni\u00f1o y la Mujer acus\u00f3 a las autoridades de haber detenido arbitrariamente al &hellip; <a href=\"https:\/\/www.grieta.org.mx\/index.php\/2019\/04\/16\/arbitraria-detencion-de-enfermero-acusado-de-robo-de-medicamentos-en-queretaro\/\" class=\"more-link\">Leer m\u00e1s<\/a><\/p>\n","protected":false},"author":2,"featured_media":32425,"comment_status":"closed","ping_status":"closed","sticky":false,"template":"","format":"standard","meta":{"ngg_post_thumbnail":0,"_jetpack_newsletter_access":"","_jetpack_dont_email_post_to_subs":false,"_jetpack_newsletter_tier_id":0,"_jetpack_memberships_contains_paywalled_content":false,"_jetpack_memberships_contains_paid_content":false,"footnotes":""},"categories":[80,2498,918,2482,2,27,83],"tags":[113,2367],"class_list":["post-32424","post","type-post","status-publish","format-standard","has-post-thumbnail","hentry","category-cintillo","category-conflictos-laborales-en-queretaro","category-privatizacion-del-sector-salud","category-crisis-del-sector-salud-en-queretaro","category-noticias-nacionales","category-queretaro","category-temas-nacionales","tag-conflictos-laborales","tag-crisis-en-el-sector-salud","entry"],"jetpack_featured_media_url":"https:\/\/www.grieta.org.mx\/wp-content\/uploads\/2019\/04\/D5B5B06A-CC45-40BF-8457-DDD99DE9694D-1160x700.jpeg","jetpack_sharing_enabled":true,"jetpack_shortlink":"https:\/\/wp.me\/p7ZJR4-8qY","jetpack_likes_enabled":false,"jetpack-related-posts":[{"id":32416,"url":"https:\/\/www.grieta.org.mx\/index.php\/2019\/04\/22\/protestan-trabajadores-del-sindicato-de-salud-en-queretaro-exigen-destitucion-del-secretario\/","url_meta":{"origin":32424,"position":0},"title":"Protestan trabajadores del sindicato de Salud en Queretar\u00f3, exigen destituci\u00f3n del secretario","author":"grieta","date":"22 abril, 2019","format":false,"excerpt":"Mariana Villalobos \/Quadratin QUER\u00c9TARO, Qro., 22 de abril de 2019.- Integrantes del Sindicato Nacional de Trabajadores de la Secretar\u00eda de Salud en Quer\u00e9taro se manifestaron al exterior del Palacio de Gobierno para exigir el cese del titular de la secretar\u00eda en la materia argumentando falsas acusaciones en su contra de\u2026","rel":"","context":"En &quot;CINTILLO&quot;","block_context":{"text":"CINTILLO","link":"https:\/\/www.grieta.org.mx\/index.php\/category\/cintillo\/"},"img":{"alt_text":"","src":"https:\/\/i0.wp.com\/www.grieta.org.mx\/wp-content\/uploads\/2019\/04\/PHOTO-2019-04-22-09-57-46-1160x700.jpg?resize=350%2C200&ssl=1","width":350,"height":200,"srcset":"https:\/\/i0.wp.com\/www.grieta.org.mx\/wp-content\/uploads\/2019\/04\/PHOTO-2019-04-22-09-57-46-1160x700.jpg?resize=350%2C200&ssl=1 1x, https:\/\/i0.wp.com\/www.grieta.org.mx\/wp-content\/uploads\/2019\/04\/PHOTO-2019-04-22-09-57-46-1160x700.jpg?resize=525%2C300&ssl=1 1.5x, https:\/\/i0.wp.com\/www.grieta.org.mx\/wp-content\/uploads\/2019\/04\/PHOTO-2019-04-22-09-57-46-1160x700.jpg?resize=700%2C400&ssl=1 2x, https:\/\/i0.wp.com\/www.grieta.org.mx\/wp-content\/uploads\/2019\/04\/PHOTO-2019-04-22-09-57-46-1160x700.jpg?resize=1050%2C600&ssl=1 3x"},"classes":[]},{"id":38918,"url":"https:\/\/www.grieta.org.mx\/index.php\/2019\/09\/05\/que-hay-40-de-desabasto-de-medicinas-queretaro\/","url_meta":{"origin":32424,"position":1},"title":"Que hay 40% de desabasto de medicinas (Quer\u00e9taro)","author":"grieta","date":"5 septiembre, 2019","format":false,"excerpt":"Alejandro Pay\u00e1n V\u00e1zquez | Diario de Quer\u00e9taro La Secretaria de organizaci\u00f3n de la zona centro del Sindicato Nacional de Trabajadores del Sector Salud (SNTSA), Silvia Rivera Hern\u00e1ndez, inform\u00f3 que el desbasto de medicamentos en Quer\u00e9taro es superior al 40%, aunque las autoridades del sector salud tratan de ocultar la falta\u2026","rel":"","context":"En &quot;CINTILLO&quot;","block_context":{"text":"CINTILLO","link":"https:\/\/www.grieta.org.mx\/index.php\/category\/cintillo\/"},"img":{"alt_text":"","src":"https:\/\/i0.wp.com\/www.grieta.org.mx\/wp-content\/uploads\/2019\/09\/DESABASTO-MEDICO.jpg?resize=350%2C200&ssl=1","width":350,"height":200,"srcset":"https:\/\/i0.wp.com\/www.grieta.org.mx\/wp-content\/uploads\/2019\/09\/DESABASTO-MEDICO.jpg?resize=350%2C200&ssl=1 1x, https:\/\/i0.wp.com\/www.grieta.org.mx\/wp-content\/uploads\/2019\/09\/DESABASTO-MEDICO.jpg?resize=525%2C300&ssl=1 1.5x, https:\/\/i0.wp.com\/www.grieta.org.mx\/wp-content\/uploads\/2019\/09\/DESABASTO-MEDICO.jpg?resize=700%2C400&ssl=1 2x"},"classes":[]},{"id":50815,"url":"https:\/\/www.grieta.org.mx\/index.php\/2020\/06\/09\/enfermeras-y-doctores-exigen-mejores-insumos-medicos-queretaro\/","url_meta":{"origin":32424,"position":2},"title":"Enfermeras y Doctores exigen mejores insumos m\u00e9dicos (Quer\u00e9taro)","author":"grieta","date":"9 junio, 2020","format":false,"excerpt":"Foto: www.facebook.com\/InboxPolitico Inbox Pol\u00edtico Este martes se llevaron acabo dos manifestaciones -en la capital del Estado de Quer\u00e9taro- ambas integradas por personal m\u00e9dico. En la primera, Enfermeras del Hospital de Especialidades del Ni\u00f1o y la Mujer, en Plaza de Armas, exigieron insumos de calidad para atender a pacientes Covid. En\u2026","rel":"","context":"En &quot;CINTILLO&quot;","block_context":{"text":"CINTILLO","link":"https:\/\/www.grieta.org.mx\/index.php\/category\/cintillo\/"},"img":{"alt_text":"","src":"https:\/\/i0.wp.com\/www.grieta.org.mx\/wp-content\/uploads\/2020\/06\/Enfermeras-y-Doctores-exigen-mejores-insumos-m%C3%A9dicos-qro-jun.jpg?resize=350%2C200&ssl=1","width":350,"height":200,"srcset":"https:\/\/i0.wp.com\/www.grieta.org.mx\/wp-content\/uploads\/2020\/06\/Enfermeras-y-Doctores-exigen-mejores-insumos-m%C3%A9dicos-qro-jun.jpg?resize=350%2C200&ssl=1 1x, https:\/\/i0.wp.com\/www.grieta.org.mx\/wp-content\/uploads\/2020\/06\/Enfermeras-y-Doctores-exigen-mejores-insumos-m%C3%A9dicos-qro-jun.jpg?resize=525%2C300&ssl=1 1.5x, https:\/\/i0.wp.com\/www.grieta.org.mx\/wp-content\/uploads\/2020\/06\/Enfermeras-y-Doctores-exigen-mejores-insumos-m%C3%A9dicos-qro-jun.jpg?resize=700%2C400&ssl=1 2x"},"classes":[]},{"id":47294,"url":"https:\/\/www.grieta.org.mx\/index.php\/2020\/01\/15\/esta-semana-surtiran-medicinas-a-queretaro\/","url_meta":{"origin":32424,"position":3},"title":"Esta semana surtir\u00e1n medicinas a Quer\u00e9taro","author":"grieta","date":"15 enero, 2020","format":false,"excerpt":"Foto: Archivo. El Universal\u00a0 \u00a0 Marittza Navarro \/ El Universal \u00a0 Insabi se comprometi\u00f3 a regular entrega de insumos: Ram\u00edrez Arg\u00fcello Esta semana la Federaci\u00f3n distribuir\u00e1 medicamentos y material de curaci\u00f3n a Quer\u00e9taro, que actualmente tiene un desabasto de 25%, inform\u00f3 Julio C\u00e9sar Ram\u00edrez Arg\u00fcello, secretario de Salud estatal. El\u2026","rel":"","context":"En &quot;CINTILLO&quot;","block_context":{"text":"CINTILLO","link":"https:\/\/www.grieta.org.mx\/index.php\/category\/cintillo\/"},"img":{"alt_text":"","src":"https:\/\/i0.wp.com\/www.grieta.org.mx\/wp-content\/uploads\/2020\/04\/Foto-Archivo.-El-Universal.jpg?resize=350%2C200","width":350,"height":200},"classes":[]},{"id":43082,"url":"https:\/\/www.grieta.org.mx\/index.php\/2020\/01\/13\/denuncian-escasez-de-medicamentos-y-materiales-en-imss-de-san-juan-del-rio-queretaro\/","url_meta":{"origin":32424,"position":4},"title":"Denuncian escasez de medicamentos y materiales en IMSS de San Juan del R\u00edo (Quer\u00e9taro)","author":"grieta","date":"13 enero, 2020","format":false,"excerpt":"Derechohabientes de la Unidad de Medicina Familiar N\u00ba 7 del IMSS en San Juan del R\u00edo, denunciaron la falta de medicamentos y materiales para ser atendidos. Cris Mesa Ram\u00edrez \/ Rotativo San Juan del R\u00edo, 13 Enero 2019.- Derechohabientes de la Unidad de Medicina Familiar (UMF), N\u00ba 7 del Instituto\u2026","rel":"","context":"En &quot;CINTILLO&quot;","block_context":{"text":"CINTILLO","link":"https:\/\/www.grieta.org.mx\/index.php\/category\/cintillo\/"},"img":{"alt_text":"","src":"https:\/\/i0.wp.com\/www.grieta.org.mx\/wp-content\/uploads\/2020\/01\/Denuncian-escasez-de-medicamentos-y-materiales-en-IMSS-de-San-Juan-del-R%C3%ADo-qro-ene.jpg?resize=350%2C200&ssl=1","width":350,"height":200,"srcset":"https:\/\/i0.wp.com\/www.grieta.org.mx\/wp-content\/uploads\/2020\/01\/Denuncian-escasez-de-medicamentos-y-materiales-en-IMSS-de-San-Juan-del-R%C3%ADo-qro-ene.jpg?resize=350%2C200&ssl=1 1x, https:\/\/i0.wp.com\/www.grieta.org.mx\/wp-content\/uploads\/2020\/01\/Denuncian-escasez-de-medicamentos-y-materiales-en-IMSS-de-San-Juan-del-R%C3%ADo-qro-ene.jpg?resize=525%2C300&ssl=1 1.5x"},"classes":[]},{"id":40155,"url":"https:\/\/www.grieta.org.mx\/index.php\/2019\/10\/12\/exigen-al-issste-atencion-a-pacientes-oncologicos-queretaro\/","url_meta":{"origin":32424,"position":5},"title":"Exigen al ISSSTE atenci\u00f3n a pacientes oncol\u00f3gicos (Quer\u00e9taro)","author":"grieta","date":"12 octubre, 2019","format":false,"excerpt":"Domingo Vald\u00e9z \/ El Universal Se manifiestan frente al instituto; no hay medicinas desde hace un mes, se\u00f1alan Familiares y derechohabientes del ISSSTE se manifestaron frente a las oficinas del instituto en demanda de atenci\u00f3n a pacientes oncol\u00f3gicos, pues desde hace un mes carecen de medicamentos. Algunos de los afectados\u2026","rel":"","context":"En &quot;CINTILLO&quot;","block_context":{"text":"CINTILLO","link":"https:\/\/www.grieta.org.mx\/index.php\/category\/cintillo\/"},"img":{"alt_text":"","src":"https:\/\/i0.wp.com\/www.grieta.org.mx\/wp-content\/uploads\/2019\/10\/Exigen-al-ISSSTE-atenci%C3%B3n-a-pacientes-oncol%C3%B3gicos-oct-qro.jpg?resize=350%2C200","width":350,"height":200},"classes":[]}],"_links":{"self":[{"href":"https:\/\/www.grieta.org.mx\/index.php\/wp-json\/wp\/v2\/posts\/32424","targetHints":{"allow":["GET"]}}],"collection":[{"href":"https:\/\/www.grieta.org.mx\/index.php\/wp-json\/wp\/v2\/posts"}],"about":[{"href":"https:\/\/www.grieta.org.mx\/index.php\/wp-json\/wp\/v2\/types\/post"}],"author":[{"embeddable":true,"href":"https:\/\/www.grieta.org.mx\/index.php\/wp-json\/wp\/v2\/users\/2"}],"replies":[{"embeddable":true,"href":"https:\/\/www.grieta.org.mx\/index.php\/wp-json\/wp\/v2\/comments?post=32424"}],"version-history":[{"count":1,"href":"https:\/\/www.grieta.org.mx\/index.php\/wp-json\/wp\/v2\/posts\/32424\/revisions"}],"predecessor-version":[{"id":32426,"href":"https:\/\/www.grieta.org.mx\/index.php\/wp-json\/wp\/v2\/posts\/32424\/revisions\/32426"}],"wp:featuredmedia":[{"embeddable":true,"href":"https:\/\/www.grieta.org.mx\/index.php\/wp-json\/wp\/v2\/media\/32425"}],"wp:attachment":[{"href":"https:\/\/www.grieta.org.mx\/index.php\/wp-json\/wp\/v2\/media?parent=32424"}],"wp:term":[{"taxonomy":"category","embeddable":true,"href":"https:\/\/www.grieta.org.mx\/index.php\/wp-json\/wp\/v2\/categories?post=32424"},{"taxonomy":"post_tag","embeddable":true,"href":"https:\/\/www.grieta.org.mx\/index.php\/wp-json\/wp\/v2\/tags?post=32424"}],"curies":[{"name":"wp","href":"https:\/\/api.w.org\/{rel}","templated":true}]}}