{"id":32412,"date":"2019-04-16T18:57:24","date_gmt":"2019-04-16T23:57:24","guid":{"rendered":"http:\/\/www.grieta.org.mx\/?p=32412"},"modified":"2019-04-22T19:39:36","modified_gmt":"2019-04-23T00:39:36","slug":"se-niega-la-fiscalia-a-catalogar-otro-feminicidio-denuncian-abogadas-queretaro","status":"publish","type":"post","link":"https:\/\/www.grieta.org.mx\/index.php\/2019\/04\/16\/se-niega-la-fiscalia-a-catalogar-otro-feminicidio-denuncian-abogadas-queretaro\/","title":{"rendered":"Se niega la Fiscal\u00eda a catalogar otro feminicidio: denuncian abogadas (Quer\u00e9taro)"},"content":{"rendered":"<p><img loading=\"lazy\" decoding=\"async\" data-attachment-id=\"32413\" data-permalink=\"https:\/\/www.grieta.org.mx\/index.php\/2019\/04\/16\/se-niega-la-fiscalia-a-catalogar-otro-feminicidio-denuncian-abogadas-queretaro\/fem-2\/\" data-orig-file=\"https:\/\/www.grieta.org.mx\/wp-content\/uploads\/2019\/04\/fem.jpeg\" data-orig-size=\"1160,700\" data-comments-opened=\"0\" data-image-meta=\"{&quot;aperture&quot;:&quot;0&quot;,&quot;credit&quot;:&quot;&quot;,&quot;camera&quot;:&quot;&quot;,&quot;caption&quot;:&quot;&quot;,&quot;created_timestamp&quot;:&quot;0&quot;,&quot;copyright&quot;:&quot;&quot;,&quot;focal_length&quot;:&quot;0&quot;,&quot;iso&quot;:&quot;0&quot;,&quot;shutter_speed&quot;:&quot;0&quot;,&quot;title&quot;:&quot;&quot;,&quot;orientation&quot;:&quot;0&quot;}\" data-image-title=\"fem\" data-image-description=\"\" data-image-caption=\"\" data-medium-file=\"https:\/\/www.grieta.org.mx\/wp-content\/uploads\/2019\/04\/fem-300x181.jpeg\" data-large-file=\"https:\/\/www.grieta.org.mx\/wp-content\/uploads\/2019\/04\/fem-1024x618.jpeg\" class=\" wp-image-32413 aligncenter\" src=\"http:\/\/www.grieta.org.mx\/wp-content\/uploads\/2019\/04\/fem-300x181.jpeg\" alt=\"\" width=\"766\" height=\"462\" srcset=\"https:\/\/www.grieta.org.mx\/wp-content\/uploads\/2019\/04\/fem-300x181.jpeg 300w, https:\/\/www.grieta.org.mx\/wp-content\/uploads\/2019\/04\/fem-768x463.jpeg 768w, https:\/\/www.grieta.org.mx\/wp-content\/uploads\/2019\/04\/fem-1024x618.jpeg 1024w, https:\/\/www.grieta.org.mx\/wp-content\/uploads\/2019\/04\/fem-829x500.jpeg 829w, https:\/\/www.grieta.org.mx\/wp-content\/uploads\/2019\/04\/fem.jpeg 1160w\" sizes=\"auto, (max-width: 766px) 100vw, 766px\" \/><\/p>\n<p>Mariana Villalobos \/ Quadratin<\/p>\n<p>Se niega la Fiscal\u00eda a catalogar otro feminicidio: denuncian abogadas<\/p>\n<p>QUER\u00c9TARO, Qro., 16 de abril de 2019.- La Fiscal\u00eda General del Estado de Quer\u00e9taro ha faltado a los protocolos para abordar los casos con perspectiva de g\u00e9nero y se se neg\u00f3 una vez m\u00e1s a catalogar como feminicidio el asesinato una mujer que cumple con las caracter\u00edsticas para hacerlo, denunciaron diversos colectivos de abogados y activistas, entre ellos el de Litigio Estrat\u00e9gico de Investigaci\u00f3n en Derechos Humanos. Mayi Roa representante de Juntas se tiene evidencia de que Marlene Fernanda, la v\u00edctima, hab\u00eda sido violentada por su pareja en diversas ocasiones lo que abona a considerar su muerte como un indicio de feminicidio entre otros motivos.<\/p>\n<p>\u201cSi bien es cierto, no cualquier asesinato de una mujer puede ser considerado feminicidio, en el caso de Marlene re\u00fane elementos para ser considerado como tal, como es el hecho de que manten\u00eda una relaci\u00f3n de noviazgo y hab\u00eda antecedentes de violencia, por mencionar algunos\u201d se\u00f1al\u00f3.<\/p>\n<p>En el desarrollo del caso han existido var\u00edas contradicciones entre ellas evidenciada a trav\u00e9s del comunicado emitido por la Fiscal\u00eda General del Estado en el que se calific\u00f3 la muerte de Marlene como un suicidio por haberla encontrado sostenida de la perilla de una puerta con una agujeta, sin embargo, una de las abogadas asegur\u00f3 que luego de acudir a la Fiscal\u00eda para que se considerara como homicidio dadas las pruebas reunidas el responsable de la investigaci\u00f3n asegur\u00f3 que se estaba indagando bajo el delito de homicidio.<\/p>\n<p>\u201cA ra\u00edz de la denuncia del caso, se evidenci\u00f3 que la pareja sentimental de Marlene ya hab\u00eda sido condenada en el a\u00f1o 2013 a 36 a\u00f1os de prisi\u00f3n por haber asesinado en ese entonces, su novia, mediante asfixia por estrangulamiento\u201d dijo.<\/p>\n<p>Esta y muchas otras irregularidades e inconsistencias han sido identificados en el desarrollo de este caso por lo que se adoptar\u00e1n varias medidas paralelas para que se otorgue justicia pronta y expedita a la v\u00edctima y a su familia, entre ellas un recurso ante la Corte Interamericana de los Derechos Humanos y el Comit\u00e9 de Naciones Unidas de CEDAW para que se vigile el actuar de la Fiscal\u00eda General en Quer\u00e9taro.<\/p>\n<p><a href=\"https:\/\/queretaro.quadratin.com.mx\/se-niega-la-fiscalia-a-catalogar-otro-feminicidio-denuncian-abogados\/\">https:\/\/queretaro.quadratin.com.mx\/se-niega-la-fiscalia-a-catalogar-otro-feminicidio-denuncian-abogados\/<\/a><\/p>\n","protected":false},"excerpt":{"rendered":"<p>Mariana Villalobos \/ Quadratin Se niega la Fiscal\u00eda a catalogar otro feminicidio: denuncian abogadas QUER\u00c9TARO, Qro., 16 de abril de 2019.- La Fiscal\u00eda General del Estado de Quer\u00e9taro ha faltado &hellip; <a href=\"https:\/\/www.grieta.org.mx\/index.php\/2019\/04\/16\/se-niega-la-fiscalia-a-catalogar-otro-feminicidio-denuncian-abogadas-queretaro\/\" class=\"more-link\">Leer m\u00e1s<\/a><\/p>\n","protected":false},"author":2,"featured_media":32413,"comment_status":"closed","ping_status":"closed","sticky":false,"template":"","format":"standard","meta":{"ngg_post_thumbnail":0,"_jetpack_newsletter_access":"","_jetpack_dont_email_post_to_subs":false,"_jetpack_newsletter_tier_id":0,"_jetpack_memberships_contains_paywalled_content":false,"_jetpack_memberships_contains_paid_content":false,"footnotes":""},"categories":[80,84,1896,2,27,83],"tags":[81],"class_list":["post-32412","post","type-post","status-publish","format-standard","has-post-thumbnail","hentry","category-cintillo","category-feminicidios","category-feminicidios-en-queretaro","category-noticias-nacionales","category-queretaro","category-temas-nacionales","tag-feminicidios","entry"],"jetpack_featured_media_url":"https:\/\/www.grieta.org.mx\/wp-content\/uploads\/2019\/04\/fem.jpeg","jetpack_sharing_enabled":true,"jetpack_shortlink":"https:\/\/wp.me\/p7ZJR4-8qM","jetpack_likes_enabled":false,"jetpack-related-posts":[{"id":36187,"url":"https:\/\/www.grieta.org.mx\/index.php\/2019\/06\/23\/feminicidios-los-clasifican-como-suicidio-aquesex-queretaro\/","url_meta":{"origin":32412,"position":0},"title":"Feminicidios los clasifican como suicidio: Aquesex (Quer\u00e9taro)","author":"grieta","date":"23 junio, 2019","format":false,"excerpt":"Foto: Yolanda Longino Denuncian una intenci\u00f3n para evitar que se tipifiquen correctamente Redacci\u00f3n \/ Diario de Quer\u00e9taro Luego de los casos de asesinato registrados a mujeres, como Ana Karen y Marlene Fernanda, la representante de la Asociaci\u00f3n Queretana de Educaci\u00f3n para las Sexualidades Humanas A.C. (Aquesex), Alejandra Mart\u00ednez Gal\u00e1n, apunt\u00f3\u2026","rel":"","context":"En &quot;CINTILLO&quot;","block_context":{"text":"CINTILLO","link":"https:\/\/www.grieta.org.mx\/index.php\/category\/cintillo\/"},"img":{"alt_text":"","src":"https:\/\/i0.wp.com\/www.grieta.org.mx\/wp-content\/uploads\/2019\/07\/Activistas-alertan-2.jpg?resize=350%2C200&ssl=1","width":350,"height":200,"srcset":"https:\/\/i0.wp.com\/www.grieta.org.mx\/wp-content\/uploads\/2019\/07\/Activistas-alertan-2.jpg?resize=350%2C200&ssl=1 1x, https:\/\/i0.wp.com\/www.grieta.org.mx\/wp-content\/uploads\/2019\/07\/Activistas-alertan-2.jpg?resize=525%2C300&ssl=1 1.5x, https:\/\/i0.wp.com\/www.grieta.org.mx\/wp-content\/uploads\/2019\/07\/Activistas-alertan-2.jpg?resize=700%2C400&ssl=1 2x"},"classes":[]},{"id":33073,"url":"https:\/\/www.grieta.org.mx\/index.php\/2019\/05\/04\/colecta-para-peritaje-del-crimen-de-marlene-queretaro\/","url_meta":{"origin":32412,"position":1},"title":"Colecta para peritaje del crimen de Marlene (Quer\u00e9taro)","author":"grieta","date":"4 mayo, 2019","format":false,"excerpt":"Acusan a la Fiscal\u00eda General del Estado de no proceder en investigaciones por feminicidio Cecilia Conde \/ El Diario de Quer\u00e9taro Para realizar los peritajes externos por el presunto asesinato de Marlene Fernanda suscitado el 8 de abril en la capital del estado, las organizaciones civiles y los familiares han\u2026","rel":"","context":"En &quot;CINTILLO&quot;","block_context":{"text":"CINTILLO","link":"https:\/\/www.grieta.org.mx\/index.php\/category\/cintillo\/"},"img":{"alt_text":"","src":"https:\/\/i0.wp.com\/www.grieta.org.mx\/wp-content\/uploads\/2019\/05\/UNO-DE.jpg?resize=350%2C200&ssl=1","width":350,"height":200,"srcset":"https:\/\/i0.wp.com\/www.grieta.org.mx\/wp-content\/uploads\/2019\/05\/UNO-DE.jpg?resize=350%2C200&ssl=1 1x, https:\/\/i0.wp.com\/www.grieta.org.mx\/wp-content\/uploads\/2019\/05\/UNO-DE.jpg?resize=525%2C300&ssl=1 1.5x, https:\/\/i0.wp.com\/www.grieta.org.mx\/wp-content\/uploads\/2019\/05\/UNO-DE.jpg?resize=700%2C400&ssl=1 2x"},"classes":[]},{"id":66771,"url":"https:\/\/www.grieta.org.mx\/index.php\/2023\/04\/10\/porque-las-mujeres-de-la-periferia-tambien-importan-protestan-por-feminicidio-en-carrillo-puerto-queretaro\/","url_meta":{"origin":32412,"position":2},"title":"Porque las mujeres de la periferia tambi\u00e9n importan: protestan por feminicidio en Carrillo Puerto (Quer\u00e9taro)","author":"grieta","date":"10 abril, 2023","format":false,"excerpt":"Ana Karina V\u00e1zquez \/ Proyecto Saltapatr\u00e1s Fotograf\u00eda: Fa \u00a0 Decenas de mujeres se congregaron en la calle donde esta madrugada fue asesinada una mujer de manera violenta, presuntamente por su pareja, para luego adue\u00f1arse de las vialidades de la delegaci\u00f3n Felipe Carrillo Puerto, a un costado de la iglesia de\u2026","rel":"","context":"En &quot;CINTILLO&quot;","block_context":{"text":"CINTILLO","link":"https:\/\/www.grieta.org.mx\/index.php\/category\/cintillo\/"},"img":{"alt_text":"","src":"https:\/\/i0.wp.com\/www.grieta.org.mx\/wp-content\/uploads\/2023\/04\/Porque-las-mujeres-de-la-periferia-tambien-importan-protestan-por-feminicidio-en-Carrillo-Puerto-abr-qro.jpeg?resize=350%2C200&ssl=1","width":350,"height":200,"srcset":"https:\/\/i0.wp.com\/www.grieta.org.mx\/wp-content\/uploads\/2023\/04\/Porque-las-mujeres-de-la-periferia-tambien-importan-protestan-por-feminicidio-en-Carrillo-Puerto-abr-qro.jpeg?resize=350%2C200&ssl=1 1x, https:\/\/i0.wp.com\/www.grieta.org.mx\/wp-content\/uploads\/2023\/04\/Porque-las-mujeres-de-la-periferia-tambien-importan-protestan-por-feminicidio-en-Carrillo-Puerto-abr-qro.jpeg?resize=525%2C300&ssl=1 1.5x, https:\/\/i0.wp.com\/www.grieta.org.mx\/wp-content\/uploads\/2023\/04\/Porque-las-mujeres-de-la-periferia-tambien-importan-protestan-por-feminicidio-en-Carrillo-Puerto-abr-qro.jpeg?resize=700%2C400&ssl=1 2x, https:\/\/i0.wp.com\/www.grieta.org.mx\/wp-content\/uploads\/2023\/04\/Porque-las-mujeres-de-la-periferia-tambien-importan-protestan-por-feminicidio-en-Carrillo-Puerto-abr-qro.jpeg?resize=1050%2C600&ssl=1 3x, https:\/\/i0.wp.com\/www.grieta.org.mx\/wp-content\/uploads\/2023\/04\/Porque-las-mujeres-de-la-periferia-tambien-importan-protestan-por-feminicidio-en-Carrillo-Puerto-abr-qro.jpeg?resize=1400%2C800&ssl=1 4x"},"classes":[]},{"id":4618,"url":"https:\/\/www.grieta.org.mx\/index.php\/2016\/09\/01\/desaparecidos-en-queretaro\/","url_meta":{"origin":32412,"position":3},"title":"Desaparecidos en Quer\u00e9taro","author":"grieta","date":"1 septiembre, 2016","format":false,"excerpt":"01\/09\/16. En Sinaloa reportan 90 casos de desaparecidos de Quer\u00e9taro Libertad de palabra 09\/08\/16. La Fiscal\u00eda de Quer\u00e9taro difunde como \u201cse\u00f1a particular\u201d que \u201cLe apodan \u2018La Cuquis\u2019\u201d Libertad de palabra 14\/06\/16. Quer\u00e9taro: Niega Gobierno panista desapariciones forzadas Libertad de palabra 21\/01\/16. \"\u00a1Queremos justicia, no mentiras!\u201d, reclama Desaparecidos Justicia A.C. en\u2026","rel":"","context":"En &quot;Desaparecidos&quot;","block_context":{"text":"Desaparecidos","link":"https:\/\/www.grieta.org.mx\/index.php\/category\/temas-nacionales\/desaparecidos\/"},"img":{"alt_text":"","src":"https:\/\/i0.wp.com\/www.grieta.org.mx\/wp-content\/uploads\/2018\/03\/14524434_1106112876131411_958039263622046936_o.jpg?resize=350%2C200&ssl=1","width":350,"height":200,"srcset":"https:\/\/i0.wp.com\/www.grieta.org.mx\/wp-content\/uploads\/2018\/03\/14524434_1106112876131411_958039263622046936_o.jpg?resize=350%2C200&ssl=1 1x, https:\/\/i0.wp.com\/www.grieta.org.mx\/wp-content\/uploads\/2018\/03\/14524434_1106112876131411_958039263622046936_o.jpg?resize=525%2C300&ssl=1 1.5x, https:\/\/i0.wp.com\/www.grieta.org.mx\/wp-content\/uploads\/2018\/03\/14524434_1106112876131411_958039263622046936_o.jpg?resize=700%2C400&ssl=1 2x"},"classes":[]},{"id":4916,"url":"https:\/\/www.grieta.org.mx\/index.php\/2016\/08\/11\/feminicidios-en-queretaro\/","url_meta":{"origin":32412,"position":4},"title":"Feminicidios en Quer\u00e9taro","author":"grieta","date":"11 agosto, 2016","format":false,"excerpt":"11\/08\/16. Van 25 feminicidios en Qro.: Organizaciones Civiles AM Quer\u00e9taro 10\/08\/16. Piden acciones contra feminicidios en Quer\u00e9taro AM Quer\u00e9taro 17\/04\/16. Har\u00e1n observaciones a resoluci\u00f3n de Conavim AM Quer\u00e9taro 14\/03\/16. Exigen que se resuelvan casos de feminicidios AM Quer\u00e9taro 19\/11\/15. Asociaciones piden alerta de g\u00e9nero en Quer\u00e9taro AM Quer\u00e9taro 11\/10\/15. Preocupa\u2026","rel":"","context":"En &quot;CINTILLO&quot;","block_context":{"text":"CINTILLO","link":"https:\/\/www.grieta.org.mx\/index.php\/category\/cintillo\/"},"img":{"alt_text":"","src":"https:\/\/i0.wp.com\/www.grieta.org.mx\/wp-content\/uploads\/2018\/03\/14524434_1106112876131411_958039263622046936_o.jpg?resize=350%2C200&ssl=1","width":350,"height":200,"srcset":"https:\/\/i0.wp.com\/www.grieta.org.mx\/wp-content\/uploads\/2018\/03\/14524434_1106112876131411_958039263622046936_o.jpg?resize=350%2C200&ssl=1 1x, https:\/\/i0.wp.com\/www.grieta.org.mx\/wp-content\/uploads\/2018\/03\/14524434_1106112876131411_958039263622046936_o.jpg?resize=525%2C300&ssl=1 1.5x, https:\/\/i0.wp.com\/www.grieta.org.mx\/wp-content\/uploads\/2018\/03\/14524434_1106112876131411_958039263622046936_o.jpg?resize=700%2C400&ssl=1 2x"},"classes":[]},{"id":29083,"url":"https:\/\/www.grieta.org.mx\/index.php\/2019\/02\/17\/aumentan-feminicidios-en-ruta-de-ductos-de-hidrocarburo-queretaro\/","url_meta":{"origin":32412,"position":5},"title":"Aumentan feminicidios en ruta de ductos de hidrocarburo (Quer\u00e9taro)","author":"grieta","date":"17 febrero, 2019","format":false,"excerpt":"Katia Lemus Barajas \/ Diario rotativo febrero 17, 2019 Quer\u00e9taro, 17 Febrero 2019.- A \u00faltimas fechas se ha podido apreciar que las rutas por donde corren los ductos de combustible han trazado un referente en las zonas donde se presenta el mayor n\u00famero de feminicidios, asegur\u00f3 Maricruz Ocampo Guerrero, encargada\u2026","rel":"","context":"En &quot;CINTILLO&quot;","block_context":{"text":"CINTILLO","link":"https:\/\/www.grieta.org.mx\/index.php\/category\/cintillo\/"},"img":{"alt_text":"","src":"https:\/\/i0.wp.com\/www.grieta.org.mx\/wp-content\/uploads\/2019\/02\/aumentan-feminicidios-en-ruta-de-ductos-de-hidrocarburo.jpg?resize=350%2C200&ssl=1","width":350,"height":200,"srcset":"https:\/\/i0.wp.com\/www.grieta.org.mx\/wp-content\/uploads\/2019\/02\/aumentan-feminicidios-en-ruta-de-ductos-de-hidrocarburo.jpg?resize=350%2C200&ssl=1 1x, https:\/\/i0.wp.com\/www.grieta.org.mx\/wp-content\/uploads\/2019\/02\/aumentan-feminicidios-en-ruta-de-ductos-de-hidrocarburo.jpg?resize=525%2C300&ssl=1 1.5x, https:\/\/i0.wp.com\/www.grieta.org.mx\/wp-content\/uploads\/2019\/02\/aumentan-feminicidios-en-ruta-de-ductos-de-hidrocarburo.jpg?resize=700%2C400&ssl=1 2x"},"classes":[]}],"_links":{"self":[{"href":"https:\/\/www.grieta.org.mx\/index.php\/wp-json\/wp\/v2\/posts\/32412","targetHints":{"allow":["GET"]}}],"collection":[{"href":"https:\/\/www.grieta.org.mx\/index.php\/wp-json\/wp\/v2\/posts"}],"about":[{"href":"https:\/\/www.grieta.org.mx\/index.php\/wp-json\/wp\/v2\/types\/post"}],"author":[{"embeddable":true,"href":"https:\/\/www.grieta.org.mx\/index.php\/wp-json\/wp\/v2\/users\/2"}],"replies":[{"embeddable":true,"href":"https:\/\/www.grieta.org.mx\/index.php\/wp-json\/wp\/v2\/comments?post=32412"}],"version-history":[{"count":1,"href":"https:\/\/www.grieta.org.mx\/index.php\/wp-json\/wp\/v2\/posts\/32412\/revisions"}],"predecessor-version":[{"id":32415,"href":"https:\/\/www.grieta.org.mx\/index.php\/wp-json\/wp\/v2\/posts\/32412\/revisions\/32415"}],"wp:featuredmedia":[{"embeddable":true,"href":"https:\/\/www.grieta.org.mx\/index.php\/wp-json\/wp\/v2\/media\/32413"}],"wp:attachment":[{"href":"https:\/\/www.grieta.org.mx\/index.php\/wp-json\/wp\/v2\/media?parent=32412"}],"wp:term":[{"taxonomy":"category","embeddable":true,"href":"https:\/\/www.grieta.org.mx\/index.php\/wp-json\/wp\/v2\/categories?post=32412"},{"taxonomy":"post_tag","embeddable":true,"href":"https:\/\/www.grieta.org.mx\/index.php\/wp-json\/wp\/v2\/tags?post=32412"}],"curies":[{"name":"wp","href":"https:\/\/api.w.org\/{rel}","templated":true}]}}