{"id":32381,"date":"2019-04-12T11:49:24","date_gmt":"2019-04-12T16:49:24","guid":{"rendered":"http:\/\/www.grieta.org.mx\/?p=32381"},"modified":"2019-04-21T11:51:43","modified_gmt":"2019-04-21T16:51:43","slug":"exigen-investigar-a-los-28-docentes-acusados-de-acoso-aguascalientes","status":"publish","type":"post","link":"https:\/\/www.grieta.org.mx\/index.php\/2019\/04\/12\/exigen-investigar-a-los-28-docentes-acusados-de-acoso-aguascalientes\/","title":{"rendered":"Exigen investigar a los 28 docentes acusados de acoso (Aguascalientes)"},"content":{"rendered":"<p><img loading=\"lazy\" decoding=\"async\" data-attachment-id=\"32380\" data-permalink=\"https:\/\/www.grieta.org.mx\/?attachment_id=32380\" data-orig-file=\"https:\/\/www.grieta.org.mx\/wp-content\/uploads\/2019\/04\/aguas.jpg\" data-orig-size=\"369,248\" data-comments-opened=\"0\" data-image-meta=\"{&quot;aperture&quot;:&quot;0&quot;,&quot;credit&quot;:&quot;&quot;,&quot;camera&quot;:&quot;&quot;,&quot;caption&quot;:&quot;&quot;,&quot;created_timestamp&quot;:&quot;0&quot;,&quot;copyright&quot;:&quot;&quot;,&quot;focal_length&quot;:&quot;0&quot;,&quot;iso&quot;:&quot;0&quot;,&quot;shutter_speed&quot;:&quot;0&quot;,&quot;title&quot;:&quot;&quot;,&quot;orientation&quot;:&quot;0&quot;}\" data-image-title=\"aguas\" data-image-description=\"\" data-image-caption=\"\" data-medium-file=\"https:\/\/www.grieta.org.mx\/wp-content\/uploads\/2019\/04\/aguas-300x202.jpg\" data-large-file=\"https:\/\/www.grieta.org.mx\/wp-content\/uploads\/2019\/04\/aguas.jpg\" src=\"http:\/\/www.grieta.org.mx\/wp-content\/uploads\/2019\/04\/aguas-300x202.jpg\" alt=\"\" width=\"300\" height=\"202\" class=\"alignleft size-medium wp-image-32380\" srcset=\"https:\/\/www.grieta.org.mx\/wp-content\/uploads\/2019\/04\/aguas-300x202.jpg 300w, https:\/\/www.grieta.org.mx\/wp-content\/uploads\/2019\/04\/aguas.jpg 369w\" sizes=\"auto, (max-width: 300px) 100vw, 300px\" \/><br \/>\nRedacci\u00f3n\/Hidroc\u00e1lido digital<\/p>\n<p>Aguascalientes, Ags.-Alumnas de la Universidad Aut\u00f3noma de Aguascalientes (UAA) se manifestaron en las instalaciones de esta instituci\u00f3n para exigir a las autoridades universitarias que investigue a 28 docentes acusados de acoso y hostigamiento sexual.<\/p>\n<p>La ma\u00f1ana de este viernes un grupo de estudiantes de la M\u00e1xima Casa de Estudios se congreg\u00f3 a las afueras del Edificio de Rector\u00eda con pancartas para requerir a las autoridades universitarias que investigue a todos aquellos profesores que a trav\u00e9s de la plataforma MeToo, han sido acusados de acoso.<\/p>\n<p>Es necesario, dijeron, que se investigue a todos aquellos docentes que fueron se\u00f1alados mediante la plataforma MeToo, esto sin la necesidad de que alguna chica tenga que interponer su denuncia nuevamente, lo anterior con la finalidad de no revictimizar a aquellas mujeres que ya denunciaron en una ocasi\u00f3n.<\/p>\n<p>\u201cQueremos que la UAA se posicione contra el acoso y que tenga una posici\u00f3n concreta contra la violencia de g\u00e9nero. Estamos pidiendo que el protocolo se cambie y se aprueben las modificaciones a la brevedad. En demandas m\u00e1s prolongadas que se incluya la perspectiva de g\u00e9nero en los cursos de inducci\u00f3n para evitar que pasen este tipo de cosas\u201d, se\u00f1al\u00f3 una de las estudiantes.<\/p>\n<p>Explic\u00f3 que algunos de los docentes fueron denunciados por acoso y hostigamiento sexual, otros tantos por violencia psicol\u00f3gica, incluso hubo algunos que se vieron involucrados en relaciones sentimentales con las alumnas.<\/p>\n<p>\u201cPedimos a las altas autoridades que proporcionen los mecanismos a los organismos ya existentes para que se pueda investigar\u201d, reiterando que hasta el momento el rector no ha tenido acercamiento con las alumnas acosadas, \u00fanicamente el secretario general, \u201cnecesitamos una respuesta, sino vamos a seguir ejerciendo presi\u00f3n, la cual va dirigida a las altas autoridades de la instituci\u00f3n\u201d.<\/p>\n<p><a href=\"http:\/\/www.hidrocalidodigital.com\/local\/articulo.php?idnota=155564\" rel=\"noopener noreferrer\" target=\"_blank\">http:\/\/www.hidrocalidodigital.com\/local\/articulo.php?idnota=155564<\/a><\/p>\n","protected":false},"excerpt":{"rendered":"<p>Redacci\u00f3n\/Hidroc\u00e1lido digital Aguascalientes, Ags.-Alumnas de la Universidad Aut\u00f3noma de Aguascalientes (UAA) se manifestaron en las instalaciones de esta instituci\u00f3n para exigir a las autoridades universitarias que investigue a 28 docentes &hellip; <a href=\"https:\/\/www.grieta.org.mx\/index.php\/2019\/04\/12\/exigen-investigar-a-los-28-docentes-acusados-de-acoso-aguascalientes\/\" class=\"more-link\">Leer m\u00e1s<\/a><\/p>\n","protected":false},"author":2,"featured_media":32380,"comment_status":"closed","ping_status":"closed","sticky":false,"template":"","format":"standard","meta":{"ngg_post_thumbnail":0,"_jetpack_newsletter_access":"","_jetpack_dont_email_post_to_subs":false,"_jetpack_newsletter_tier_id":0,"_jetpack_memberships_contains_paywalled_content":false,"_jetpack_memberships_contains_paid_content":false,"footnotes":""},"categories":[4,80,2,2491],"tags":[648,94],"class_list":["post-32381","post","type-post","status-publish","format-standard","has-post-thumbnail","hentry","category-aguascalientes","category-cintillo","category-noticias-nacionales","category-violencia-contra-las-mujeres-en-aguascalientes","tag-acoso","tag-violencia-contra-mujeres","entry"],"jetpack_featured_media_url":"https:\/\/www.grieta.org.mx\/wp-content\/uploads\/2019\/04\/aguas.jpg","jetpack_sharing_enabled":true,"jetpack_shortlink":"https:\/\/wp.me\/p7ZJR4-8qh","jetpack_likes_enabled":false,"jetpack-related-posts":[{"id":11160,"url":"https:\/\/www.grieta.org.mx\/index.php\/2016\/05\/29\/movilizacion-contra-la-violencia-hacia-las-mujeres-en-aguascalientes\/","url_meta":{"origin":32381,"position":0},"title":"Movilizaci\u00f3n contra la violencia hacia las mujeres en Aguascalientes","author":"grieta","date":"29 mayo, 2016","format":false,"excerpt":"29\/05\/16. Edad promedio de mujeres ante primer acoso en Aguascalientes es de 14 a\u00f1os La Jornada Aguascalientes 24\/04\/16. Movilizaci\u00f3n en contra de las violencias machistas La Jornada Aguascalientes","rel":"","context":"En &quot;Aguascalientes&quot;","block_context":{"text":"Aguascalientes","link":"https:\/\/www.grieta.org.mx\/index.php\/category\/noticias-nacionales\/aguascalientes\/"},"img":{"alt_text":"","src":"https:\/\/i0.wp.com\/www.grieta.org.mx\/wp-content\/uploads\/2018\/03\/14524434_1106112876131411_958039263622046936_o.jpg?resize=350%2C200&ssl=1","width":350,"height":200,"srcset":"https:\/\/i0.wp.com\/www.grieta.org.mx\/wp-content\/uploads\/2018\/03\/14524434_1106112876131411_958039263622046936_o.jpg?resize=350%2C200&ssl=1 1x, https:\/\/i0.wp.com\/www.grieta.org.mx\/wp-content\/uploads\/2018\/03\/14524434_1106112876131411_958039263622046936_o.jpg?resize=525%2C300&ssl=1 1.5x, https:\/\/i0.wp.com\/www.grieta.org.mx\/wp-content\/uploads\/2018\/03\/14524434_1106112876131411_958039263622046936_o.jpg?resize=700%2C400&ssl=1 2x"},"classes":[]},{"id":43578,"url":"https:\/\/www.grieta.org.mx\/index.php\/2020\/01\/23\/aguascalientes-20-mil-casos-de-abuso-sexual-pero-no-se-investiga-ninguno\/","url_meta":{"origin":32381,"position":1},"title":"Aguascalientes: 20 mil casos de abuso sexual, pero no se investiga ninguno","author":"grieta","date":"23 enero, 2020","format":false,"excerpt":"Redacci\u00f3n\/La Silla Rota 23 enero 2020. En esta entidad, donde hay 672 mil 453 mujeres y 640 mil 91 hombres, son ellas las que vuelven a ser v\u00edctimas de violencia sexual y acoso. En Aguascalientes, un estado con un alto \u00cdndice de Desarrollo Humano, las agresiones contra las mujeres y\u2026","rel":"","context":"En &quot;Aguascalientes&quot;","block_context":{"text":"Aguascalientes","link":"https:\/\/www.grieta.org.mx\/index.php\/category\/noticias-nacionales\/aguascalientes\/"},"img":{"alt_text":"","src":"https:\/\/i0.wp.com\/www.grieta.org.mx\/wp-content\/uploads\/2020\/01\/mujeres-focus-min0.05-0.28-983-557.jpg?resize=350%2C200&ssl=1","width":350,"height":200,"srcset":"https:\/\/i0.wp.com\/www.grieta.org.mx\/wp-content\/uploads\/2020\/01\/mujeres-focus-min0.05-0.28-983-557.jpg?resize=350%2C200&ssl=1 1x, https:\/\/i0.wp.com\/www.grieta.org.mx\/wp-content\/uploads\/2020\/01\/mujeres-focus-min0.05-0.28-983-557.jpg?resize=525%2C300&ssl=1 1.5x, https:\/\/i0.wp.com\/www.grieta.org.mx\/wp-content\/uploads\/2020\/01\/mujeres-focus-min0.05-0.28-983-557.jpg?resize=700%2C400&ssl=1 2x"},"classes":[]},{"id":46197,"url":"https:\/\/www.grieta.org.mx\/index.php\/2020\/03\/04\/mujeres-no-se-sienten-seguras-en-aguascalientes\/","url_meta":{"origin":32381,"position":2},"title":"Mujeres no se sienten seguras en Aguascalientes","author":"grieta","date":"4 marzo, 2020","format":false,"excerpt":"Alejandro Manrique\/Newsweek Aguascalientes 4 marzo 2020 Pocas mujeres se sienten seguras en Aguascalientes, seg\u00fan se pudo conocer durante un sondeo realizado por Newsweek Aguascalientes en la zona centro de la capital, de ah\u00ed que muchas se sientan identificadas con el movimiento del pr\u00f3ximo 9 de marzo. \u201cTodos los d\u00edas soy\u2026","rel":"","context":"En &quot;Aguascalientes&quot;","block_context":{"text":"Aguascalientes","link":"https:\/\/www.grieta.org.mx\/index.php\/category\/noticias-nacionales\/aguascalientes\/"},"img":{"alt_text":"","src":"https:\/\/i0.wp.com\/www.grieta.org.mx\/wp-content\/uploads\/2020\/03\/39953873854_278d855e09_c.jpg?resize=350%2C200&ssl=1","width":350,"height":200,"srcset":"https:\/\/i0.wp.com\/www.grieta.org.mx\/wp-content\/uploads\/2020\/03\/39953873854_278d855e09_c.jpg?resize=350%2C200&ssl=1 1x, https:\/\/i0.wp.com\/www.grieta.org.mx\/wp-content\/uploads\/2020\/03\/39953873854_278d855e09_c.jpg?resize=525%2C300&ssl=1 1.5x"},"classes":[]},{"id":32383,"url":"https:\/\/www.grieta.org.mx\/index.php\/2019\/03\/30\/uaa-destaca-por-denuncias-de-acoso-sexual-en-el-pais-metooacademicos-aguacalientes\/","url_meta":{"origin":32381,"position":3},"title":"UAA destaca por denuncias de acoso sexual en el pa\u00eds: #MeTooAcad\u00e9micos (Aguacalientes)","author":"grieta","date":"30 marzo, 2019","format":false,"excerpt":"Redacci\u00f3n\/Proceso AGUASCALIENTES, Ags. (apro).- Un estudio realizado por quienes conforman la plataforma #MeTooAcad\u00e9micos en redes sociales, posiciona a la Universidad Aut\u00f3noma de Aguascalientes (UAA) como una de las instituciones con mayor n\u00famero de denuncias por acoso y violencia de g\u00e9nero en el pa\u00eds. A trav\u00e9s de denuncias an\u00f3nimas, m\u00e1s de\u2026","rel":"","context":"En &quot;Aguascalientes&quot;","block_context":{"text":"Aguascalientes","link":"https:\/\/www.grieta.org.mx\/index.php\/category\/noticias-nacionales\/aguascalientes\/"},"img":{"alt_text":"","src":"https:\/\/i0.wp.com\/www.grieta.org.mx\/wp-content\/uploads\/2019\/04\/metoo-1078x808.jpg?resize=350%2C200&ssl=1","width":350,"height":200,"srcset":"https:\/\/i0.wp.com\/www.grieta.org.mx\/wp-content\/uploads\/2019\/04\/metoo-1078x808.jpg?resize=350%2C200&ssl=1 1x, https:\/\/i0.wp.com\/www.grieta.org.mx\/wp-content\/uploads\/2019\/04\/metoo-1078x808.jpg?resize=525%2C300&ssl=1 1.5x, https:\/\/i0.wp.com\/www.grieta.org.mx\/wp-content\/uploads\/2019\/04\/metoo-1078x808.jpg?resize=700%2C400&ssl=1 2x, https:\/\/i0.wp.com\/www.grieta.org.mx\/wp-content\/uploads\/2019\/04\/metoo-1078x808.jpg?resize=1050%2C600&ssl=1 3x"},"classes":[]},{"id":15263,"url":"https:\/\/www.grieta.org.mx\/index.php\/2016\/05\/29\/edad-promedio-de-mujeres-ante-primer-acoso-en-aguascalientes-es-de-14-anos\/","url_meta":{"origin":32381,"position":4},"title":"Edad promedio de mujeres ante primer acoso en Aguascalientes es de 14 a\u00f1os","author":"grieta","date":"29 mayo, 2016","format":false,"excerpt":"Redacci\u00f3n La Jornada Aguascalientes. En la Universidad Aut\u00f3noma de Aguascalientes (UAA) se presentaron los resultados preliminares de una investigaci\u00f3n sobre el acoso callejero en el estado, en la cual participan el departamento de Trabajo Social, el Centro de Investigaci\u00f3n, Desarrollo, Capacitaci\u00f3n y Emprendimiento (CIDCE) y la asociaci\u00f3n civil Tlanemani, y\u2026","rel":"","context":"En &quot;aguascalientes&quot;","block_context":{"text":"aguascalientes","link":"https:\/\/www.grieta.org.mx\/index.php\/category\/aguascalientes\/"},"img":{"alt_text":"","src":"https:\/\/i0.wp.com\/www.grieta.org.mx\/wp-content\/uploads\/2018\/03\/14524434_1106112876131411_958039263622046936_o.jpg?resize=350%2C200&ssl=1","width":350,"height":200,"srcset":"https:\/\/i0.wp.com\/www.grieta.org.mx\/wp-content\/uploads\/2018\/03\/14524434_1106112876131411_958039263622046936_o.jpg?resize=350%2C200&ssl=1 1x, https:\/\/i0.wp.com\/www.grieta.org.mx\/wp-content\/uploads\/2018\/03\/14524434_1106112876131411_958039263622046936_o.jpg?resize=525%2C300&ssl=1 1.5x, https:\/\/i0.wp.com\/www.grieta.org.mx\/wp-content\/uploads\/2018\/03\/14524434_1106112876131411_958039263622046936_o.jpg?resize=700%2C400&ssl=1 2x"},"classes":[]},{"id":54936,"url":"https:\/\/www.grieta.org.mx\/index.php\/2020\/11\/11\/aguascalientes-beca-a-maestro-que-enfrenta-proceso-por-acoso-sexual\/","url_meta":{"origin":32381,"position":5},"title":"Aguascalientes beca a maestro que enfrenta proceso por acoso sexual","author":"grieta","date":"11 noviembre, 2020","format":false,"excerpt":"Antonio Bautista\/El Heraldo de M\u00e9xico 11 noviembre 2020 El Instituto Cultural de Aguascalientes otorg\u00f3 una beca a un profesor que enfrenta un juicio por acoso en contra de una de sus alumnas. El ICA incluy\u00f3 al Alfredo Vargas en el programa de apoyo a artistas locales por la contingencia de\u2026","rel":"","context":"En &quot;Aguascalientes&quot;","block_context":{"text":"Aguascalientes","link":"https:\/\/www.grieta.org.mx\/index.php\/category\/noticias-nacionales\/aguascalientes\/"},"img":{"alt_text":"","src":"https:\/\/i0.wp.com\/www.grieta.org.mx\/wp-content\/uploads\/2020\/11\/f925x521-281134_349998_5050.jpg?resize=350%2C200&ssl=1","width":350,"height":200,"srcset":"https:\/\/i0.wp.com\/www.grieta.org.mx\/wp-content\/uploads\/2020\/11\/f925x521-281134_349998_5050.jpg?resize=350%2C200&ssl=1 1x, https:\/\/i0.wp.com\/www.grieta.org.mx\/wp-content\/uploads\/2020\/11\/f925x521-281134_349998_5050.jpg?resize=525%2C300&ssl=1 1.5x, https:\/\/i0.wp.com\/www.grieta.org.mx\/wp-content\/uploads\/2020\/11\/f925x521-281134_349998_5050.jpg?resize=700%2C400&ssl=1 2x"},"classes":[]}],"_links":{"self":[{"href":"https:\/\/www.grieta.org.mx\/index.php\/wp-json\/wp\/v2\/posts\/32381","targetHints":{"allow":["GET"]}}],"collection":[{"href":"https:\/\/www.grieta.org.mx\/index.php\/wp-json\/wp\/v2\/posts"}],"about":[{"href":"https:\/\/www.grieta.org.mx\/index.php\/wp-json\/wp\/v2\/types\/post"}],"author":[{"embeddable":true,"href":"https:\/\/www.grieta.org.mx\/index.php\/wp-json\/wp\/v2\/users\/2"}],"replies":[{"embeddable":true,"href":"https:\/\/www.grieta.org.mx\/index.php\/wp-json\/wp\/v2\/comments?post=32381"}],"version-history":[{"count":1,"href":"https:\/\/www.grieta.org.mx\/index.php\/wp-json\/wp\/v2\/posts\/32381\/revisions"}],"predecessor-version":[{"id":32382,"href":"https:\/\/www.grieta.org.mx\/index.php\/wp-json\/wp\/v2\/posts\/32381\/revisions\/32382"}],"wp:featuredmedia":[{"embeddable":true,"href":"https:\/\/www.grieta.org.mx\/index.php\/wp-json\/wp\/v2\/media\/32380"}],"wp:attachment":[{"href":"https:\/\/www.grieta.org.mx\/index.php\/wp-json\/wp\/v2\/media?parent=32381"}],"wp:term":[{"taxonomy":"category","embeddable":true,"href":"https:\/\/www.grieta.org.mx\/index.php\/wp-json\/wp\/v2\/categories?post=32381"},{"taxonomy":"post_tag","embeddable":true,"href":"https:\/\/www.grieta.org.mx\/index.php\/wp-json\/wp\/v2\/tags?post=32381"}],"curies":[{"name":"wp","href":"https:\/\/api.w.org\/{rel}","templated":true}]}}