{"id":32372,"date":"2019-04-19T18:11:57","date_gmt":"2019-04-19T23:11:57","guid":{"rendered":"http:\/\/www.grieta.org.mx\/?p=32372"},"modified":"2019-04-20T23:19:11","modified_gmt":"2019-04-21T04:19:11","slug":"a-partir-de-hoy-inicia-plan-de-eu-que-reducira-abasto-de-agua-del-colorado-y-mexicali-y-slrc-baja-california","status":"publish","type":"post","link":"https:\/\/www.grieta.org.mx\/index.php\/2019\/04\/19\/a-partir-de-hoy-inicia-plan-de-eu-que-reducira-abasto-de-agua-del-colorado-y-mexicali-y-slrc-baja-california\/","title":{"rendered":"A partir de hoy inicia plan de EU que reducir\u00e1 abasto de agua del Colorado y Mexicali y SLRC (Baja California)"},"content":{"rendered":"<p>4 Vientos.<\/p>\n<p>Javier Cruz Aguirre,<\/p>\n<p>Este d\u00eda el gobierno estadounidense puso en marcha el plan para reducir el uso del agua del R\u00edo Colorado en una zona binacional donde habitan 40 millones de personas, entre ellas 3.2 millones que viven en el norte de los estados de Baja California y Sonora.<\/p>\n<p><img loading=\"lazy\" decoding=\"async\" src=\"http:\/\/www.4vientos.net\/wp-content\/uploads\/2019\/04\/RIO-COLORADO-CURSO-EN-CA%C3%91ON.jpg\" width=\"958\" height=\"415\" class=\"alignnone size-large\" \/><\/p>\n<p>De acuerdo con el Acta H.R. 2030 del Congreso norteamericano que el Presidente Donld Trump firm\u00f3 el martes 16 de abril, el Secretario del Interior David Bernhardt es el encargado de implementar a partir de hoy el documento que obliga a M\u00e9xico a depositar, en calidad de ahorro, 51 millones de metros c\u00fabicos anuales de agua en el Lago Mead, el mayor embalse artificial de los Estados Unidos que se ubica 48 kil\u00f3metros al sureste de Las Vegas, Nevada.<\/p>\n<p>Esto es as\u00ed porque el gobierno de Enrique Pe\u00f1a Nieto firm\u00f3, en septiembre del 2017, el Acta 323 de la Comisi\u00f3n Internacional de L\u00edmites y Aguas entre M\u00e9xico y Estados Unidos que obliga a nuestro pa\u00eds a solidarizarse con cualquier Plan Binacional de Contingencia por sequ\u00eda en la cuenca baja del r\u00edo Colorado.<\/p>\n<p>Este d\u00eda, la Comisi\u00f3n Nacional del Agua (Conagua) confirm\u00f3 que habr\u00e1 una reducci\u00f3n del l\u00edquido para M\u00e9xico y Estados Unidos por la crisis de escasez.<\/p>\n<p>Sin decir si el gobierno mexicano tiene un procedimiento de contingencia por la entrada en vigor del plan de emergencia norteamericano, explic\u00f3 que \u201cuna vez que se resuelva el problema se podr\u00edan regresar los vol\u00famenes para todas las entidades afectadas en ambos lados de la frontera.\u201d<\/p>\n<p>Una visi\u00f3n muy diferente es la que tienen sobre el \u201cestr\u00e9s h\u00eddrico\u201d \u2013como califica el Congreso y el gobierno de Trump a la sequ\u00eda que se vive desde hace 10 a\u00f1os en la regi\u00f3n de la cuenca del Colorado-, las seis entidades norteamericanas que se surten de agua del R\u00edo Colorado.<\/p>\n<p>El 10 de diciembre del a\u00f1o pasado, Jeffrey Kightlinger, Administrador General del Distrito Metropolitano de Aguas del Sur de California (MWD por sus iniciales en ingl\u00e9s), anunci\u00f3 que los estados que se abastecen del r\u00edo \u2013Nevada, Nuevo M\u00e9xico, Colorado, Utah y Wyoming, adem\u00e1s de California\u2013 aprobaron un plan de contingencia por sequ\u00eda \u201ccon la esperanza de garantizar que el Colorado abastezca de agua al suroeste del pa\u00eds durante una d\u00e9cada.\u201d<\/p>\n<p><img loading=\"lazy\" decoding=\"async\" data-attachment-id=\"32375\" data-permalink=\"https:\/\/www.grieta.org.mx\/index.php\/2019\/04\/19\/a-partir-de-hoy-inicia-plan-de-eu-que-reducira-abasto-de-agua-del-colorado-y-mexicali-y-slrc-baja-california\/rio-colorado-curso\/\" data-orig-file=\"https:\/\/www.grieta.org.mx\/wp-content\/uploads\/2019\/04\/RIO-COLORADO-CURSO.jpg\" data-orig-size=\"728,546\" data-comments-opened=\"0\" data-image-meta=\"{&quot;aperture&quot;:&quot;0&quot;,&quot;credit&quot;:&quot;&quot;,&quot;camera&quot;:&quot;&quot;,&quot;caption&quot;:&quot;&quot;,&quot;created_timestamp&quot;:&quot;0&quot;,&quot;copyright&quot;:&quot;&quot;,&quot;focal_length&quot;:&quot;0&quot;,&quot;iso&quot;:&quot;0&quot;,&quot;shutter_speed&quot;:&quot;0&quot;,&quot;title&quot;:&quot;&quot;,&quot;orientation&quot;:&quot;0&quot;}\" data-image-title=\"RIO-COLORADO-CURSO\" data-image-description=\"\" data-image-caption=\"\" data-medium-file=\"https:\/\/www.grieta.org.mx\/wp-content\/uploads\/2019\/04\/RIO-COLORADO-CURSO-300x225.jpg\" data-large-file=\"https:\/\/www.grieta.org.mx\/wp-content\/uploads\/2019\/04\/RIO-COLORADO-CURSO.jpg\" src=\"http:\/\/www.grieta.org.mx\/wp-content\/uploads\/2019\/04\/RIO-COLORADO-CURSO-300x225.jpg\" alt=\"\" width=\"300\" height=\"225\" class=\"alignleft size-medium wp-image-32375\" srcset=\"https:\/\/www.grieta.org.mx\/wp-content\/uploads\/2019\/04\/RIO-COLORADO-CURSO-300x225.jpg 300w, https:\/\/www.grieta.org.mx\/wp-content\/uploads\/2019\/04\/RIO-COLORADO-CURSO-667x500.jpg 667w, https:\/\/www.grieta.org.mx\/wp-content\/uploads\/2019\/04\/RIO-COLORADO-CURSO.jpg 728w\" sizes=\"auto, (max-width: 300px) 100vw, 300px\" \/><\/p>\n<p>Ese plan, que permite a las agencias gestoras del recurso en los estados firmantes a tomar medidas apremiantes para utilizar menos agua de las reservas cruciales del r\u00edo, que incluyen a los lagos Mead y Powell, es el origen al Acta H.R. 2030 que hoy entr\u00f3 en vigor.<\/p>\n<p>Kightlinger se refiri\u00f3 al acuerdo regional como \u201cun torniquete que comprar\u00e1 m\u00e1s tiempo para lidiar con desabastos futuros.\u201d Y mencion\u00f3 que el r\u00edo abastece de agua a cerca del 25% de las ciudades y granjas del sur de California.<\/p>\n<p>Este \u00faltimo dato es importante si se compara con lo que significa para M\u00e9xico el R\u00edo Colorado. De acuerdo con el Consejo Nacional de Poblaci\u00f3n (Conapo), 3.5 millones de personas se surten de \u00e9l en los municipios de San Luis R\u00edo Colorado, Sonora, y Mexicali, Baja California.<\/p>\n<p>Adem\u00e1s, la Secretar\u00eda de Fomento Agr\u00edcola (Sfa) del gobierno de Baja California informa que son casi 210 mil hect\u00e1reas las que se habilitan para la agricultura de riego en los valles de San Luis R\u00edo Colorado y Mexicali, en donde al a\u00f1o se producen 500 mil toneladas de trigo con un valor comercial que supera los mil 900 millones de pesos.<\/p>\n<p>Por su parte, el Consejo de Desarrollo Econ\u00f3mico de Mexicali (Codem) se\u00f1ala que los 51 millones de metros c\u00fabicos que M\u00e9xico debe depositar en el lago Mead representan casi un cuarto del agua que cada a\u00f1o consumen el gobierno estatal, industrias, comercios, habitantes y los cinco municipios de Baja California y San Luis Rio Colorado, Sonora, juntos.<\/p>\n<p>Y Filiberto Rubio, representante del Colectivo Plebiscito por el Agua de Baja California, apremi\u00f3 al gobierno de Andr\u00e9s Manuel L\u00f3pez Obrador a urgir al grupo de especialistas que, dijo en marzo al visitar San Luis R\u00edo Colorado, integrar\u00eda para analizar el caso de la instalaci\u00f3n del consorcio cervecero transnacional Contellation Brands en Mexicali, empresa que consumir\u00e1 20 millones de metros c\u00fabicos de agua al a\u00f1o para fabricar cerveza de exportaci\u00f3n del Grupo Modelo.<\/p>\n<p><img loading=\"lazy\" decoding=\"async\" data-attachment-id=\"32377\" data-permalink=\"https:\/\/www.grieta.org.mx\/index.php\/2019\/04\/19\/a-partir-de-hoy-inicia-plan-de-eu-que-reducira-abasto-de-agua-del-colorado-y-mexicali-y-slrc-baja-california\/no-por-cerveza-agua-de-bc\/\" data-orig-file=\"https:\/\/www.grieta.org.mx\/wp-content\/uploads\/2019\/04\/NO-POR-CERVEZA-AGUA-DE-BC.jpg\" data-orig-size=\"900,560\" data-comments-opened=\"0\" data-image-meta=\"{&quot;aperture&quot;:&quot;9&quot;,&quot;credit&quot;:&quot;&quot;,&quot;camera&quot;:&quot;NIKON D90&quot;,&quot;caption&quot;:&quot;&quot;,&quot;created_timestamp&quot;:&quot;1487502510&quot;,&quot;copyright&quot;:&quot;&quot;,&quot;focal_length&quot;:&quot;78&quot;,&quot;iso&quot;:&quot;400&quot;,&quot;shutter_speed&quot;:&quot;0.0008&quot;,&quot;title&quot;:&quot;&quot;,&quot;orientation&quot;:&quot;1&quot;}\" data-image-title=\"NO-POR-CERVEZA-AGUA-DE-BC\" data-image-description=\"\" data-image-caption=\"\" data-medium-file=\"https:\/\/www.grieta.org.mx\/wp-content\/uploads\/2019\/04\/NO-POR-CERVEZA-AGUA-DE-BC-300x187.jpg\" data-large-file=\"https:\/\/www.grieta.org.mx\/wp-content\/uploads\/2019\/04\/NO-POR-CERVEZA-AGUA-DE-BC.jpg\" src=\"http:\/\/www.grieta.org.mx\/wp-content\/uploads\/2019\/04\/NO-POR-CERVEZA-AGUA-DE-BC-300x187.jpg\" alt=\"\" width=\"300\" height=\"187\" class=\"alignleft size-medium wp-image-32377\" srcset=\"https:\/\/www.grieta.org.mx\/wp-content\/uploads\/2019\/04\/NO-POR-CERVEZA-AGUA-DE-BC-300x187.jpg 300w, https:\/\/www.grieta.org.mx\/wp-content\/uploads\/2019\/04\/NO-POR-CERVEZA-AGUA-DE-BC-768x478.jpg 768w, https:\/\/www.grieta.org.mx\/wp-content\/uploads\/2019\/04\/NO-POR-CERVEZA-AGUA-DE-BC-804x500.jpg 804w, https:\/\/www.grieta.org.mx\/wp-content\/uploads\/2019\/04\/NO-POR-CERVEZA-AGUA-DE-BC.jpg 900w\" sizes=\"auto, (max-width: 300px) 100vw, 300px\" \/><\/p>\n<p>Marco Antonio Samaniego L\u00f3pez, Doctor en Historia por el Colegio de la Frontera Norte (Colef) e investigador del Instituto de Investigaciones Hist\u00f3ricas de la Universidad Aut\u00f3noma de Baja California (UABC), en un ensayo sobre el control del r\u00edo Colorado como factor hist\u00f3rico, revela como se ha reducido el aporte del afluente al bajo delta y al Golfo de California, que es la zona que beneficia para M\u00e9xico.<\/p>\n<p>\u2013 \u201cEl r\u00edo Colorado, a principios del siglo XX arrojaba 22 mil millones de metros c\u00fabicos de agua; para mediados del siglo XX llegaban alrededor de 10 mil millones, y la cantidad oficial para su uso se limit\u00f3 a 1,850 millones de metros c\u00fabicos, cifra estipulada en el Tratado internacional de aguas de 1944.\u201d<\/p>\n<p>Esa cantidad es la que actualmente aporta el r\u00edo, por lo que investigadores del Colef insisten, desde hace al menos una d\u00e9cada, en que el gobierno de M\u00e9xico debe implementar programas urgentes para buscar otras fuentes de suministro para el norte de Baja California y Sonora.<\/p>\n<p>Por ejemplo, el Doctor Alfonso Cortez Lara, Investigador del Departamento Estudios Urbanos y del Medio Ambiente en El Colegio de la Frontera Norte, estim\u00f3 en una publicaci\u00f3n del Consejo Nacional de Ciencia y Tecnolog\u00eda (Conacyt):<\/p>\n<p>\u2013 \u201cLa palabra clave es combinaci\u00f3n inteligente, hemos tenido muchas fallas por parte de los implementadores y no estoy se\u00f1alando a nadie, pero los que hacen esto son: Comisi\u00f3n Nacional del Agua, Comisi\u00f3n Estatal del Agua, y las Comisiones Estatales de Servicios P\u00fablicos. Hay que saber tomar bien la decisi\u00f3n, est\u00e1 bien que hagamos un diagn\u00f3stico, pero hay que hacer un sistema tarifario lo m\u00e1s afinado posible, tarifas escalonadas y estudiadas de manera profunda, para que sean lo m\u00e1s justas y equitativas posibles.\u201d<\/p>\n<p>Y respecto a la tecnolog\u00eda, coment\u00f3:<\/p>\n<p>\u2013 \u201cSe ha hablado mucho que las plantas desalinizadoras son la soluci\u00f3n, Yo puedo decir que no; las plantas desalinizadoras son una tecnolog\u00eda de las m\u00e1s caras, el 50% del costo de la producci\u00f3n de agua desalinizada del mar es la energ\u00eda y en Baja California la energ\u00eda es de alto costo, adem\u00e1s que es contaminante, por cada diez litros de agua de mar, vas a sacar \u00fanicamente cuatro de agua potable, y seis de esos diez litros, son salmuera, que va a los suelos costeros o va a la zona marina costera, hay un impacto, porque hay una reconcentraci\u00f3n de sales y yo no creo que haya suficientes estudios todav\u00eda como para determinar de qu\u00e9 tama\u00f1o es el impacto.\u201d<\/p>\n<p><a href=\"http:\/\/www.4vientos.net\/2019\/04\/19\/a-partir-de-hoy-inicia-plan-de-eu-que-reducira-abasto-de-agua-del-colorado-y-mexicali-y-slrc\/\" rel=\"noopener noreferrer\" target=\"_blank\">http:\/\/www.4vientos.net\/2019\/04\/19\/a-partir-de-hoy-inicia-plan-de-eu-que-reducira-abasto-de-agua-del-colorado-y-mexicali-y-slrc\/<\/a><\/p>\n","protected":false},"excerpt":{"rendered":"<p>4 Vientos. Javier Cruz Aguirre, Este d\u00eda el gobierno estadounidense puso en marcha el plan para reducir el uso del agua del R\u00edo Colorado en una zona binacional donde habitan &hellip; <a href=\"https:\/\/www.grieta.org.mx\/index.php\/2019\/04\/19\/a-partir-de-hoy-inicia-plan-de-eu-que-reducira-abasto-de-agua-del-colorado-y-mexicali-y-slrc-baja-california\/\" class=\"more-link\">Leer m\u00e1s<\/a><\/p>\n","protected":false},"author":2,"featured_media":32377,"comment_status":"closed","ping_status":"closed","sticky":false,"template":"","format":"standard","meta":{"ngg_post_thumbnail":0,"_jetpack_newsletter_access":"","_jetpack_dont_email_post_to_subs":false,"_jetpack_newsletter_tier_id":0,"_jetpack_memberships_contains_paywalled_content":false,"_jetpack_memberships_contains_paid_content":false,"footnotes":""},"categories":[5,80,2489,1052,2],"tags":[],"class_list":["post-32372","post","type-post","status-publish","format-standard","has-post-thumbnail","hentry","category-baja-california","category-cintillo","category-conflictos-por-agua-en-baja-california","category-la-lucha-de-resistencia-frente-a-la-cervecera-constellation-brands","category-noticias-nacionales","entry"],"jetpack_featured_media_url":"https:\/\/www.grieta.org.mx\/wp-content\/uploads\/2019\/04\/NO-POR-CERVEZA-AGUA-DE-BC.jpg","jetpack_sharing_enabled":true,"jetpack_shortlink":"https:\/\/wp.me\/p7ZJR4-8q8","jetpack_likes_enabled":false,"jetpack-related-posts":[{"id":25828,"url":"https:\/\/www.grieta.org.mx\/index.php\/2018\/08\/21\/en-septiembre-puede-colapsar-el-suministro-de-agua-potable-a-la-region-costera-de-bc\/","url_meta":{"origin":32372,"position":0},"title":"En septiembre puede colapsar el suministro de agua potable a la regi\u00f3n costera de BC","author":"grieta","date":"21 agosto, 2018","format":false,"excerpt":"M\u00e1s de tres millones de habitantes de la zona costera de Baja California padecer\u00e1n un gran desabasto de agua potable si a mediados de septiembre la Comisi\u00f3n Nacional del Agua (Conagua) no regulariza el suministro que al d\u00eda de hoy se traduce en un d\u00e9ficit de 9.7 millones de metros\u2026","rel":"","context":"En &quot;Baja California&quot;","block_context":{"text":"Baja California","link":"https:\/\/www.grieta.org.mx\/index.php\/category\/noticias-nacionales\/baja-california\/"},"img":{"alt_text":"","src":"https:\/\/i0.wp.com\/www.grieta.org.mx\/wp-content\/uploads\/2018\/08\/LLAVE-GOTEA-AGUA.jpg?resize=350%2C200&ssl=1","width":350,"height":200,"srcset":"https:\/\/i0.wp.com\/www.grieta.org.mx\/wp-content\/uploads\/2018\/08\/LLAVE-GOTEA-AGUA.jpg?resize=350%2C200&ssl=1 1x, https:\/\/i0.wp.com\/www.grieta.org.mx\/wp-content\/uploads\/2018\/08\/LLAVE-GOTEA-AGUA.jpg?resize=525%2C300&ssl=1 1.5x, https:\/\/i0.wp.com\/www.grieta.org.mx\/wp-content\/uploads\/2018\/08\/LLAVE-GOTEA-AGUA.jpg?resize=700%2C400&ssl=1 2x"},"classes":[]},{"id":51024,"url":"https:\/\/www.grieta.org.mx\/index.php\/2020\/06\/09\/cerveceria-tecate-no-paga-consumo-total-de-agua-denuncian-conflicto-de-interes-baja-california\/","url_meta":{"origin":32372,"position":1},"title":"Cervecer\u00eda Tecate no paga consumo total de agua; denuncian conflicto de inter\u00e9s (Baja California)","author":"grieta","date":"9 junio, 2020","format":false,"excerpt":"Proceso \/ Jesusa Cervantes. La cervecer\u00eda Tecate no paga el total de agua que consume. Foto: Google Maps MEXICALI, BC. (apro).- La cervecer\u00eda Tecate no paga el total de agua que consume, e incluso, su representante jur\u00eddico es a la vez integrante del consejo de administraci\u00f3n de la Comisi\u00f3n Estatal\u2026","rel":"","context":"En &quot;Baja California&quot;","block_context":{"text":"Baja California","link":"https:\/\/www.grieta.org.mx\/index.php\/category\/noticias-nacionales\/baja-california\/"},"img":{"alt_text":"","src":"https:\/\/i0.wp.com\/www.grieta.org.mx\/wp-content\/uploads\/2020\/06\/X.jpg?resize=350%2C200&ssl=1","width":350,"height":200,"srcset":"https:\/\/i0.wp.com\/www.grieta.org.mx\/wp-content\/uploads\/2020\/06\/X.jpg?resize=350%2C200&ssl=1 1x, https:\/\/i0.wp.com\/www.grieta.org.mx\/wp-content\/uploads\/2020\/06\/X.jpg?resize=525%2C300&ssl=1 1.5x, https:\/\/i0.wp.com\/www.grieta.org.mx\/wp-content\/uploads\/2020\/06\/X.jpg?resize=700%2C400&ssl=1 2x"},"classes":[]},{"id":52544,"url":"https:\/\/www.grieta.org.mx\/index.php\/2020\/07\/20\/empresa-vinculada-a-salinas-de-gortari-suministra-energia-al-acueducto-rio-colorado-tijuana-baja-califorinia\/","url_meta":{"origin":32372,"position":2},"title":"Empresa vinculada a Salinas de Gortari suministra energ\u00eda al Acueducto R\u00edo Colorado-Tijuana (Baja Califorinia)","author":"grieta","date":"20 julio, 2020","format":false,"excerpt":"Lindero Norte \/ Antonio Heras y Jorge Heras Mexicali.- El Congreso de Baja California autoriz\u00f3 al gobierno de Jaime Bonilla \u00abamarrar\u00bb un contrato para el suministro de energ\u00eda solar para el Acueducto R\u00edo Colorado-Tijuana que, en la actualidad, provee una empresa relacionada con la familia Salinas de Gortari. Con este\u2026","rel":"","context":"En &quot;Baja California&quot;","block_context":{"text":"Baja California","link":"https:\/\/www.grieta.org.mx\/index.php\/category\/noticias-nacionales\/baja-california\/"},"img":{"alt_text":"","src":"https:\/\/i0.wp.com\/www.grieta.org.mx\/wp-content\/uploads\/2018\/03\/14524434_1106112876131411_958039263622046936_o.jpg?resize=350%2C200&ssl=1","width":350,"height":200,"srcset":"https:\/\/i0.wp.com\/www.grieta.org.mx\/wp-content\/uploads\/2018\/03\/14524434_1106112876131411_958039263622046936_o.jpg?resize=350%2C200&ssl=1 1x, https:\/\/i0.wp.com\/www.grieta.org.mx\/wp-content\/uploads\/2018\/03\/14524434_1106112876131411_958039263622046936_o.jpg?resize=525%2C300&ssl=1 1.5x, https:\/\/i0.wp.com\/www.grieta.org.mx\/wp-content\/uploads\/2018\/03\/14524434_1106112876131411_958039263622046936_o.jpg?resize=700%2C400&ssl=1 2x"},"classes":[]},{"id":23174,"url":"https:\/\/www.grieta.org.mx\/index.php\/2018\/05\/15\/por-que-una-cervecera-de-eu-se-toma-la-poca-agua-que-queda-en-mexicali-que-diga-conagua-inai-baja-california\/","url_meta":{"origin":32372,"position":3},"title":"\u00bfPor qu\u00e9 una cervecera de EU se toma la poca agua que queda en Mexicali? Que diga Conagua: INAI (Baja California)","author":"grieta","date":"15 mayo, 2018","format":false,"excerpt":"Por Redacci\u00f3n El INAI instruy\u00f3 a la Comisi\u00f3n Nacional del Agua a que informe si la instalaci\u00f3n de la planta cervecera Constellation Brands en Mexicali, Baja California, cuenta con los permisos, manifestaciones de impacto ambiental o cualquier expresi\u00f3n documental que avalen la explotaci\u00f3n del agua en la zona, pues todos\u2026","rel":"","context":"En &quot;Baja California&quot;","block_context":{"text":"Baja California","link":"https:\/\/www.grieta.org.mx\/index.php\/category\/noticias-nacionales\/baja-california\/"},"img":{"alt_text":"","src":"https:\/\/i0.wp.com\/www.grieta.org.mx\/wp-content\/uploads\/2018\/05\/leon-fierro-preso-1100.jpg?resize=350%2C200&ssl=1","width":350,"height":200,"srcset":"https:\/\/i0.wp.com\/www.grieta.org.mx\/wp-content\/uploads\/2018\/05\/leon-fierro-preso-1100.jpg?resize=350%2C200&ssl=1 1x, https:\/\/i0.wp.com\/www.grieta.org.mx\/wp-content\/uploads\/2018\/05\/leon-fierro-preso-1100.jpg?resize=525%2C300&ssl=1 1.5x, https:\/\/i0.wp.com\/www.grieta.org.mx\/wp-content\/uploads\/2018\/05\/leon-fierro-preso-1100.jpg?resize=700%2C400&ssl=1 2x, https:\/\/i0.wp.com\/www.grieta.org.mx\/wp-content\/uploads\/2018\/05\/leon-fierro-preso-1100.jpg?resize=1050%2C600&ssl=1 3x"},"classes":[]},{"id":28335,"url":"https:\/\/www.grieta.org.mx\/index.php\/2019\/01\/09\/por-dano-ecologico-ordenan-suspension-provisional-a-mega-proyecto-turistico-en-los-cabos-baja-california-sur\/","url_meta":{"origin":32372,"position":4},"title":"Por da\u00f1o ecol\u00f3gico, ordenan suspensi\u00f3n provisional a mega proyecto tur\u00edstico en Los Cabos (Baja California Sur)","author":"grieta","date":"9 enero, 2019","format":false,"excerpt":"Foto: Vista La Ribera El proyecto se desarrollar\u00e1 en 360 hect\u00e1reas de playa en el municipio de Los Cabos, cuyos terrenos tienen un valor por arriba de los 20,000 millones de pesos Los Cabos, Baja California Sur (BCS). Por posibles actos de da\u00f1o ecol\u00f3gico y privaci\u00f3n del recurso agua a\u2026","rel":"","context":"En &quot;Baja California Sur&quot;","block_context":{"text":"Baja California Sur","link":"https:\/\/www.grieta.org.mx\/index.php\/category\/noticias-nacionales\/baja-california-sur\/"},"img":{"alt_text":"","src":"https:\/\/i0.wp.com\/www.grieta.org.mx\/wp-content\/uploads\/2019\/01\/vista-la-ribera-cabo-ribera-990x660.jpg?resize=350%2C200&ssl=1","width":350,"height":200,"srcset":"https:\/\/i0.wp.com\/www.grieta.org.mx\/wp-content\/uploads\/2019\/01\/vista-la-ribera-cabo-ribera-990x660.jpg?resize=350%2C200&ssl=1 1x, https:\/\/i0.wp.com\/www.grieta.org.mx\/wp-content\/uploads\/2019\/01\/vista-la-ribera-cabo-ribera-990x660.jpg?resize=525%2C300&ssl=1 1.5x, https:\/\/i0.wp.com\/www.grieta.org.mx\/wp-content\/uploads\/2019\/01\/vista-la-ribera-cabo-ribera-990x660.jpg?resize=700%2C400&ssl=1 2x"},"classes":[]},{"id":60366,"url":"https:\/\/www.grieta.org.mx\/index.php\/2021\/07\/08\/organizaciones-senalan-persecucion-contra-integrantes-de-mexicali-resiste-baja-california\/","url_meta":{"origin":32372,"position":5},"title":"Organizaciones se\u00f1alan persecuci\u00f3n contra integrantes de Mexicali Resiste (Baja California)","author":"grieta","date":"8 julio, 2021","format":false,"excerpt":"La coperacha \/ Redacci\u00f3n. Congreso de Baja California reabre caso de despojo contra defensores del agua. La Coordinadora Nacional Agua para Todos, Agua para la Vida, el Congreso Nacional Ind\u00edgena (CNI), algunas escuelas normales, entre otros colectivos, exigieron al legislativo de Baja California cese la persecuci\u00f3n a defensores del agua\u2026","rel":"","context":"En &quot;Baja California&quot;","block_context":{"text":"Baja California","link":"https:\/\/www.grieta.org.mx\/index.php\/category\/noticias-nacionales\/baja-california\/"},"img":{"alt_text":"","src":"https:\/\/i0.wp.com\/www.grieta.org.mx\/wp-content\/uploads\/2021\/07\/X-1.jpg?resize=350%2C200&ssl=1","width":350,"height":200,"srcset":"https:\/\/i0.wp.com\/www.grieta.org.mx\/wp-content\/uploads\/2021\/07\/X-1.jpg?resize=350%2C200&ssl=1 1x, https:\/\/i0.wp.com\/www.grieta.org.mx\/wp-content\/uploads\/2021\/07\/X-1.jpg?resize=525%2C300&ssl=1 1.5x, https:\/\/i0.wp.com\/www.grieta.org.mx\/wp-content\/uploads\/2021\/07\/X-1.jpg?resize=700%2C400&ssl=1 2x"},"classes":[]}],"_links":{"self":[{"href":"https:\/\/www.grieta.org.mx\/index.php\/wp-json\/wp\/v2\/posts\/32372","targetHints":{"allow":["GET"]}}],"collection":[{"href":"https:\/\/www.grieta.org.mx\/index.php\/wp-json\/wp\/v2\/posts"}],"about":[{"href":"https:\/\/www.grieta.org.mx\/index.php\/wp-json\/wp\/v2\/types\/post"}],"author":[{"embeddable":true,"href":"https:\/\/www.grieta.org.mx\/index.php\/wp-json\/wp\/v2\/users\/2"}],"replies":[{"embeddable":true,"href":"https:\/\/www.grieta.org.mx\/index.php\/wp-json\/wp\/v2\/comments?post=32372"}],"version-history":[{"count":1,"href":"https:\/\/www.grieta.org.mx\/index.php\/wp-json\/wp\/v2\/posts\/32372\/revisions"}],"predecessor-version":[{"id":32378,"href":"https:\/\/www.grieta.org.mx\/index.php\/wp-json\/wp\/v2\/posts\/32372\/revisions\/32378"}],"wp:featuredmedia":[{"embeddable":true,"href":"https:\/\/www.grieta.org.mx\/index.php\/wp-json\/wp\/v2\/media\/32377"}],"wp:attachment":[{"href":"https:\/\/www.grieta.org.mx\/index.php\/wp-json\/wp\/v2\/media?parent=32372"}],"wp:term":[{"taxonomy":"category","embeddable":true,"href":"https:\/\/www.grieta.org.mx\/index.php\/wp-json\/wp\/v2\/categories?post=32372"},{"taxonomy":"post_tag","embeddable":true,"href":"https:\/\/www.grieta.org.mx\/index.php\/wp-json\/wp\/v2\/tags?post=32372"}],"curies":[{"name":"wp","href":"https:\/\/api.w.org\/{rel}","templated":true}]}}