{"id":32367,"date":"2019-03-29T22:51:30","date_gmt":"2019-03-30T04:51:30","guid":{"rendered":"http:\/\/www.grieta.org.mx\/?p=32367"},"modified":"2019-04-20T23:16:29","modified_gmt":"2019-04-21T04:16:29","slug":"los-jornaleros-las-mayores-victimas-del-trabajo-esclavo-en-mexico","status":"publish","type":"post","link":"https:\/\/www.grieta.org.mx\/index.php\/2019\/03\/29\/los-jornaleros-las-mayores-victimas-del-trabajo-esclavo-en-mexico\/","title":{"rendered":"Los jornaleros, las mayores v\u00edctimas del trabajo esclavo en M\u00e9xico"},"content":{"rendered":"<figure id=\"attachment_32370\" aria-describedby=\"caption-attachment-32370\" style=\"width: 630px\" class=\"wp-caption alignleft\"><img loading=\"lazy\" decoding=\"async\" data-attachment-id=\"32370\" data-permalink=\"https:\/\/www.grieta.org.mx\/index.php\/2019\/03\/29\/los-jornaleros-las-mayores-victimas-del-trabajo-esclavo-en-mexico\/jornalero2\/\" data-orig-file=\"https:\/\/www.grieta.org.mx\/wp-content\/uploads\/2019\/04\/JORNALERO2.jpg\" data-orig-size=\"630,430\" data-comments-opened=\"0\" data-image-meta=\"{&quot;aperture&quot;:&quot;0&quot;,&quot;credit&quot;:&quot;&quot;,&quot;camera&quot;:&quot;&quot;,&quot;caption&quot;:&quot;&quot;,&quot;created_timestamp&quot;:&quot;0&quot;,&quot;copyright&quot;:&quot;&quot;,&quot;focal_length&quot;:&quot;0&quot;,&quot;iso&quot;:&quot;0&quot;,&quot;shutter_speed&quot;:&quot;0&quot;,&quot;title&quot;:&quot;&quot;,&quot;orientation&quot;:&quot;0&quot;}\" data-image-title=\"JORNALERO2\" data-image-description=\"\" data-image-caption=\"&lt;p&gt;Mujeres adolescentes recolectan tomate en una finca del estado de Sinaloa, en el norte de M\u00e9xico. Es en esa parte del pa\u00eds donde los jornaleros agr\u00edcolas, la mayor\u00eda migrantes temporales de los estados del sur, trabajan en condiciones de explotaci\u00f3n y con graves violaciones a sus derechos. Cr\u00e9dito: Cortes\u00eda del Instituto Sinaloense para la Educaci\u00f3n de los Adultos&lt;\/p&gt;\n\" data-medium-file=\"https:\/\/www.grieta.org.mx\/wp-content\/uploads\/2019\/04\/JORNALERO2-300x205.jpg\" data-large-file=\"https:\/\/www.grieta.org.mx\/wp-content\/uploads\/2019\/04\/JORNALERO2.jpg\" class=\"size-full wp-image-32370\" src=\"http:\/\/www.grieta.org.mx\/wp-content\/uploads\/2019\/04\/JORNALERO2.jpg\" alt=\"\" width=\"630\" height=\"430\" srcset=\"https:\/\/www.grieta.org.mx\/wp-content\/uploads\/2019\/04\/JORNALERO2.jpg 630w, https:\/\/www.grieta.org.mx\/wp-content\/uploads\/2019\/04\/JORNALERO2-300x205.jpg 300w\" sizes=\"auto, (max-width: 630px) 100vw, 630px\" \/><figcaption id=\"caption-attachment-32370\" class=\"wp-caption-text\">Mujeres adolescentes recolectan tomate en una finca del estado de Sinaloa, en el norte de M\u00e9xico. Es en esa parte del pa\u00eds donde los jornaleros agr\u00edcolas, la mayor\u00eda migrantes temporales de los estados del sur, trabajan en condiciones de explotaci\u00f3n y con graves violaciones a sus derechos. Cr\u00e9dito: Cortes\u00eda del Instituto Sinaloense para la Educaci\u00f3n de los Adultos<\/figcaption><\/figure>\n<p>Por Emilio Godoy, IPS Agencia de nocticias<\/p>\n<p>M\u00c9XICO, 29 mar 2019 (IPS) &#8211; \u201cLlevan a los trabajadores con enga\u00f1os, les dicen que les pagar\u00e1n bien y les pagan mucho menos. Los enganchadores (reclutadores) y los empleadores los enga\u00f1an\u201d, denunci\u00f3 Marilyn G\u00f3mez, una jornalera agr\u00edcola de M\u00e9xico.<\/p>\n<p>La tambi\u00e9n integrante de la cooperativa no gubernamental Mixteco Yosonuvico de Sonora Cerr\u00f3 Nublado, madre de dos ni\u00f1as, relat\u00f3 a IPS que adem\u00e1s los recolectores est\u00e1n obligados a comprar en las tiendas de sus empleadores, \u201cporque no pueden salir\u201d de la finca y \u201cen ellas todo lo venden car\u00edsimo\u201d.<\/p>\n<p>\u201cNo hay seguridad social, no hay contratos, trabajamos jornadas largu\u00edsimas. Se aprovechan de la necesidad de la gente\u201d, dijo G\u00f3mez, que ahora tiene 27 a\u00f1os y a los 13 ya acompa\u00f1aba a su familia a los campos del norte\u00f1o estado de Sonora a recolectar uva y hortalizas.<\/p>\n<p>La jornalera, quien ha trabajado enferma y muchas veces m\u00e1s de 12 horas consecutivas por unos pocos d\u00f3lares, empez\u00f3 a laborar en los cultivos un a\u00f1o despu\u00e9s y sus manos han exprimido esas siembras en el poblado de Miguel Alem\u00e1n, parte del municipio de Hermosillo, a unos 1.600 kil\u00f3metros al norte de Ciudad de M\u00e9xico.<\/p>\n<p>Este testimonio ilustra las condiciones en las que laboran los jornaleros, quienes proveen de cuantiosos r\u00e9ditos a sus empleadores y quienes ponen hortalizas en la mesa de los consumidores mexicanos y estadounidenses.<\/p>\n<p>Suelen ser campesinos que migran temporalmente o permanentemente desde los estados del sur para trabajar en cultivos de exportaci\u00f3n en entidades del centro y el norte del pa\u00eds.<\/p>\n<p>Su viacrucis diario incluye violaciones a derechos laborales, a la vivienda, a educaci\u00f3n, a salud y a alimentaci\u00f3n sana, y carecen de contratos, condiciones adecuadas de trabajo, seguridad social y pago de horas extraordinarias.<\/p>\n<p>As\u00ed constata el informe \u201cViolaci\u00f3n de derechos de las y los jornaleros agr\u00edcolas en M\u00e9xico\u201d, lanzado el 21 de marzo en Ciudad de M\u00e9xico por la Red Nacional de Jornaleros y Jornaleras Agr\u00edcolas, en la que participa G\u00f3mez como activista.<\/p>\n<p>En M\u00e9xico, los jornaleros son las v\u00edctimas mayoritarias del trabajo esclavo o forzado, coinciden este y otros estudios locales e internacionales. La Red Nacional, integrada por organizaciones de trabajadores, ind\u00edgenas y acad\u00e9micos, ha identificado casos de explotaci\u00f3n laboral, trata de personas y trabajo y\/o servicios forzados.<br \/>\nLa \u00faltima Encuesta Nacional de Ocupaci\u00f3n y Empleo, de 2017, ubic\u00f3 en 2,9 millones los jornaleros, mientras que el estatal Programa de Atenci\u00f3n a Jornaleros Agr\u00edcolas ubic\u00f3 esa cifra en 1,54 millones, m\u00e1s 4,41 millones de familiares que los siguen en su desplazamiento. El gobierno del izquierdista Andr\u00e9s Manuel L\u00f3pez Obrador, en la presidencia desde el 1 de diciembre, suprimi\u00f3 el plan y no ha definido a\u00fan como se sustituir\u00e1.<\/p>\n<blockquote><p><em><br \/>\n\u201cHay una cadena de reclutamiento en la que los enganchadores les ofrecen trabajo, un adelanto de dinero para que la gente entre en una relaci\u00f3n m\u00e1s estrecha, pero no hay contrato. En algunos lugares, no les pagan hasta el fin del periodo de trabajo\u201d: Mayela Blanco.<\/em><\/p><\/blockquote>\n<p><strong><br \/>\nContexto regional<\/strong><\/p>\n<p>En el continente americano existen 1,95 millones de esclavos, cinco por ciento del total mundial, seg\u00fan el \u00cdndice Global de Esclavitud 2018, elaborado por la no gubernamental Fundaci\u00f3n Walk Free, con su sede en Australia.<\/p>\n<p>El trabajo forzado representa 66 por ciento y las personas, especialmente mujeres, en matrimonio impuesto, 34 por ciento. La regi\u00f3n tiene, en promedio, una prevalencia de 1,9 personas bajo esclavitud moderna por cada 1.000 habitantes. La vulnerabilidad ante ese yugo se ubic\u00f3 en 41 por ciento.<\/p>\n<figure id=\"attachment_32371\" aria-describedby=\"caption-attachment-32371\" style=\"width: 640px\" class=\"wp-caption alignleft\"><img loading=\"lazy\" decoding=\"async\" data-attachment-id=\"32371\" data-permalink=\"https:\/\/www.grieta.org.mx\/index.php\/2019\/03\/29\/los-jornaleros-las-mayores-victimas-del-trabajo-esclavo-en-mexico\/40526435123_c62e7d7f38_z\/\" data-orig-file=\"https:\/\/www.grieta.org.mx\/wp-content\/uploads\/2019\/04\/40526435123_c62e7d7f38_z.jpg\" data-orig-size=\"640,480\" data-comments-opened=\"0\" data-image-meta=\"{&quot;aperture&quot;:&quot;0&quot;,&quot;credit&quot;:&quot;&quot;,&quot;camera&quot;:&quot;&quot;,&quot;caption&quot;:&quot;&quot;,&quot;created_timestamp&quot;:&quot;0&quot;,&quot;copyright&quot;:&quot;&quot;,&quot;focal_length&quot;:&quot;0&quot;,&quot;iso&quot;:&quot;0&quot;,&quot;shutter_speed&quot;:&quot;0&quot;,&quot;title&quot;:&quot;&quot;,&quot;orientation&quot;:&quot;0&quot;}\" data-image-title=\"40526435123_c62e7d7f38_z\" data-image-description=\"\" data-image-caption=\"&lt;p&gt;Participantes en la Red de Jornaleros y Jornaleras Agr\u00edcolas, durante la presentaci\u00f3n de un informe en que se ilustra la situaci\u00f3n de esclavitud a que someten sus empleadores a estos trabajadores en gran parte temporeros en M\u00e9xico. En el centro, Marilyn G\u00f3mez, durante el acto en Ciudad de M\u00e9xico el 21 de marzo. Cr\u00e9dito: Emilio Godoy\/IPS&lt;\/p&gt;\n\" data-medium-file=\"https:\/\/www.grieta.org.mx\/wp-content\/uploads\/2019\/04\/40526435123_c62e7d7f38_z-300x225.jpg\" data-large-file=\"https:\/\/www.grieta.org.mx\/wp-content\/uploads\/2019\/04\/40526435123_c62e7d7f38_z.jpg\" class=\"size-full wp-image-32371\" src=\"http:\/\/www.grieta.org.mx\/wp-content\/uploads\/2019\/04\/40526435123_c62e7d7f38_z.jpg\" alt=\"\" width=\"640\" height=\"480\" srcset=\"https:\/\/www.grieta.org.mx\/wp-content\/uploads\/2019\/04\/40526435123_c62e7d7f38_z.jpg 640w, https:\/\/www.grieta.org.mx\/wp-content\/uploads\/2019\/04\/40526435123_c62e7d7f38_z-300x225.jpg 300w\" sizes=\"auto, (max-width: 640px) 100vw, 640px\" \/><figcaption id=\"caption-attachment-32371\" class=\"wp-caption-text\">Participantes en la Red de Jornaleros y Jornaleras Agr\u00edcolas, durante la presentaci\u00f3n de un informe en que se ilustra la situaci\u00f3n de esclavitud a que someten sus empleadores a estos trabajadores en gran parte temporeros en M\u00e9xico. En el centro, Marilyn G\u00f3mez, durante el acto en Ciudad de M\u00e9xico el 21 de marzo. Cr\u00e9dito: Emilio Godoy\/IPS<\/figcaption><\/figure>\n<p>Las deudas encadenaban a un tercio de trabajadores forzados, mientras que la regi\u00f3n de Am\u00e9rica Latina y el Caribe represent\u00f3 cuatro por ciento de todas las personas bajo explotaci\u00f3n laboral en el mundo.<\/p>\n<p>Mientras Hait\u00ed, Venezuela y Rep\u00fablica Dominicana presentaron la mayor prevalencia, Brasil, M\u00e9xico y Colombia registraron los mayores niveles absolutos de personas en situaci\u00f3n de esclavitud.<\/p>\n<p>En la mayor potencia latinoamericana, Brasil, con una poblaci\u00f3n de 208 millones, de 369.00 personas padec\u00edan esa condici\u00f3n, lo que representa 1,8 por 1.000 habitantes.<\/p>\n<p>En M\u00e9xico, la segunda econom\u00eda regional y con 129 millones de habitantes, quienes sobreviv\u00edan en condici\u00f3n esclava eran 341.000, o 2,71 por 1.000 personas, mientras que en Colombia, la cuarta econom\u00eda regional y con 45 millones de habitantes, la cifra alcanzaba los 131.000, o 2,7 por cada 1.000.<\/p>\n<p>La esclavitud moderna abarca modalidades como la trata de personas, trabajo forzado, servidumbre por deudas, matrimonio impuesto o servil, y explotaci\u00f3n sexual comercial, seg\u00fan la Fundaci\u00f3n Walk Free.<\/p>\n<p>Para Mayela Blanco, investigadora del no gubernamental Centro de Estudios en Cooperaci\u00f3n Internacional y Gesti\u00f3n P\u00fablica, predominan entre los jornaleros mexicanos condiciones de vulnerabilidad para caer en trata con fines de explotaci\u00f3n laboral.<\/p>\n<p>\u201cHay una cadena de reclutamiento en la que los enganchadores les ofrecen trabajo, un adelanto de dinero para que la gente entre en una relaci\u00f3n m\u00e1s estrecha, pero no hay contrato. En algunos lugares, no les pagan hasta el fin del periodo de trabajo\u201d, se\u00f1al\u00f3 a IPS la integrante de la organizaci\u00f3n mexicana.<\/p>\n<p>Los estudios sobre este flagelo en el campo mexicano crecen, sin que haya mejoras para los jornaleros.<\/p>\n<p>La \u201cLista de bienes producidos con trabajo infantil o forzado 2018\u201d, elaborada por el estadounidense Departamento del Trabajo, consigna reportes sobre personal \u201cforzado a trabajar en la producci\u00f3n de aj\u00ed en M\u00e9xico\u201d.<\/p>\n<p>\u201cMuchas de las v\u00edctimas denuncian el reclutamiento por intermediarios que mienten a los trabajadores sobre el tipo y condiciones del trabajo, salarios, horarios y condiciones de vida\u201d, subraya el documento.<\/p>\n<p>Estos casos ocurren en peque\u00f1as y medianas explotaciones de aj\u00ed y tomate en estados del norte como Baja California, Coahuila, Chihuahua, Sinaloa, el occidental Jalisco y el nororiental San Lu\u00eds Potos\u00ed.<\/p>\n<p>El informe denuncia que \u201calgunos trabajadores laboran hasta 15 horas diarias bajo amenaza de despido y reciben sueldos por debajo del m\u00ednimo o ning\u00fan pago.<\/p>\n<p>Mientras, a\u00f1ade, otros enfrentan un endeudamiento creciente con tiendas de las empresas que a menudo inflan los precios de sus productos, \u201cobligando a los empleados a comprar a cr\u00e9dito y as\u00ed limitan su capacidad para abandonar las granjas\u201d.<\/p>\n<p>Se trata de la repetici\u00f3n de las llamadas \u201ctiendas de raya\u201d que funcionaron en M\u00e9xico a finales del siglo XIX e inicios del XX, ubicadas junto a f\u00e1bricas y haciendas y donde los trabajadores estaban obligados a comprar sus productos b\u00e1sicos.<\/p>\n<p>En la lista estadounidense aparecen tambi\u00e9n productores de ganado y man\u00ed de Bolivia, de textiles y madera de Brasil, y de nueces y madera de Per\u00fa.<\/p>\n<p>Washington veta el ingreso de esos bienes si implican trabajo forzado, bajo la Ley de Facilitaci\u00f3n del Comercio y de Aplicaci\u00f3n del Comercio, vigente desde 2016 y basada en una vieja la Ley de Tarifas, de 1930.<\/p>\n<p>Desde 2015, la estatal pero aut\u00f3noma Comisi\u00f3n Nacional de Derechos Humanos ha emitido al menos seis recomendaciones por violaciones a derechos de los jornaleros, en lo que son propuestas sin obligatorio acatamiento.<\/p>\n<p>En una de ellas, emitida en 2018 por violaci\u00f3n de varios derechos humanos por trata de personas, como trabajo infantil en la modalidad de trabajo forzado, la Comisi\u00f3n mexicana puso en evidencia los abusos en contra de al menos 62 jornaleros pertenecientes al pueblo mixteco, entre ellos 13 adolescentes.<\/p>\n<p>El grupo ind\u00edgena, originario del central estado de Guerrero, recog\u00eda pepino en el municipio de Colima, en el occidental estado hom\u00f3nimo.<\/p>\n<p>El 8 de los 17 Objetivos de Desarrollo Sostenible, el que promueve el trabajo decente, establece entre sus metas la ejecuci\u00f3n de medidas \u201cinmediatas y eficaces\u201d para erradicar el trabajo forzoso, desterrar las formas contempor\u00e1neas de esclavitud y la trata de personas y asegurar la prohibici\u00f3n y eliminaci\u00f3n de las peores formas de trabajo infantil.<\/p>\n<p>A pesar de algunos avances y los compromisos internacionales asumidos, Am\u00e9rica Latina y el Caribe es tibia en la lucha contra el flagelo.<\/p>\n<p>El \u00cdndice Global de Esclavitud calific\u00f3 a la regi\u00f3n con \u201cregular\u201d e indic\u00f3 que Argentina, Chile y Per\u00fa mejoraron su estatus en comparaci\u00f3n con 2016, mientras Brasil, M\u00e9xico y los pa\u00edses centroamericanos se mantuvieron igual.<\/p>\n<p>Para la investigadora Blanco, se ha normalizado la situaci\u00f3n de los jornaleros y no se asumen como v\u00edctimas. \u201cCorren el riesgo de quedarse sin trabajo. No hemos visto una respuesta de las autoridades\u201d, se\u00f1al\u00f3.<\/p>\n<p>G\u00f3mez, quien todav\u00eda sigue trabajando como recolectora pero ahora en condiciones dignas, pidi\u00f3 la intervenci\u00f3n del gobierno. \u201cLas instituciones no hacen lo que les compete, pedimos que act\u00faen y velen por nuestros derechos\u201d, demand\u00f3.<\/p>\n<p>La Red Nacional plante\u00f3 recomendaciones como un padr\u00f3n de empleadores, la vigilancia de las condiciones laborales, un programa integral de atenci\u00f3n y un censo de jornaleros.<\/p>\n<p>Edici\u00f3n: Estrella Guti\u00e9rrez<\/p>\n<p><a href=\"http:\/\/www.ipsnoticias.net\/2019\/03\/los-jornaleros-las-mayores-victimas-del-trabajo-esclavo-mexico\/\">http:\/\/www.ipsnoticias.net\/2019\/03\/los-jornaleros-las-mayores-victimas-del-trabajo-esclavo-mexico\/<\/a><\/p>\n","protected":false},"excerpt":{"rendered":"<p>Por Emilio Godoy, IPS Agencia de nocticias M\u00c9XICO, 29 mar 2019 (IPS) &#8211; \u201cLlevan a los trabajadores con enga\u00f1os, les dicen que les pagar\u00e1n bien y les pagan mucho menos. &hellip; <a href=\"https:\/\/www.grieta.org.mx\/index.php\/2019\/03\/29\/los-jornaleros-las-mayores-victimas-del-trabajo-esclavo-en-mexico\/\" class=\"more-link\">Leer m\u00e1s<\/a><\/p>\n","protected":false},"author":2,"featured_media":32370,"comment_status":"closed","ping_status":"closed","sticky":false,"template":"","format":"standard","meta":{"ngg_post_thumbnail":0,"_jetpack_newsletter_access":"","_jetpack_dont_email_post_to_subs":false,"_jetpack_newsletter_tier_id":0,"_jetpack_memberships_contains_paywalled_content":false,"_jetpack_memberships_contains_paid_content":false,"footnotes":""},"categories":[5,12,80,419,1384,1388,20,85,369,2323,2488,1441,2490,1827,2375,2136,1193,29,30],"tags":[1291,1056],"class_list":["post-32367","post","type-post","status-publish","format-standard","has-post-thumbnail","hentry","category-baja-california","category-chihuahua","category-cintillo","category-coahuila","category-explotacion-y-abuso-infantil-en-coahuila","category-explotacion-y-precariedad-laboral-en-coahuila","category-jalisco","category-jornaleros","category-jornaleros-analisis","category-jornaleros-en-baja-california","category-jornaleros-en-jalisco","category-jornaleros-en-san-luis-potosi","category-jornaleros-en-sinaloa","category-la-ninez-en-la-tormenta-capitalista","category-la-ninez-en-la-tormenta-capitalista-en-san-luis-potosi","category-la-ninez-en-la-tormenta-en-baja-california","category-migrantes-en-chihuahua","category-san-luis-potosi","category-sinaloa","tag-explotacion-laboral","tag-lucha-de-jornaleros","entry"],"jetpack_featured_media_url":"https:\/\/www.grieta.org.mx\/wp-content\/uploads\/2019\/04\/JORNALERO2.jpg","jetpack_sharing_enabled":true,"jetpack_shortlink":"https:\/\/wp.me\/p7ZJR4-8q3","jetpack_likes_enabled":false,"jetpack-related-posts":[{"id":37208,"url":"https:\/\/www.grieta.org.mx\/index.php\/2019\/07\/28\/explotan-en-slp-a-94-mil-jornaleros-indigenas-de-guerrero\/","url_meta":{"origin":32367,"position":0},"title":"Explotan en SLP a 94 mil jornaleros ind\u00edgenas de Guerrero","author":"grieta","date":"28 julio, 2019","format":false,"excerpt":"Cristian Morales \/ Quadrat\u00edn SLP SAN LUIS POTOS\u00cd, SLP., 28 de julio de 2019.- En condiciones de explotaci\u00f3n, sin servicios m\u00e9dicos y sumidos en la precariedad, han vivido cerca de 94 mil ind\u00edgenas de la regi\u00f3n Costa-Monta\u00f1a de Guerrero cuando llegan a laborar en cultivos de Cedral, Vanegas, Villa de\u2026","rel":"","context":"En &quot;CINTILLO&quot;","block_context":{"text":"CINTILLO","link":"https:\/\/www.grieta.org.mx\/index.php\/category\/cintillo\/"},"img":{"alt_text":"","src":"https:\/\/i0.wp.com\/www.grieta.org.mx\/wp-content\/uploads\/2019\/07\/campo-mexico-1160x700.jpg?resize=350%2C200&ssl=1","width":350,"height":200,"srcset":"https:\/\/i0.wp.com\/www.grieta.org.mx\/wp-content\/uploads\/2019\/07\/campo-mexico-1160x700.jpg?resize=350%2C200&ssl=1 1x, https:\/\/i0.wp.com\/www.grieta.org.mx\/wp-content\/uploads\/2019\/07\/campo-mexico-1160x700.jpg?resize=525%2C300&ssl=1 1.5x, https:\/\/i0.wp.com\/www.grieta.org.mx\/wp-content\/uploads\/2019\/07\/campo-mexico-1160x700.jpg?resize=700%2C400&ssl=1 2x, https:\/\/i0.wp.com\/www.grieta.org.mx\/wp-content\/uploads\/2019\/07\/campo-mexico-1160x700.jpg?resize=1050%2C600&ssl=1 3x"},"classes":[]},{"id":31676,"url":"https:\/\/www.grieta.org.mx\/index.php\/2019\/04\/01\/auge-agricola-en-sl-aumenta-explotacion-de-jornaleros-san-luis-potosi\/","url_meta":{"origin":32367,"position":1},"title":"Auge agr\u00edcola en SL aumenta explotaci\u00f3n de jornaleros (San Luis Potos\u00ed)","author":"grieta","date":"1 abril, 2019","format":false,"excerpt":"Jaime Hern\u00e1ndez \/ Pulso OSC advierte que se mantienen las condiciones deplorables en las que laboran y viven San Luis Potos\u00ed tiene una poblaci\u00f3n flotante de 94 mil 826 jornaleros agr\u00edcolas migrantes, y ha aumentado en los \u00faltimos a\u00f1os debido al incremento de los cultivos agr\u00edcolas en la entidad. Sin\u2026","rel":"","context":"En &quot;CINTILLO&quot;","block_context":{"text":"CINTILLO","link":"https:\/\/www.grieta.org.mx\/index.php\/category\/cintillo\/"},"img":{"alt_text":"","src":"https:\/\/i0.wp.com\/www.grieta.org.mx\/wp-content\/uploads\/2018\/03\/14524434_1106112876131411_958039263622046936_o.jpg?resize=350%2C200&ssl=1","width":350,"height":200,"srcset":"https:\/\/i0.wp.com\/www.grieta.org.mx\/wp-content\/uploads\/2018\/03\/14524434_1106112876131411_958039263622046936_o.jpg?resize=350%2C200&ssl=1 1x, https:\/\/i0.wp.com\/www.grieta.org.mx\/wp-content\/uploads\/2018\/03\/14524434_1106112876131411_958039263622046936_o.jpg?resize=525%2C300&ssl=1 1.5x, https:\/\/i0.wp.com\/www.grieta.org.mx\/wp-content\/uploads\/2018\/03\/14524434_1106112876131411_958039263622046936_o.jpg?resize=700%2C400&ssl=1 2x"},"classes":[]},{"id":2770,"url":"https:\/\/www.grieta.org.mx\/index.php\/2015\/03\/31\/colima-entre-los-18-estados-donde-se-explota-a-los-jornaleros-agricolas-fiob\/","url_meta":{"origin":32367,"position":2},"title":"Colima, entre los 18 estados donde se explota a los jornaleros agr\u00edcolas: FIOB","author":"grieta","date":"31 marzo, 2015","format":false,"excerpt":"\u201cColima, M\u00e9xico. Avanzada (31 de marzo de 2015).- El Frente Ind\u00edgena de Organizaciones Binacionales (FIOB) denunci\u00f3 que en 18 estados del pa\u00eds, entre ellos Colima, Sinaloa, Sonora, Baja California, Jalisco y Nayarit, los jornaleros agr\u00edcolas viven en condiciones de vulnerabilidad y constante violaci\u00f3n a sus derechos fundamentales. \u201cSin que hasta\u2026","rel":"","context":"En &quot;CINTILLO&quot;","block_context":{"text":"CINTILLO","link":"https:\/\/www.grieta.org.mx\/index.php\/category\/cintillo\/"},"img":{"alt_text":"","src":"https:\/\/i0.wp.com\/www.grieta.org.mx\/wp-content\/uploads\/2018\/03\/14524434_1106112876131411_958039263622046936_o.jpg?resize=350%2C200&ssl=1","width":350,"height":200,"srcset":"https:\/\/i0.wp.com\/www.grieta.org.mx\/wp-content\/uploads\/2018\/03\/14524434_1106112876131411_958039263622046936_o.jpg?resize=350%2C200&ssl=1 1x, https:\/\/i0.wp.com\/www.grieta.org.mx\/wp-content\/uploads\/2018\/03\/14524434_1106112876131411_958039263622046936_o.jpg?resize=525%2C300&ssl=1 1.5x, https:\/\/i0.wp.com\/www.grieta.org.mx\/wp-content\/uploads\/2018\/03\/14524434_1106112876131411_958039263622046936_o.jpg?resize=700%2C400&ssl=1 2x"},"classes":[]},{"id":30844,"url":"https:\/\/www.grieta.org.mx\/index.php\/2019\/02\/27\/solo-7-5-de-jornaleros-agricolas-cuentan-con-seguridad-social\/","url_meta":{"origin":32367,"position":3},"title":"S\u00f3lo 7.5% de jornaleros agr\u00edcolas cuentan con seguridad social","author":"grieta","date":"27 febrero, 2019","format":false,"excerpt":"Al\u00e1n Avi\u00f1a\/UNIRADIO NOTICIAS Hermosillo.- S\u00f3lo el 7.5% de los jornaleros agr\u00edcolas del Pa\u00eds cuentan con seguridad social y existe una sobredemanda de trabajadores que ha intensificado la migraci\u00f3n temporal en el interior de M\u00e9xico, indic\u00f3 Mar\u00eda Antonieta Barr\u00f3n P\u00e9rez. La investigadora de la Facultad de Econom\u00eda de la Universidad Nacional\u2026","rel":"","context":"En &quot;Baja California&quot;","block_context":{"text":"Baja California","link":"https:\/\/www.grieta.org.mx\/index.php\/category\/noticias-nacionales\/baja-california\/"},"img":{"alt_text":"","src":"https:\/\/i0.wp.com\/www.grieta.org.mx\/wp-content\/uploads\/2019\/03\/jornaleros-sonora.jpg?resize=350%2C200&ssl=1","width":350,"height":200,"srcset":"https:\/\/i0.wp.com\/www.grieta.org.mx\/wp-content\/uploads\/2019\/03\/jornaleros-sonora.jpg?resize=350%2C200&ssl=1 1x, https:\/\/i0.wp.com\/www.grieta.org.mx\/wp-content\/uploads\/2019\/03\/jornaleros-sonora.jpg?resize=525%2C300&ssl=1 1.5x, https:\/\/i0.wp.com\/www.grieta.org.mx\/wp-content\/uploads\/2019\/03\/jornaleros-sonora.jpg?resize=700%2C400&ssl=1 2x"},"classes":[]},{"id":4223,"url":"https:\/\/www.grieta.org.mx\/index.php\/2015\/04\/14\/denuncian-abusos-a-jornaleros-agricolas\/","url_meta":{"origin":32367,"position":4},"title":"Denuncian abusos a jornaleros agr\u00edcolas","author":"grieta","date":"14 abril, 2015","format":false,"excerpt":"Redacci\u00f3n\/El Sol de Nayarit Los denunciantes precisaron que en Nayarit los casos se dan con mayor frecuencia en municipios de la zona norte del estado. Ante instancias nacionales, defensores de los derechos de los jornaleros agr\u00edcolas denunciaron la explotaci\u00f3n generalizada a la que son sometidos los ind\u00edgenas que cada a\u00f1o\u2026","rel":"","context":"En &quot;CINTILLO&quot;","block_context":{"text":"CINTILLO","link":"https:\/\/www.grieta.org.mx\/index.php\/category\/cintillo\/"},"img":{"alt_text":"","src":"https:\/\/i0.wp.com\/www.grieta.org.mx\/wp-content\/uploads\/2018\/03\/14524434_1106112876131411_958039263622046936_o.jpg?resize=350%2C200&ssl=1","width":350,"height":200,"srcset":"https:\/\/i0.wp.com\/www.grieta.org.mx\/wp-content\/uploads\/2018\/03\/14524434_1106112876131411_958039263622046936_o.jpg?resize=350%2C200&ssl=1 1x, https:\/\/i0.wp.com\/www.grieta.org.mx\/wp-content\/uploads\/2018\/03\/14524434_1106112876131411_958039263622046936_o.jpg?resize=525%2C300&ssl=1 1.5x, https:\/\/i0.wp.com\/www.grieta.org.mx\/wp-content\/uploads\/2018\/03\/14524434_1106112876131411_958039263622046936_o.jpg?resize=700%2C400&ssl=1 2x"},"classes":[]},{"id":2328,"url":"https:\/\/www.grieta.org.mx\/index.php\/2015\/09\/14\/denuncian-nuevo-caso-de-explotacion-a-jornaleros-de-slp-en-coahuila\/","url_meta":{"origin":32367,"position":5},"title":"Denuncian nuevo caso de explotaci\u00f3n a jornaleros de SLP en Coahuila","author":"grieta","date":"14 septiembre, 2015","format":false,"excerpt":"En lo que va de este a\u00f1o se registr\u00f3 un segundo caso de jornaleros agr\u00edcolas explotados en el estado de Coahuila, luego de que 61 trabajadores del campo arribaron a la Sierra y Huasteca de esta regi\u00f3n tras escapar de los contratistas que los manten\u00edan en condiciones de explotaci\u00f3n. Los\u2026","rel":"","context":"En &quot;CINTILLO&quot;","block_context":{"text":"CINTILLO","link":"https:\/\/www.grieta.org.mx\/index.php\/category\/cintillo\/"},"img":{"alt_text":"","src":"https:\/\/i0.wp.com\/www.grieta.org.mx\/wp-content\/uploads\/2018\/03\/14524434_1106112876131411_958039263622046936_o.jpg?resize=350%2C200&ssl=1","width":350,"height":200,"srcset":"https:\/\/i0.wp.com\/www.grieta.org.mx\/wp-content\/uploads\/2018\/03\/14524434_1106112876131411_958039263622046936_o.jpg?resize=350%2C200&ssl=1 1x, https:\/\/i0.wp.com\/www.grieta.org.mx\/wp-content\/uploads\/2018\/03\/14524434_1106112876131411_958039263622046936_o.jpg?resize=525%2C300&ssl=1 1.5x, https:\/\/i0.wp.com\/www.grieta.org.mx\/wp-content\/uploads\/2018\/03\/14524434_1106112876131411_958039263622046936_o.jpg?resize=700%2C400&ssl=1 2x"},"classes":[]}],"_links":{"self":[{"href":"https:\/\/www.grieta.org.mx\/index.php\/wp-json\/wp\/v2\/posts\/32367","targetHints":{"allow":["GET"]}}],"collection":[{"href":"https:\/\/www.grieta.org.mx\/index.php\/wp-json\/wp\/v2\/posts"}],"about":[{"href":"https:\/\/www.grieta.org.mx\/index.php\/wp-json\/wp\/v2\/types\/post"}],"author":[{"embeddable":true,"href":"https:\/\/www.grieta.org.mx\/index.php\/wp-json\/wp\/v2\/users\/2"}],"replies":[{"embeddable":true,"href":"https:\/\/www.grieta.org.mx\/index.php\/wp-json\/wp\/v2\/comments?post=32367"}],"version-history":[{"count":1,"href":"https:\/\/www.grieta.org.mx\/index.php\/wp-json\/wp\/v2\/posts\/32367\/revisions"}],"predecessor-version":[{"id":32376,"href":"https:\/\/www.grieta.org.mx\/index.php\/wp-json\/wp\/v2\/posts\/32367\/revisions\/32376"}],"wp:featuredmedia":[{"embeddable":true,"href":"https:\/\/www.grieta.org.mx\/index.php\/wp-json\/wp\/v2\/media\/32370"}],"wp:attachment":[{"href":"https:\/\/www.grieta.org.mx\/index.php\/wp-json\/wp\/v2\/media?parent=32367"}],"wp:term":[{"taxonomy":"category","embeddable":true,"href":"https:\/\/www.grieta.org.mx\/index.php\/wp-json\/wp\/v2\/categories?post=32367"},{"taxonomy":"post_tag","embeddable":true,"href":"https:\/\/www.grieta.org.mx\/index.php\/wp-json\/wp\/v2\/tags?post=32367"}],"curies":[{"name":"wp","href":"https:\/\/api.w.org\/{rel}","templated":true}]}}