{"id":32348,"date":"2019-04-16T20:19:05","date_gmt":"2019-04-17T01:19:05","guid":{"rendered":"http:\/\/www.grieta.org.mx\/?p=32348"},"modified":"2019-04-18T20:24:35","modified_gmt":"2019-04-19T01:24:35","slug":"medicos-de-colima-se-suman-al-paro-nacional","status":"publish","type":"post","link":"https:\/\/www.grieta.org.mx\/index.php\/2019\/04\/16\/medicos-de-colima-se-suman-al-paro-nacional\/","title":{"rendered":"M\u00e9dicos de Colima se suman al paro nacional ."},"content":{"rendered":"<figure id=\"attachment_32349\" aria-describedby=\"caption-attachment-32349\" style=\"width: 1024px\" class=\"wp-caption alignleft\"><img loading=\"lazy\" decoding=\"async\" data-attachment-id=\"32349\" data-permalink=\"https:\/\/www.grieta.org.mx\/index.php\/2019\/04\/16\/medicos-de-colima-se-suman-al-paro-nacional\/medicos-paro-nacional-1160x700\/\" data-orig-file=\"https:\/\/www.grieta.org.mx\/wp-content\/uploads\/2019\/04\/medicos-paro-nacional-1160x700.jpeg\" data-orig-size=\"1160,700\" data-comments-opened=\"0\" data-image-meta=\"{&quot;aperture&quot;:&quot;0&quot;,&quot;credit&quot;:&quot;&quot;,&quot;camera&quot;:&quot;&quot;,&quot;caption&quot;:&quot;&quot;,&quot;created_timestamp&quot;:&quot;0&quot;,&quot;copyright&quot;:&quot;&quot;,&quot;focal_length&quot;:&quot;0&quot;,&quot;iso&quot;:&quot;0&quot;,&quot;shutter_speed&quot;:&quot;0&quot;,&quot;title&quot;:&quot;&quot;,&quot;orientation&quot;:&quot;0&quot;}\" data-image-title=\"medicos-paro-nacional-1160&amp;#215;700\" data-image-description=\"\" data-image-caption=\"&lt;p&gt;Foto: Karla Gabriela Torres&lt;\/p&gt;\n\" data-medium-file=\"https:\/\/www.grieta.org.mx\/wp-content\/uploads\/2019\/04\/medicos-paro-nacional-1160x700-300x181.jpeg\" data-large-file=\"https:\/\/www.grieta.org.mx\/wp-content\/uploads\/2019\/04\/medicos-paro-nacional-1160x700-1024x618.jpeg\" class=\"size-large wp-image-32349\" src=\"http:\/\/www.grieta.org.mx\/wp-content\/uploads\/2019\/04\/medicos-paro-nacional-1160x700-1024x618.jpeg\" alt=\"\" width=\"1024\" height=\"618\" srcset=\"https:\/\/www.grieta.org.mx\/wp-content\/uploads\/2019\/04\/medicos-paro-nacional-1160x700-1024x618.jpeg 1024w, https:\/\/www.grieta.org.mx\/wp-content\/uploads\/2019\/04\/medicos-paro-nacional-1160x700-300x181.jpeg 300w, https:\/\/www.grieta.org.mx\/wp-content\/uploads\/2019\/04\/medicos-paro-nacional-1160x700-768x463.jpeg 768w, https:\/\/www.grieta.org.mx\/wp-content\/uploads\/2019\/04\/medicos-paro-nacional-1160x700-829x500.jpeg 829w, https:\/\/www.grieta.org.mx\/wp-content\/uploads\/2019\/04\/medicos-paro-nacional-1160x700.jpeg 1160w\" sizes=\"auto, (max-width: 1024px) 100vw, 1024px\" \/><figcaption id=\"caption-attachment-32349\" class=\"wp-caption-text\">Foto: Karla Gabriela Torres<\/figcaption><\/figure>\n<p>16 de abril de 2019 Karla Gabriela G\u00f3mez Torres \/ Quadrat\u00edn Colima<\/p>\n<p>COLIMA, Col., 16 de abril de 2019.- M\u00e9dicos residentes de los Hospitales de Colima y Manzanillo (EL Regional y General, respectivamente) se sumaron al \u201cParo Nacional\u201d convocado para este lunes y en el que participaron m\u00e9dicos residentes de 24 estados. Ellos iniciaron su paro activo de labores, por problemas en la n\u00f3mina, pero sin dejar de atender a los pacientes graves, de urgencias y de las \u00e1reas cr\u00edticas, esta actividad se realiza despu\u00e9s de que el gobierno federal, no ha dado respuesta a la falta de pagos. Son sus salarios que corresponden a tres quincenas y un bono de 3 mil pesos de manera semestral, y el pasado 11 de abril, la Secretar\u00eda de Salud dio a conocer que el 18 de este mes se reintegrar\u00edan las cantidades faltantes de la percepci\u00f3n de sus becas a los m\u00e9dicos residentes que fueron afectados. La misma Secretar\u00eda de Salud, en un comunicado dijo que buscar\u00eda entablar reuniones con integrantes de la Comisi\u00f3n de Salud de la C\u00e1mara de Diputados para iniciar los tr\u00e1mites administrativos y legales que lleven al establecimiento de una figura jur\u00eddica del m\u00e9dico residente. La Asamblea Nacional de M\u00e9dicos Residentes, asegur\u00f3 que \u201cen algunos lugares se han hecho los pagos, pero hay compa\u00f1eros que no han recibido pago en 46 d\u00edas. El problema es mucho m\u00e1s grande a nivel nacional\u201d, indic\u00f3. Remarcaron que de no tener una soluci\u00f3n para el pr\u00f3ximo d\u00eda 18, el 100% de los hospitales se unir\u00e1n a la asamblea. \u201cIncluso hay hospitales privados que se unir\u00e1n a la causa\u201d, afirm\u00f3. Los manifestantes se hicieron notar en el Hospital Regional Universitario y en el General de Manzanillo. La Asamblea Nacional de M\u00e9dicos Residentes (ANMR) inform\u00f3 en sus redes sociales que la protesta es apoyada por 8 mil 91 residentes de hospitales en la Ciudad de M\u00e9xico, Guanajuato, Estado de M\u00e9xico, Oaxaca, Yucat\u00e1n, Sonora, San Luis Potos\u00ed, Veracruz, Tabasco, Tamaulipas, Puebla, Durango, Coahuila, Morelos, Nayarit, Jalisco, Colima, Michoac\u00e1n, Aguascalientes, Nuevo Le\u00f3n, Baja California.<\/p>\n<p><a href=\"https:\/\/colima.quadratin.com.mx\/colima\/medicos-de-colima-se-suman-al-paro-nacional\/\">https:\/\/colima.quadratin.com.mx\/colima\/medicos-de-colima-se-suman-al-paro-nacional\/<\/a><\/p>\n","protected":false},"excerpt":{"rendered":"<p>16 de abril de 2019 Karla Gabriela G\u00f3mez Torres \/ Quadrat\u00edn Colima COLIMA, Col., 16 de abril de 2019.- M\u00e9dicos residentes de los Hospitales de Colima y Manzanillo (EL Regional &hellip; <a href=\"https:\/\/www.grieta.org.mx\/index.php\/2019\/04\/16\/medicos-de-colima-se-suman-al-paro-nacional\/\" class=\"more-link\">Leer m\u00e1s<\/a><\/p>\n","protected":false},"author":2,"featured_media":32349,"comment_status":"closed","ping_status":"closed","sticky":false,"template":"","format":"standard","meta":{"ngg_post_thumbnail":0,"_jetpack_newsletter_access":"","_jetpack_dont_email_post_to_subs":false,"_jetpack_newsletter_tier_id":0,"_jetpack_memberships_contains_paywalled_content":false,"_jetpack_memberships_contains_paid_content":false,"footnotes":""},"categories":[80,13,108,2191,2365,2192],"tags":[2250,2367,1290,1550],"class_list":{"0":"post-32348","1":"post","2":"type-post","3":"status-publish","4":"format-standard","5":"has-post-thumbnail","6":"hentry","7":"category-cintillo","8":"category-colima","10":"category-conflictos-laborales-en-el-sector-publico-en-colima","11":"category-crisis-en-el-sector-salud-en-colima","12":"category-explotacion-y-precariedad-laboral-en-colima","13":"tag-conflictos-laborales-en-el-sector-publico","14":"tag-crisis-en-el-sector-salud","15":"tag-precariedad-laboral","16":"tag-precariedad-presupuestal","17":"entry"},"jetpack_featured_media_url":"https:\/\/www.grieta.org.mx\/wp-content\/uploads\/2019\/04\/medicos-paro-nacional-1160x700.jpeg","jetpack_sharing_enabled":true,"jetpack_shortlink":"https:\/\/wp.me\/p7ZJR4-8pK","jetpack_likes_enabled":false,"jetpack-related-posts":[{"id":32342,"url":"https:\/\/www.grieta.org.mx\/index.php\/2019\/04\/15\/protestan-medicos-residentes-en-colima-por-falta-de-pagos-suman-ya-21-estados\/","url_meta":{"origin":32348,"position":0},"title":"Protestan m\u00e9dicos residentes en Colima por falta de pagos; suman ya 21 estados","author":"grieta","date":"15 abril, 2019","format":false,"excerpt":"Juan Carlos Flores|CN COLIMANOTICIAS, 15 de abril de 2019 Colima, Col.- Al igual que en 21 estados del pa\u00eds, m\u00e9dicos residentes de Colima y Manzanillo protestaron por falta de pagos. Los galenos contin\u00faan sus labores bajo protesta, algunos de ellos portando alg\u00fan distintivo. Reportes indican que los m\u00e9dicos se manifestaron\u2026","rel":"","context":"En &quot;CINTILLO&quot;","block_context":{"text":"CINTILLO","link":"https:\/\/www.grieta.org.mx\/index.php\/category\/cintillo\/"},"img":{"alt_text":"","src":"https:\/\/i0.wp.com\/www.grieta.org.mx\/wp-content\/uploads\/2018\/03\/14524434_1106112876131411_958039263622046936_o.jpg?resize=350%2C200&ssl=1","width":350,"height":200,"srcset":"https:\/\/i0.wp.com\/www.grieta.org.mx\/wp-content\/uploads\/2018\/03\/14524434_1106112876131411_958039263622046936_o.jpg?resize=350%2C200&ssl=1 1x, https:\/\/i0.wp.com\/www.grieta.org.mx\/wp-content\/uploads\/2018\/03\/14524434_1106112876131411_958039263622046936_o.jpg?resize=525%2C300&ssl=1 1.5x, https:\/\/i0.wp.com\/www.grieta.org.mx\/wp-content\/uploads\/2018\/03\/14524434_1106112876131411_958039263622046936_o.jpg?resize=700%2C400&ssl=1 2x"},"classes":[]},{"id":31041,"url":"https:\/\/www.grieta.org.mx\/index.php\/2019\/03\/22\/paran-labores-maestros-de-emsad-colima\/","url_meta":{"origin":32348,"position":1},"title":"Paran labores maestros de Emsad (Colima)","author":"grieta","date":"22 marzo, 2019","format":false,"excerpt":"Diario de Colima, Viernes 22 de Marzo de 2019 Cerca de 2 mil alumnos se quedaron sin clases; mientras que 171 familias resultan afectadas por la falta de pago Los maestros que laboran en los 19 Centros de Educaci\u00f3n Media Superior a Distancia (Emsad) que hay en el estado, realizaron\u2026","rel":"","context":"En &quot;CINTILLO&quot;","block_context":{"text":"CINTILLO","link":"https:\/\/www.grieta.org.mx\/index.php\/category\/cintillo\/"},"img":{"alt_text":"","src":"https:\/\/i0.wp.com\/www.grieta.org.mx\/wp-content\/uploads\/2019\/03\/8.88_81.jpg?resize=350%2C200&ssl=1","width":350,"height":200,"srcset":"https:\/\/i0.wp.com\/www.grieta.org.mx\/wp-content\/uploads\/2019\/03\/8.88_81.jpg?resize=350%2C200&ssl=1 1x, https:\/\/i0.wp.com\/www.grieta.org.mx\/wp-content\/uploads\/2019\/03\/8.88_81.jpg?resize=525%2C300&ssl=1 1.5x, https:\/\/i0.wp.com\/www.grieta.org.mx\/wp-content\/uploads\/2019\/03\/8.88_81.jpg?resize=700%2C400&ssl=1 2x"},"classes":[]},{"id":43550,"url":"https:\/\/www.grieta.org.mx\/index.php\/2020\/01\/23\/medicos-en-manzanillo-llevan-7-dias-en-paro-por-impago-colima\/","url_meta":{"origin":32348,"position":2},"title":"M\u00e9dicos en Manzanillo llevan 7 d\u00edas en paro por impago (Colima)","author":"grieta","date":"23 enero, 2020","format":false,"excerpt":"Foto: Ilustrativa Heidi de Le\u00f3n Guti\u00e9rrez \/ Diario Avanzada Colima, M\u00e9xico, Avanzada (23\/01\/2020).- Los m\u00e9dicos residentes del Hospital Civil de Manzanillo llevan siete d\u00edas en paro por la falta del pago de la quincena, misma que debi\u00f3 depositarse entre el 13 o 14 de enero. La misma situaci\u00f3n sucede en\u2026","rel":"","context":"En &quot;CINTILLO&quot;","block_context":{"text":"CINTILLO","link":"https:\/\/www.grieta.org.mx\/index.php\/category\/cintillo\/"},"img":{"alt_text":"","src":"https:\/\/i0.wp.com\/www.grieta.org.mx\/wp-content\/uploads\/2020\/01\/Hospital-Civil-manzanillo.jpg?resize=350%2C200&ssl=1","width":350,"height":200,"srcset":"https:\/\/i0.wp.com\/www.grieta.org.mx\/wp-content\/uploads\/2020\/01\/Hospital-Civil-manzanillo.jpg?resize=350%2C200&ssl=1 1x, https:\/\/i0.wp.com\/www.grieta.org.mx\/wp-content\/uploads\/2020\/01\/Hospital-Civil-manzanillo.jpg?resize=525%2C300&ssl=1 1.5x, https:\/\/i0.wp.com\/www.grieta.org.mx\/wp-content\/uploads\/2020\/01\/Hospital-Civil-manzanillo.jpg?resize=700%2C400&ssl=1 2x"},"classes":[]},{"id":43143,"url":"https:\/\/www.grieta.org.mx\/index.php\/2020\/01\/17\/medicos-residentes-del-hospital-se-van-a-paro-por-impago-colima\/","url_meta":{"origin":32348,"position":3},"title":"M\u00e9dicos residentes del Hospital se van a paro por impago (Colima)","author":"grieta","date":"17 enero, 2020","format":false,"excerpt":"Imagen; Diario Avanzada Heidi de Le\u00f3n Guti\u00e9rrez \/ Diario Avanzada Colima, M\u00e9xico, Avanzada (17\/01\/2020).- M\u00e9dicos residentes del Hospital Regional Universitario se encuentran en paro de labores porque la autoridad estatal nos les ha cubierto el pago de la quincena y el aguinaldo que les corresponde. Los residentes son aquellos m\u00e9dicos\u2026","rel":"","context":"En &quot;CINTILLO&quot;","block_context":{"text":"CINTILLO","link":"https:\/\/www.grieta.org.mx\/index.php\/category\/cintillo\/"},"img":{"alt_text":"","src":"https:\/\/i0.wp.com\/www.grieta.org.mx\/wp-content\/uploads\/2020\/01\/Huelga-en-Salud.jpg?resize=350%2C200&ssl=1","width":350,"height":200,"srcset":"https:\/\/i0.wp.com\/www.grieta.org.mx\/wp-content\/uploads\/2020\/01\/Huelga-en-Salud.jpg?resize=350%2C200&ssl=1 1x, https:\/\/i0.wp.com\/www.grieta.org.mx\/wp-content\/uploads\/2020\/01\/Huelga-en-Salud.jpg?resize=525%2C300&ssl=1 1.5x, https:\/\/i0.wp.com\/www.grieta.org.mx\/wp-content\/uploads\/2020\/01\/Huelga-en-Salud.jpg?resize=700%2C400&ssl=1 2x"},"classes":[]},{"id":44946,"url":"https:\/\/www.grieta.org.mx\/index.php\/2020\/02\/21\/paro-laboral-para-exigir-pago-a-maestros-en-manzanillo-colima\/","url_meta":{"origin":32348,"position":4},"title":"Paro laboral para exigir pago a maestros en Manzanillo (Colima)","author":"grieta","date":"21 febrero, 2020","format":false,"excerpt":"Foto: El Noticiero de Colima Este movimiento se llev\u00f3 a cabo en todos los Embsad del estado de Colima Jes\u00fas Lozoya Baeza \/ El Noticiero de Colima La escuela secundaria Embsad de Miramar se sum\u00f3 ayer a un paro laboral de 24 horas para pedir que sean pagados los sueldos\u2026","rel":"","context":"En &quot;CINTILLO&quot;","block_context":{"text":"CINTILLO","link":"https:\/\/www.grieta.org.mx\/index.php\/category\/cintillo\/"},"img":{"alt_text":"","src":"https:\/\/i0.wp.com\/www.grieta.org.mx\/wp-content\/uploads\/2020\/02\/MANIFESTACION.jpeg?resize=350%2C200&ssl=1","width":350,"height":200,"srcset":"https:\/\/i0.wp.com\/www.grieta.org.mx\/wp-content\/uploads\/2020\/02\/MANIFESTACION.jpeg?resize=350%2C200&ssl=1 1x, https:\/\/i0.wp.com\/www.grieta.org.mx\/wp-content\/uploads\/2020\/02\/MANIFESTACION.jpeg?resize=525%2C300&ssl=1 1.5x, https:\/\/i0.wp.com\/www.grieta.org.mx\/wp-content\/uploads\/2020\/02\/MANIFESTACION.jpeg?resize=700%2C400&ssl=1 2x"},"classes":[]},{"id":38161,"url":"https:\/\/www.grieta.org.mx\/index.php\/2019\/08\/20\/suplentes-hacen-paro-laboral-en-el-hospital-regional-colima\/","url_meta":{"origin":32348,"position":5},"title":"Suplentes hacen paro laboral en el Hospital Regional (Colima)","author":"grieta","date":"20 agosto, 2019","format":false,"excerpt":"Foto: Especial Noem\u00ed Cortez \/ El Noticiero de Colima Este martes 20 de agosto a partir de las 09:00 de la noche, la Asamblea de Suplentes del Hospital Regional Universitario (HRU) inici\u00f3 un paro laboral para exigir el pago de tres quincenas atrasadas y reconocimiento laboral. Un representante de la\u2026","rel":"","context":"En &quot;CINTILLO&quot;","block_context":{"text":"CINTILLO","link":"https:\/\/www.grieta.org.mx\/index.php\/category\/cintillo\/"},"img":{"alt_text":"","src":"https:\/\/i0.wp.com\/www.grieta.org.mx\/wp-content\/uploads\/2019\/08\/Hospital-Regional-Universitario2-777x437.png?resize=350%2C200&ssl=1","width":350,"height":200,"srcset":"https:\/\/i0.wp.com\/www.grieta.org.mx\/wp-content\/uploads\/2019\/08\/Hospital-Regional-Universitario2-777x437.png?resize=350%2C200&ssl=1 1x, https:\/\/i0.wp.com\/www.grieta.org.mx\/wp-content\/uploads\/2019\/08\/Hospital-Regional-Universitario2-777x437.png?resize=525%2C300&ssl=1 1.5x, https:\/\/i0.wp.com\/www.grieta.org.mx\/wp-content\/uploads\/2019\/08\/Hospital-Regional-Universitario2-777x437.png?resize=700%2C400&ssl=1 2x"},"classes":[]}],"_links":{"self":[{"href":"https:\/\/www.grieta.org.mx\/index.php\/wp-json\/wp\/v2\/posts\/32348","targetHints":{"allow":["GET"]}}],"collection":[{"href":"https:\/\/www.grieta.org.mx\/index.php\/wp-json\/wp\/v2\/posts"}],"about":[{"href":"https:\/\/www.grieta.org.mx\/index.php\/wp-json\/wp\/v2\/types\/post"}],"author":[{"embeddable":true,"href":"https:\/\/www.grieta.org.mx\/index.php\/wp-json\/wp\/v2\/users\/2"}],"replies":[{"embeddable":true,"href":"https:\/\/www.grieta.org.mx\/index.php\/wp-json\/wp\/v2\/comments?post=32348"}],"version-history":[{"count":1,"href":"https:\/\/www.grieta.org.mx\/index.php\/wp-json\/wp\/v2\/posts\/32348\/revisions"}],"predecessor-version":[{"id":32350,"href":"https:\/\/www.grieta.org.mx\/index.php\/wp-json\/wp\/v2\/posts\/32348\/revisions\/32350"}],"wp:featuredmedia":[{"embeddable":true,"href":"https:\/\/www.grieta.org.mx\/index.php\/wp-json\/wp\/v2\/media\/32349"}],"wp:attachment":[{"href":"https:\/\/www.grieta.org.mx\/index.php\/wp-json\/wp\/v2\/media?parent=32348"}],"wp:term":[{"taxonomy":"category","embeddable":true,"href":"https:\/\/www.grieta.org.mx\/index.php\/wp-json\/wp\/v2\/categories?post=32348"},{"taxonomy":"post_tag","embeddable":true,"href":"https:\/\/www.grieta.org.mx\/index.php\/wp-json\/wp\/v2\/tags?post=32348"}],"curies":[{"name":"wp","href":"https:\/\/api.w.org\/{rel}","templated":true}]}}