{"id":32342,"date":"2019-04-15T20:06:33","date_gmt":"2019-04-16T01:06:33","guid":{"rendered":"http:\/\/www.grieta.org.mx\/?p=32342"},"modified":"2019-04-18T20:14:00","modified_gmt":"2019-04-19T01:14:00","slug":"protestan-medicos-residentes-en-colima-por-falta-de-pagos-suman-ya-21-estados","status":"publish","type":"post","link":"https:\/\/www.grieta.org.mx\/index.php\/2019\/04\/15\/protestan-medicos-residentes-en-colima-por-falta-de-pagos-suman-ya-21-estados\/","title":{"rendered":"Protestan m\u00e9dicos residentes en Colima por falta de pagos; suman ya 21 estados"},"content":{"rendered":"<p>Juan Carlos Flores|CN COLIMANOTICIAS, 15 de abril de 2019<\/p>\n<p>Colima, Col.- Al igual que en 21 estados del pa\u00eds, m\u00e9dicos residentes de Colima y Manzanillo protestaron por falta de pagos.<\/p>\n<p>Los galenos contin\u00faan sus labores bajo protesta, algunos de ellos portando alg\u00fan distintivo.<br \/>\nReportes indican que los m\u00e9dicos se manifestaron en el Hospital Regional Universitario y en el General de Manzanillo.<\/p>\n<p>La Asamblea Nacional de M\u00e9dicos Residentes (ANMR) inform\u00f3 en sus redes sociales que la protesta es apoyada por 8 mil 91 residentes de hospitales en la Ciudad de M\u00e9xico, Guanajuato, Estado de M\u00e9xico, Oaxaca, Yucat\u00e1n, Sonora, San Luis Potos\u00ed, Veracruz, Tabasco, Tamaulipas, Puebla, Durango, Coahuila, Morelos, Nayarit, Jalisco, Colima, Michoac\u00e1n, Aguascalientes, Nuevo Le\u00f3n, Baja California.<\/p>\n<p>\u201cHoy 15 de abril de 2019 estamos unidos y m\u00e1s fuertes que nunca para exigir nuestros derechos, NO M\u00c1S, para exigir un trato digno, como profesionistas, como especialistas y subespecialistas en formaci\u00f3n, esa gran fuerza de trabajo que mueve el Sistema de Salud en M\u00e9xico\u201d, expuso la ANMR.<\/p>\n<p>El Presidente Andr\u00e9s Manuel L\u00f3pez Obrador reiter\u00f3 esta ma\u00f1ana que si se les debe a las y los residentes, se les pagar\u00e1. Asegur\u00f3 que este mismo lunes se atender\u00e1 este asunto, y no por presi\u00f3n, sino \u201cpor convicci\u00f3n del Gobierno de M\u00e9xico\u201d.<\/p>\n<p><a href=\"https:\/\/www.colimanoticias.com\/protestan-medicos-residentes-en-colima-por-falta-de-pagos-suman-ya-21-estados\/\">https:\/\/www.colimanoticias.com\/protestan-medicos-residentes-en-colima-por-falta-de-pagos-suman-ya-21-estados\/<\/a><\/p>\n","protected":false},"excerpt":{"rendered":"<p>Juan Carlos Flores|CN COLIMANOTICIAS, 15 de abril de 2019 Colima, Col.- Al igual que en 21 estados del pa\u00eds, m\u00e9dicos residentes de Colima y Manzanillo protestaron por falta de pagos. &hellip; <a href=\"https:\/\/www.grieta.org.mx\/index.php\/2019\/04\/15\/protestan-medicos-residentes-en-colima-por-falta-de-pagos-suman-ya-21-estados\/\" class=\"more-link\">Leer m\u00e1s<\/a><\/p>\n","protected":false},"author":2,"featured_media":21928,"comment_status":"closed","ping_status":"closed","sticky":false,"template":"","format":"standard","meta":{"ngg_post_thumbnail":0,"_jetpack_newsletter_access":"","_jetpack_dont_email_post_to_subs":false,"_jetpack_newsletter_tier_id":0,"_jetpack_memberships_contains_paywalled_content":false,"_jetpack_memberships_contains_paid_content":false,"footnotes":""},"categories":[80,108,13,2191,2365,2192],"tags":[113,2367,1550],"class_list":{"0":"post-32342","1":"post","2":"type-post","3":"status-publish","4":"format-standard","5":"has-post-thumbnail","6":"hentry","7":"category-cintillo","8":"category-colima","10":"category-conflictos-laborales-en-el-sector-publico-en-colima","11":"category-crisis-en-el-sector-salud-en-colima","12":"category-explotacion-y-precariedad-laboral-en-colima","13":"tag-conflictos-laborales","14":"tag-crisis-en-el-sector-salud","15":"tag-precariedad-presupuestal","16":"entry"},"jetpack_featured_media_url":"https:\/\/www.grieta.org.mx\/wp-content\/uploads\/2018\/03\/14524434_1106112876131411_958039263622046936_o.jpg","jetpack_sharing_enabled":true,"jetpack_shortlink":"https:\/\/wp.me\/p7ZJR4-8pE","jetpack_likes_enabled":false,"jetpack-related-posts":[{"id":32348,"url":"https:\/\/www.grieta.org.mx\/index.php\/2019\/04\/16\/medicos-de-colima-se-suman-al-paro-nacional\/","url_meta":{"origin":32342,"position":0},"title":"M\u00e9dicos de Colima se suman al paro nacional .","author":"grieta","date":"16 abril, 2019","format":false,"excerpt":"16 de abril de 2019 Karla Gabriela G\u00f3mez Torres \/ Quadrat\u00edn Colima COLIMA, Col., 16 de abril de 2019.- M\u00e9dicos residentes de los Hospitales de Colima y Manzanillo (EL Regional y General, respectivamente) se sumaron al \u201cParo Nacional\u201d convocado para este lunes y en el que participaron m\u00e9dicos residentes de\u2026","rel":"","context":"En &quot;CINTILLO&quot;","block_context":{"text":"CINTILLO","link":"https:\/\/www.grieta.org.mx\/index.php\/category\/cintillo\/"},"img":{"alt_text":"","src":"https:\/\/i0.wp.com\/www.grieta.org.mx\/wp-content\/uploads\/2019\/04\/medicos-paro-nacional-1160x700.jpeg?resize=350%2C200&ssl=1","width":350,"height":200,"srcset":"https:\/\/i0.wp.com\/www.grieta.org.mx\/wp-content\/uploads\/2019\/04\/medicos-paro-nacional-1160x700.jpeg?resize=350%2C200&ssl=1 1x, https:\/\/i0.wp.com\/www.grieta.org.mx\/wp-content\/uploads\/2019\/04\/medicos-paro-nacional-1160x700.jpeg?resize=525%2C300&ssl=1 1.5x, https:\/\/i0.wp.com\/www.grieta.org.mx\/wp-content\/uploads\/2019\/04\/medicos-paro-nacional-1160x700.jpeg?resize=700%2C400&ssl=1 2x, https:\/\/i0.wp.com\/www.grieta.org.mx\/wp-content\/uploads\/2019\/04\/medicos-paro-nacional-1160x700.jpeg?resize=1050%2C600&ssl=1 3x"},"classes":[]},{"id":43550,"url":"https:\/\/www.grieta.org.mx\/index.php\/2020\/01\/23\/medicos-en-manzanillo-llevan-7-dias-en-paro-por-impago-colima\/","url_meta":{"origin":32342,"position":1},"title":"M\u00e9dicos en Manzanillo llevan 7 d\u00edas en paro por impago (Colima)","author":"grieta","date":"23 enero, 2020","format":false,"excerpt":"Foto: Ilustrativa Heidi de Le\u00f3n Guti\u00e9rrez \/ Diario Avanzada Colima, M\u00e9xico, Avanzada (23\/01\/2020).- Los m\u00e9dicos residentes del Hospital Civil de Manzanillo llevan siete d\u00edas en paro por la falta del pago de la quincena, misma que debi\u00f3 depositarse entre el 13 o 14 de enero. La misma situaci\u00f3n sucede en\u2026","rel":"","context":"En &quot;CINTILLO&quot;","block_context":{"text":"CINTILLO","link":"https:\/\/www.grieta.org.mx\/index.php\/category\/cintillo\/"},"img":{"alt_text":"","src":"https:\/\/i0.wp.com\/www.grieta.org.mx\/wp-content\/uploads\/2020\/01\/Hospital-Civil-manzanillo.jpg?resize=350%2C200&ssl=1","width":350,"height":200,"srcset":"https:\/\/i0.wp.com\/www.grieta.org.mx\/wp-content\/uploads\/2020\/01\/Hospital-Civil-manzanillo.jpg?resize=350%2C200&ssl=1 1x, https:\/\/i0.wp.com\/www.grieta.org.mx\/wp-content\/uploads\/2020\/01\/Hospital-Civil-manzanillo.jpg?resize=525%2C300&ssl=1 1.5x, https:\/\/i0.wp.com\/www.grieta.org.mx\/wp-content\/uploads\/2020\/01\/Hospital-Civil-manzanillo.jpg?resize=700%2C400&ssl=1 2x"},"classes":[]},{"id":43143,"url":"https:\/\/www.grieta.org.mx\/index.php\/2020\/01\/17\/medicos-residentes-del-hospital-se-van-a-paro-por-impago-colima\/","url_meta":{"origin":32342,"position":2},"title":"M\u00e9dicos residentes del Hospital se van a paro por impago (Colima)","author":"grieta","date":"17 enero, 2020","format":false,"excerpt":"Imagen; Diario Avanzada Heidi de Le\u00f3n Guti\u00e9rrez \/ Diario Avanzada Colima, M\u00e9xico, Avanzada (17\/01\/2020).- M\u00e9dicos residentes del Hospital Regional Universitario se encuentran en paro de labores porque la autoridad estatal nos les ha cubierto el pago de la quincena y el aguinaldo que les corresponde. Los residentes son aquellos m\u00e9dicos\u2026","rel":"","context":"En &quot;CINTILLO&quot;","block_context":{"text":"CINTILLO","link":"https:\/\/www.grieta.org.mx\/index.php\/category\/cintillo\/"},"img":{"alt_text":"","src":"https:\/\/i0.wp.com\/www.grieta.org.mx\/wp-content\/uploads\/2020\/01\/Huelga-en-Salud.jpg?resize=350%2C200&ssl=1","width":350,"height":200,"srcset":"https:\/\/i0.wp.com\/www.grieta.org.mx\/wp-content\/uploads\/2020\/01\/Huelga-en-Salud.jpg?resize=350%2C200&ssl=1 1x, https:\/\/i0.wp.com\/www.grieta.org.mx\/wp-content\/uploads\/2020\/01\/Huelga-en-Salud.jpg?resize=525%2C300&ssl=1 1.5x, https:\/\/i0.wp.com\/www.grieta.org.mx\/wp-content\/uploads\/2020\/01\/Huelga-en-Salud.jpg?resize=700%2C400&ssl=1 2x"},"classes":[]},{"id":52208,"url":"https:\/\/www.grieta.org.mx\/index.php\/2020\/08\/01\/llevan-una-semana-sin-agua-en-las-perlas-2-manzanillo-colima\/","url_meta":{"origin":32342,"position":3},"title":"Llevan una semana sin agua en Las Perlas 2, Manzanillo (Colima)","author":"grieta","date":"1 agosto, 2020","format":false,"excerpt":"Imagen: Diario de Colima Residentes calificaron de in\u00fatil la l\u00ednea de atenci\u00f3n de la CAPDAM, y se\u00f1alaron que s\u00f3lo les contestan cuando preguntan sobre los pagos. Julio C\u00e9sar Gonz\u00e1lez Rinc\u00f3n \/ Diario de Colima Familias de Las perlas 2 denunciaron que tienen una semana sin el servicio de agua, exponiendo\u2026","rel":"","context":"En &quot;CINTILLO&quot;","block_context":{"text":"CINTILLO","link":"https:\/\/www.grieta.org.mx\/index.php\/category\/cintillo\/"},"img":{"alt_text":"","src":"https:\/\/i0.wp.com\/www.grieta.org.mx\/wp-content\/uploads\/2020\/08\/01agua.jpg?resize=350%2C200&ssl=1","width":350,"height":200,"srcset":"https:\/\/i0.wp.com\/www.grieta.org.mx\/wp-content\/uploads\/2020\/08\/01agua.jpg?resize=350%2C200&ssl=1 1x, https:\/\/i0.wp.com\/www.grieta.org.mx\/wp-content\/uploads\/2020\/08\/01agua.jpg?resize=525%2C300&ssl=1 1.5x, https:\/\/i0.wp.com\/www.grieta.org.mx\/wp-content\/uploads\/2020\/08\/01agua.jpg?resize=700%2C400&ssl=1 2x"},"classes":[]},{"id":66120,"url":"https:\/\/www.grieta.org.mx\/index.php\/2023\/01\/19\/exigen-destituir-a-encargada-de-direccion-en-imss-manzanillo-colima\/","url_meta":{"origin":32342,"position":4},"title":"Exigen destituir a encargada de direcci\u00f3n en IMSS Manzanillo (Colima)","author":"grieta","date":"19 enero, 2023","format":false,"excerpt":"Imagen: Edgardo Zamora Edgardo Zamora \/ El Occidental MANZANILLO, Colima (OEM-Informex).- Trabajadores del IMSS Manzanillo laboran bajo protesta, ya que exigen la destituci\u00f3n de la encargada de la direcci\u00f3n, Mar\u00eda Luz L\u00f3pez Bola\u00f1os, a quien denuncian de presunto acoso laboral, hostigamiento y abusos. Los trabajadores pertenecen a la Secci\u00f3n 25\u2026","rel":"","context":"En &quot;CINTILLO&quot;","block_context":{"text":"CINTILLO","link":"https:\/\/www.grieta.org.mx\/index.php\/category\/cintillo\/"},"img":{"alt_text":"","src":"https:\/\/i0.wp.com\/www.grieta.org.mx\/wp-content\/uploads\/2023\/01\/IMSS-Manzanillo.jpg?resize=350%2C200&ssl=1","width":350,"height":200,"srcset":"https:\/\/i0.wp.com\/www.grieta.org.mx\/wp-content\/uploads\/2023\/01\/IMSS-Manzanillo.jpg?resize=350%2C200&ssl=1 1x, https:\/\/i0.wp.com\/www.grieta.org.mx\/wp-content\/uploads\/2023\/01\/IMSS-Manzanillo.jpg?resize=525%2C300&ssl=1 1.5x, https:\/\/i0.wp.com\/www.grieta.org.mx\/wp-content\/uploads\/2023\/01\/IMSS-Manzanillo.jpg?resize=700%2C400&ssl=1 2x"},"classes":[]},{"id":68565,"url":"https:\/\/www.grieta.org.mx\/index.php\/2024\/02\/23\/pacientes-renales-protestan-por-falta-de-medicamentos-y-atencion-en-manzanillo-colima\/","url_meta":{"origin":32342,"position":5},"title":"Pacientes renales protestan por falta de medicamentos y atenci\u00f3n en Manzanillo (Colima)","author":"grieta","date":"23 febrero, 2024","format":false,"excerpt":"Imagen: Diario Avanzada Redacci\u00f3n \/ Diario Avanzada Colima, M\u00e9xico, Avanzada (23\/02\/2024).- Pacientes que reciben tratamiento de hemodi\u00e1lisis se manifestaron en el Hospital de Manzanillo por la falta de medicamentos, especialmente sueros y vitaminas que han tenido que costear. La ma\u00f1ana de este viernes, un grupo de personas se manifestaron a\u2026","rel":"","context":"En &quot;CINTILLO&quot;","block_context":{"text":"CINTILLO","link":"https:\/\/www.grieta.org.mx\/index.php\/category\/cintillo\/"},"img":{"alt_text":"","src":"https:\/\/i0.wp.com\/www.grieta.org.mx\/wp-content\/uploads\/2024\/02\/a1-153.jpg?resize=350%2C200&ssl=1","width":350,"height":200,"srcset":"https:\/\/i0.wp.com\/www.grieta.org.mx\/wp-content\/uploads\/2024\/02\/a1-153.jpg?resize=350%2C200&ssl=1 1x, https:\/\/i0.wp.com\/www.grieta.org.mx\/wp-content\/uploads\/2024\/02\/a1-153.jpg?resize=525%2C300&ssl=1 1.5x, https:\/\/i0.wp.com\/www.grieta.org.mx\/wp-content\/uploads\/2024\/02\/a1-153.jpg?resize=700%2C400&ssl=1 2x"},"classes":[]}],"_links":{"self":[{"href":"https:\/\/www.grieta.org.mx\/index.php\/wp-json\/wp\/v2\/posts\/32342","targetHints":{"allow":["GET"]}}],"collection":[{"href":"https:\/\/www.grieta.org.mx\/index.php\/wp-json\/wp\/v2\/posts"}],"about":[{"href":"https:\/\/www.grieta.org.mx\/index.php\/wp-json\/wp\/v2\/types\/post"}],"author":[{"embeddable":true,"href":"https:\/\/www.grieta.org.mx\/index.php\/wp-json\/wp\/v2\/users\/2"}],"replies":[{"embeddable":true,"href":"https:\/\/www.grieta.org.mx\/index.php\/wp-json\/wp\/v2\/comments?post=32342"}],"version-history":[{"count":1,"href":"https:\/\/www.grieta.org.mx\/index.php\/wp-json\/wp\/v2\/posts\/32342\/revisions"}],"predecessor-version":[{"id":32347,"href":"https:\/\/www.grieta.org.mx\/index.php\/wp-json\/wp\/v2\/posts\/32342\/revisions\/32347"}],"wp:featuredmedia":[{"embeddable":true,"href":"https:\/\/www.grieta.org.mx\/index.php\/wp-json\/wp\/v2\/media\/21928"}],"wp:attachment":[{"href":"https:\/\/www.grieta.org.mx\/index.php\/wp-json\/wp\/v2\/media?parent=32342"}],"wp:term":[{"taxonomy":"category","embeddable":true,"href":"https:\/\/www.grieta.org.mx\/index.php\/wp-json\/wp\/v2\/categories?post=32342"},{"taxonomy":"post_tag","embeddable":true,"href":"https:\/\/www.grieta.org.mx\/index.php\/wp-json\/wp\/v2\/tags?post=32342"}],"curies":[{"name":"wp","href":"https:\/\/api.w.org\/{rel}","templated":true}]}}