{"id":32316,"date":"2019-04-15T22:59:35","date_gmt":"2019-04-16T03:59:35","guid":{"rendered":"http:\/\/www.grieta.org.mx\/?p=32316"},"modified":"2019-04-16T23:32:21","modified_gmt":"2019-04-17T04:32:21","slug":"la-guardia-nacional-tambien-actuara-como-migra","status":"publish","type":"post","link":"https:\/\/www.grieta.org.mx\/index.php\/2019\/04\/15\/la-guardia-nacional-tambien-actuara-como-migra\/","title":{"rendered":"La Guardia Nacional tambi\u00e9n actuar\u00e1 como \u201cmigra\u201d"},"content":{"rendered":"<figure id=\"attachment_32317\" aria-describedby=\"caption-attachment-32317\" style=\"width: 1024px\" class=\"wp-caption alignleft\"><img loading=\"lazy\" decoding=\"async\" data-attachment-id=\"32317\" data-permalink=\"https:\/\/www.grieta.org.mx\/index.php\/2019\/04\/15\/la-guardia-nacional-tambien-actuara-como-migra\/otra-mision-foto-eduardo-miranda\/\" data-orig-file=\"https:\/\/www.grieta.org.mx\/wp-content\/uploads\/2019\/04\/Otra-misi\u00f3n-Foto-Eduardo-Miranda.jpg\" data-orig-size=\"1024,684\" data-comments-opened=\"0\" data-image-meta=\"{&quot;aperture&quot;:&quot;3.2&quot;,&quot;credit&quot;:&quot;Eduardo Miranda&quot;,&quot;camera&quot;:&quot;NIKON D810&quot;,&quot;caption&quot;:&quot;Caravana de Migrantes hondure\\u00f1os a su paso por el corredor migratorio de la costa de Chiapas, en el tramo de Pijijiapan - Arteaga, Chiapas.&quot;,&quot;created_timestamp&quot;:&quot;1540538679&quot;,&quot;copyright&quot;:&quot;&quot;,&quot;focal_length&quot;:&quot;24&quot;,&quot;iso&quot;:&quot;100&quot;,&quot;shutter_speed&quot;:&quot;0.005&quot;,&quot;title&quot;:&quot;&quot;,&quot;orientation&quot;:&quot;1&quot;}\" data-image-title=\"Otra-misi\u00f3n-Foto-Eduardo-Miranda\" data-image-description=\"\" data-image-caption=\"&lt;p&gt;Caravana de Migrantes hondure\u00f1os a su paso por el corredor migratorio de la costa de Chiapas, en el tramo de Pijijiapan &amp;#8211; Arteaga, Chiapas.&lt;\/p&gt;\n\" data-medium-file=\"https:\/\/www.grieta.org.mx\/wp-content\/uploads\/2019\/04\/Otra-misi\u00f3n-Foto-Eduardo-Miranda-300x200.jpg\" data-large-file=\"https:\/\/www.grieta.org.mx\/wp-content\/uploads\/2019\/04\/Otra-misi\u00f3n-Foto-Eduardo-Miranda-1024x684.jpg\" class=\"size-large wp-image-32317\" src=\"http:\/\/www.grieta.org.mx\/wp-content\/uploads\/2019\/04\/Otra-misi\u00f3n-Foto-Eduardo-Miranda-1024x684.jpg\" alt=\"\" width=\"1024\" height=\"684\" srcset=\"https:\/\/www.grieta.org.mx\/wp-content\/uploads\/2019\/04\/Otra-misi\u00f3n-Foto-Eduardo-Miranda.jpg 1024w, https:\/\/www.grieta.org.mx\/wp-content\/uploads\/2019\/04\/Otra-misi\u00f3n-Foto-Eduardo-Miranda-300x200.jpg 300w, https:\/\/www.grieta.org.mx\/wp-content\/uploads\/2019\/04\/Otra-misi\u00f3n-Foto-Eduardo-Miranda-768x513.jpg 768w, https:\/\/www.grieta.org.mx\/wp-content\/uploads\/2019\/04\/Otra-misi\u00f3n-Foto-Eduardo-Miranda-749x500.jpg 749w\" sizes=\"auto, (max-width: 1024px) 100vw, 1024px\" \/><figcaption id=\"caption-attachment-32317\" class=\"wp-caption-text\">Caravana de Migrantes hondure\u00f1os a su paso por el corredor migratorio de la costa de Chiapas, en el tramo de Pijijiapan &#8211; Arteaga, Chiapas.<\/figcaption><\/figure>\n<p>Mathieu Tourliere\/PROCESO<\/p>\n<p>CIUDAD DE M\u00c9XICO (Proceso).- El gobierno de Andr\u00e9s Manuel L\u00f3pez Obrador pretende dotar a la Guardia Nacional de facultades para revisar documentos y arrestar a migrantes que transiten por territorio mexicano y custodiar los centros de detenci\u00f3n migratoria, as\u00ed como para controlar las garitas y las zonas fronterizas, con la cooperaci\u00f3n del Instituto Nacional de Migraci\u00f3n (INM).<\/p>\n<p>En su estado actual, la iniciativa de Ley General de la Guardia Nacional elaborada por la Consejer\u00eda Jur\u00eddica del Ejecutivo Federal \u2013a cargo de Julio Scherer Ibarra\u2013 repone la pol\u00edtica migratoria en un enfoque de seguridad nacional, pues otorga atribuciones del INM al nuevo cuerpo de seguridad, que a su vez tiene un doble mando civil y militar.<\/p>\n<p>Ello hace eco al pol\u00e9mico Plan Frontera Sur, el programa de contenci\u00f3n migratoria dise\u00f1ado por la Secretar\u00eda de Marina (Semar) que el gobierno de Enrique Pe\u00f1a Nieto lanz\u00f3 en verano de 2014: a ra\u00edz de su implementaci\u00f3n, el INM multiplic\u00f3 las redadas antimigrantes en el sur del pa\u00eds, con el apoyo de los militares y de la extinta Polic\u00eda Federal (PF). Durante el sexenio pasado, las autoridades deportaron a 699 mil 497 migrantes centroamericanos.<\/p>\n<p>La nueva administraci\u00f3n sigue el mismo camino: la iniciativa de ley entregada al Senado el jueves 11 plantea, de manera ambigua, que la Guardia Nacional podr\u00e1 \u201cejercer, en el \u00e1mbito de su competencia, y en coordinaci\u00f3n con el INM, las facultades que en materia migratoria prescribe la Ley de Migraci\u00f3n\u201d.<\/p>\n<p>Establece que la Guardia Nacional vigilar\u00e1 las \u201czonas fronterizas\u201d: estar\u00e1 presente, entre otros lugares, en \u201clas garitas o puntos de revisi\u00f3n aduaneros\u201d y en las carreteras, donde inspeccionar\u00e1 las \u201centradas y salidas de mercanc\u00edas y personas\u201d, verificar\u00e1 que \u201clos extranjeros residentes en territorio nacional cumplan con las obligaciones que establece la Ley de Migraci\u00f3n\u201d, y apoyar\u00e1 el \u201caseguramiento\u201d \u2013la detenci\u00f3n\u2013 de migrantes que realice el INM.<\/p>\n<p>De acuerdo con la misma iniciativa, el cuerpo de seguridad tendr\u00e1 la facultad de \u201cresguardar dentro de las estaciones migratorias a los extranjeros que violen la Ley de Migraci\u00f3n cuando el caso lo amerita a solicitud del propio INM\u201d. De entrar en vigor, este punto de la iniciativa \u2013plasmado en la fracci\u00f3n 38 del art\u00edculo 11\u2013 convertir\u00eda de facto estas \u201cestaciones migratorias\u201d en centros penitenciarios.<\/p>\n<p>Proceso pregunt\u00f3 al INM si el equipo de la Consejer\u00eda Jur\u00eddica del Ejecutivo federal consult\u00f3 o elabor\u00f3 la iniciativa con base en la opini\u00f3n del instituto. Hasta el cierre de esta edici\u00f3n no obtuvo respuesta.<\/p>\n<p>La iniciativa, que ser\u00e1 discutida y probablemente modificada en el Senado, se present\u00f3 en medio de una grave crisis migratoria en M\u00e9xico, que se agudiz\u00f3 en meses recientes con la llegada de cientos de miles de centroamericanos en condiciones de precariedad extrema.<\/p>\n<p>Esta situaci\u00f3n qued\u00f3 ilustrada en las estad\u00edsticas que actualiz\u00f3 el martes 9 la Oficina de Aduanas y Protecci\u00f3n Fronteriza estadunidense (CBP): de acuerdo con la agencia, de los 265 mil 949 centroamericanos detenidos por las autoridades migratorias entre octubre de 2018 y marzo pasado, 210 mil 580 viajaban en familia o eran menores de edad no acompa\u00f1ados.<\/p>\n<p>En su edici\u00f3n 2214, Proceso report\u00f3 la preocupaci\u00f3n de activistas y defensores de derechos humanos de que el gobierno federal vuelva a adoptar una pol\u00edtica \u201cdura\u201d de contenci\u00f3n migratoria. De hecho, en marzo pasado, los agentes del INM detuvieron a 12 mil 700 personas, un 23% m\u00e1s que en el mes anterior, y una cifra mayor a las 11 mil 779 realizadas en marzo de 2018, durante el sexenio de Pe\u00f1a Nieto.<\/p>\n<p>La Ley de Migraci\u00f3n vigente, que entr\u00f3 en vigor durante el sexenio de Felipe Calder\u00f3n Hinojosa, plantea que el INM es la autoridad competente para \u201cinstrumentar la pol\u00edtica en materia migratoria\u201d, \u201cvigilar la entrada y salida de personas al territorio\u201d y seguir el procedimiento administrativo migratorio, que incluye \u201cla presentaci\u00f3n, el alojamiento en las estaciones migratorias, el retorno asistido y la deportaci\u00f3n\u201d.<\/p>\n<p>La legislaci\u00f3n determina que la Polic\u00eda Federal (ya desaparecida) puede actuar en \u201cauxilio y coordinaci\u00f3n\u201d con el INM para realizar controles migratorios o para trasladar los migrantes, pero plantea que \u201cla presentaci\u00f3n de los migrantes en situaci\u00f3n irregular s\u00f3lo puede realizarse por el instituto\u201d.<\/p>\n<p>Fronteras militarizadas<\/p>\n<p>\u201cEn vez de la Guardia Nacional que va a enviar Donald Trump a la frontera, nosotros vamos a impulsar el desarrollo y el bienestar de los mexicanos de este lado del R\u00edo Bravo\u201d, coment\u00f3 L\u00f3pez Obrador el 4 de abril de 2018.<\/p>\n<p>El entonces candidato a la Presidencia de la Rep\u00fablica comentaba el anuncio del magnate estadunidense de que desplegar\u00eda miles de tropas de la Guardia Nacional en su frontera con M\u00e9xico para detener a los migrantes.<\/p>\n<p>\u201cDe este lado del R\u00edo Bravo\u201d, los militares ya ten\u00edan el control de la frontera. En 2013, Pe\u00f1a Nieto encarg\u00f3 a la Secretar\u00eda de Marina que dise\u00f1ara el Programa de Atenci\u00f3n Integral a la Frontera Sur.<\/p>\n<p>De acuerdo con ese programa, que Proceso revel\u00f3 en febrero de 2017, la Secretar\u00eda de la Defensa Nacional (Sedena) ser\u00eda la encargada de coordinar las \u201coperaciones de control y vigilancia\u201d en el sur del pa\u00eds, con el prop\u00f3sito de \u201cordenar el flujo migratorio\u201d e impedir el paso a los m\u00e1s de 250 mil centroamericanos que cada a\u00f1o cruzan el territorio mexicano para llegar a Estados Unidos.<\/p>\n<p>El documento planteaba que las instituciones castrenses operar\u00edan de la mano con la PF, el INM y el Centro de Investigaci\u00f3n en Seguridad Nacional (Cisen), as\u00ed como con la Secretar\u00eda de Hacienda y Cr\u00e9dito P\u00fablico (SHCP).<\/p>\n<p>En verano de 2014, el gobierno de Barack Obama prendi\u00f3 las alarmas ante la llegada de m\u00e1s de 50 mil ni\u00f1os centroamericanos no acompa\u00f1ados a su frontera sur, que colaps\u00f3 los albergues y centros de detenci\u00f3n.<\/p>\n<p>Tras una intensa presi\u00f3n de Washington sobre el gobierno mexicano, Pe\u00f1a Nieto concret\u00f3 el programa dise\u00f1ado por la Semar y anunci\u00f3 en julio de 2014 la implementaci\u00f3n del llamado Plan Frontera Sur.<\/p>\n<p>El n\u00famero de operativos y redadas antimigrantes se dispar\u00f3 en los estados fronterizos, principalmente en las zonas del tren de mercanc\u00edas conocido como La Bestia, donde se llevaron a cabo 6 mil 880 acciones en tres a\u00f1os. En el primero, los albergues ubicados en la ruta migratoria reportaron un 85% de incremento en las agresiones perpetradas contra migrantes por parte de las autoridades.<\/p>\n<p>En octubre pasado, el gobierno de Pe\u00f1a Nieto despleg\u00f3 de nuevo la PF y el INM para impedir la entrada a M\u00e9xico a los miles de migrantes centroamericanos que arribaron a la frontera en la caravana conocida como \u201c\u00e9xodo centroamericano\u201d. El d\u00eda 19 de ese mes, mientras Mike Pompeo, el secretario de Estado de Trump, se encontraba en Los Pinos, los agentes rociaron al grupo con gases lacrim\u00f3genos.<\/p>\n<p>De acuerdo con el sexto informe de gobierno de Pe\u00f1a Nieto, presentado el mes previo, entre septiembre de 2017 y junio de 2018 se reforz\u00f3 el Plan Frontera Sur, con 308 operativos realizados de manera conjunta por la PGR \u2013ahora Fiscal\u00eda General de la Rep\u00fablica (FGR)\u2013, la Semar, la Segob, la PF, el INM y la SHCP.<\/p>\n<p>La iniciativa de Ley de la Guardia Nacional reproduce esta intromisi\u00f3n de la nueva fuerza policiaco-militar en labores del INM, y contradice el discurso de la \u201cnueva\u201d pol\u00edtica migratoria, anunciada en diciembre pasado. El gabinete de L\u00f3pez Obrador insisti\u00f3 en ese entonces que la pol\u00edtica migratoria de la nueva administraci\u00f3n ya no tendr\u00eda un enfoque de seguridad nacional.<\/p>\n<p>En noviembre pasado, tres semanas antes de tomar las riendas del INM, Tonatiuh Guill\u00e9n L\u00f3pez subray\u00f3 en entrevista con Proceso la necesidad de abandonar \u201cesta pr\u00e1ctica de supervisi\u00f3n, de vigilancia cuasi policiaco, que al final de cuentas no resuelve nada y genera tensiones\u201d.<\/p>\n<p>Insisti\u00f3 en que los abusos contra los y las migrantes son producto de la \u201cvisi\u00f3n de seguridad nacional\u201d con la que los gobiernos anteriores abordaron el fen\u00f3meno migratorio y prometi\u00f3 que, en la administraci\u00f3n de L\u00f3pez Obrador, esta visi\u00f3n \u201cse abandona\u201d.<\/p>\n<p>Este texto se public\u00f3 el 14 de abril de 2019 en la edici\u00f3n 2215 de la revista Proceso<\/p>\n<p><a href=\"https:\/\/www.proceso.com.mx\/579679\/la-guardia-nacional-tambien-actuara-como-migra\" target=\"_blank\" rel=\"noopener noreferrer\">https:\/\/www.proceso.com.mx\/579679\/la-guardia-nacional-tambien-actuara-como-migra<\/a><\/p>\n","protected":false},"excerpt":{"rendered":"<p>Mathieu Tourliere\/PROCESO CIUDAD DE M\u00c9XICO (Proceso).- El gobierno de Andr\u00e9s Manuel L\u00f3pez Obrador pretende dotar a la Guardia Nacional de facultades para revisar documentos y arrestar a migrantes que transiten &hellip; <a href=\"https:\/\/www.grieta.org.mx\/index.php\/2019\/04\/15\/la-guardia-nacional-tambien-actuara-como-migra\/\" class=\"more-link\">Leer m\u00e1s<\/a><\/p>\n","protected":false},"author":2,"featured_media":32317,"comment_status":"closed","ping_status":"closed","sticky":false,"template":"","format":"standard","meta":{"ngg_post_thumbnail":0,"_jetpack_newsletter_access":"","_jetpack_dont_email_post_to_subs":false,"_jetpack_newsletter_tier_id":0,"_jetpack_memberships_contains_paywalled_content":false,"_jetpack_memberships_contains_paid_content":false,"footnotes":""},"categories":[80,86,370,83],"tags":[2295,731,158],"class_list":["post-32316","post","type-post","status-publish","format-standard","has-post-thumbnail","hentry","category-cintillo","category-migrantes","category-migrantes-analisis","category-temas-nacionales","tag-guardia-nacional","tag-migracion","tag-migrantes","entry"],"jetpack_featured_media_url":"https:\/\/www.grieta.org.mx\/wp-content\/uploads\/2019\/04\/Otra-misi\u00f3n-Foto-Eduardo-Miranda.jpg","jetpack_sharing_enabled":true,"jetpack_shortlink":"https:\/\/wp.me\/p7ZJR4-8pe","jetpack_likes_enabled":false,"jetpack-related-posts":[{"id":61472,"url":"https:\/\/www.grieta.org.mx\/index.php\/2021\/09\/01\/otro-operativo-agrede-y-amenaza-a-migrantes-activistas-y-periodistas-en-mapastepec-chiapas\/","url_meta":{"origin":32316,"position":0},"title":"Otro operativo agrede y amenaza a migrantes, activistas y periodistas en Mapastepec, Chiapas","author":"grieta","date":"1 septiembre, 2021","format":false,"excerpt":"En los \u00faltimos d\u00edas se han reportado una serie de operativos violentos en contra de la caravana migrante, especialmente en su paso por el municipio de Mapastepec. En esta \u00faltima redada, agredieron no solo a migrantes, sino tambi\u00e9n a periodistas y activistas. ANIMAL POL\u00cdTICO La ma\u00f1ana de este mi\u00e9rcoles alrededor\u2026","rel":"","context":"En &quot;CINTILLO&quot;","block_context":{"text":"CINTILLO","link":"https:\/\/www.grieta.org.mx\/index.php\/category\/cintillo\/"},"img":{"alt_text":"","src":"https:\/\/i0.wp.com\/www.grieta.org.mx\/wp-content\/uploads\/2021\/09\/cuartoscuro_831107_digital.jpeg?resize=350%2C200&ssl=1","width":350,"height":200,"srcset":"https:\/\/i0.wp.com\/www.grieta.org.mx\/wp-content\/uploads\/2021\/09\/cuartoscuro_831107_digital.jpeg?resize=350%2C200&ssl=1 1x, https:\/\/i0.wp.com\/www.grieta.org.mx\/wp-content\/uploads\/2021\/09\/cuartoscuro_831107_digital.jpeg?resize=525%2C300&ssl=1 1.5x, https:\/\/i0.wp.com\/www.grieta.org.mx\/wp-content\/uploads\/2021\/09\/cuartoscuro_831107_digital.jpeg?resize=700%2C400&ssl=1 2x, https:\/\/i0.wp.com\/www.grieta.org.mx\/wp-content\/uploads\/2021\/09\/cuartoscuro_831107_digital.jpeg?resize=1050%2C600&ssl=1 3x, https:\/\/i0.wp.com\/www.grieta.org.mx\/wp-content\/uploads\/2021\/09\/cuartoscuro_831107_digital.jpeg?resize=1400%2C800&ssl=1 4x"},"classes":[]},{"id":35092,"url":"https:\/\/www.grieta.org.mx\/index.php\/2019\/06\/19\/usan-militares-brazalete-de-guardia-nacional-en-patrullaje-antimigrante-en-ciudad-juarez-chihuahua\/","url_meta":{"origin":32316,"position":1},"title":"Usan militares brazalete de Guardia Nacional en patrullaje antimigrante en Ciudad Ju\u00e1rez (Chihuahua)","author":"grieta","date":"19 junio, 2019","format":false,"excerpt":"Fotos e Informaci\u00f3n: Alejandro S\u00e1nchez\/ LA VERDAD Ciudad Ju\u00e1rez \u2013 Los militares que vigilan el bordo del r\u00edo Bravo, para evitar el paso de migrantes hacia Estado Unidos, portan desde este mi\u00e9rcoles un brazalete negro con las siglas GN (Guardia Nacional) en blanco y un escudo de la nueva agrupaci\u00f3n\u2026","rel":"","context":"En &quot;Chihuahua&quot;","block_context":{"text":"Chihuahua","link":"https:\/\/www.grieta.org.mx\/index.php\/category\/noticias-nacionales\/chihuahua\/"},"img":{"alt_text":"","src":"https:\/\/i0.wp.com\/www.grieta.org.mx\/wp-content\/uploads\/2019\/06\/GN-A.-S%C3%A1nchez.jpg?resize=350%2C200&ssl=1","width":350,"height":200,"srcset":"https:\/\/i0.wp.com\/www.grieta.org.mx\/wp-content\/uploads\/2019\/06\/GN-A.-S%C3%A1nchez.jpg?resize=350%2C200&ssl=1 1x, https:\/\/i0.wp.com\/www.grieta.org.mx\/wp-content\/uploads\/2019\/06\/GN-A.-S%C3%A1nchez.jpg?resize=525%2C300&ssl=1 1.5x, https:\/\/i0.wp.com\/www.grieta.org.mx\/wp-content\/uploads\/2019\/06\/GN-A.-S%C3%A1nchez.jpg?resize=700%2C400&ssl=1 2x"},"classes":[]},{"id":35880,"url":"https:\/\/www.grieta.org.mx\/index.php\/2019\/06\/26\/revisan-sus-documentos-a-migrantes-tamaulipas\/","url_meta":{"origin":32316,"position":2},"title":"Revisan sus documentos a migrantes (Tamaulipas)","author":"grieta","date":"26 junio, 2019","format":false,"excerpt":"APOYO. Personal del INM fue acompa\u00f1ado por elementos de la Guardia Nacional. Fotograf\u00eda: El Ma\u00f1ana Miguel Jim\u00e9nez \/ El Ma\u00f1ana Matamoros, Tam.- Personal del Instituto Nacional de Migraci\u00f3n, acompa\u00f1ados de elementos de la Guardia Nacional, encabezaron la revisi\u00f3n de los documentos a migrantes con la finalidad de corroborar su estancia\u2026","rel":"","context":"En &quot;CINTILLO&quot;","block_context":{"text":"CINTILLO","link":"https:\/\/www.grieta.org.mx\/index.php\/category\/cintillo\/"},"img":{"alt_text":"","src":"https:\/\/i0.wp.com\/www.grieta.org.mx\/wp-content\/uploads\/2019\/07\/Revisan-sus-documentos-a-migrantes-tama-jul.jpg?resize=350%2C200&ssl=1","width":350,"height":200,"srcset":"https:\/\/i0.wp.com\/www.grieta.org.mx\/wp-content\/uploads\/2019\/07\/Revisan-sus-documentos-a-migrantes-tama-jul.jpg?resize=350%2C200&ssl=1 1x, https:\/\/i0.wp.com\/www.grieta.org.mx\/wp-content\/uploads\/2019\/07\/Revisan-sus-documentos-a-migrantes-tama-jul.jpg?resize=525%2C300&ssl=1 1.5x"},"classes":[]},{"id":61478,"url":"https:\/\/www.grieta.org.mx\/index.php\/2021\/09\/01\/inm-y-gn-desarticulan-caravana-y-detienen-a-migrantes-en-mapastepec-chiapas\/","url_meta":{"origin":32316,"position":3},"title":"INM y GN desarticulan caravana y detienen a migrantes en Mapastepec, Chiapas","author":"grieta","date":"1 septiembre, 2021","format":false,"excerpt":"Los migrantes de Hait\u00ed, Guatemala, Honduras, Nicaragua, El Salvador y otros pa\u00edses sudamericanos, del Caribe y hasta africanos, hab\u00edan caminado ya 107 kil\u00f3metros desde Tapachula hasta ese punto y esperaban en ese lugar a una segunda caravana que hab\u00eda partido de Tapachula el d\u00eda de ayer lunes. Isa\u00edn Mandujano\/PROCESO TUXTLA\u2026","rel":"","context":"En &quot;CINTILLO&quot;","block_context":{"text":"CINTILLO","link":"https:\/\/www.grieta.org.mx\/index.php\/category\/cintillo\/"},"img":{"alt_text":"","src":"https:\/\/i0.wp.com\/www.grieta.org.mx\/wp-content\/uploads\/2021\/09\/f800x450-141739_193185_5073.jpg?resize=350%2C200&ssl=1","width":350,"height":200,"srcset":"https:\/\/i0.wp.com\/www.grieta.org.mx\/wp-content\/uploads\/2021\/09\/f800x450-141739_193185_5073.jpg?resize=350%2C200&ssl=1 1x, https:\/\/i0.wp.com\/www.grieta.org.mx\/wp-content\/uploads\/2021\/09\/f800x450-141739_193185_5073.jpg?resize=525%2C300&ssl=1 1.5x, https:\/\/i0.wp.com\/www.grieta.org.mx\/wp-content\/uploads\/2021\/09\/f800x450-141739_193185_5073.jpg?resize=700%2C400&ssl=1 2x"},"classes":[]},{"id":35319,"url":"https:\/\/www.grieta.org.mx\/index.php\/2019\/06\/22\/a-las-puertas-de-estados-unidos-mexico-persigue-y-detiene-a-migrantes-chihuahua\/","url_meta":{"origin":32316,"position":4},"title":"A las puertas de Estados Unidos, M\u00e9xico persigue y detiene a migrantes (Chihuahua)","author":"grieta","date":"22 junio, 2019","format":false,"excerpt":"Los extranjeros indocumentados que llegan a la frontera por Ciudad Ju\u00e1rez son perseguidos en el bordo del r\u00edo Bravo por militares en la Guardia Nacional, quienes los detienen y entregan a oficiales de Migraci\u00f3n para evitar su paso a territorio estadunidense. Texto y Fotos: Rey R. Jauregui \/ LA VERDAD\/\u2026","rel":"","context":"En &quot;Chihuahua&quot;","block_context":{"text":"Chihuahua","link":"https:\/\/www.grieta.org.mx\/index.php\/category\/noticias-nacionales\/chihuahua\/"},"img":{"alt_text":"","src":"https:\/\/i0.wp.com\/www.grieta.org.mx\/wp-content\/uploads\/2019\/06\/Detenidas.jpeg?resize=350%2C200&ssl=1","width":350,"height":200,"srcset":"https:\/\/i0.wp.com\/www.grieta.org.mx\/wp-content\/uploads\/2019\/06\/Detenidas.jpeg?resize=350%2C200&ssl=1 1x, https:\/\/i0.wp.com\/www.grieta.org.mx\/wp-content\/uploads\/2019\/06\/Detenidas.jpeg?resize=525%2C300&ssl=1 1.5x, https:\/\/i0.wp.com\/www.grieta.org.mx\/wp-content\/uploads\/2019\/06\/Detenidas.jpeg?resize=700%2C400&ssl=1 2x, https:\/\/i0.wp.com\/www.grieta.org.mx\/wp-content\/uploads\/2019\/06\/Detenidas.jpeg?resize=1050%2C600&ssl=1 3x"},"classes":[]},{"id":43702,"url":"https:\/\/www.grieta.org.mx\/index.php\/2020\/01\/26\/confunden-a-estudiante-mexicana-con-migrantes-y-la-detienen-tabasco\/","url_meta":{"origin":32316,"position":5},"title":"Confunden a estudiante mexicana con migrantes y la detienen (Tabasco)","author":"grieta","date":"26 enero, 2020","format":false,"excerpt":"Redacci\u00f3n \/ La Verdad La estudiante que fue detenida por el Instituto Nacional de Migraci\u00f3n estuvo reclu\u00edda cinco d\u00edas. El Instituto Nacional de Migraci\u00f3n (INM) realiz\u00f3 la detenci\u00f3n de una mujer estudiante a la que confundi\u00f3 con los migrantes hondure\u00f1os. Se trata de Dulce \"N\", una estudiante originaria del estado\u2026","rel":"","context":"En &quot;Abuso de fuerzas represivas en Tabasco&quot;","block_context":{"text":"Abuso de fuerzas represivas en Tabasco","link":"https:\/\/www.grieta.org.mx\/index.php\/category\/noticias-nacionales\/tabasco\/abuso-de-fuerzas-represivas-en-tabasco\/"},"img":{"alt_text":"","src":"https:\/\/i0.wp.com\/www.grieta.org.mx\/wp-content\/uploads\/2020\/01\/https-_laverdadnoticias.com___export_1580061250258_sites_laverdad_img_2020_01_26_confunden_a_estudiante_mexicana_con_migrantes_y_la_detienen.jpg_1834093470.jpg?resize=350%2C200&ssl=1","width":350,"height":200,"srcset":"https:\/\/i0.wp.com\/www.grieta.org.mx\/wp-content\/uploads\/2020\/01\/https-_laverdadnoticias.com___export_1580061250258_sites_laverdad_img_2020_01_26_confunden_a_estudiante_mexicana_con_migrantes_y_la_detienen.jpg_1834093470.jpg?resize=350%2C200&ssl=1 1x, https:\/\/i0.wp.com\/www.grieta.org.mx\/wp-content\/uploads\/2020\/01\/https-_laverdadnoticias.com___export_1580061250258_sites_laverdad_img_2020_01_26_confunden_a_estudiante_mexicana_con_migrantes_y_la_detienen.jpg_1834093470.jpg?resize=525%2C300&ssl=1 1.5x, https:\/\/i0.wp.com\/www.grieta.org.mx\/wp-content\/uploads\/2020\/01\/https-_laverdadnoticias.com___export_1580061250258_sites_laverdad_img_2020_01_26_confunden_a_estudiante_mexicana_con_migrantes_y_la_detienen.jpg_1834093470.jpg?resize=700%2C400&ssl=1 2x, https:\/\/i0.wp.com\/www.grieta.org.mx\/wp-content\/uploads\/2020\/01\/https-_laverdadnoticias.com___export_1580061250258_sites_laverdad_img_2020_01_26_confunden_a_estudiante_mexicana_con_migrantes_y_la_detienen.jpg_1834093470.jpg?resize=1050%2C600&ssl=1 3x, https:\/\/i0.wp.com\/www.grieta.org.mx\/wp-content\/uploads\/2020\/01\/https-_laverdadnoticias.com___export_1580061250258_sites_laverdad_img_2020_01_26_confunden_a_estudiante_mexicana_con_migrantes_y_la_detienen.jpg_1834093470.jpg?resize=1400%2C800&ssl=1 4x"},"classes":[]}],"_links":{"self":[{"href":"https:\/\/www.grieta.org.mx\/index.php\/wp-json\/wp\/v2\/posts\/32316","targetHints":{"allow":["GET"]}}],"collection":[{"href":"https:\/\/www.grieta.org.mx\/index.php\/wp-json\/wp\/v2\/posts"}],"about":[{"href":"https:\/\/www.grieta.org.mx\/index.php\/wp-json\/wp\/v2\/types\/post"}],"author":[{"embeddable":true,"href":"https:\/\/www.grieta.org.mx\/index.php\/wp-json\/wp\/v2\/users\/2"}],"replies":[{"embeddable":true,"href":"https:\/\/www.grieta.org.mx\/index.php\/wp-json\/wp\/v2\/comments?post=32316"}],"version-history":[{"count":1,"href":"https:\/\/www.grieta.org.mx\/index.php\/wp-json\/wp\/v2\/posts\/32316\/revisions"}],"predecessor-version":[{"id":32318,"href":"https:\/\/www.grieta.org.mx\/index.php\/wp-json\/wp\/v2\/posts\/32316\/revisions\/32318"}],"wp:featuredmedia":[{"embeddable":true,"href":"https:\/\/www.grieta.org.mx\/index.php\/wp-json\/wp\/v2\/media\/32317"}],"wp:attachment":[{"href":"https:\/\/www.grieta.org.mx\/index.php\/wp-json\/wp\/v2\/media?parent=32316"}],"wp:term":[{"taxonomy":"category","embeddable":true,"href":"https:\/\/www.grieta.org.mx\/index.php\/wp-json\/wp\/v2\/categories?post=32316"},{"taxonomy":"post_tag","embeddable":true,"href":"https:\/\/www.grieta.org.mx\/index.php\/wp-json\/wp\/v2\/tags?post=32316"}],"curies":[{"name":"wp","href":"https:\/\/api.w.org\/{rel}","templated":true}]}}