{"id":32313,"date":"2019-04-09T15:31:15","date_gmt":"2019-04-09T20:31:15","guid":{"rendered":"http:\/\/www.grieta.org.mx\/?p=32313"},"modified":"2019-04-16T15:39:09","modified_gmt":"2019-04-16T20:39:09","slug":"la-4t-y-megaproyectos-temas-claves-en-el-encuentro-de-pueblos-convocado-por-el-cig-y-el-cni","status":"publish","type":"post","link":"https:\/\/www.grieta.org.mx\/index.php\/2019\/04\/09\/la-4t-y-megaproyectos-temas-claves-en-el-encuentro-de-pueblos-convocado-por-el-cig-y-el-cni\/","title":{"rendered":"La 4T y megaproyectos, temas claves en el Encuentro de Pueblos convocado por el CIG y el CNI"},"content":{"rendered":"<p><img loading=\"lazy\" decoding=\"async\" data-attachment-id=\"32314\" data-permalink=\"https:\/\/www.grieta.org.mx\/index.php\/2019\/04\/09\/la-4t-y-megaproyectos-temas-claves-en-el-encuentro-de-pueblos-convocado-por-el-cig-y-el-cni\/samir\/\" data-orig-file=\"https:\/\/www.grieta.org.mx\/wp-content\/uploads\/2019\/04\/samir.jpg\" data-orig-size=\"960,540\" data-comments-opened=\"0\" data-image-meta=\"{&quot;aperture&quot;:&quot;0&quot;,&quot;credit&quot;:&quot;&quot;,&quot;camera&quot;:&quot;&quot;,&quot;caption&quot;:&quot;&quot;,&quot;created_timestamp&quot;:&quot;0&quot;,&quot;copyright&quot;:&quot;&quot;,&quot;focal_length&quot;:&quot;0&quot;,&quot;iso&quot;:&quot;0&quot;,&quot;shutter_speed&quot;:&quot;0&quot;,&quot;title&quot;:&quot;&quot;,&quot;orientation&quot;:&quot;0&quot;}\" data-image-title=\"samir\" data-image-description=\"\" data-image-caption=\"\" data-medium-file=\"https:\/\/www.grieta.org.mx\/wp-content\/uploads\/2019\/04\/samir-300x169.jpg\" data-large-file=\"https:\/\/www.grieta.org.mx\/wp-content\/uploads\/2019\/04\/samir.jpg\" src=\"http:\/\/www.grieta.org.mx\/wp-content\/uploads\/2019\/04\/samir.jpg\" alt=\"\" width=\"768\" height=\"432\" class=\"alignleft size-full wp-image-32314\" srcset=\"https:\/\/www.grieta.org.mx\/wp-content\/uploads\/2019\/04\/samir.jpg 960w, https:\/\/www.grieta.org.mx\/wp-content\/uploads\/2019\/04\/samir-300x169.jpg 300w, https:\/\/www.grieta.org.mx\/wp-content\/uploads\/2019\/04\/samir-768x432.jpg 768w, https:\/\/www.grieta.org.mx\/wp-content\/uploads\/2019\/04\/samir-889x500.jpg 889w\" sizes=\"auto, (max-width: 768px) 100vw, 768px\" \/><\/p>\n<p>Jaime Luis Brito \/ Proceso<\/p>\n<blockquote><p>\nAMILCINGO, Mor. (apro).- La llamada \u201ccuarta transformaci\u00f3n\u201d y el proyecto \u201cneoliberal\u201d del presidente Andr\u00e9s Manuel L\u00f3pez Obrador, as\u00ed tildado porque \u201capoya la instrumentaci\u00f3n de megaproyectos en todo el pa\u00eds\u201d, son los temas centrales del Encuentro de Pueblos, convocado por las redes del Concejo Ind\u00edgena de Gobierno (CIG), el Congreso Nacional Ind\u00edgena (CNI) y la Asamblea Permanente de los Pueblos de Morelos.<\/p><\/blockquote>\n<p>A la reuni\u00f3n, que se realiza hoy y ma\u00f1ana en las instalaciones de la escuela primaria \u201cSamir Flores Soberanes\u201d \u2013nombre del activista asesinado el 20 de febrero pasado\u2013, asisten defensores de los derechos humanos, estudiantes, l\u00edderes ind\u00edgenas, opositores al Proyecto Integral Morelos (PIM), integrantes del Frente de Pueblos de San Salvador Atenco y activistas de diversos estados del sur del pa\u00eds.<\/p>\n<p>La \u201cayudanta\u201d municipal Noemi Mitzi, elegida por usos y costumbres, as\u00ed como los representantes agrarios, dieron la bienvenida a los participantes, entre ellos el \u201ccomandante Contreras\u201d, Pablo Gonz\u00e1lez Casanova, quien forma parte de la mesa tres.<\/p>\n<p>En las cinco mesas instaladas se discutir\u00e1 qu\u00e9 est\u00e1 pasando con la imposici\u00f3n de megaproyectos en las comunidades y pueblos del pa\u00eds (como la central termoel\u00e9ctrica de ciclo combinado de Huexca y el tren maya) y cu\u00e1l ser\u00eda el plan de acci\u00f3n para combatirlos, y c\u00f3mo se vive la cuarta transformaci\u00f3n en los territorios ind\u00edgenas.<\/p>\n<p>El encuentro se da en el marco del centenario del asesinato del general Emiliano Zapata Salazar, que se conmemorar\u00e1 este mi\u00e9rcoles 10 de abril con una movilizaci\u00f3n \u201cnacional e internacional\u201d en la exhacienda de Chinameca.<\/p>\n<p>Tambi\u00e9n asisten representantes de radios comunitarias de todo el pa\u00eds, hermanados con la radio \u2018Amilkcinco\u2019 \u2013creada a iniciativa de Samir Flores\u2013, que a lo largo del d\u00eda transmite las demandas de los grupos sociales y pol\u00edticos de la localidad.<\/p>\n<p><a href=\"https:\/\/www.proceso.com.mx\/578971\/la-4t-y-megaproyectos-temas-claves-en-el-encuentro-de-pueblos-convocado-por-el-cig-y-el-cni\">https:\/\/www.proceso.com.mx\/578971\/la-4t-y-megaproyectos-temas-claves-en-el-encuentro-de-pueblos-convocado-por-el-cig-y-el-cni<\/a><\/p>\n","protected":false},"excerpt":{"rendered":"<p>Jaime Luis Brito \/ Proceso AMILCINGO, Mor. (apro).- La llamada \u201ccuarta transformaci\u00f3n\u201d y el proyecto \u201cneoliberal\u201d del presidente Andr\u00e9s Manuel L\u00f3pez Obrador, as\u00ed tildado porque \u201capoya la instrumentaci\u00f3n de megaproyectos &hellip; <a href=\"https:\/\/www.grieta.org.mx\/index.php\/2019\/04\/09\/la-4t-y-megaproyectos-temas-claves-en-el-encuentro-de-pueblos-convocado-por-el-cig-y-el-cni\/\" class=\"more-link\">Leer m\u00e1s<\/a><\/p>\n","protected":false},"author":2,"featured_media":32314,"comment_status":"closed","ping_status":"closed","sticky":false,"template":"","format":"standard","meta":{"ngg_post_thumbnail":0,"_jetpack_newsletter_access":"","_jetpack_dont_email_post_to_subs":false,"_jetpack_newsletter_tier_id":0,"_jetpack_memberships_contains_paywalled_content":false,"_jetpack_memberships_contains_paid_content":false,"footnotes":""},"categories":[55,80,970,1,954,3,922,22,938,2,44,1171],"tags":[95,2087,428],"class_list":["post-32313","post","type-post","status-publish","format-standard","has-post-thumbnail","hentry","category-11-amilcingo","category-cintillo","category-esp-morelos","category-espejos-de-la-resistencia","category-espejos-estados","category-megaproyectos","category-megaproyectos-estados","category-morelos","category-mp-morelos","category-noticias-nacionales","category-proyecto-integral-morelos","category-rechazo-al-proyecto-integral-morelos-pim-en-morelos","tag-cni","tag-rechazo-a-la-termoelectrica-en-huexca","tag-termoelectrica","entry"],"jetpack_featured_media_url":"https:\/\/www.grieta.org.mx\/wp-content\/uploads\/2019\/04\/samir.jpg","jetpack_sharing_enabled":true,"jetpack_shortlink":"https:\/\/wp.me\/p7ZJR4-8pb","jetpack_likes_enabled":false,"jetpack-related-posts":[{"id":29279,"url":"https:\/\/www.grieta.org.mx\/index.php\/2019\/02\/20\/pronunciamiento-del-cni-cig-ezln-ante-el-asesinato-del-companero-samir-flores-soberanes\/","url_meta":{"origin":32313,"position":0},"title":"Pronunciamiento del CNI-CIG-EZLN ante el asesinato del compa\u00f1ero Samir Flores Soberanes","author":"grieta","date":"20 febrero, 2019","format":false,"excerpt":"20 de febrero del 2019 Al pueblo de M\u00e9xico y a los pueblos del mundo A las redes de apoyo al CIG A las redes de resistencia y rebeld\u00eda A la Sexta Nacional e Internacional A los medios de comunicaci\u00f3n Denunciamos con dolor y rabia el cobarde asesinato de nuestro\u2026","rel":"","context":"En &quot;10. Huexca&quot;","block_context":{"text":"10. Huexca","link":"https:\/\/www.grieta.org.mx\/index.php\/category\/espejos-de-la-resistencia\/10-huexca\/"},"img":{"alt_text":"","src":"https:\/\/i0.wp.com\/www.grieta.org.mx\/wp-content\/uploads\/2019\/02\/Ejecutan-a-Samir-Flores-opositor-de-gasoducto-y-termoel%C3%A9ctrica-de-Morelos-640x424.jpg?resize=350%2C200&ssl=1","width":350,"height":200,"srcset":"https:\/\/i0.wp.com\/www.grieta.org.mx\/wp-content\/uploads\/2019\/02\/Ejecutan-a-Samir-Flores-opositor-de-gasoducto-y-termoel%C3%A9ctrica-de-Morelos-640x424.jpg?resize=350%2C200&ssl=1 1x, https:\/\/i0.wp.com\/www.grieta.org.mx\/wp-content\/uploads\/2019\/02\/Ejecutan-a-Samir-Flores-opositor-de-gasoducto-y-termoel%C3%A9ctrica-de-Morelos-640x424.jpg?resize=525%2C300&ssl=1 1.5x"},"classes":[]},{"id":29268,"url":"https:\/\/www.grieta.org.mx\/index.php\/2019\/02\/20\/asesinan-a-lider-de-opositores-a-la-termoelectrica-en-morelos\/","url_meta":{"origin":32313,"position":1},"title":"Asesinan a l\u00edder de opositores a la termoel\u00e9ctrica en Morelos","author":"grieta","date":"20 febrero, 2019","format":false,"excerpt":"Redacci\u00f3n \/ Quadratin Morelos TEMOAC, Mor., 20 de Febrero del 2019.- Fue confirmada la muerte de Samir Flores Soberanes tras un ataque armado la madrugada de este mi\u00e9rcoles en su domicilio en Amilcingo por un comando armado, seg\u00fan los primeros reportes. Se trata de qui\u00e9n encabez\u00f3 desde el inicio de\u2026","rel":"","context":"En &quot;10. Huexca&quot;","block_context":{"text":"10. Huexca","link":"https:\/\/www.grieta.org.mx\/index.php\/category\/espejos-de-la-resistencia\/10-huexca\/"},"img":{"alt_text":"","src":"https:\/\/i0.wp.com\/www.grieta.org.mx\/wp-content\/uploads\/2019\/02\/IMG_20190220_075909-1160x700.jpg?resize=350%2C200&ssl=1","width":350,"height":200,"srcset":"https:\/\/i0.wp.com\/www.grieta.org.mx\/wp-content\/uploads\/2019\/02\/IMG_20190220_075909-1160x700.jpg?resize=350%2C200&ssl=1 1x, https:\/\/i0.wp.com\/www.grieta.org.mx\/wp-content\/uploads\/2019\/02\/IMG_20190220_075909-1160x700.jpg?resize=525%2C300&ssl=1 1.5x, https:\/\/i0.wp.com\/www.grieta.org.mx\/wp-content\/uploads\/2019\/02\/IMG_20190220_075909-1160x700.jpg?resize=700%2C400&ssl=1 2x, https:\/\/i0.wp.com\/www.grieta.org.mx\/wp-content\/uploads\/2019\/02\/IMG_20190220_075909-1160x700.jpg?resize=1050%2C600&ssl=1 3x"},"classes":[]},{"id":32336,"url":"https:\/\/www.grieta.org.mx\/index.php\/2019\/04\/08\/congreso-de-pueblos-de-morelos-reitera-el-no-a-la-termoelectrica-pero-se-abre-al-dialogo\/","url_meta":{"origin":32313,"position":2},"title":"Congreso de Pueblos de Morelos reitera el \u201cno\u201d a la termoel\u00e9ctrica, pero se abre al di\u00e1logo","author":"grieta","date":"8 abril, 2019","format":false,"excerpt":"Jaime Luis Brito \/ Proceso ANENECUILCO, Mor. (apro).- En la tierra que vio nacer a Emiliano Zapata se llev\u00f3 a cabo la novena edici\u00f3n del Congreso de los Pueblos de Morelos, en el que se acord\u00f3 que se har\u00e1 todo lo posible para evitar que inicie trabajos la termoel\u00e9ctrica instalada\u2026","rel":"","context":"En &quot;11. Amilcingo&quot;","block_context":{"text":"11. Amilcingo","link":"https:\/\/www.grieta.org.mx\/index.php\/category\/espejos-de-la-resistencia\/11-amilcingo\/"},"img":{"alt_text":"","src":"https:\/\/i0.wp.com\/www.grieta.org.mx\/wp-content\/uploads\/2019\/04\/WhatsApp-Image-2019-04-08-at-10-1078x736.jpg?resize=350%2C200&ssl=1","width":350,"height":200,"srcset":"https:\/\/i0.wp.com\/www.grieta.org.mx\/wp-content\/uploads\/2019\/04\/WhatsApp-Image-2019-04-08-at-10-1078x736.jpg?resize=350%2C200&ssl=1 1x, https:\/\/i0.wp.com\/www.grieta.org.mx\/wp-content\/uploads\/2019\/04\/WhatsApp-Image-2019-04-08-at-10-1078x736.jpg?resize=525%2C300&ssl=1 1.5x, https:\/\/i0.wp.com\/www.grieta.org.mx\/wp-content\/uploads\/2019\/04\/WhatsApp-Image-2019-04-08-at-10-1078x736.jpg?resize=700%2C400&ssl=1 2x, https:\/\/i0.wp.com\/www.grieta.org.mx\/wp-content\/uploads\/2019\/04\/WhatsApp-Image-2019-04-08-at-10-1078x736.jpg?resize=1050%2C600&ssl=1 3x"},"classes":[]},{"id":29984,"url":"https:\/\/www.grieta.org.mx\/index.php\/2019\/02\/27\/activistas-de-tehuacan-se-solidarizan-con-amilcingo-puebla\/","url_meta":{"origin":32313,"position":3},"title":"Activistas de Tehuac\u00e1n se solidarizan con Amilcingo (Puebla)","author":"grieta","date":"27 febrero, 2019","format":false,"excerpt":"Yomara Pacheco \/ El Popular El presidente del Movimiento Agrario Ind\u00edgena Zapatista (MAIZ), Omar Esparza indic\u00f3 que llama a las resistencias del pa\u00eds para apoyar a sus compa\u00f1eros de Amitcingo que est\u00e1n en contra del Proyecto Integral Morelos y la Termoel\u00e9ctrica Huexca, pues la consulta que se realiz\u00f3 fue ama\u00f1ada\u2026","rel":"","context":"En &quot;10. Huexca&quot;","block_context":{"text":"10. Huexca","link":"https:\/\/www.grieta.org.mx\/index.php\/category\/espejos-de-la-resistencia\/10-huexca\/"},"img":{"alt_text":"","src":"https:\/\/i0.wp.com\/www.grieta.org.mx\/wp-content\/uploads\/2019\/03\/activistas-de-tehuacan-se-solidarizan-con-amitcingo-56497d0703dd8a985dd4ee087be18581.jpg?resize=350%2C200&ssl=1","width":350,"height":200,"srcset":"https:\/\/i0.wp.com\/www.grieta.org.mx\/wp-content\/uploads\/2019\/03\/activistas-de-tehuacan-se-solidarizan-con-amitcingo-56497d0703dd8a985dd4ee087be18581.jpg?resize=350%2C200&ssl=1 1x, https:\/\/i0.wp.com\/www.grieta.org.mx\/wp-content\/uploads\/2019\/03\/activistas-de-tehuacan-se-solidarizan-con-amitcingo-56497d0703dd8a985dd4ee087be18581.jpg?resize=525%2C300&ssl=1 1.5x, https:\/\/i0.wp.com\/www.grieta.org.mx\/wp-content\/uploads\/2019\/03\/activistas-de-tehuacan-se-solidarizan-con-amitcingo-56497d0703dd8a985dd4ee087be18581.jpg?resize=700%2C400&ssl=1 2x"},"classes":[]},{"id":30601,"url":"https:\/\/www.grieta.org.mx\/index.php\/2019\/03\/10\/movilizaciones-en-chinameca-declaran-a-amlo-no-grato-en-morelos\/","url_meta":{"origin":32313,"position":4},"title":"Movilizaciones en Chinameca; declaran a AMLO \u201cno grato\u201d en Morelos","author":"grieta","date":"10 marzo, 2019","format":false,"excerpt":"Dulce Valdepe\u00f1a \/ Quadrat\u00edn Morelos TEMOAC, Mor., 10 de marzo del 2019.- Realizar una movilizaci\u00f3n nacional e internacional en la comunidad de Chinameca, del municipio de Ayala el pr\u00f3ximo 10 de abril, fue confirmado por la asamblea de pueblos este fin de semana en el marco del centenario luctuoso del\u2026","rel":"","context":"En &quot;10. Huexca&quot;","block_context":{"text":"10. Huexca","link":"https:\/\/www.grieta.org.mx\/index.php\/category\/espejos-de-la-resistencia\/10-huexca\/"},"img":{"alt_text":"","src":"https:\/\/i0.wp.com\/www.grieta.org.mx\/wp-content\/uploads\/2019\/03\/4923A95A-ED5C-43E0-AAF3-54259CC667FE-1160x700.jpeg?resize=350%2C200&ssl=1","width":350,"height":200,"srcset":"https:\/\/i0.wp.com\/www.grieta.org.mx\/wp-content\/uploads\/2019\/03\/4923A95A-ED5C-43E0-AAF3-54259CC667FE-1160x700.jpeg?resize=350%2C200&ssl=1 1x, https:\/\/i0.wp.com\/www.grieta.org.mx\/wp-content\/uploads\/2019\/03\/4923A95A-ED5C-43E0-AAF3-54259CC667FE-1160x700.jpeg?resize=525%2C300&ssl=1 1.5x, https:\/\/i0.wp.com\/www.grieta.org.mx\/wp-content\/uploads\/2019\/03\/4923A95A-ED5C-43E0-AAF3-54259CC667FE-1160x700.jpeg?resize=700%2C400&ssl=1 2x, https:\/\/i0.wp.com\/www.grieta.org.mx\/wp-content\/uploads\/2019\/03\/4923A95A-ED5C-43E0-AAF3-54259CC667FE-1160x700.jpeg?resize=1050%2C600&ssl=1 3x"},"classes":[]},{"id":32302,"url":"https:\/\/www.grieta.org.mx\/index.php\/2019\/04\/09\/crean-plan-de-resistencia-contra-megaproyectos-en-morelos\/","url_meta":{"origin":32313,"position":5},"title":"Crean plan de resistencia contra megaproyectos en Morelos","author":"grieta","date":"9 abril, 2019","format":false,"excerpt":"H\u00e9ctor Gonz\u00e1lez \/ La Silla Rota Activistas de al menos 20 estados del pa\u00eds est\u00e1n reunidos en la comunidad de Amilcingo, municipio de Temoac, para definir el plan de acci\u00f3n y resistencia contra los megaproyectos del gobierno federal, entre ellos la central termoel\u00e9ctrica de ciclo combinado de Huexca y el\u2026","rel":"","context":"En &quot;11. Amilcingo&quot;","block_context":{"text":"11. Amilcingo","link":"https:\/\/www.grieta.org.mx\/index.php\/category\/espejos-de-la-resistencia\/11-amilcingo\/"},"img":{"alt_text":"","src":"https:\/\/i0.wp.com\/www.grieta.org.mx\/wp-content\/uploads\/2018\/03\/14524434_1106112876131411_958039263622046936_o.jpg?resize=350%2C200&ssl=1","width":350,"height":200,"srcset":"https:\/\/i0.wp.com\/www.grieta.org.mx\/wp-content\/uploads\/2018\/03\/14524434_1106112876131411_958039263622046936_o.jpg?resize=350%2C200&ssl=1 1x, https:\/\/i0.wp.com\/www.grieta.org.mx\/wp-content\/uploads\/2018\/03\/14524434_1106112876131411_958039263622046936_o.jpg?resize=525%2C300&ssl=1 1.5x, https:\/\/i0.wp.com\/www.grieta.org.mx\/wp-content\/uploads\/2018\/03\/14524434_1106112876131411_958039263622046936_o.jpg?resize=700%2C400&ssl=1 2x"},"classes":[]}],"_links":{"self":[{"href":"https:\/\/www.grieta.org.mx\/index.php\/wp-json\/wp\/v2\/posts\/32313","targetHints":{"allow":["GET"]}}],"collection":[{"href":"https:\/\/www.grieta.org.mx\/index.php\/wp-json\/wp\/v2\/posts"}],"about":[{"href":"https:\/\/www.grieta.org.mx\/index.php\/wp-json\/wp\/v2\/types\/post"}],"author":[{"embeddable":true,"href":"https:\/\/www.grieta.org.mx\/index.php\/wp-json\/wp\/v2\/users\/2"}],"replies":[{"embeddable":true,"href":"https:\/\/www.grieta.org.mx\/index.php\/wp-json\/wp\/v2\/comments?post=32313"}],"version-history":[{"count":1,"href":"https:\/\/www.grieta.org.mx\/index.php\/wp-json\/wp\/v2\/posts\/32313\/revisions"}],"predecessor-version":[{"id":32315,"href":"https:\/\/www.grieta.org.mx\/index.php\/wp-json\/wp\/v2\/posts\/32313\/revisions\/32315"}],"wp:featuredmedia":[{"embeddable":true,"href":"https:\/\/www.grieta.org.mx\/index.php\/wp-json\/wp\/v2\/media\/32314"}],"wp:attachment":[{"href":"https:\/\/www.grieta.org.mx\/index.php\/wp-json\/wp\/v2\/media?parent=32313"}],"wp:term":[{"taxonomy":"category","embeddable":true,"href":"https:\/\/www.grieta.org.mx\/index.php\/wp-json\/wp\/v2\/categories?post=32313"},{"taxonomy":"post_tag","embeddable":true,"href":"https:\/\/www.grieta.org.mx\/index.php\/wp-json\/wp\/v2\/tags?post=32313"}],"curies":[{"name":"wp","href":"https:\/\/api.w.org\/{rel}","templated":true}]}}