{"id":32273,"date":"2019-04-12T17:04:40","date_gmt":"2019-04-12T22:04:40","guid":{"rendered":"http:\/\/www.grieta.org.mx\/?p=32273"},"modified":"2019-04-15T17:35:33","modified_gmt":"2019-04-15T22:35:33","slug":"marchan-por-la-seguridad-en-capital-queretaro","status":"publish","type":"post","link":"https:\/\/www.grieta.org.mx\/index.php\/2019\/04\/12\/marchan-por-la-seguridad-en-capital-queretaro\/","title":{"rendered":"Marchan por la seguridad en capital (Quer\u00e9taro)"},"content":{"rendered":"<p><img loading=\"lazy\" decoding=\"async\" data-attachment-id=\"32274\" data-permalink=\"https:\/\/www.grieta.org.mx\/index.php\/2019\/04\/12\/marchan-por-la-seguridad-en-capital-queretaro\/marcha-6\/\" data-orig-file=\"https:\/\/www.grieta.org.mx\/wp-content\/uploads\/2019\/04\/marcha.jpg\" data-orig-size=\"900,600\" data-comments-opened=\"0\" data-image-meta=\"{&quot;aperture&quot;:&quot;7.1&quot;,&quot;credit&quot;:&quot;Sixto Emmanuel Picones&quot;,&quot;camera&quot;:&quot;Canon EOS M5&quot;,&quot;caption&quot;:&quot;&quot;,&quot;created_timestamp&quot;:&quot;1555004125&quot;,&quot;copyright&quot;:&quot;&quot;,&quot;focal_length&quot;:&quot;16&quot;,&quot;iso&quot;:&quot;400&quot;,&quot;shutter_speed&quot;:&quot;0.0025&quot;,&quot;title&quot;:&quot;&quot;,&quot;orientation&quot;:&quot;1&quot;}\" data-image-title=\"marcha\" data-image-description=\"\" data-image-caption=\"\" data-medium-file=\"https:\/\/www.grieta.org.mx\/wp-content\/uploads\/2019\/04\/marcha-300x200.jpg\" data-large-file=\"https:\/\/www.grieta.org.mx\/wp-content\/uploads\/2019\/04\/marcha.jpg\" class=\" wp-image-32274 aligncenter\" src=\"http:\/\/www.grieta.org.mx\/wp-content\/uploads\/2019\/04\/marcha.jpg\" alt=\"\" width=\"767\" height=\"511\" srcset=\"https:\/\/www.grieta.org.mx\/wp-content\/uploads\/2019\/04\/marcha.jpg 900w, https:\/\/www.grieta.org.mx\/wp-content\/uploads\/2019\/04\/marcha-300x200.jpg 300w, https:\/\/www.grieta.org.mx\/wp-content\/uploads\/2019\/04\/marcha-768x512.jpg 768w, https:\/\/www.grieta.org.mx\/wp-content\/uploads\/2019\/04\/marcha-750x500.jpg 750w\" sizes=\"auto, (max-width: 767px) 100vw, 767px\" \/><\/p>\n<p>Tina Hern\u00e1ndez \/ Noticias 45<\/p>\n<p>Desde la Torre de la Esperanza un grupo de ciudadanos march\u00f3 por la seguridad en Quer\u00e9taro, luego del homicidio de dos personas de la tercera edad al interior de su negocio, la joyer\u00eda Par\u00eds, y diversos acontecimientos violentos en los \u00faltimos d\u00edas.<\/p>\n<p>La protesta de ciudadanos lleg\u00f3 a Plaza de Armas con el fin de expresar al gobierno del estado y el gobierno capitalino el inter\u00e9s de mantener un di\u00e1logo para mejorar la realidad de seguridad.<\/p>\n<p>Durante la protesta, elementos de la Secretar\u00eda de Seguridad P\u00fablico del Municipio de Quer\u00e9taro y agentes de movilidad custodiaban la integridad de los manifestantes.<\/p>\n<p>Como un acto de formalidad, se entreg\u00f3 un oficio en Palacio de Gobierno para solicitar una audiencia p\u00fablica con el gobernador del estado, Francisco Dom\u00ednguez Servi\u00e9n, con el fin de establecer en conjunto una estrategia de prevenci\u00f3n y seguridad.<\/p>\n<p>Asimismo, desde las puertas de la Joyer\u00eda Par\u00eds se exhort\u00f3 al gobierno municipal a garantizar la seguridad en la demarcaci\u00f3n.<\/p>\n<p><a href=\"http:\/\/www.noticiasdequeretaro.com.mx\/2019\/04\/12\/marchan-por-la-seguridad-en-capital\/\">http:\/\/www.noticiasdequeretaro.com.mx\/2019\/04\/12\/marchan-por-la-seguridad-en-capital\/<\/a><\/p>\n","protected":false},"excerpt":{"rendered":"<p>Tina Hern\u00e1ndez \/ Noticias 45 Desde la Torre de la Esperanza un grupo de ciudadanos march\u00f3 por la seguridad en Quer\u00e9taro, luego del homicidio de dos personas de la tercera &hellip; <a href=\"https:\/\/www.grieta.org.mx\/index.php\/2019\/04\/12\/marchan-por-la-seguridad-en-capital-queretaro\/\" class=\"more-link\">Leer m\u00e1s<\/a><\/p>\n","protected":false},"author":2,"featured_media":32274,"comment_status":"closed","ping_status":"closed","sticky":false,"template":"","format":"standard","meta":{"ngg_post_thumbnail":0,"_jetpack_newsletter_access":"","_jetpack_dont_email_post_to_subs":false,"_jetpack_newsletter_tier_id":0,"_jetpack_memberships_contains_paywalled_content":false,"_jetpack_memberships_contains_paid_content":false,"footnotes":""},"categories":[80,2479,2,27],"tags":[1579],"class_list":["post-32273","post","type-post","status-publish","format-standard","has-post-thumbnail","hentry","category-cintillo","category-incremento-de-la-violencia-en-queretaro","category-noticias-nacionales","category-queretaro","tag-protestas-contra-la-inseguridad-y-la-violencia","entry"],"jetpack_featured_media_url":"https:\/\/www.grieta.org.mx\/wp-content\/uploads\/2019\/04\/marcha.jpg","jetpack_sharing_enabled":true,"jetpack_shortlink":"https:\/\/wp.me\/p7ZJR4-8ox","jetpack_likes_enabled":false,"jetpack-related-posts":[{"id":50258,"url":"https:\/\/www.grieta.org.mx\/index.php\/2020\/05\/25\/pobladores-de-santiago-mexquititlan-toman-presidencia-municipal-de-amealco-queretaro\/","url_meta":{"origin":32273,"position":0},"title":"Pobladores de Santiago Mexquititl\u00e1n toman presidencia municipal de Amealco (Quer\u00e9taro)","author":"grieta","date":"25 mayo, 2020","format":false,"excerpt":"Imagen tomada de: sanpanchotv.wordpress.com San Pancho TV El 25 de mayo del 2020, tianguistas y pobladores de Santiago Mexquititl\u00e1n tomaron la presidencia del municipio de Amealco, en Quer\u00e9taro, como acto de protesta ante la implementaci\u00f3n de la \u201cley garrote\u201d, as\u00ed como en contra de el corte de agua que ha\u2026","rel":"","context":"En &quot;Abuso policiaco y tortura en Quer\u00e9taro&quot;","block_context":{"text":"Abuso policiaco y tortura en Quer\u00e9taro","link":"https:\/\/www.grieta.org.mx\/index.php\/category\/noticias-nacionales\/queretaro\/abuso-policiaco-y-tortura-en-queretaro\/"},"img":{"alt_text":"","src":"https:\/\/i0.wp.com\/www.grieta.org.mx\/wp-content\/uploads\/2020\/06\/Pobladores-de-Santiago-Mexquititl%C3%A1n-toman-presidencia-municipal-de-Amealco-qro-jun.jpeg?resize=350%2C200&ssl=1","width":350,"height":200},"classes":[]},{"id":40769,"url":"https:\/\/www.grieta.org.mx\/index.php\/2019\/10\/30\/protestan-por-recortes-en-cinvestav-queretaro\/","url_meta":{"origin":32273,"position":1},"title":"Protestan por recortes en Cinvestav (Quer\u00e9taro)","author":"grieta","date":"30 octubre, 2019","format":false,"excerpt":"Quadratin QUER\u00c9TARO, Qro., 30 de octubre 2019.- Estudiantes del Centro de Investigaci\u00f3n y de Estudios Avanzados del Instituto Polit\u00e9cnico Nacional (Cinvestav) campus Quer\u00e9taro, realizaron una protesta al exterior, luego de que aseguran los recortes presupuestales, ponen en riesgo los trabajos que se desarrollan en el lugar. Adem\u00e1s, aseguran que las\u2026","rel":"","context":"En &quot;CINTILLO&quot;","block_context":{"text":"CINTILLO","link":"https:\/\/www.grieta.org.mx\/index.php\/category\/cintillo\/"},"img":{"alt_text":"","src":"https:\/\/i0.wp.com\/www.grieta.org.mx\/wp-content\/uploads\/2019\/11\/Protestan-por-recortes-en-Cinvestav-qro-nov.jpg?resize=350%2C200&ssl=1","width":350,"height":200,"srcset":"https:\/\/i0.wp.com\/www.grieta.org.mx\/wp-content\/uploads\/2019\/11\/Protestan-por-recortes-en-Cinvestav-qro-nov.jpg?resize=350%2C200&ssl=1 1x, https:\/\/i0.wp.com\/www.grieta.org.mx\/wp-content\/uploads\/2019\/11\/Protestan-por-recortes-en-Cinvestav-qro-nov.jpg?resize=525%2C300&ssl=1 1.5x, https:\/\/i0.wp.com\/www.grieta.org.mx\/wp-content\/uploads\/2019\/11\/Protestan-por-recortes-en-Cinvestav-qro-nov.jpg?resize=700%2C400&ssl=1 2x, https:\/\/i0.wp.com\/www.grieta.org.mx\/wp-content\/uploads\/2019\/11\/Protestan-por-recortes-en-Cinvestav-qro-nov.jpg?resize=1050%2C600&ssl=1 3x"},"classes":[]},{"id":43677,"url":"https:\/\/www.grieta.org.mx\/index.php\/2020\/01\/18\/feministas-protestan-tras-asesinato-de-mujeres-en-queretaro\/","url_meta":{"origin":32273,"position":2},"title":"Feministas protestan tras asesinato de mujeres en Quer\u00e9taro","author":"grieta","date":"18 enero, 2020","format":false,"excerpt":"ADN Informativo Quer\u00e9taro, Qro., 18 de enero de 2020.- Un grupo de mujeres feministas protest\u00f3 la ma\u00f1ana de este s\u00e1bado en las principales plazas del Centro Hist\u00f3rico de Quer\u00e9taro, para mostrar su molestia e indignaci\u00f3n por los asesinatos de mujeres en la \u00faltima semana, as\u00ed como recordar a la joven\u2026","rel":"","context":"En &quot;CINTILLO&quot;","block_context":{"text":"CINTILLO","link":"https:\/\/www.grieta.org.mx\/index.php\/category\/cintillo\/"},"img":{"alt_text":"","src":"https:\/\/i0.wp.com\/www.grieta.org.mx\/wp-content\/uploads\/2020\/01\/Feministas-protestan-tras-asesinato-de-mujeres-en-Quer%C3%A9taro-ene.jpg?resize=350%2C200&ssl=1","width":350,"height":200,"srcset":"https:\/\/i0.wp.com\/www.grieta.org.mx\/wp-content\/uploads\/2020\/01\/Feministas-protestan-tras-asesinato-de-mujeres-en-Quer%C3%A9taro-ene.jpg?resize=350%2C200&ssl=1 1x, https:\/\/i0.wp.com\/www.grieta.org.mx\/wp-content\/uploads\/2020\/01\/Feministas-protestan-tras-asesinato-de-mujeres-en-Quer%C3%A9taro-ene.jpg?resize=525%2C300&ssl=1 1.5x, https:\/\/i0.wp.com\/www.grieta.org.mx\/wp-content\/uploads\/2020\/01\/Feministas-protestan-tras-asesinato-de-mujeres-en-Quer%C3%A9taro-ene.jpg?resize=700%2C400&ssl=1 2x"},"classes":[]},{"id":37970,"url":"https:\/\/www.grieta.org.mx\/index.php\/2019\/08\/16\/mujeres-demandan-activacion-de-alerta-de-genero-en-queretaro\/","url_meta":{"origin":32273,"position":3},"title":"Mujeres demandan activaci\u00f3n de alerta de g\u00e9nero en Quer\u00e9taro","author":"grieta","date":"16 agosto, 2019","format":false,"excerpt":"Redacci\u00f3n\/Notimex Activistas en Quer\u00e9taro solicitaron al gobierno estatal activar la alerta de g\u00e9nero, dado el aumento en el \u00edndice de casos de violencia Al ritmo de son jarocho, activistas en Quer\u00e9taro solicitaron al gobierno estatal activar la alerta de g\u00e9nero, dado el aumento en el \u00edndice de casos de violencia\u2026","rel":"","context":"En &quot;CINTILLO&quot;","block_context":{"text":"CINTILLO","link":"https:\/\/www.grieta.org.mx\/index.php\/category\/cintillo\/"},"img":{"alt_text":"","src":"https:\/\/i0.wp.com\/www.grieta.org.mx\/wp-content\/uploads\/2018\/03\/14524434_1106112876131411_958039263622046936_o.jpg?resize=350%2C200&ssl=1","width":350,"height":200,"srcset":"https:\/\/i0.wp.com\/www.grieta.org.mx\/wp-content\/uploads\/2018\/03\/14524434_1106112876131411_958039263622046936_o.jpg?resize=350%2C200&ssl=1 1x, https:\/\/i0.wp.com\/www.grieta.org.mx\/wp-content\/uploads\/2018\/03\/14524434_1106112876131411_958039263622046936_o.jpg?resize=525%2C300&ssl=1 1.5x, https:\/\/i0.wp.com\/www.grieta.org.mx\/wp-content\/uploads\/2018\/03\/14524434_1106112876131411_958039263622046936_o.jpg?resize=700%2C400&ssl=1 2x"},"classes":[]},{"id":35126,"url":"https:\/\/www.grieta.org.mx\/index.php\/2019\/06\/01\/san-juan-del-rio-aprueba-donar-predio-para-guardia-nacional-queretaro\/","url_meta":{"origin":32273,"position":4},"title":"San Juan del R\u00edo aprueba donar predio para Guardia Nacional (Quer\u00e9taro)","author":"grieta","date":"1 junio, 2019","format":false,"excerpt":"Redacci\u00f3n \/ El Universal Quer\u00e9taro En Sesi\u00f3n de Cabildo, el Ayuntamiento de San Juan del R\u00edo\u00a0aprob\u00f3 la donaci\u00f3n de un predio en favor del gobierno federal, para la instalaci\u00f3n de una base de la Guardia Nacional. La instalaci\u00f3n de este base tiene la finalidad de fortalecer las acciones de seguridad;\u2026","rel":"","context":"En &quot;CINTILLO&quot;","block_context":{"text":"CINTILLO","link":"https:\/\/www.grieta.org.mx\/index.php\/category\/cintillo\/"},"img":{"alt_text":"","src":"https:\/\/i0.wp.com\/www.grieta.org.mx\/wp-content\/uploads\/2019\/06\/73586feb-guardia_nacional-.jpeg?resize=350%2C200&ssl=1","width":350,"height":200,"srcset":"https:\/\/i0.wp.com\/www.grieta.org.mx\/wp-content\/uploads\/2019\/06\/73586feb-guardia_nacional-.jpeg?resize=350%2C200&ssl=1 1x, https:\/\/i0.wp.com\/www.grieta.org.mx\/wp-content\/uploads\/2019\/06\/73586feb-guardia_nacional-.jpeg?resize=525%2C300&ssl=1 1.5x"},"classes":[]},{"id":5227,"url":"https:\/\/www.grieta.org.mx\/index.php\/2016\/02\/16\/violencia-contra-periodistas-en-queretaro\/","url_meta":{"origin":32273,"position":5},"title":"Violencia contra periodistas en Quer\u00e9taro","author":"grieta","date":"16 febrero, 2016","format":false,"excerpt":"16\/02\/15. Marchan periodistas en Quer\u00e9taro AM Quer\u00e9taro 20\/08\/15. La corrupci\u00f3n \u2018somete\u2019 la voz de los periodistas en Quer\u00e9taro Elecciones y agresiones","rel":"","context":"En &quot;NOTICIAS NACIONALES&quot;","block_context":{"text":"NOTICIAS NACIONALES","link":"https:\/\/www.grieta.org.mx\/index.php\/category\/noticias-nacionales\/"},"img":{"alt_text":"","src":"https:\/\/i0.wp.com\/www.grieta.org.mx\/wp-content\/uploads\/2018\/03\/14524434_1106112876131411_958039263622046936_o.jpg?resize=350%2C200&ssl=1","width":350,"height":200,"srcset":"https:\/\/i0.wp.com\/www.grieta.org.mx\/wp-content\/uploads\/2018\/03\/14524434_1106112876131411_958039263622046936_o.jpg?resize=350%2C200&ssl=1 1x, https:\/\/i0.wp.com\/www.grieta.org.mx\/wp-content\/uploads\/2018\/03\/14524434_1106112876131411_958039263622046936_o.jpg?resize=525%2C300&ssl=1 1.5x, https:\/\/i0.wp.com\/www.grieta.org.mx\/wp-content\/uploads\/2018\/03\/14524434_1106112876131411_958039263622046936_o.jpg?resize=700%2C400&ssl=1 2x"},"classes":[]}],"_links":{"self":[{"href":"https:\/\/www.grieta.org.mx\/index.php\/wp-json\/wp\/v2\/posts\/32273","targetHints":{"allow":["GET"]}}],"collection":[{"href":"https:\/\/www.grieta.org.mx\/index.php\/wp-json\/wp\/v2\/posts"}],"about":[{"href":"https:\/\/www.grieta.org.mx\/index.php\/wp-json\/wp\/v2\/types\/post"}],"author":[{"embeddable":true,"href":"https:\/\/www.grieta.org.mx\/index.php\/wp-json\/wp\/v2\/users\/2"}],"replies":[{"embeddable":true,"href":"https:\/\/www.grieta.org.mx\/index.php\/wp-json\/wp\/v2\/comments?post=32273"}],"version-history":[{"count":1,"href":"https:\/\/www.grieta.org.mx\/index.php\/wp-json\/wp\/v2\/posts\/32273\/revisions"}],"predecessor-version":[{"id":32275,"href":"https:\/\/www.grieta.org.mx\/index.php\/wp-json\/wp\/v2\/posts\/32273\/revisions\/32275"}],"wp:featuredmedia":[{"embeddable":true,"href":"https:\/\/www.grieta.org.mx\/index.php\/wp-json\/wp\/v2\/media\/32274"}],"wp:attachment":[{"href":"https:\/\/www.grieta.org.mx\/index.php\/wp-json\/wp\/v2\/media?parent=32273"}],"wp:term":[{"taxonomy":"category","embeddable":true,"href":"https:\/\/www.grieta.org.mx\/index.php\/wp-json\/wp\/v2\/categories?post=32273"},{"taxonomy":"post_tag","embeddable":true,"href":"https:\/\/www.grieta.org.mx\/index.php\/wp-json\/wp\/v2\/tags?post=32273"}],"curies":[{"name":"wp","href":"https:\/\/api.w.org\/{rel}","templated":true}]}}