{"id":32171,"date":"2019-04-12T08:48:42","date_gmt":"2019-04-12T13:48:42","guid":{"rendered":"http:\/\/www.grieta.org.mx\/?p=32171"},"modified":"2019-04-13T09:15:33","modified_gmt":"2019-04-13T14:15:33","slug":"seguira-sutuaaan-en-paro-en-la-narro-coahuila","status":"publish","type":"post","link":"https:\/\/www.grieta.org.mx\/index.php\/2019\/04\/12\/seguira-sutuaaan-en-paro-en-la-narro-coahuila\/","title":{"rendered":"Seguir\u00e1 Sutuaaan en paro en la Narro (Coahuila)"},"content":{"rendered":"<p>Jes\u00fas Castro\/Z\u00d3CALO<\/p>\n<blockquote><p>Prev\u00e9n tres posibles escenarios<\/p><\/blockquote>\n<p><img loading=\"lazy\" decoding=\"async\" data-attachment-id=\"32172\" data-permalink=\"https:\/\/www.grieta.org.mx\/index.php\/2019\/04\/12\/seguira-sutuaaan-en-paro-en-la-narro-coahuila\/narro\/\" data-orig-file=\"https:\/\/www.grieta.org.mx\/wp-content\/uploads\/2019\/04\/narro.jpg\" data-orig-size=\"621,354\" data-comments-opened=\"0\" data-image-meta=\"{&quot;aperture&quot;:&quot;0&quot;,&quot;credit&quot;:&quot;&quot;,&quot;camera&quot;:&quot;&quot;,&quot;caption&quot;:&quot;&quot;,&quot;created_timestamp&quot;:&quot;0&quot;,&quot;copyright&quot;:&quot;&quot;,&quot;focal_length&quot;:&quot;0&quot;,&quot;iso&quot;:&quot;0&quot;,&quot;shutter_speed&quot;:&quot;0&quot;,&quot;title&quot;:&quot;&quot;,&quot;orientation&quot;:&quot;0&quot;}\" data-image-title=\"narro\" data-image-description=\"\" data-image-caption=\"\" data-medium-file=\"https:\/\/www.grieta.org.mx\/wp-content\/uploads\/2019\/04\/narro-300x171.jpg\" data-large-file=\"https:\/\/www.grieta.org.mx\/wp-content\/uploads\/2019\/04\/narro.jpg\" class=\"alignleft size-medium wp-image-32172\" src=\"http:\/\/www.grieta.org.mx\/wp-content\/uploads\/2019\/04\/narro-300x171.jpg\" alt=\"\" width=\"600\" height=\"342\" srcset=\"https:\/\/www.grieta.org.mx\/wp-content\/uploads\/2019\/04\/narro-300x171.jpg 300w, https:\/\/www.grieta.org.mx\/wp-content\/uploads\/2019\/04\/narro.jpg 621w\" sizes=\"auto, (max-width: 600px) 100vw, 600px\" \/><\/p>\n<p>Saltillo, Coah.- Gustavo Lara, l\u00edder del Sutuaaan, asegura que no han recibido notificaci\u00f3n de que la Junta Federal de Conciliaci\u00f3n y Arbitraje vaya a emitir un resultado sobre la legalidad o ilegalidad de la huelga, pero en caso de que as\u00ed sea, \u00e9l plantea tres escenarios, en dos de los cuales, el paro se prolonga.<\/p>\n<p>Ante declaraciones del rector Mario V\u00e1zquez en torno a la inminencia del resultado de la JFCyA, el secretario general del sindicato en huelga, dijo que ellos no han sido avisados, pero que eso no le afecta, porque piensa que les dar\u00e1n la raz\u00f3n y declarar\u00e1n la huelga legal.<\/p>\n<p>Sin embargo, en caso de que no sea as\u00ed, prev\u00e9 tres posibles escenarios, el primero de los cuales es el favorable, en el que reconocen la huelga, y por tanto, la negociaci\u00f3n volver\u00eda a cero, y el rector tendr\u00eda que volverse a sentar y aceptar sus condiciones, mientras tanto, el paro laboral continuar\u00e1 hasta que lleguen a un acuerdo.<\/p>\n<p>En el segundo escenario, en el cual se declare ilegal la huelga, el Sutuaaan interpondr\u00e1 un amparo en contra de la decisi\u00f3n de la JFCyA, lo cual tambi\u00e9n prolongar\u00eda el paro laboral mientras se resuelve. Y en el tercer escenario, declara la huelga ilegal, no interpondr\u00e1n amparo, suspender\u00e1n el paro y volver\u00e1n a laborar, pero bajo las estrictas condiciones del contrato.<\/p>\n<p>Es decir, que todo el personal de choferes, biblioteca, control escolar y egresos, entre otros, solo laborar\u00e1n su jornada, sin tiempo extra, ni apoyos, doble jornada, ni ampliaci\u00f3n de horarios por inscripciones. Y el convenio que ten\u00edan del comedor quedar\u00e1 sin efecto, por lo que solo atender\u00e1n a mil 150 comensales. Y no se volver\u00e1n a realizar funciones de categor\u00edas superiores.<\/p>\n","protected":false},"excerpt":{"rendered":"<p>Jes\u00fas Castro\/Z\u00d3CALO Prev\u00e9n tres posibles escenarios Saltillo, Coah.- Gustavo Lara, l\u00edder del Sutuaaan, asegura que no han recibido notificaci\u00f3n de que la Junta Federal de Conciliaci\u00f3n y Arbitraje vaya a &hellip; <a href=\"https:\/\/www.grieta.org.mx\/index.php\/2019\/04\/12\/seguira-sutuaaan-en-paro-en-la-narro-coahuila\/\" class=\"more-link\">Leer m\u00e1s<\/a><\/p>\n","protected":false},"author":2,"featured_media":32172,"comment_status":"closed","ping_status":"closed","sticky":false,"template":"","format":"standard","meta":{"ngg_post_thumbnail":0,"_jetpack_newsletter_access":"","_jetpack_dont_email_post_to_subs":false,"_jetpack_newsletter_tier_id":0,"_jetpack_memberships_contains_paywalled_content":false,"_jetpack_memberships_contains_paid_content":false,"footnotes":""},"categories":[80,419,1389,2153,2],"tags":[2154,2156],"class_list":["post-32171","post","type-post","status-publish","format-standard","has-post-thumbnail","hentry","category-cintillo","category-coahuila","category-conflictos-laborales-en-coahuila","category-movilizaciones-en-la-universidad-agraria-de-coahuila","category-noticias-nacionales","tag-huelga-universidades","tag-universidad-agraria-de-coahuila","entry"],"jetpack_featured_media_url":"https:\/\/www.grieta.org.mx\/wp-content\/uploads\/2019\/04\/narro.jpg","jetpack_sharing_enabled":true,"jetpack_shortlink":"https:\/\/wp.me\/p7ZJR4-8mT","jetpack_likes_enabled":false,"jetpack-related-posts":[{"id":31409,"url":"https:\/\/www.grieta.org.mx\/index.php\/2019\/03\/21\/no-hay-arreglo-en-la-narro-rector-no-quiere-negociar-denuncia-el-sutuaaan-coahuila\/","url_meta":{"origin":32171,"position":0},"title":"No hay arreglo en la Narro, rector no quiere negociar, denuncia el SUTUAAAN (Coahuila)","author":"grieta","date":"21 marzo, 2019","format":false,"excerpt":"EL DEM\u00d3CRATA Saltillo, Coah., 21 de marzo 2019.- Trabajadores de la UAAAN (Universidad Aut\u00f3noma Agraria Antonio Narro), contin\u00faan en huelga debido a que el rector Mario V\u00e1zquez Badillo se niega a llegar a un acuerdo conciliatorio, afirm\u00f3 Gustavo Lara, secretario general del Sindicato de esa casa de estudios. A trav\u00e9s\u2026","rel":"","context":"En &quot;CINTILLO&quot;","block_context":{"text":"CINTILLO","link":"https:\/\/www.grieta.org.mx\/index.php\/category\/cintillo\/"},"img":{"alt_text":"","src":"https:\/\/i0.wp.com\/www.grieta.org.mx\/wp-content\/uploads\/2019\/03\/huelga-La-Narro.jpeg?resize=350%2C200&ssl=1","width":350,"height":200,"srcset":"https:\/\/i0.wp.com\/www.grieta.org.mx\/wp-content\/uploads\/2019\/03\/huelga-La-Narro.jpeg?resize=350%2C200&ssl=1 1x, https:\/\/i0.wp.com\/www.grieta.org.mx\/wp-content\/uploads\/2019\/03\/huelga-La-Narro.jpeg?resize=525%2C300&ssl=1 1.5x, https:\/\/i0.wp.com\/www.grieta.org.mx\/wp-content\/uploads\/2019\/03\/huelga-La-Narro.jpeg?resize=700%2C400&ssl=1 2x"},"classes":[]},{"id":29432,"url":"https:\/\/www.grieta.org.mx\/index.php\/2019\/02\/21\/cuatro-universidades-publicas-en-huelga\/","url_meta":{"origin":32171,"position":1},"title":"Cuatro universidades p\u00fablicas en huelga","author":"grieta","date":"21 febrero, 2019","format":false,"excerpt":"Diario de M\u00e9xico M\u00e9xico.-Con la huelga instalada este jueves en la Universidad Aut\u00f3noma de Chapingo en el Estado de M\u00e9xico suman cuatro instituciones p\u00fablicas de educaci\u00f3n superior en todo el pa\u00eds, que detienen labores por negociaci\u00f3n salarial. La Universidad Aut\u00f3noma Benito Ju\u00e1rez de Oaxaca (UABJO), la Universidad Aut\u00f3noma Metropolitana (UAM)\u2026","rel":"","context":"En &quot;CINTILLO&quot;","block_context":{"text":"CINTILLO","link":"https:\/\/www.grieta.org.mx\/index.php\/category\/cintillo\/"},"img":{"alt_text":"","src":"https:\/\/i0.wp.com\/www.grieta.org.mx\/wp-content\/uploads\/2019\/02\/paro.jpg?resize=350%2C200&ssl=1","width":350,"height":200,"srcset":"https:\/\/i0.wp.com\/www.grieta.org.mx\/wp-content\/uploads\/2019\/02\/paro.jpg?resize=350%2C200&ssl=1 1x, https:\/\/i0.wp.com\/www.grieta.org.mx\/wp-content\/uploads\/2019\/02\/paro.jpg?resize=525%2C300&ssl=1 1.5x, https:\/\/i0.wp.com\/www.grieta.org.mx\/wp-content\/uploads\/2019\/02\/paro.jpg?resize=700%2C400&ssl=1 2x, https:\/\/i0.wp.com\/www.grieta.org.mx\/wp-content\/uploads\/2019\/02\/paro.jpg?resize=1050%2C600&ssl=1 3x"},"classes":[]},{"id":10658,"url":"https:\/\/www.grieta.org.mx\/index.php\/2016\/04\/19\/paran-labores-en-la-uaaan\/","url_meta":{"origin":32171,"position":2},"title":"Paran labores en la UAAAN","author":"grieta","date":"19 abril, 2016","format":false,"excerpt":"Exigen trabajadores cumplimiento del contrato colectivo M\u00e1s de 940 trabajadores pertenecientes al Sindicato Administrativo de la Universidad Aut\u00f3noma Agraria Antonio Narro (Sutuaaan), realizaron un paro de labores para presionar a las autoridades universitarias para reclamar una serie de incumplimientos al Contrato Colectivo de Trabajo. Leonardo Acosta M\u00e9ndez, secretario general de\u2026","rel":"","context":"En &quot;CINTILLO&quot;","block_context":{"text":"CINTILLO","link":"https:\/\/www.grieta.org.mx\/index.php\/category\/cintillo\/"},"img":{"alt_text":"","src":"https:\/\/i0.wp.com\/www.grieta.org.mx\/wp-content\/uploads\/2018\/03\/14524434_1106112876131411_958039263622046936_o.jpg?resize=350%2C200&ssl=1","width":350,"height":200,"srcset":"https:\/\/i0.wp.com\/www.grieta.org.mx\/wp-content\/uploads\/2018\/03\/14524434_1106112876131411_958039263622046936_o.jpg?resize=350%2C200&ssl=1 1x, https:\/\/i0.wp.com\/www.grieta.org.mx\/wp-content\/uploads\/2018\/03\/14524434_1106112876131411_958039263622046936_o.jpg?resize=525%2C300&ssl=1 1.5x, https:\/\/i0.wp.com\/www.grieta.org.mx\/wp-content\/uploads\/2018\/03\/14524434_1106112876131411_958039263622046936_o.jpg?resize=700%2C400&ssl=1 2x"},"classes":[]},{"id":2423,"url":"https:\/\/www.grieta.org.mx\/index.php\/2015\/08\/15\/huelga-es-el-proximo-objetivo-de-maestros-disidentes\/","url_meta":{"origin":32171,"position":3},"title":"Huelga es el pr\u00f3ximo objetivo de maestros disidentes","author":"grieta","date":"15 agosto, 2015","format":false,"excerpt":"El boicot al regreso a clases no es una de las prioridades de la Coordinadora Nacional de Trabajadores de la Educaci\u00f3n (CNTE), sino la huelga general a la que convocar\u00e1n en fechas pr\u00f3ximas al examen de oposici\u00f3n, as\u00ed como el bloqueo de las sedes, seg\u00fan maestros de la CNTE. \u201cEl\u2026","rel":"","context":"En &quot;CINTILLO&quot;","block_context":{"text":"CINTILLO","link":"https:\/\/www.grieta.org.mx\/index.php\/category\/cintillo\/"},"img":{"alt_text":"","src":"https:\/\/i0.wp.com\/www.grieta.org.mx\/wp-content\/uploads\/2018\/03\/14524434_1106112876131411_958039263622046936_o.jpg?resize=350%2C200&ssl=1","width":350,"height":200,"srcset":"https:\/\/i0.wp.com\/www.grieta.org.mx\/wp-content\/uploads\/2018\/03\/14524434_1106112876131411_958039263622046936_o.jpg?resize=350%2C200&ssl=1 1x, https:\/\/i0.wp.com\/www.grieta.org.mx\/wp-content\/uploads\/2018\/03\/14524434_1106112876131411_958039263622046936_o.jpg?resize=525%2C300&ssl=1 1.5x, https:\/\/i0.wp.com\/www.grieta.org.mx\/wp-content\/uploads\/2018\/03\/14524434_1106112876131411_958039263622046936_o.jpg?resize=700%2C400&ssl=1 2x"},"classes":[]},{"id":6715,"url":"https:\/\/www.grieta.org.mx\/index.php\/2016\/09\/13\/conflictos-laborales-en-coahuila\/","url_meta":{"origin":32171,"position":4},"title":"Conflictos laborales en Coahuila","author":"grieta","date":"13 septiembre, 2016","format":false,"excerpt":"Alba\u00f1iles que construyen CEFERESO en Coahuila paran labores 12\/09\/16. Sigue el mal trato a alba\u00f1iles en Cefereso; no tienen servicio m\u00e9dico Vanguardia 02\/09\/16. Alba\u00f1iles levantan los muros del CEFERESO, desde su propia c\u00e1rcel Vanguardia Paran trabajadores de limpieza en Saltillo 13\/09\/16. Sin funcionar 30% de camiones de la basura El\u2026","rel":"","context":"En &quot;Coahuila&quot;","block_context":{"text":"Coahuila","link":"https:\/\/www.grieta.org.mx\/index.php\/category\/noticias-nacionales\/coahuila\/"},"img":{"alt_text":"","src":"https:\/\/i0.wp.com\/www.grieta.org.mx\/wp-content\/uploads\/2018\/03\/14524434_1106112876131411_958039263622046936_o.jpg?resize=350%2C200&ssl=1","width":350,"height":200,"srcset":"https:\/\/i0.wp.com\/www.grieta.org.mx\/wp-content\/uploads\/2018\/03\/14524434_1106112876131411_958039263622046936_o.jpg?resize=350%2C200&ssl=1 1x, https:\/\/i0.wp.com\/www.grieta.org.mx\/wp-content\/uploads\/2018\/03\/14524434_1106112876131411_958039263622046936_o.jpg?resize=525%2C300&ssl=1 1.5x, https:\/\/i0.wp.com\/www.grieta.org.mx\/wp-content\/uploads\/2018\/03\/14524434_1106112876131411_958039263622046936_o.jpg?resize=700%2C400&ssl=1 2x"},"classes":[]},{"id":3032,"url":"https:\/\/www.grieta.org.mx\/index.php\/2016\/02\/06\/trabajadores-de-la-narro-se-manifiestan-por-reformas-a-leyes\/","url_meta":{"origin":32171,"position":5},"title":"Trabajadores de la Narro se manifiestan por reformas a leyes","author":"grieta","date":"6 febrero, 2016","format":false,"excerpt":"Con demandas en la Comisi\u00f3n de Derechos Humanos y amparos individuales, los trabajadores de la Universidad Aut\u00f3noma Agraria Antonio Narro buscan darle marcha atr\u00e1s a las reformas a las leyes de Pensiones y Servicio M\u00e9dico de los Trabajadores de la Educaci\u00f3n. s\u00e1bado, 06 de febrero de 2016 Integrantes del Sindicato\u2026","rel":"","context":"En &quot;CINTILLO&quot;","block_context":{"text":"CINTILLO","link":"https:\/\/www.grieta.org.mx\/index.php\/category\/cintillo\/"},"img":{"alt_text":"","src":"https:\/\/i0.wp.com\/www.grieta.org.mx\/wp-content\/uploads\/2018\/03\/14524434_1106112876131411_958039263622046936_o.jpg?resize=350%2C200&ssl=1","width":350,"height":200,"srcset":"https:\/\/i0.wp.com\/www.grieta.org.mx\/wp-content\/uploads\/2018\/03\/14524434_1106112876131411_958039263622046936_o.jpg?resize=350%2C200&ssl=1 1x, https:\/\/i0.wp.com\/www.grieta.org.mx\/wp-content\/uploads\/2018\/03\/14524434_1106112876131411_958039263622046936_o.jpg?resize=525%2C300&ssl=1 1.5x, https:\/\/i0.wp.com\/www.grieta.org.mx\/wp-content\/uploads\/2018\/03\/14524434_1106112876131411_958039263622046936_o.jpg?resize=700%2C400&ssl=1 2x"},"classes":[]}],"_links":{"self":[{"href":"https:\/\/www.grieta.org.mx\/index.php\/wp-json\/wp\/v2\/posts\/32171","targetHints":{"allow":["GET"]}}],"collection":[{"href":"https:\/\/www.grieta.org.mx\/index.php\/wp-json\/wp\/v2\/posts"}],"about":[{"href":"https:\/\/www.grieta.org.mx\/index.php\/wp-json\/wp\/v2\/types\/post"}],"author":[{"embeddable":true,"href":"https:\/\/www.grieta.org.mx\/index.php\/wp-json\/wp\/v2\/users\/2"}],"replies":[{"embeddable":true,"href":"https:\/\/www.grieta.org.mx\/index.php\/wp-json\/wp\/v2\/comments?post=32171"}],"version-history":[{"count":1,"href":"https:\/\/www.grieta.org.mx\/index.php\/wp-json\/wp\/v2\/posts\/32171\/revisions"}],"predecessor-version":[{"id":32173,"href":"https:\/\/www.grieta.org.mx\/index.php\/wp-json\/wp\/v2\/posts\/32171\/revisions\/32173"}],"wp:featuredmedia":[{"embeddable":true,"href":"https:\/\/www.grieta.org.mx\/index.php\/wp-json\/wp\/v2\/media\/32172"}],"wp:attachment":[{"href":"https:\/\/www.grieta.org.mx\/index.php\/wp-json\/wp\/v2\/media?parent=32171"}],"wp:term":[{"taxonomy":"category","embeddable":true,"href":"https:\/\/www.grieta.org.mx\/index.php\/wp-json\/wp\/v2\/categories?post=32171"},{"taxonomy":"post_tag","embeddable":true,"href":"https:\/\/www.grieta.org.mx\/index.php\/wp-json\/wp\/v2\/tags?post=32171"}],"curies":[{"name":"wp","href":"https:\/\/api.w.org\/{rel}","templated":true}]}}