{"id":32116,"date":"2019-04-12T18:45:32","date_gmt":"2019-04-12T23:45:32","guid":{"rendered":"http:\/\/www.grieta.org.mx\/?p=32116"},"modified":"2019-04-12T18:46:13","modified_gmt":"2019-04-12T23:46:13","slug":"convocatoria-al-segundo-encuentro-nacional-de-mujeres-cni-cig-en-la-comunidad-nahua-de-san-juan-volador-mpio-pajapan-sur-de-veracruz","status":"publish","type":"post","link":"https:\/\/www.grieta.org.mx\/index.php\/2019\/04\/12\/convocatoria-al-segundo-encuentro-nacional-de-mujeres-cni-cig-en-la-comunidad-nahua-de-san-juan-volador-mpio-pajapan-sur-de-veracruz\/","title":{"rendered":"CONVOCATORIA AL SEGUNDO ENCUENTRO NACIONAL DE MUJERES CNI-CIG EN LA COMUNIDAD NAHUA DE SAN JUAN VOLADOR, MPIO PAJAPAN, SUR DE VERACRUZ"},"content":{"rendered":"<p>\u201c\u00bfD\u00f3nde est\u00e1 pues tu lucecita que te dimos?\u201d<\/p>\n<p>Con Ramona,<\/p>\n<p>Nuestra mayora, color de la tierra<\/p>\n<p>Con Bety Cari\u00f1o,<\/p>\n<p>Nuestra hermana asesinada por los cobardes<\/p>\n<p>Con Eulodia D\u00edaz y todas las mujeres asesinadas y desaparecidas,<\/p>\n<p>Nosotras las mujeres del Concejo Ind\u00edgena de Gobierno\/Congreso Nacional Ind\u00edgena<\/p>\n<p>En armon\u00eda con nuestra madre naturaleza, con nuestras ancestras y con todos los buenos esp\u00edritus de este mundo,<\/p>\n<p>Las invitamos a todas las mujeres que luchan con resistencia y rebeld\u00eda por construir un mundo no patriarcal, no capitalista y no colonial (o que quieren aprender a hacerlo) a participar en nuestro<\/p>\n<p>SEGUNDO ENCUENTRO NACIONAL DE MUJERES<\/p>\n<p>LOS D\u00cdAS 27 Y 28 DE JULIO DEL 2019 (llegada desde el 26 de Julio por la tarde)<\/p>\n<p>EN LA COMUNIDAD NAHUA DE SAN JUAN VOLADOR, MPIO DE PAJAPAN, SUR DE VERACRUZ<\/p>\n<p>En seguimiento al primer encuentro realizado en Julio 2018 en la comunidad de San Lorenzo Nenamicoyan, Jilotepec, Estado de M\u00e9xico, con los siguientes objetivos:<\/p>\n<p>Evaluar y compartir nuestros avances relativos a los acuerdos del primer encuentro de mujeres que convocamos las mujeres del CNI<br \/>\nIntercambiar nuestras experiencias de lucha para seguir articulando nuestra organizaci\u00f3n como mujeres anticapitalistas, descolonizadoras y antipatriarcales.<br \/>\nConcretizar el acuerdo de formar una red de compartici\u00f3n de saberes.<br \/>\nCompartir nuestros sue\u00f1os y sus expresiones diversas hacia otros mundos posibles.<br \/>\nTomar acuerdos para realizar nuestros sue\u00f1os en la lucha antipatriarcal, descolonizadora y anticapitalista.<br \/>\nSeguir tejiendo redes nacionales e internacionales de mujeres comprometidas con la lucha antipatriarcal, descolonizadora y anticapitalista.<\/p>\n<p>Favor de registrarse al m\u00e1s tardar el 21 de Julio al siguiente correo: encuentromujcni2019@gmail.com<\/p>\n<p>El clima es muy caluroso y h\u00famedo. Nos encontramos cerca de la playa.<\/p>\n<p>Para el hospedaje, favor de llevar su casa de campa\u00f1a, bolsa de dormir o sabana para colocar en el piso. Para la alimentaci\u00f3n, habr\u00e1 comida a la venta por parte de familias de la comunidad (solo se ofrecer\u00e1 la comida gratuita para las compa\u00f1eras del Congreso Nacional Ind\u00edgena). Llevar plato, vaso y cuchara para no contaminar con desechables.<\/p>\n<p>M\u00e1s adelante daremos a conocer las actividades planeadas para este evento.<\/p>\n<p>Las indicaciones para llegar se encuentran al final de esta convocatoria<\/p>\n<p>Por mientras, les ofrecemos este poema titulado<\/p>\n<p>La risa y la libertad<\/p>\n<p>Somos libres,<\/p>\n<p>Somos viento y no tenemos miedo,<\/p>\n<p>Somos ave fugaz en la fiesta de la vida.<\/p>\n<p>En el trabajo compartido<\/p>\n<p>Con las compa\u00f1eras, los compa\u00f1eros,<\/p>\n<p>Sin patr\u00f3n ni patrona,<\/p>\n<p>Sin acoso ni hostigamiento<\/p>\n<p>Sin esclavitud dom\u00e9stica alguna<\/p>\n<p>En la tierra nuestra, en el taller nuestro, la tienda, la escuela o la oficina nuestra<\/p>\n<p>Sembramos, hilamos, cocinamos, ense\u00f1amos, elaboramos, creamos, curamos, planeamos,  vendemos, compartimos, hacemos trueque,<\/p>\n<p>Trabajamos cuidando de nuestra madre naturaleza,<\/p>\n<p>Nos abrazamos y descansamos<\/p>\n<p>y nos re\u00edmos.<\/p>\n<p>Compa\u00f1eras.<\/p>\n<p>Somos libres en la fiesta de la vida<\/p>\n<p>En las asambleas, con la flor de las palabras respetadas<\/p>\n<p>En la pareja, en la comunidad, o en la organizaci\u00f3n<\/p>\n<p>En la responsabilidad del cargo y del servicio<\/p>\n<p>El acuerdo de cuidar con amor nuestra madre naturaleza<\/p>\n<p>Consensamos, nos miramos,<\/p>\n<p>nos alegramos<\/p>\n<p>y nos re\u00edmos.<\/p>\n<p>Compa\u00f1eras,<\/p>\n<p>Sin pedir permiso,<\/p>\n<p>Cantamos y bailamos, pintamos o jugamos ajedrez,<\/p>\n<p>Hacemos teatro y moldeamos alfajer\u00eda,<\/p>\n<p>jugamos futbol o basquetbol<\/p>\n<p>Nos divertimos<\/p>\n<p>y nos re\u00edmos.<\/p>\n<p>Sin pedir permiso<\/p>\n<p>Amamos, nos enamoramos y nos re\u00edmos<\/p>\n<p>Cuidamos nuestros cuerpos<\/p>\n<p>Sin acoso ni hostigamiento, sin violencia alguna<\/p>\n<p>Nuestros cuerpos sanos y nuestras almas sanas<\/p>\n<p>Desde la memoria ancestral de nuestros pueblos originarios<\/p>\n<p>y la parter\u00eda<\/p>\n<p>Sin pedir permiso,<\/p>\n<p>Aprendemos, meditamos, leemos y escribimos<\/p>\n<p>Nos educamos entre todas y todos<\/p>\n<p>Y compartimos estas ense\u00f1anzas con las ni\u00f1as y con los ni\u00f1os<\/p>\n<p>Y con nuestros compa\u00f1eros tambi\u00e9n.<\/p>\n<p>Estamos aprendiendo todas, todos<\/p>\n<p>A respetar nuestras diversidades,<\/p>\n<p>a cuidarnos con cari\u00f1o entre nosotras, nosotros, nosotroas<\/p>\n<p>y a la madre naturaleza a la cual pertenecemos,<\/p>\n<p>a no dominar, a no imponer, a no violentar<\/p>\n<p>Convivimos<\/p>\n<p>y nos re\u00edmos.<\/p>\n<p>Las mujeres, so\u00f1amos que somos libres y que no tenemos miedo,<\/p>\n<p>Y que en la fiesta de la vida toda,<\/p>\n<p>Nos re\u00edmos y convivimos con alegr\u00eda<\/p>\n<p>En la casa, en la calle y en el monte que reverdece.<\/p>\n<p>Este sue\u00f1o,<\/p>\n<p>El sue\u00f1o de la risa y la libertad<\/p>\n<p>Juntas, hag\u00e1moslo realidad<\/p>\n<p>Cuidemos esta lucecita que nos regalaron<\/p>\n<p>Y hagamos florecer otros mundos posibles<\/p>\n<p>Indicaciones para llegar a San Juan Volador<\/p>\n<p>En transporte p\u00fablico:<\/p>\n<p>Las que vienen de Chiapas o Tabasco, llegar a Coatzacoalcos. Desde la terminal de autobuses, agarrar taxi a la parada del Soriana del palmar (cobran como $50.00); ah\u00ed, agarrar taxi colectivo (cobran como $30.00; se hace como 20 minutos) o autob\u00fas a \u201cBarillas\u201d (este pasa cada media hora; cuesta como $20.00; se hace como media hora para llegar). Llegando a Barillas, agarrar la lancha (cruza la laguna) a Jicacal (cuesta $7.00, se hace como 10 minutos; la primera lancha de la ma\u00f1ana es a las 5:30am, la \u00faltima a las 6pm; salen cada rato). En Jicacal, agarrar taxi colectivo o camioneta rural y pedir la parada en San Juan Volador, (cuesta $15.00; se hace como 15 minutos)<\/p>\n<p>Los que vienen de Oaxaca, Veracruz, Puebla o DF, llegar a Acayucan. De ah\u00ed agarrar un cami\u00f3n de segunda a Cosoleacaque (de la l\u00ednea Sur que sale de la misma terminal ADO cada media hora o de los que salen de la terminal de segunda, arribita de la del ADO; cobran $35.00 y demoran como 45 minutos). Pedir la parada en la gasolinera de Cosoleacaque. Cruzar la carretera transistmica. Ah\u00ed se encuentra la terminal de las camionetas rurales que van a PAJAPAN (cobran como $30.00 y se hace un poco m\u00e1s de una hora; la primera camioneta rural sale como a las 6am y la \u00faltima como a las 5pm; salen cada rato). Llegando en PAJAPAN, ah\u00ed mismo, se encuentran las camionetas rurales o taxis colectivos que van a San Juan Volador (cobran como $15.00 y se hace como 15 minutos).<\/p>\n<p>En Veh\u00edculo particular (NO VIAJAR DE NOCHE EN TERRITORIO VERACRUZANO)<\/p>\n<p>Las que vienen de Chiapas o Tabasco, no entrar ni a Coatzacoalcos, ni a Minatitl\u00e1n, agarrar la carretera libre rumbo a Acayucan, Veracruz, M\u00e9xico. Atravesar Cosoleacaque, entre Cosoleacaque y Jaltipan, agarrar la desviaci\u00f3n a mano derecha rumbo a Oteapan, pasar los pueblos de Oteapan y Chinameca (separados solamente por la v\u00eda del tren). A la salida de Chinameca esta una gasolinera. Seguir la carretera principal. Pasaran el pueblo de Chacalapa y en una desviaci\u00f3n donde hay otra gasolinera (donde muchas veces no hay gasolina), agarran a mano derecha, pasan los pueblos de Tonalapa y Huazuntl\u00e1n separados solamente por el r\u00edo y siguen derecho. Pasan otra gasolinera (donde s\u00ed, por lo general, hay gasolina). Pasan el pueblo de Tatahuicapan (hay un arco a la entrada), llegan enfrente de la Iglesia cat\u00f3lica; ah\u00ed la carretera dobla a la derecha, siguen toda la carretera principal hasta llegar al centro del pueblo de Pajapan). En el centro de Pajapan, preguntan (o checan en el GPS) como salir a San Juan Volador.<\/p>\n<p>Las que vienen de Oaxaca, Veracruz y Puebla, llegar a Acayucan; buscar la salida a Soteapan (que se encuentra dentro de Acayucan sobre la carretera libre que va de Minatitl\u00e1n a Veracruz), donde se encuentra el restaurante conocido como \u201cEl Huamuchil\u201d. Seguir toda la carretera rumbo a Soteapan. Antes de llegar a Soteapan, hay un entronque, topando con parcela; agarrar a mano derecha, rumbo a la desviaci\u00f3n de Tonalapa, donde hay una gasolinera (donde muchas veces no hay gasolina); ah\u00ed agarrar a mano izquierda pasan los pueblos de Tonalapa y Huazuntl\u00e1n separados solamente por el r\u00edo y siguen derecho. Pasan otra gasolinera (donde s\u00ed, por lo general, hay gasolina). Pasan el pueblo de Tatahuicapan (hay un arco a la entrada, llegan enfrente de la Iglesia cat\u00f3lica; ah\u00ed la carretera dobla a la derecha, siguen toda la carretera principal hasta llegar al centro del pueblo de Pajapan). En el centro de Pajapan, preguntan (o checan en el GPS) como salir a San Juan Volador.<\/p>\n<p><a href=\"https:\/\/www.congresonacionalindigena.org\/2019\/04\/12\/convocatoria-al-segundo-encuentro-nacional-de-mujeres-cni-cig-en-la-comunidad-nahua-de-san-juan-volador-mpio-pajapan-sur-de-veracruz\/\">https:\/\/www.congresonacionalindigena.org\/2019\/04\/12\/convocatoria-al-segundo-encuentro-nacional-de-mujeres-cni-cig-en-la-comunidad-nahua-de-san-juan-volador-mpio-pajapan-sur-de-veracruz\/<\/a><\/p>\n","protected":false},"excerpt":{"rendered":"<p>\u201c\u00bfD\u00f3nde est\u00e1 pues tu lucecita que te dimos?\u201d Con Ramona, Nuestra mayora, color de la tierra Con Bety Cari\u00f1o, Nuestra hermana asesinada por los cobardes Con Eulodia D\u00edaz y todas &hellip; <a href=\"https:\/\/www.grieta.org.mx\/index.php\/2019\/04\/12\/convocatoria-al-segundo-encuentro-nacional-de-mujeres-cni-cig-en-la-comunidad-nahua-de-san-juan-volador-mpio-pajapan-sur-de-veracruz\/\" class=\"more-link\">Leer m\u00e1s<\/a><\/p>\n","protected":false},"author":2,"featured_media":30234,"comment_status":"closed","ping_status":"closed","sticky":false,"template":"","format":"standard","meta":{"ngg_post_thumbnail":0,"_jetpack_newsletter_access":"","_jetpack_dont_email_post_to_subs":false,"_jetpack_newsletter_tier_id":0,"_jetpack_memberships_contains_paywalled_content":false,"_jetpack_memberships_contains_paid_content":false,"footnotes":""},"categories":[80,79,921,920],"tags":[95,2336],"class_list":["post-32116","post","type-post","status-publish","format-standard","has-post-thumbnail","hentry","category-cintillo","category-cni","category-comunicados","category-eventos-cni","tag-cni","tag-encuentro-de-mujeres","entry"],"jetpack_featured_media_url":"https:\/\/www.grieta.org.mx\/wp-content\/uploads\/2019\/03\/CNI_nuncamas.jpg","jetpack_sharing_enabled":true,"jetpack_shortlink":"https:\/\/wp.me\/p7ZJR4-8m0","jetpack_likes_enabled":false,"jetpack-related-posts":[{"id":30241,"url":"https:\/\/www.grieta.org.mx\/index.php\/2019\/03\/03\/carta-de-las-mujeres-del-cig-cni-a-las-mujeres-zapatistas\/","url_meta":{"origin":32116,"position":0},"title":"CARTA DE LAS MUJERES DEL CIG\/CNI A LAS MUJERES ZAPATISTAS","author":"grieta","date":"3 marzo, 2019","format":false,"excerpt":"3 de Marzo del 2019 Cd. de Mexico Hermanas, nuestras hermanas mayores, testimonio de vida, dignidad y rebeld\u00eda, el d\u00eda de hoy nosotras las mujeres del Congreso Nacional Ind\u00edgena, les compartimos nuestra palabra expresada desde lo m\u00e1s hondo de nuestros corazones: le\u00edmos su carta a las mujeres que luchan en\u2026","rel":"","context":"En &quot;CINTILLO&quot;","block_context":{"text":"CINTILLO","link":"https:\/\/www.grieta.org.mx\/index.php\/category\/cintillo\/"},"img":{"alt_text":"","src":"https:\/\/i0.wp.com\/www.grieta.org.mx\/wp-content\/uploads\/2019\/03\/mujeres-zapatistas-8-.jpg?resize=350%2C200&ssl=1","width":350,"height":200,"srcset":"https:\/\/i0.wp.com\/www.grieta.org.mx\/wp-content\/uploads\/2019\/03\/mujeres-zapatistas-8-.jpg?resize=350%2C200&ssl=1 1x, https:\/\/i0.wp.com\/www.grieta.org.mx\/wp-content\/uploads\/2019\/03\/mujeres-zapatistas-8-.jpg?resize=525%2C300&ssl=1 1.5x, https:\/\/i0.wp.com\/www.grieta.org.mx\/wp-content\/uploads\/2019\/03\/mujeres-zapatistas-8-.jpg?resize=700%2C400&ssl=1 2x"},"classes":[]},{"id":35132,"url":"https:\/\/www.grieta.org.mx\/index.php\/2019\/06\/20\/posicionamiento-del-1er-encuentro-binacional-de-mujeres-que-luchan\/","url_meta":{"origin":32116,"position":1},"title":"POSICIONAMIENTO DEL 1ER ENCUENTRO BINACIONAL DE MUJERES QUE LUCHAN\u00a0","author":"Admin","date":"20 junio, 2019","format":false,"excerpt":"LOS ANGELES CALIFORNIA 15 DE JUNIO 2019. En el calendario maya 5 kej, en territorio ancestral Tong'va, nosotras, mujeres que luchan en defensa, recuperaci\u00f3n y sanaci\u00f3n de nuestro territorio, cuerpo-tierra. Somos mujeres que nos encontramos en esta geograf\u00eda, desde las entra\u00f1as del monstruo imperialista, este monstruo capitalista y depredador, replicando\u2026","rel":"","context":"En &quot;CINTILLO&quot;","block_context":{"text":"CINTILLO","link":"https:\/\/www.grieta.org.mx\/index.php\/category\/cintillo\/"},"img":{"alt_text":"","src":"https:\/\/i0.wp.com\/www.grieta.org.mx\/wp-content\/uploads\/2019\/06\/Captura-de-pantalla-2019-06-20-21.20.16.png?resize=350%2C200&ssl=1","width":350,"height":200},"classes":[]},{"id":37201,"url":"https:\/\/www.grieta.org.mx\/index.php\/2019\/07\/29\/declaratoria-final-del-2do-encuentro-nacional-de-mujeres-del-cni-cig-comunidad-indigena-nahua-de-san-juan-volador-pajapan-veracruz\/","url_meta":{"origin":32116,"position":2},"title":"DECLARATORIA FINAL DEL 2DO ENCUENTRO NACIONAL DE MUJERES DEL CNI-CIG, COMUNIDAD INDIGENA NAHUA DE SAN JUAN VOLADOR, PAJAPAN, VERACRUZ","author":"grieta","date":"29 julio, 2019","format":false,"excerpt":"Reunidas 625 mujeres ind\u00edgenas y mestizas del campo y de la ciudad de los pueblos originarios Afromexicano, Binizz\u00e1, Chinanteco, Chol, Coca, Mazahua, Mazateco, Mepha, Mixe, Mixteco, Nahua, Nuntaj+yi (popoluca), \u00d1usavi, Otom\u00ed, Popoloca, Pur\u00e9pecha, Rar\u00e1muri, Tarahumara, Tepehua, Tojolabal, Triqui, Tzotzil, Tzeltal y Yaqui de los estados de Veracruz, Campeche, Ciudad de\u2026","rel":"","context":"En &quot;CINTILLO&quot;","block_context":{"text":"CINTILLO","link":"https:\/\/www.grieta.org.mx\/index.php\/category\/cintillo\/"},"img":{"alt_text":"","src":"https:\/\/i0.wp.com\/www.grieta.org.mx\/wp-content\/uploads\/2019\/07\/encuentro.jpg?resize=350%2C200&ssl=1","width":350,"height":200,"srcset":"https:\/\/i0.wp.com\/www.grieta.org.mx\/wp-content\/uploads\/2019\/07\/encuentro.jpg?resize=350%2C200&ssl=1 1x, https:\/\/i0.wp.com\/www.grieta.org.mx\/wp-content\/uploads\/2019\/07\/encuentro.jpg?resize=525%2C300&ssl=1 1.5x"},"classes":[]},{"id":41406,"url":"https:\/\/www.grieta.org.mx\/index.php\/2019\/11\/21\/convocatoria-al-encuentro-en-defensa-del-territorio-y-la-madre-tierra\/","url_meta":{"origin":32116,"position":3},"title":"CONVOCATORIA AL ENCUENTRO EN DEFENSA DEL TERRITORIO Y LA MADRE TIERRA","author":"grieta","date":"21 noviembre, 2019","format":false,"excerpt":"CONVOCATORIA AL ENCUENTRO EN DEFENSA DEL TERRITORIO Y LA MADRE TIERRA A LOS PUEBLOS DE M\u00c9XICO Y DEL MUNDO, A LA SEXTA NACIONAL E INTERNACIONAL, A LAS REDES DE APOYO AL CIG, A LOS MEDIOS DE COMUNICACI\u00d3N. El capitalismo, desde su nacimento, es un sistema econ\u00f3mico mundial contrario a la\u2026","rel":"","context":"En &quot;CINTILLO&quot;","block_context":{"text":"CINTILLO","link":"https:\/\/www.grieta.org.mx\/index.php\/category\/cintillo\/"},"img":{"alt_text":"","src":"https:\/\/i0.wp.com\/www.grieta.org.mx\/wp-content\/uploads\/2019\/08\/images.png?resize=350%2C200","width":350,"height":200,"srcset":"https:\/\/i0.wp.com\/www.grieta.org.mx\/wp-content\/uploads\/2019\/08\/images.png?resize=350%2C200 1x, https:\/\/i0.wp.com\/www.grieta.org.mx\/wp-content\/uploads\/2019\/08\/images.png?resize=525%2C300 1.5x, https:\/\/i0.wp.com\/www.grieta.org.mx\/wp-content\/uploads\/2019\/08\/images.png?resize=700%2C400 2x"},"classes":[]},{"id":24749,"url":"https:\/\/www.grieta.org.mx\/index.php\/2018\/07\/14\/convocatoria-al-primer-encuentro-nacional-de-mujeres\/","url_meta":{"origin":32116,"position":4},"title":"Convocatoria al Primer Encuentro Nacional de Mujeres","author":"grieta","date":"14 julio, 2018","format":false,"excerpt":"14 de julio de 2018 A las compa\u00f1eras Concejalas del Concejo Ind\u00edgena de Gobierno A las compa\u00f1eras Delegadas del Congreso Nacional Ind\u00edgena A las compa\u00f1eras de la Sexta Nacional e Internacional A las mujeres que luchan abajo y a la izquierda Reunidas mujeres de Honduras, Argentina, Alemania, Francia, Brasil, Estados\u2026","rel":"","context":"En &quot;CIG&quot;","block_context":{"text":"CIG","link":"https:\/\/www.grieta.org.mx\/index.php\/category\/cig\/"},"img":{"alt_text":"","src":"https:\/\/i0.wp.com\/www.grieta.org.mx\/wp-content\/uploads\/2018\/07\/CNI_Oventic_enero_2017_ReginaLopez-2-768x508.jpg?resize=350%2C200&ssl=1","width":350,"height":200,"srcset":"https:\/\/i0.wp.com\/www.grieta.org.mx\/wp-content\/uploads\/2018\/07\/CNI_Oventic_enero_2017_ReginaLopez-2-768x508.jpg?resize=350%2C200&ssl=1 1x, https:\/\/i0.wp.com\/www.grieta.org.mx\/wp-content\/uploads\/2018\/07\/CNI_Oventic_enero_2017_ReginaLopez-2-768x508.jpg?resize=525%2C300&ssl=1 1.5x, https:\/\/i0.wp.com\/www.grieta.org.mx\/wp-content\/uploads\/2018\/07\/CNI_Oventic_enero_2017_ReginaLopez-2-768x508.jpg?resize=700%2C400&ssl=1 2x"},"classes":[]},{"id":40349,"url":"https:\/\/www.grieta.org.mx\/index.php\/2019\/10\/16\/pide-congreso-nacional-indigena-unir-fuerzas-contra-el-despojo-en-jalisco\/","url_meta":{"origin":32116,"position":5},"title":"Pide Congreso Nacional Ind\u00edgena unir fuerzas contra el despojo en Jalisco","author":"grieta","date":"16 octubre, 2019","format":false,"excerpt":"Foto: Zona Docs Actualmente, colectivos y comunidades de todo Jalisco luchan contra el despojo de sus territorios y formas de vida por parte de los gobiernos, las empresas privadas e, incluso, el crimen organizado. Una de las amenazas m\u00e1s latentes son\u00a0el gasoducto Villa de Reyes-Aguascalientes-Guadalajara, as\u00ed como cuatro termoel\u00e9ctricas que\u2026","rel":"","context":"En &quot;CINTILLO&quot;","block_context":{"text":"CINTILLO","link":"https:\/\/www.grieta.org.mx\/index.php\/category\/cintillo\/"},"img":{"alt_text":"","src":"https:\/\/i0.wp.com\/www.grieta.org.mx\/wp-content\/uploads\/2019\/10\/result-1000x640.jpg?resize=350%2C200&ssl=1","width":350,"height":200,"srcset":"https:\/\/i0.wp.com\/www.grieta.org.mx\/wp-content\/uploads\/2019\/10\/result-1000x640.jpg?resize=350%2C200&ssl=1 1x, https:\/\/i0.wp.com\/www.grieta.org.mx\/wp-content\/uploads\/2019\/10\/result-1000x640.jpg?resize=525%2C300&ssl=1 1.5x, https:\/\/i0.wp.com\/www.grieta.org.mx\/wp-content\/uploads\/2019\/10\/result-1000x640.jpg?resize=700%2C400&ssl=1 2x"},"classes":[]}],"_links":{"self":[{"href":"https:\/\/www.grieta.org.mx\/index.php\/wp-json\/wp\/v2\/posts\/32116","targetHints":{"allow":["GET"]}}],"collection":[{"href":"https:\/\/www.grieta.org.mx\/index.php\/wp-json\/wp\/v2\/posts"}],"about":[{"href":"https:\/\/www.grieta.org.mx\/index.php\/wp-json\/wp\/v2\/types\/post"}],"author":[{"embeddable":true,"href":"https:\/\/www.grieta.org.mx\/index.php\/wp-json\/wp\/v2\/users\/2"}],"replies":[{"embeddable":true,"href":"https:\/\/www.grieta.org.mx\/index.php\/wp-json\/wp\/v2\/comments?post=32116"}],"version-history":[{"count":1,"href":"https:\/\/www.grieta.org.mx\/index.php\/wp-json\/wp\/v2\/posts\/32116\/revisions"}],"predecessor-version":[{"id":32118,"href":"https:\/\/www.grieta.org.mx\/index.php\/wp-json\/wp\/v2\/posts\/32116\/revisions\/32118"}],"wp:featuredmedia":[{"embeddable":true,"href":"https:\/\/www.grieta.org.mx\/index.php\/wp-json\/wp\/v2\/media\/30234"}],"wp:attachment":[{"href":"https:\/\/www.grieta.org.mx\/index.php\/wp-json\/wp\/v2\/media?parent=32116"}],"wp:term":[{"taxonomy":"category","embeddable":true,"href":"https:\/\/www.grieta.org.mx\/index.php\/wp-json\/wp\/v2\/categories?post=32116"},{"taxonomy":"post_tag","embeddable":true,"href":"https:\/\/www.grieta.org.mx\/index.php\/wp-json\/wp\/v2\/tags?post=32116"}],"curies":[{"name":"wp","href":"https:\/\/api.w.org\/{rel}","templated":true}]}}