{"id":32086,"date":"2019-04-11T16:21:46","date_gmt":"2019-04-11T21:21:46","guid":{"rendered":"http:\/\/www.grieta.org.mx\/?p=32086"},"modified":"2019-04-12T16:27:12","modified_gmt":"2019-04-12T21:27:12","slug":"el-congreso-nacional-indigena-se-atraviesa-en-las-vias-del-tren-de-amlo-en-resumen-ve-un-enemigo","status":"publish","type":"post","link":"https:\/\/www.grieta.org.mx\/index.php\/2019\/04\/11\/el-congreso-nacional-indigena-se-atraviesa-en-las-vias-del-tren-de-amlo-en-resumen-ve-un-enemigo\/","title":{"rendered":"El Congreso Nacional Ind\u00edgena se atraviesa en las v\u00edas del tren de AMLO; en resumen: ve un enemigo"},"content":{"rendered":"<p><img loading=\"lazy\" decoding=\"async\" data-attachment-id=\"32089\" data-permalink=\"https:\/\/www.grieta.org.mx\/index.php\/2019\/04\/11\/el-congreso-nacional-indigena-se-atraviesa-en-las-vias-del-tren-de-amlo-en-resumen-ve-un-enemigo\/captura-de-pantalla-2019-04-12-16-26-12\/\" data-orig-file=\"https:\/\/www.grieta.org.mx\/wp-content\/uploads\/2019\/04\/Captura-de-pantalla-2019-04-12-16.26.12.png\" data-orig-size=\"915,626\" data-comments-opened=\"0\" data-image-meta=\"{&quot;aperture&quot;:&quot;0&quot;,&quot;credit&quot;:&quot;&quot;,&quot;camera&quot;:&quot;&quot;,&quot;caption&quot;:&quot;&quot;,&quot;created_timestamp&quot;:&quot;0&quot;,&quot;copyright&quot;:&quot;&quot;,&quot;focal_length&quot;:&quot;0&quot;,&quot;iso&quot;:&quot;0&quot;,&quot;shutter_speed&quot;:&quot;0&quot;,&quot;title&quot;:&quot;&quot;,&quot;orientation&quot;:&quot;0&quot;}\" data-image-title=\"Captura de pantalla 2019-04-12 16.26.12\" data-image-description=\"\" data-image-caption=\"\" data-medium-file=\"https:\/\/www.grieta.org.mx\/wp-content\/uploads\/2019\/04\/Captura-de-pantalla-2019-04-12-16.26.12-300x205.png\" data-large-file=\"https:\/\/www.grieta.org.mx\/wp-content\/uploads\/2019\/04\/Captura-de-pantalla-2019-04-12-16.26.12.png\" src=\"http:\/\/www.grieta.org.mx\/wp-content\/uploads\/2019\/04\/Captura-de-pantalla-2019-04-12-16.26.12-300x205.png\" alt=\"\" width=\"702\" height=\"468\" class=\"alignleft size-medium wp-image-32089\" \/><\/p>\n<p>Por Redacci\u00f3n \/ Sin Embargo<\/p>\n<p>Ind\u00edgenas de Chiapas vinculados con el Ej\u00e9rcito Zapatista de Liberaci\u00f3n Nacional (EZLN) reiteraron su oposici\u00f3n a la administraci\u00f3n de L\u00f3pez Obrador y sus consultas populares; y advirtieron que reforzar\u00e1n su oposici\u00f3n ante decisiones como la implementaci\u00f3n de la Guardia Nacional.<\/p>\n<p>\u201cSabemos cu\u00e1les son sus formas [las del Gobierno], como pone vendas en los ojos enga\u00f1ando al pueblo con las migajas, como con cinismo promete el progreso y desarrollo que s\u00f3lo es para los banqueros, los due\u00f1os de las trasnacionales, de la miseria, que en el campo y la ciudad vivimos. El gobierno capataz no escucha, no entiende, s\u00f3lo obedece a su patr\u00f3n que son los empresarios, aquellos que miran al rev\u00e9s, porque para ellos la vida, la tierra no significa m\u00e1s que dinero\u201d, expusieron en un comunicado difundido por el Congreso Nacional Ind\u00edgena.<\/p>\n<p>Ciudad de M\u00e9xico, 11 de abril (SinEmbargo).\u2013 Campesinos y organizaciones ind\u00edgenas denunciaron la intenci\u00f3n del Gobierno de Andr\u00e9s Manuel L\u00f3pez Obrador de imponer \u201cproyectos de muerte\u201c, como el Tren Maya, que da\u00f1en el medio ambiente. Criticaron tambi\u00e9n el \u201ccinismo\u201d con el que la nueva administraci\u00f3n promete el progreso y el respeto a los pueblos originarios, pero solo busca \u201cel desarrollo de banqueros y empresarios\u201d.<\/p>\n<p>\u201cSabemos cu\u00e1les son sus formas [las del Gobierno], como pone vendas en los ojos enga\u00f1ando al pueblo con las migajas, como con cinismo promete el progreso y desarrollo que s\u00f3lo es para los banqueros, los due\u00f1os de las trasnacionales, de la miseria, que en el campo y la ciudad vivimos. El gobierno capataz no escucha, no entiende, s\u00f3lo obedece a su patr\u00f3n que son los empresarios, aquellos que miran al rev\u00e9s, porque para ellos la vida, la tierra no significa m\u00e1s que dinero\u201d, expusieron en un comunicado difundido por el Congreso Nacional Ind\u00edgena, vinculado al Ej\u00e9rcito Zapatista de Liberaci\u00f3n Nacional (EZLN), en el marco del centenario luctuoso de Emiliano Zapata, que se celebr\u00f3 ayer.<br \/>\nCriticaron que el Plan Nacional de Desarrollo de L\u00f3pez Obrador, as\u00ed como los proyectos del Corredor Trans\u00edsmico, las zonas econ\u00f3micas especiales, el Proyecto Integral Morelos de termoel\u00e9ctricas y la concesiones mineras que siguen vigentes significan el despojo y destrucci\u00f3n a territorios ind\u00edgenas.<\/p>\n<p>Respecto al Tren Maya defendieron que no beneficia a los pueblos porque solo transporta la venta de sus tierras, las enfermedades y \u201cla muerte que promete la agroindustria transg\u00e9nica\u201d.<\/p>\n<p>\u201cEl mal gobierno de estos tiempos con AMLO tambi\u00e9n trae mentiras, desprecio, discriminaci\u00f3n, inseguridad, amenazas, violencia, represi\u00f3n, tortura, esclavitud y muerte a nuestros pueblos, el despojo y destrucci\u00f3n a nuestros territorios\u201d, se\u00f1alaron.<br \/>\nPusieron como ejemplo de \u201cmega-proyectos de muerte\u201d el Corredor Trans\u00edsmico, las Zonas Econ\u00f3micas Especiales, el Proyecto Integral Morelos, el Nuevo Aeropuerto Internacional de la Ciudad de M\u00e9xico que , dijeron, \u201ccontin\u00faan con obras en tierras de los pueblos\u201d.<\/p>\n<p>Tambi\u00e9n criticaron que no se haya cancelado la autopista M\u00e9xico Tuxpan-Pe\u00f1\u00f3n Texcoco, las cientos de concesiones mineras \u201cque envenenan la madre tierra, nuestras aguas, nuestros r\u00edos, nuestros alimentos, extendi\u00e9ndose por todo el pa\u00eds\u201d. As\u00ed como los Parques E\u00f3licos, como el de la empresa Francesa EDF, en terrenos comunales del pueblo binniza de Uni\u00f3n Hidalgo, o los e\u00f3licos que \u201cquieren imponer\u201d en el Istmo de Tehuantepec, en Oaxaca.<\/p>\n<p>\u201ctambi\u00e9n con su mal llamado Tren Maya con el que quieren despojar a los pueblos mayas de Tabasco, Campeche, Yucat\u00e1n, Quintana Roo y a nosotros aqu\u00ed en Chiapas\u201d, a\u00f1adieron.<\/p>\n<p>Los ind\u00edgenas aseguraron que la llamada Cuarta Transformaci\u00f3n de M\u00e9xico no es diferente a los gobiernos anteriores porque pueblos como tseltal  de San Juan Cancuc siguen vi\u00e9ndose amenazados por la construcci\u00f3n de la autopista San Crist\u00f3bal \u2013 Palenque; o el pueblo zoque se opone al despojo de 84 mil hect\u00e1reas desde Ixtapanganjoya hasta Tecpat\u00e1n para instalar 12 pozos petroleros.<\/p>\n<p>Denunciaron tambi\u00e9n el caso de las 70 mil hect\u00e1reas que planean ocupar desde Tapalapa hasta Ostuacan para empresarios trasnacionales que buscan extraer minerales y agua. Entre las cr\u00edticas tambi\u00e9n exponen la intenci\u00f3n de autoridades para ampliar la presa de Chicoasen  represas en Ocotepec y Ostuacan, todo esto en Chiapas.<\/p>\n<p>Los manifestantes aseguraron que reforzar\u00e1n su organizaci\u00f3n para no permitir que los megaproyectos contin\u00faen, dijeron que esperan que la instalaci\u00f3n de la Guardia nacional militarice la entidad y genere grupos de choque, pero resistir\u00e1n.<\/p>\n<p>\u201cEl Congreso Nacional Ind\u00edgena, Concejo Ind\u00edgena de Gobierno en Chiapas, les decimos a los malos gobiernos, que cueste lo que cueste no permitiremos que sus ideas podridas con sus megaproyectos entren y nos despojen de nuestro territorio. Porque el mal gobierno no va a venir a mandar, a callar e intimidar en nuestras casas aunque ya lo est\u00e9n pensando hacer con su Guardia Nacional para imponer el Tren Maya que no dejaremos pasar.<br \/>\nA pesar de que sus fuerzas militares nos quieran desaparecer como lo hicieron con los 43 estudiantes de Ayotzinapa, y con todas las muertes de los migrantes en manos de los intereses de los que tienen el poder y el dinero\u201d, expusieron.<\/p>\n<p>CAMPESINOS PROTESTAN <\/p>\n<p>Ayer, el Movimiento Agrario Ind\u00edgena Zapatista critic\u00f3, en el centenario del asesinato de Emiliano Zapata, que el Gobierno L\u00f3pez Obrador \u201cha traicionado los intereses de los pueblos\u201d dando paso a grandes proyectos de despojo. Por ello se registraron diversas movilizaciones en Chinameca, Morelos, as\u00ed como en Chiapas, Oaxaca, Puebla y Tabasco para recordar al l\u00edder revolucionario y denunciar el despojo de los pueblos.<\/p>\n<p>\u201cLa actual administraci\u00f3n del gobierno de la esperanza, al igual que Madero el ap\u00f3stol de la democracia, ha traicionado los intereses de nuestros pueblos, militarizando y dando paso a grandes proyectos de despojo, que con la complacencia de la clase pol\u00edtica y del Estado han entregado nuestros territorios al modelo extractivista\u201d, dijo el movimiento campesino en un comunicado.<br \/>\nDenunciaron que a 100 a\u00f1os del asesinato del Caudillo del Sur se ve a los pueblos \u201ctan agredidos y golpeados por los intereses neoliberales\u201d.<\/p>\n<p>\u201cEl sometimiento de nuestros pueblos, con sus falsos discursos de bienestar, de desarrollo, con ba\u00f1os de pueblo con sus falsos discursos de bienestar, de desarrollo, con ba\u00f1os de pueblo en sus actos demag\u00f3gicos\u201d, a\u00f1adi\u00f3. Las movilizaciones anunciada tambi\u00e9n fueron para protestar por los nueve a\u00f1os del asesinato de Bety Cari\u00f1o y Jyri Jaakkola; por los siete meses de la desaparici\u00f3n de Sergio Rivera Hernandez, y a dos meses del asesinato de Samir Flores.<\/p>\n<p><a href=\"https:\/\/www.sinembargo.mx\/11-04-2019\/3564951\">https:\/\/www.sinembargo.mx\/11-04-2019\/3564951<\/a><\/p>\n","protected":false},"excerpt":{"rendered":"<p>Por Redacci\u00f3n \/ Sin Embargo Ind\u00edgenas de Chiapas vinculados con el Ej\u00e9rcito Zapatista de Liberaci\u00f3n Nacional (EZLN) reiteraron su oposici\u00f3n a la administraci\u00f3n de L\u00f3pez Obrador y sus consultas populares; &hellip; <a href=\"https:\/\/www.grieta.org.mx\/index.php\/2019\/04\/11\/el-congreso-nacional-indigena-se-atraviesa-en-las-vias-del-tren-de-amlo-en-resumen-ve-un-enemigo\/\" class=\"more-link\">Leer m\u00e1s<\/a><\/p>\n","protected":false},"author":2,"featured_media":32087,"comment_status":"closed","ping_status":"closed","sticky":false,"template":"","format":"standard","meta":{"ngg_post_thumbnail":0,"_jetpack_newsletter_access":"","_jetpack_dont_email_post_to_subs":false,"_jetpack_newsletter_tier_id":0,"_jetpack_memberships_contains_paywalled_content":false,"_jetpack_memberships_contains_paid_content":false,"footnotes":""},"categories":[80,79,2],"tags":[],"class_list":["post-32086","post","type-post","status-publish","format-standard","has-post-thumbnail","hentry","category-cintillo","category-cni","category-noticias-nacionales","entry"],"jetpack_featured_media_url":"https:\/\/www.grieta.org.mx\/wp-content\/uploads\/2019\/04\/megaproyectos.jpg","jetpack_sharing_enabled":true,"jetpack_shortlink":"https:\/\/wp.me\/p7ZJR4-8lw","jetpack_likes_enabled":false,"jetpack-related-posts":[{"id":65097,"url":"https:\/\/www.grieta.org.mx\/index.php\/2022\/09\/05\/organizaciones-exhortan-a-ciudadanos-a-manifestar-su-oposicion-ante-militarizacion\/","url_meta":{"origin":32086,"position":0},"title":"Organizaciones exhortan a ciudadanos a manifestar su oposici\u00f3n ante militarizaci\u00f3n","author":"grieta","date":"5 septiembre, 2022","format":false,"excerpt":"Redacci\u00f3n\/Aristegui Noticias 3 septiembre 2022 Es un fraude constitucional trasladar la Guardia Nacional a la Sedena, afirm\u00f3 Causa Com\u00fan. Causa en Com\u00fan, en colaboraci\u00f3n con el Observatorio de la Guardia Nacional y la Militarizaci\u00f3n en M\u00e9xico, exhortaron a los partidos, acad\u00e9micos, y ciudadanos en general, a manifestar su oposici\u00f3n ante\u2026","rel":"","context":"En &quot;CINTILLO&quot;","block_context":{"text":"CINTILLO","link":"https:\/\/www.grieta.org.mx\/index.php\/category\/cintillo\/"},"img":{"alt_text":"","src":"https:\/\/i0.wp.com\/www.grieta.org.mx\/wp-content\/uploads\/2022\/09\/MANIFESTAR-OPOSICION-MILITARIZACION-ONGS-02092022.webp?resize=350%2C200&ssl=1","width":350,"height":200,"srcset":"https:\/\/i0.wp.com\/www.grieta.org.mx\/wp-content\/uploads\/2022\/09\/MANIFESTAR-OPOSICION-MILITARIZACION-ONGS-02092022.webp?resize=350%2C200&ssl=1 1x, https:\/\/i0.wp.com\/www.grieta.org.mx\/wp-content\/uploads\/2022\/09\/MANIFESTAR-OPOSICION-MILITARIZACION-ONGS-02092022.webp?resize=525%2C300&ssl=1 1.5x, https:\/\/i0.wp.com\/www.grieta.org.mx\/wp-content\/uploads\/2022\/09\/MANIFESTAR-OPOSICION-MILITARIZACION-ONGS-02092022.webp?resize=700%2C400&ssl=1 2x, https:\/\/i0.wp.com\/www.grieta.org.mx\/wp-content\/uploads\/2022\/09\/MANIFESTAR-OPOSICION-MILITARIZACION-ONGS-02092022.webp?resize=1050%2C600&ssl=1 3x"},"classes":[]},{"id":71653,"url":"https:\/\/www.grieta.org.mx\/index.php\/2025\/05\/02\/inocentes-ejercito-zapatista-de-liberacion-nacional\/","url_meta":{"origin":32086,"position":1},"title":"\u00a1INOCENTES! EJ\u00c9RCITO ZAPATISTA DE LIBERACI\u00d3N NACIONAL","author":"grieta","date":"2 mayo, 2025","format":false,"excerpt":"EJ\u00c9RCITO ZAPATISTA DE LIBERACI\u00d3N NACIONAL. M\u00c9XICO. Mayo del 2025. A quienes firmaron la Declaraci\u00f3n por la Vida: A la Sexta Nacional e Internacional: Al Congreso Nacional Ind\u00edgena: A los pueblos de M\u00e9xico y el mundo: Compa\u00f1eras y compa\u00f1eros, hermanas y hermanos: Les explicamos lo que pas\u00f3 con los dos compa\u00f1eros\u2026","rel":"","context":"En &quot;CINTILLO&quot;","block_context":{"text":"CINTILLO","link":"https:\/\/www.grieta.org.mx\/index.php\/category\/cintillo\/"},"img":{"alt_text":"","src":"https:\/\/i0.wp.com\/www.grieta.org.mx\/wp-content\/uploads\/2025\/05\/CINT_INOCENTES.jpg?resize=350%2C200&ssl=1","width":350,"height":200,"srcset":"https:\/\/i0.wp.com\/www.grieta.org.mx\/wp-content\/uploads\/2025\/05\/CINT_INOCENTES.jpg?resize=350%2C200&ssl=1 1x, https:\/\/i0.wp.com\/www.grieta.org.mx\/wp-content\/uploads\/2025\/05\/CINT_INOCENTES.jpg?resize=525%2C300&ssl=1 1.5x, https:\/\/i0.wp.com\/www.grieta.org.mx\/wp-content\/uploads\/2025\/05\/CINT_INOCENTES.jpg?resize=700%2C400&ssl=1 2x"},"classes":[]},{"id":61821,"url":"https:\/\/www.grieta.org.mx\/index.php\/2021\/09\/20\/comunidad-nahua-de-santa-maria-ostula-integrante-del-congreso-nacional-indigena-se-solidariza-con-las-comunidades-zapatistas\/","url_meta":{"origin":32086,"position":2},"title":"Comunidad nahua de Santa Mar\u00eda Ostula, integrante del Congreso Nacional Ind\u00edgena, se solidariza con las comunidades Zapatistas","author":"grieta","date":"20 septiembre, 2021","format":false,"excerpt":"COMUNIDAD NAHUA DE SANTA MAR\u00cdA OSTULA, MICHOAC\u00c1N\/RADIO ZAPATISTA #AltoALaGuerraContraLasComunidadesZapatistas #RutilioEscand\u00f3n #RutilioRepresor #AltoALaGuerraEnChiapas #OstulaVive A todos los medios de comunicaci\u00f3n, Al Ej\u00e9rcito Zapatista de Liberaci\u00f3n Nacional, Al Congreso Nacional Ind\u00edgena, Al Concejo Ind\u00edgena de Gobierno, A las organizaciones sociales, A la poblaci\u00f3n en general, Por medio de este comunicado, la comunidad\u2026","rel":"","context":"En &quot;CINTILLO&quot;","block_context":{"text":"CINTILLO","link":"https:\/\/www.grieta.org.mx\/index.php\/category\/cintillo\/"},"img":{"alt_text":"","src":"https:\/\/i0.wp.com\/www.grieta.org.mx\/wp-content\/uploads\/2021\/09\/Zap-Nahuas.jpg?resize=350%2C200&ssl=1","width":350,"height":200,"srcset":"https:\/\/i0.wp.com\/www.grieta.org.mx\/wp-content\/uploads\/2021\/09\/Zap-Nahuas.jpg?resize=350%2C200&ssl=1 1x, https:\/\/i0.wp.com\/www.grieta.org.mx\/wp-content\/uploads\/2021\/09\/Zap-Nahuas.jpg?resize=525%2C300&ssl=1 1.5x"},"classes":[]},{"id":40349,"url":"https:\/\/www.grieta.org.mx\/index.php\/2019\/10\/16\/pide-congreso-nacional-indigena-unir-fuerzas-contra-el-despojo-en-jalisco\/","url_meta":{"origin":32086,"position":3},"title":"Pide Congreso Nacional Ind\u00edgena unir fuerzas contra el despojo en Jalisco","author":"grieta","date":"16 octubre, 2019","format":false,"excerpt":"Foto: Zona Docs Actualmente, colectivos y comunidades de todo Jalisco luchan contra el despojo de sus territorios y formas de vida por parte de los gobiernos, las empresas privadas e, incluso, el crimen organizado. Una de las amenazas m\u00e1s latentes son\u00a0el gasoducto Villa de Reyes-Aguascalientes-Guadalajara, as\u00ed como cuatro termoel\u00e9ctricas que\u2026","rel":"","context":"En &quot;CINTILLO&quot;","block_context":{"text":"CINTILLO","link":"https:\/\/www.grieta.org.mx\/index.php\/category\/cintillo\/"},"img":{"alt_text":"","src":"https:\/\/i0.wp.com\/www.grieta.org.mx\/wp-content\/uploads\/2019\/10\/result-1000x640.jpg?resize=350%2C200&ssl=1","width":350,"height":200,"srcset":"https:\/\/i0.wp.com\/www.grieta.org.mx\/wp-content\/uploads\/2019\/10\/result-1000x640.jpg?resize=350%2C200&ssl=1 1x, https:\/\/i0.wp.com\/www.grieta.org.mx\/wp-content\/uploads\/2019\/10\/result-1000x640.jpg?resize=525%2C300&ssl=1 1.5x, https:\/\/i0.wp.com\/www.grieta.org.mx\/wp-content\/uploads\/2019\/10\/result-1000x640.jpg?resize=700%2C400&ssl=1 2x"},"classes":[]},{"id":30863,"url":"https:\/\/www.grieta.org.mx\/index.php\/2019\/03\/16\/convocatoria-a-las-jornadas-de-lucha-zapata-vive-samir-vive-la-lucha-sigue-a-100-anos-del-asesinato-del-general-emiliano-zapata-salazar\/","url_meta":{"origin":32086,"position":4},"title":"CONVOCATORIA A LAS JORNADAS DE LUCHA \u201cZAPATA VIVE, SAMIR VIVE, LA LUCHA SIGUE\u201d A 100 A\u00d1OS DEL ASESINATO DEL GENERAL EMILIANO ZAPATA SALAZAR","author":"grieta","date":"16 marzo, 2019","format":false,"excerpt":"CONVOCATORIA A LAS JORNADAS DE LUCHA \u201cZAPATA VIVE, SAMIR VIVE, LA LUCHA SIGUE\u201d A 100 A\u00d1OS DEL ASESINATO DEL GENERAL EMILIANO ZAPATA SALAZAR Considerando que a nuestro hermano Samir Flores Soberanes lo mat\u00f3 el r\u00e9gimen neoliberal; no sabemos si el gobierno, si los empresarios, si sus c\u00e1rteles delincuenciales, o, si\u2026","rel":"","context":"En &quot;CINTILLO&quot;","block_context":{"text":"CINTILLO","link":"https:\/\/www.grieta.org.mx\/index.php\/category\/cintillo\/"},"img":{"alt_text":"","src":"https:\/\/i0.wp.com\/www.grieta.org.mx\/wp-content\/uploads\/2018\/03\/14524434_1106112876131411_958039263622046936_o.jpg?resize=350%2C200&ssl=1","width":350,"height":200,"srcset":"https:\/\/i0.wp.com\/www.grieta.org.mx\/wp-content\/uploads\/2018\/03\/14524434_1106112876131411_958039263622046936_o.jpg?resize=350%2C200&ssl=1 1x, https:\/\/i0.wp.com\/www.grieta.org.mx\/wp-content\/uploads\/2018\/03\/14524434_1106112876131411_958039263622046936_o.jpg?resize=525%2C300&ssl=1 1.5x, https:\/\/i0.wp.com\/www.grieta.org.mx\/wp-content\/uploads\/2018\/03\/14524434_1106112876131411_958039263622046936_o.jpg?resize=700%2C400&ssl=1 2x"},"classes":[]},{"id":65091,"url":"https:\/\/www.grieta.org.mx\/index.php\/2022\/09\/03\/la-camara-de-diputados-aprueba-las-reformas-para-que-la-guardia-nacional-pertenezca-al-ejercito\/","url_meta":{"origin":32086,"position":5},"title":"La C\u00e1mara de Diputados aprueba las reformas para que la Guardia Nacional pertenezca al Ej\u00e9rcito","author":"grieta","date":"3 septiembre, 2022","format":false,"excerpt":"Sonia Corona\/El Pa\u00eds 3 septiembre 2022 La C\u00e1mara de Diputados aprob\u00f3 durante la madrugada del s\u00e1bado las reformas a diversas leyes para que la Guardia Nacional pertenezca al Ej\u00e9rcito. En una sesi\u00f3n maratoniana, los legisladores dieron avance a la propuesta del presidente Andr\u00e9s Manuel L\u00f3pez Obrador con 265 votos a\u2026","rel":"","context":"En &quot;CINTILLO&quot;","block_context":{"text":"CINTILLO","link":"https:\/\/www.grieta.org.mx\/index.php\/category\/cintillo\/"},"img":{"alt_text":"","src":"https:\/\/i0.wp.com\/www.grieta.org.mx\/wp-content\/uploads\/2022\/09\/H5C2KRBM75A57IRMVLSI4DMWVE.jpeg?resize=350%2C200&ssl=1","width":350,"height":200,"srcset":"https:\/\/i0.wp.com\/www.grieta.org.mx\/wp-content\/uploads\/2022\/09\/H5C2KRBM75A57IRMVLSI4DMWVE.jpeg?resize=350%2C200&ssl=1 1x, https:\/\/i0.wp.com\/www.grieta.org.mx\/wp-content\/uploads\/2022\/09\/H5C2KRBM75A57IRMVLSI4DMWVE.jpeg?resize=525%2C300&ssl=1 1.5x, https:\/\/i0.wp.com\/www.grieta.org.mx\/wp-content\/uploads\/2022\/09\/H5C2KRBM75A57IRMVLSI4DMWVE.jpeg?resize=700%2C400&ssl=1 2x"},"classes":[]}],"_links":{"self":[{"href":"https:\/\/www.grieta.org.mx\/index.php\/wp-json\/wp\/v2\/posts\/32086","targetHints":{"allow":["GET"]}}],"collection":[{"href":"https:\/\/www.grieta.org.mx\/index.php\/wp-json\/wp\/v2\/posts"}],"about":[{"href":"https:\/\/www.grieta.org.mx\/index.php\/wp-json\/wp\/v2\/types\/post"}],"author":[{"embeddable":true,"href":"https:\/\/www.grieta.org.mx\/index.php\/wp-json\/wp\/v2\/users\/2"}],"replies":[{"embeddable":true,"href":"https:\/\/www.grieta.org.mx\/index.php\/wp-json\/wp\/v2\/comments?post=32086"}],"version-history":[{"count":1,"href":"https:\/\/www.grieta.org.mx\/index.php\/wp-json\/wp\/v2\/posts\/32086\/revisions"}],"predecessor-version":[{"id":32090,"href":"https:\/\/www.grieta.org.mx\/index.php\/wp-json\/wp\/v2\/posts\/32086\/revisions\/32090"}],"wp:featuredmedia":[{"embeddable":true,"href":"https:\/\/www.grieta.org.mx\/index.php\/wp-json\/wp\/v2\/media\/32087"}],"wp:attachment":[{"href":"https:\/\/www.grieta.org.mx\/index.php\/wp-json\/wp\/v2\/media?parent=32086"}],"wp:term":[{"taxonomy":"category","embeddable":true,"href":"https:\/\/www.grieta.org.mx\/index.php\/wp-json\/wp\/v2\/categories?post=32086"},{"taxonomy":"post_tag","embeddable":true,"href":"https:\/\/www.grieta.org.mx\/index.php\/wp-json\/wp\/v2\/tags?post=32086"}],"curies":[{"name":"wp","href":"https:\/\/api.w.org\/{rel}","templated":true}]}}