{"id":32078,"date":"2019-04-10T15:44:39","date_gmt":"2019-04-10T20:44:39","guid":{"rendered":"http:\/\/www.grieta.org.mx\/?p=32078"},"modified":"2019-04-12T15:48:30","modified_gmt":"2019-04-12T20:48:30","slug":"sigue-exodo-de-familias-de-pueblos-de-la-sierra-de-leonardo-bravo-por-la-violencia-guerrero","status":"publish","type":"post","link":"https:\/\/www.grieta.org.mx\/index.php\/2019\/04\/10\/sigue-exodo-de-familias-de-pueblos-de-la-sierra-de-leonardo-bravo-por-la-violencia-guerrero\/","title":{"rendered":"Sigue \u00e9xodo de familias de pueblos de la sierra de Leonardo Bravo por la violencia (Guerrero)"},"content":{"rendered":"<p><img loading=\"lazy\" decoding=\"async\" data-attachment-id=\"32079\" data-permalink=\"https:\/\/www.grieta.org.mx\/index.php\/2019\/04\/10\/sigue-exodo-de-familias-de-pueblos-de-la-sierra-de-leonardo-bravo-por-la-violencia-guerrero\/442f37d3ee385afe0a2055390d091f47_l\/\" data-orig-file=\"https:\/\/www.grieta.org.mx\/wp-content\/uploads\/2019\/04\/442f37d3ee385afe0a2055390d091f47_L.jpg\" data-orig-size=\"750,450\" data-comments-opened=\"0\" data-image-meta=\"{&quot;aperture&quot;:&quot;0&quot;,&quot;credit&quot;:&quot;&quot;,&quot;camera&quot;:&quot;&quot;,&quot;caption&quot;:&quot;&quot;,&quot;created_timestamp&quot;:&quot;0&quot;,&quot;copyright&quot;:&quot;&quot;,&quot;focal_length&quot;:&quot;0&quot;,&quot;iso&quot;:&quot;0&quot;,&quot;shutter_speed&quot;:&quot;0&quot;,&quot;title&quot;:&quot;&quot;,&quot;orientation&quot;:&quot;0&quot;}\" data-image-title=\"442f37d3ee385afe0a2055390d091f47_L\" data-image-description=\"\" data-image-caption=\"\" data-medium-file=\"https:\/\/www.grieta.org.mx\/wp-content\/uploads\/2019\/04\/442f37d3ee385afe0a2055390d091f47_L-300x180.jpg\" data-large-file=\"https:\/\/www.grieta.org.mx\/wp-content\/uploads\/2019\/04\/442f37d3ee385afe0a2055390d091f47_L.jpg\" src=\"http:\/\/www.grieta.org.mx\/wp-content\/uploads\/2019\/04\/442f37d3ee385afe0a2055390d091f47_L-300x180.jpg\" alt=\"\" width=\"702\" height=\"468\" class=\"alignleft size-medium wp-image-32079\" \/><\/p>\n<p>Beatriz Garc\u00eda \/ La Jornada Guerrero<\/p>\n<p>Chilpancingo, 8 de abril. El desplazado Crescencio Pacheco declar\u00f3 que siguen registrando familias que est\u00e1n desplaz\u00e1ndose por grupos criminales en la zona, que mantienen aterrados a los pobladores, orill\u00e1ndolos a irse a Estados Unidos, pedir refugio a familiares o concentrarse en el albergue que montaron en la cabecera municipal de Chichihualco en noviembre.<\/p>\n<p>El \u00e9xodo de familias de comunidades de la sierra de Leonardo Bravo por la violencia contin\u00faa.<\/p>\n<p>De acuerdo al censo que tienen los desplazados que est\u00e1n en el auditorio,  en lo que va del a\u00f1o 300 personas han tenido que salirse de sus casas, sin nada, apenas unas cuantas prendas de vestir.<\/p>\n<p>En consulta con el desplazado Crescencio Pacheco manifest\u00f3 que luego de que regresaron de la Ciudad de M\u00e9xico, donde manten\u00edan un plant\u00f3n fuera de Palacio de Gobierno, para que el presidente Andr\u00e9s Manuel L\u00f3pez Obrador atendiera su situaci\u00f3n y pudieran regresar a sus casas, las promesas se han ido cumpliendo.<\/p>\n<p>Dijo que, en el tema de salud y alimentaci\u00f3n se est\u00e1n atendiendo, y que conf\u00edan que se est\u00e1 trabajando en el plan de seguridad que les prometieron para poder retornar a sus casas, y replegar al grupo criminal que mantienen sitiadas sus comunidades, luego de que el gobierno estatal fall\u00f3 en la estrategia para que regresaran.<\/p>\n<p>Cont\u00f3 que pese a que ya no est\u00e1n en sus pueblos saben c\u00f3mo sigue la situaci\u00f3n y que es \u201ccr\u00edtica\u201d.<\/p>\n<p>\u201cNosotros tenemos informaci\u00f3n de amigos, c\u00f3mo los est\u00e1n tratando, qu\u00e9 est\u00e1 habiendo, que est\u00e1n haciendo con las casas que est\u00e1n saqueando, en casas de madera se est\u00e1n llevando l\u00e1mina, siguen robando las poquitas cosas que dejaron los compa\u00f1eros, est\u00e1n haciendo una barredera completa\u201d, lament\u00f3.<\/p>\n<p>Reproch\u00f3 que est\u00e1n amenazando a las comunidades para que regresen los desplazados, asegur\u00e1ndoles que les van a brindar la seguridad, pero que \u201chan tableado a personas en los  pueblos, han corrido a gente\u201d. Cont\u00f3 que las familias que se siguen saliendo de sus pueblos, algunas se est\u00e1n yendo a Estados Unidos, otras con familiares y otras al refugio.<\/p>\n<p><a href=\"https:\/\/lajornadaguerrero.com.mx\/index.php\/sociedadyjusticia\/item\/6788-sigue-exodo-de-familias-de-pueblos-de-la-sierra-de-leonardo-bravo-por-la-violencia\">https:\/\/lajornadaguerrero.com.mx\/index.php\/sociedadyjusticia\/item\/6788-sigue-exodo-de-familias-de-pueblos-de-la-sierra-de-leonardo-bravo-por-la-violencia<\/a><\/p>\n","protected":false},"excerpt":{"rendered":"<p>Beatriz Garc\u00eda \/ La Jornada Guerrero Chilpancingo, 8 de abril. El desplazado Crescencio Pacheco declar\u00f3 que siguen registrando familias que est\u00e1n desplaz\u00e1ndose por grupos criminales en la zona, que mantienen &hellip; <a href=\"https:\/\/www.grieta.org.mx\/index.php\/2019\/04\/10\/sigue-exodo-de-familias-de-pueblos-de-la-sierra-de-leonardo-bravo-por-la-violencia-guerrero\/\" class=\"more-link\">Leer m\u00e1s<\/a><\/p>\n","protected":false},"author":2,"featured_media":32079,"comment_status":"closed","ping_status":"closed","sticky":false,"template":"","format":"standard","meta":{"ngg_post_thumbnail":0,"_jetpack_newsletter_access":"","_jetpack_dont_email_post_to_subs":false,"_jetpack_newsletter_tier_id":0,"_jetpack_memberships_contains_paywalled_content":false,"_jetpack_memberships_contains_paid_content":false,"footnotes":""},"categories":[80,1342,18,2],"tags":[1092],"class_list":["post-32078","post","type-post","status-publish","format-standard","has-post-thumbnail","hentry","category-cintillo","category-desplazados-por-violencia-en-guerrero","category-guerrero","category-noticias-nacionales","tag-desplazados-por-la-violencia","entry"],"jetpack_featured_media_url":"https:\/\/www.grieta.org.mx\/wp-content\/uploads\/2019\/04\/442f37d3ee385afe0a2055390d091f47_L.jpg","jetpack_sharing_enabled":true,"jetpack_shortlink":"https:\/\/wp.me\/p7ZJR4-8lo","jetpack_likes_enabled":false,"jetpack-related-posts":[{"id":41375,"url":"https:\/\/www.grieta.org.mx\/index.php\/2019\/11\/10\/desplazados-de-zitlala-y-leonardo-bravo-cumplen-un-ano-sin-hogar-guerrero\/","url_meta":{"origin":32078,"position":0},"title":"Desplazados de Zitlala y Leonardo Bravo cumplen un a\u00f1o sin hogar  (Guerrero)","author":"Admin","date":"10 noviembre, 2019","format":false,"excerpt":"Juan Manuel Molina \/ Bajo Palabra Chilpancingo, Guerrero.- Familias desplazadas de comunidades de Leonardo Bravo y Zitlala, a causa del crimen organizado, cumplieron un a\u00f1o sin poder regresar a sus hogares. El defensor de derechos humanos, Manuel Olivares Hern\u00e1ndez, quien ha acompa\u00f1ado a las familias desde el \u00e9xodo en noviembre\u2026","rel":"","context":"En &quot;CINTILLO&quot;","block_context":{"text":"CINTILLO","link":"https:\/\/www.grieta.org.mx\/index.php\/category\/cintillo\/"},"img":{"alt_text":"","src":"https:\/\/i0.wp.com\/www.grieta.org.mx\/wp-content\/uploads\/2019\/11\/Desplazados-Guerrero-1.jpg?resize=350%2C200&ssl=1","width":350,"height":200,"srcset":"https:\/\/i0.wp.com\/www.grieta.org.mx\/wp-content\/uploads\/2019\/11\/Desplazados-Guerrero-1.jpg?resize=350%2C200&ssl=1 1x, https:\/\/i0.wp.com\/www.grieta.org.mx\/wp-content\/uploads\/2019\/11\/Desplazados-Guerrero-1.jpg?resize=525%2C300&ssl=1 1.5x, https:\/\/i0.wp.com\/www.grieta.org.mx\/wp-content\/uploads\/2019\/11\/Desplazados-Guerrero-1.jpg?resize=700%2C400&ssl=1 2x, https:\/\/i0.wp.com\/www.grieta.org.mx\/wp-content\/uploads\/2019\/11\/Desplazados-Guerrero-1.jpg?resize=1050%2C600&ssl=1 3x"},"classes":[]},{"id":39271,"url":"https:\/\/www.grieta.org.mx\/index.php\/2019\/09\/16\/desplazados-en-guerrero-toman-caseta-de-autopista-del-sol\/","url_meta":{"origin":32078,"position":1},"title":"Desplazados en Guerrero toman caseta de Autopista del Sol","author":"Admin","date":"16 septiembre, 2019","format":false,"excerpt":"Francisca Meza Carranza \/ Quadrat\u00edn CHILPANCINGO, Gro., 16 de septiembre de 2019.- Desplazados de la sierra de Leonardo Bravo y Tlaltempanapa, municipio de Zitlala, tomaron la caseta de cobro de la Autopista del Sol en esta ciudad, con el fin de recaudar fondos para sobrellevar sus gastos a 10 meses\u2026","rel":"","context":"En &quot;CINTILLO&quot;","block_context":{"text":"CINTILLO","link":"https:\/\/www.grieta.org.mx\/index.php\/category\/cintillo\/"},"img":{"alt_text":"","src":"https:\/\/i0.wp.com\/www.grieta.org.mx\/wp-content\/uploads\/2019\/09\/desplazadoscaseta-1160x700.jpg?resize=350%2C200&ssl=1","width":350,"height":200,"srcset":"https:\/\/i0.wp.com\/www.grieta.org.mx\/wp-content\/uploads\/2019\/09\/desplazadoscaseta-1160x700.jpg?resize=350%2C200&ssl=1 1x, https:\/\/i0.wp.com\/www.grieta.org.mx\/wp-content\/uploads\/2019\/09\/desplazadoscaseta-1160x700.jpg?resize=525%2C300&ssl=1 1.5x, https:\/\/i0.wp.com\/www.grieta.org.mx\/wp-content\/uploads\/2019\/09\/desplazadoscaseta-1160x700.jpg?resize=700%2C400&ssl=1 2x, https:\/\/i0.wp.com\/www.grieta.org.mx\/wp-content\/uploads\/2019\/09\/desplazadoscaseta-1160x700.jpg?resize=1050%2C600&ssl=1 3x"},"classes":[]},{"id":46995,"url":"https:\/\/www.grieta.org.mx\/index.php\/2020\/03\/27\/en-la-sierra-de-guerrero-nuevo-desplazamiento-por-violencia\/","url_meta":{"origin":32078,"position":2},"title":"En la sierra de Guerrero, nuevo desplazamiento por violencia","author":"Admin","date":"27 marzo, 2020","format":false,"excerpt":"Unas 800 personas de las comunidades El Balsamar, Chautipa y Tepozonalco fueron desalojadas por civiles armados. Reclaman falta de reacci\u00f3n y atenci\u00f3n gubernamental Texto: Jes\u00fas Guerrero Civiles armados que se identificaron como integrantes del Frente Unido de Polic\u00edas Comunitarias del Estado de Guerrero (FUPCEG) desalojaron a unas 800 personas de\u2026","rel":"","context":"En &quot;CINTILLO&quot;","block_context":{"text":"CINTILLO","link":"https:\/\/www.grieta.org.mx\/index.php\/category\/cintillo\/"},"img":{"alt_text":"","src":"https:\/\/i0.wp.com\/www.grieta.org.mx\/wp-content\/uploads\/2020\/03\/desplazados_guerrero_especial.jpeg?resize=350%2C200&ssl=1","width":350,"height":200,"srcset":"https:\/\/i0.wp.com\/www.grieta.org.mx\/wp-content\/uploads\/2020\/03\/desplazados_guerrero_especial.jpeg?resize=350%2C200&ssl=1 1x, https:\/\/i0.wp.com\/www.grieta.org.mx\/wp-content\/uploads\/2020\/03\/desplazados_guerrero_especial.jpeg?resize=525%2C300&ssl=1 1.5x, https:\/\/i0.wp.com\/www.grieta.org.mx\/wp-content\/uploads\/2020\/03\/desplazados_guerrero_especial.jpeg?resize=700%2C400&ssl=1 2x"},"classes":[]},{"id":32581,"url":"https:\/\/www.grieta.org.mx\/index.php\/2019\/04\/24\/desplazados-pueden-rentar-pero-no-en-sus-pueblos-guerrero\/","url_meta":{"origin":32078,"position":3},"title":"Desplazados pueden rentar, pero no en sus pueblos (Guerrero)","author":"grieta","date":"24 abril, 2019","format":false,"excerpt":"Margena de la O \/ La Silla Rota Chilpancingo, Guerrero (La Silla Rota). Las familias de la Sierra refugiadas desde noviembre pasado en el auditorio municipal de Chichihualco, cabecera de Leonardo Bravo, logran rentar una casa al ser reconocidos por la Comisi\u00f3n Ejecutiva de Atenci\u00f3n a V\u00edctimas (CEAV), pero no\u2026","rel":"","context":"En &quot;CINTILLO&quot;","block_context":{"text":"CINTILLO","link":"https:\/\/www.grieta.org.mx\/index.php\/category\/cintillo\/"},"img":{"alt_text":"","src":"https:\/\/i0.wp.com\/www.grieta.org.mx\/wp-content\/uploads\/2019\/04\/whatsappimage20190422at17.09.04.jpg?resize=350%2C200&ssl=1","width":350,"height":200,"srcset":"https:\/\/i0.wp.com\/www.grieta.org.mx\/wp-content\/uploads\/2019\/04\/whatsappimage20190422at17.09.04.jpg?resize=350%2C200&ssl=1 1x, https:\/\/i0.wp.com\/www.grieta.org.mx\/wp-content\/uploads\/2019\/04\/whatsappimage20190422at17.09.04.jpg?resize=525%2C300&ssl=1 1.5x, https:\/\/i0.wp.com\/www.grieta.org.mx\/wp-content\/uploads\/2019\/04\/whatsappimage20190422at17.09.04.jpg?resize=700%2C400&ssl=1 2x, https:\/\/i0.wp.com\/www.grieta.org.mx\/wp-content\/uploads\/2019\/04\/whatsappimage20190422at17.09.04.jpg?resize=1050%2C600&ssl=1 3x"},"classes":[]},{"id":40611,"url":"https:\/\/www.grieta.org.mx\/index.php\/2019\/10\/17\/desplazados-de-leonardo-bravo-y-zitlala-bloquearon-la-autopista-del-sol-guerrero\/","url_meta":{"origin":32078,"position":4},"title":"Desplazados de Leonardo Bravo y Zitlala, bloquearon la Autopista del Sol (Guerrero)","author":"Admin","date":"17 octubre, 2019","format":false,"excerpt":"Javier Tinoco Memije \/ El Sol de Acapulco Habitantes de Leonardo Bravo y Zitlala, desplazados por la violencia, bloquean la Autopista del Sol, a la altura del Parador del Marqu\u00e9s en el municipio de Chilpancingo, para exigir al gobierno del estado que les garantice su regreso a las comunidades serranas\u2026","rel":"","context":"En &quot;CINTILLO&quot;","block_context":{"text":"CINTILLO","link":"https:\/\/www.grieta.org.mx\/index.php\/category\/cintillo\/"},"img":{"alt_text":"","src":"https:\/\/i0.wp.com\/www.grieta.org.mx\/wp-content\/uploads\/2019\/10\/desplazados.jpg?resize=350%2C200&ssl=1","width":350,"height":200,"srcset":"https:\/\/i0.wp.com\/www.grieta.org.mx\/wp-content\/uploads\/2019\/10\/desplazados.jpg?resize=350%2C200&ssl=1 1x, https:\/\/i0.wp.com\/www.grieta.org.mx\/wp-content\/uploads\/2019\/10\/desplazados.jpg?resize=525%2C300&ssl=1 1.5x, https:\/\/i0.wp.com\/www.grieta.org.mx\/wp-content\/uploads\/2019\/10\/desplazados.jpg?resize=700%2C400&ssl=1 2x"},"classes":[]},{"id":46973,"url":"https:\/\/www.grieta.org.mx\/index.php\/2020\/02\/28\/ceav-retira-recursos-economicos-a-desplazados-de-guerrero\/","url_meta":{"origin":32078,"position":5},"title":"CEAV retira recursos econ\u00f3micos a desplazados de Guerrero","author":"Admin","date":"28 febrero, 2020","format":false,"excerpt":"Margena de la O \/ La Silla Rota La Comisi\u00f3n Ejecutiva de Atenci\u00f3n a V\u00edctimas (CEAV) les retir\u00f3 a las familias desplazadas de la Sierra y de Zitlala que se instalaron en Chichihualco, cabecera municipal de Leonardo Bravo, los recursos asignados para el pago de la renta, la canasta b\u00e1sica\u2026","rel":"","context":"En &quot;Desplazados&quot;","block_context":{"text":"Desplazados","link":"https:\/\/www.grieta.org.mx\/index.php\/category\/temas-nacionales\/desplazados\/"},"img":{"alt_text":"","src":"https:\/\/i0.wp.com\/www.grieta.org.mx\/wp-content\/uploads\/2020\/03\/desplazadosenguerrero-focus-0-0-983-557.jpg?resize=350%2C200&ssl=1","width":350,"height":200,"srcset":"https:\/\/i0.wp.com\/www.grieta.org.mx\/wp-content\/uploads\/2020\/03\/desplazadosenguerrero-focus-0-0-983-557.jpg?resize=350%2C200&ssl=1 1x, https:\/\/i0.wp.com\/www.grieta.org.mx\/wp-content\/uploads\/2020\/03\/desplazadosenguerrero-focus-0-0-983-557.jpg?resize=525%2C300&ssl=1 1.5x, https:\/\/i0.wp.com\/www.grieta.org.mx\/wp-content\/uploads\/2020\/03\/desplazadosenguerrero-focus-0-0-983-557.jpg?resize=700%2C400&ssl=1 2x"},"classes":[]}],"_links":{"self":[{"href":"https:\/\/www.grieta.org.mx\/index.php\/wp-json\/wp\/v2\/posts\/32078","targetHints":{"allow":["GET"]}}],"collection":[{"href":"https:\/\/www.grieta.org.mx\/index.php\/wp-json\/wp\/v2\/posts"}],"about":[{"href":"https:\/\/www.grieta.org.mx\/index.php\/wp-json\/wp\/v2\/types\/post"}],"author":[{"embeddable":true,"href":"https:\/\/www.grieta.org.mx\/index.php\/wp-json\/wp\/v2\/users\/2"}],"replies":[{"embeddable":true,"href":"https:\/\/www.grieta.org.mx\/index.php\/wp-json\/wp\/v2\/comments?post=32078"}],"version-history":[{"count":1,"href":"https:\/\/www.grieta.org.mx\/index.php\/wp-json\/wp\/v2\/posts\/32078\/revisions"}],"predecessor-version":[{"id":32080,"href":"https:\/\/www.grieta.org.mx\/index.php\/wp-json\/wp\/v2\/posts\/32078\/revisions\/32080"}],"wp:featuredmedia":[{"embeddable":true,"href":"https:\/\/www.grieta.org.mx\/index.php\/wp-json\/wp\/v2\/media\/32079"}],"wp:attachment":[{"href":"https:\/\/www.grieta.org.mx\/index.php\/wp-json\/wp\/v2\/media?parent=32078"}],"wp:term":[{"taxonomy":"category","embeddable":true,"href":"https:\/\/www.grieta.org.mx\/index.php\/wp-json\/wp\/v2\/categories?post=32078"},{"taxonomy":"post_tag","embeddable":true,"href":"https:\/\/www.grieta.org.mx\/index.php\/wp-json\/wp\/v2\/tags?post=32078"}],"curies":[{"name":"wp","href":"https:\/\/api.w.org\/{rel}","templated":true}]}}