{"id":32074,"date":"2019-04-11T15:07:45","date_gmt":"2019-04-11T20:07:45","guid":{"rendered":"http:\/\/www.grieta.org.mx\/?p=32074"},"modified":"2019-04-12T15:29:42","modified_gmt":"2019-04-12T20:29:42","slug":"sedena-insiste-en-negar-datos-sobre-uso-de-la-fuerza-en-enfrentamientos-pese-a-orden-del-inai","status":"publish","type":"post","link":"https:\/\/www.grieta.org.mx\/index.php\/2019\/04\/11\/sedena-insiste-en-negar-datos-sobre-uso-de-la-fuerza-en-enfrentamientos-pese-a-orden-del-inai\/","title":{"rendered":"Sedena insiste en negar datos sobre uso de la fuerza en enfrentamientos, pese a orden del INAI"},"content":{"rendered":"<p><img loading=\"lazy\" decoding=\"async\" data-attachment-id=\"32075\" data-permalink=\"https:\/\/www.grieta.org.mx\/index.php\/2019\/04\/11\/sedena-insiste-en-negar-datos-sobre-uso-de-la-fuerza-en-enfrentamientos-pese-a-orden-del-inai\/direct-73\/\" data-orig-file=\"https:\/\/www.grieta.org.mx\/wp-content\/uploads\/2019\/04\/direct-13.jpg\" data-orig-size=\"704,371\" data-comments-opened=\"0\" data-image-meta=\"{&quot;aperture&quot;:&quot;0&quot;,&quot;credit&quot;:&quot;&quot;,&quot;camera&quot;:&quot;&quot;,&quot;caption&quot;:&quot;&quot;,&quot;created_timestamp&quot;:&quot;0&quot;,&quot;copyright&quot;:&quot;&quot;,&quot;focal_length&quot;:&quot;0&quot;,&quot;iso&quot;:&quot;0&quot;,&quot;shutter_speed&quot;:&quot;0&quot;,&quot;title&quot;:&quot;&quot;,&quot;orientation&quot;:&quot;0&quot;}\" data-image-title=\"direct\" data-image-description=\"\" data-image-caption=\"\" data-medium-file=\"https:\/\/www.grieta.org.mx\/wp-content\/uploads\/2019\/04\/direct-13-300x158.jpg\" data-large-file=\"https:\/\/www.grieta.org.mx\/wp-content\/uploads\/2019\/04\/direct-13.jpg\" class=\"alignleft size-medium wp-image-32075\" src=\"http:\/\/www.grieta.org.mx\/wp-content\/uploads\/2019\/04\/direct-13-300x158.jpg\" alt=\"\" width=\"702\" height=\"468\" \/><\/p>\n<p>Por: Arturo Angel \/ Animal Pol\u00edtico<\/p>\n<p>La Secretar\u00eda de la Defensa Nacional (Sedena) rechaz\u00f3 nuevamente dar a conocer los informes sobre uso de la fuerza en los enfrentamientos que ha sostenido en contra de presuntos delincuentes del 2006 a la fecha, pese a que el Instituto Nacional de Acceso a la Informaci\u00f3n (INAI) le hab\u00eda ordenado buscar y transparentar esos datos.<\/p>\n<p>\u00bfLa raz\u00f3n? La dependencia militar argumenta que dichos informes no existen.<\/p>\n<p>Lo anterior, aun cuando el INAI hab\u00eda subrayado que la elaboraci\u00f3n de estos informes es una obligaci\u00f3n legal, de acuerdo con diversas normas y directrices, y a que la propia Sedena los ha presentado ante la CNDH en casos de graves violaciones a derechos humanos.<\/p>\n<p>La negativa a transparentar estos datos ocurre justo en el contexto en el que el gobierno federal ha determinado que sea la Sedena quien capacite y adiestre a los elementos de la Guardia Nacional, en temas como el uso de la fuerza y el respeto a los derechos humanos. De hecho, el mando de la nueva fuerza de seguridad estar\u00e1 a cargo de un militar en proceso de retiro. <\/p>\n<p>En marzo pasado el pleno del INAI hab\u00eda revocado, de forma un\u00e1nime, la respuesta inicial de la Defensa Nacional, en la que se negaba a proporcionar una serie de informes y datos solicitados por la organizaci\u00f3n Art\u00edculo 19 y el CIDE. Entre esos datos se encontraba la versi\u00f3n p\u00fablica de informes de uso de la fuerza y de informes policiales homologados, en hechos donde el Ej\u00e9rcito ha sostenido enfrentamientos.<\/p>\n<p>El proyecto de la comisionada Blanca Lilia Ibarra Cadena subray\u00f3, entre otras cosas, que elaborar los informes es una obligaci\u00f3n establecida tanto en el Manual de Uso de la Fuerza de Aplicaci\u00f3n a las Tres Fuerzas Armadas, as\u00ed como en las Directrices que regulan el Uso de la Fuerza. Se trata de informes que, incluso, han sido expuestos por la CNDH en recomendaciones dirigidas al Ej\u00e9rcito por graves violaciones a derechos humanos.<\/p>\n<p>El INAI tambi\u00e9n concluy\u00f3 que la Sedena, aun sin ser una fuerza policial, s\u00ed est\u00e1 facultada para elaborar informes policiales homologados en hechos delictivos donde sus elementos son los primeros en presentarse, por lo que tambi\u00e9n deber\u00eda informar de ello.<\/p>\n<p>En respuesta a esta instrucci\u00f3n del Instituto, la dependencia proporcion\u00f3 a la solicitante un nuevo oficio firmado por el Estado Mayor y del que Animal Pol\u00edtico tiene copia. En dicho oficio argumenta, nuevamente, que lo que le solicitaron no existe.<\/p>\n<p>\u201cSe hace de su conocimiento que despu\u00e9s de haber realizado una exhaustiva b\u00fasqueda en el Estado Mayor de la Defensa Nacional, no se localiz\u00f3 ning\u00fan documento respecto a informes de uso de la fuerza o cualquier expresi\u00f3n documental que haya elaborado esta Secretar\u00eda como primer respondiente, con motivo de las agresiones en contra del personal militar por parte de la delincuencia organizada\u201d, se\u00f1al\u00f3 la dependencia.<\/p>\n<p>Este no fue el \u00fanico dato que la dependencia neg\u00f3. En otra solicitud en la que el INAI hab\u00eda ordenado al Ej\u00e9rcito dar a conocer datos sobre polic\u00edas abatidos y detenidos en el contexto de enfrentamientos y agresiones a personal militar, la Sedena tampoco proporcion\u00f3 los datos.<\/p>\n<p>En el documento de dicha respuesta, la dependencia militar sostiene que extendi\u00f3 la b\u00fasqueda de esos datos a las 46 zonas militares y no encontr\u00f3 estad\u00edstica o referencia alguna. Esto pese a que como lo evidenci\u00f3 la solicitante, y lo ratific\u00f3 el INAI, en distintos momentos la Defensa ha hecho referencia p\u00fablica a detenciones de polic\u00edas por parte de militares.<\/p>\n<p>Animal Pol\u00edtico public\u00f3 que en los \u00faltimos doce a\u00f1os la Defensa ha sostenido m\u00e1s de 4 mil 500 enfrentamientos con civiles en el pa\u00eds. Hasta 2014 y como resultado de dichos combates, 3 mil 907 civiles presuntamente armados hab\u00edan perdido la vida junto con 17 m\u00e1s que no ten\u00edan nada que ver, pero murieron en fuego cruzado. De los \u00faltimos tres a\u00f1os la Sedena ha rechazado dar a conocer el saldo.<\/p>\n<p>Advierten opacidad y contradicci\u00f3n<\/p>\n<p>Sara Vel\u00e1zquez Moreno, abogada y asistente de investigaci\u00f3n del Centro de Investigaci\u00f3n y Docencia Econ\u00f3micas (CIDE) \u2013 una de las instituciones que junto con Art\u00edculo 19 ha promovido estas solicitudes \u2013 lament\u00f3 la posici\u00f3n de la Sedena respecto a no transparentar datos pese a la orden del INAI, aunque dijo que era previsible dada la \u201copacidad\u201d  que ha exhibido en este tema el Ej\u00e9rcito en los \u00faltimos a\u00f1os.<\/p>\n<p>\u201cNo nos sorprende porque esper\u00e1bamos que continuaran con la opacidad en la informaci\u00f3n aun cuando hay obligaci\u00f3n normativa de generar estos datos, y de que hay incluso evidencia p\u00fablica de que esa informaci\u00f3n existe\u201d, dijo la abogada en entrevista.<\/p>\n<p>Vel\u00e1zquez record\u00f3 que hay expedientes de CNDH donde la Sedena ha presentado informes de actuaci\u00f3n y tambi\u00e9n ha emitido comunicados donde hace referencia a datos de los cuales s\u00ed tiene registro, pero que aun as\u00ed se niega a informar.<\/p>\n<p>Consider\u00f3 preocupante y contradictorio que, en el marco de la firma del convenio entre el gobierno federal y la Oficina de la Alta Comisionada de Naciones Unidas para los Derechos Humanos, Michelle Bachelet, para colaborar en la formaci\u00f3n de la Guardia Nacional, se considere a la Sedena como la instituci\u00f3n apta para conformar una nueva fuerza que lo que requiere son indicadores transparentes.<\/p>\n<p>\u201cBachelet se\u00f1al\u00f3 la importancia de construcci\u00f3n de indicadores y transparencia, y eso es totalmente contradictorio con la actitud de opacidad de la Sedena\u201d, dijo.<\/p>\n<p>Pese a las negativas de la Defensa para proporcionar informaci\u00f3n, Vel\u00e1zquez Moreno dijo que continuar\u00e1n exigiendo los datos hasta agotar los recursos disponibles, y llevar\u00e1n el caso incluso ante instancias judiciales de ser necesario.<\/p>\n<p>Por lo pronto se\u00f1al\u00f3 que ya se inconformaron de esta nueva respuesta ante el INAI, el cual tiene la facultad de imponer sanciones econ\u00f3micas a los funcionarios que no cumplan con resoluciones que son inatacables.<\/p>\n<p>\u201cVeremos qu\u00e9 postura toma el INAI ante lo que nosotros consideramos que es un claro incumplimiento de lo resuelto por los comisionados. Y dependiendo de esa respuesta podr\u00edamos incluso interponer una demanda de amparo\u201d, se\u00f1al\u00f3 Vel\u00e1zquez Moreno.<\/p>\n<p>\u00cdndice de letalidad y otros pendientes<\/p>\n<p>Otro dato que la Secretar\u00eda de la Defensa Nacional se ha negado a proporcionar es el del n\u00famero de civiles muertos y lesionados en enfrentamientos con el Ej\u00e9rcito, en los \u00faltimos a\u00f1os.<\/p>\n<p>Animal Pol\u00edtico public\u00f3<\/p>\n<p>Art\u00edculo 19 y el CIDE tambi\u00e9n presentaron una solicitud en la que requieren esta informaci\u00f3n detallada. Tras la negativa de la Sedena a proporcionar estos datos promovieron un recurso de revisi\u00f3n, lo que deriv\u00f3 en la decisi\u00f3n del INAI de revocar dicha respuesta y ordenarle a la dependencia que busque y presente esta estad\u00edstica.<\/p>\n<p>De acuerdo con Vel\u00e1zquez Moreno, el pr\u00f3ximo 11 de abril vence el plazo para que la Defensa Nacional d\u00e9 a conocer esta informaci\u00f3n. Adelant\u00f3 que de persistir la opacidad en el tema seguir\u00e1n la misma estrategia que en las otras solicitudes, por lo que tampoco descartan presentar una demanda de amparo de ser necesario.<\/p>\n<p>La abogada revel\u00f3 a su vez que la Defensa tampoco quiso proporcionar la informaci\u00f3n que se le requiri\u00f3 sobre el lugar de origen de los elementos que tiene a su cargo, solicitud que actualmente est\u00e1 bajo revisi\u00f3n del INAI.<\/p>\n","protected":false},"excerpt":{"rendered":"<p>Por: Arturo Angel \/ Animal Pol\u00edtico La Secretar\u00eda de la Defensa Nacional (Sedena) rechaz\u00f3 nuevamente dar a conocer los informes sobre uso de la fuerza en los enfrentamientos que ha &hellip; <a href=\"https:\/\/www.grieta.org.mx\/index.php\/2019\/04\/11\/sedena-insiste-en-negar-datos-sobre-uso-de-la-fuerza-en-enfrentamientos-pese-a-orden-del-inai\/\" class=\"more-link\">Leer m\u00e1s<\/a><\/p>\n","protected":false},"author":2,"featured_media":32075,"comment_status":"closed","ping_status":"closed","sticky":false,"template":"","format":"standard","meta":{"ngg_post_thumbnail":0,"_jetpack_newsletter_access":"","_jetpack_dont_email_post_to_subs":false,"_jetpack_newsletter_tier_id":0,"_jetpack_memberships_contains_paywalled_content":false,"_jetpack_memberships_contains_paid_content":false,"footnotes":""},"categories":[80,912,83],"tags":[2295,1034],"class_list":["post-32074","post","type-post","status-publish","format-standard","has-post-thumbnail","hentry","category-cintillo","category-militarizacion","category-temas-nacionales","tag-guardia-nacional","tag-violencias-de-fuerzas-represivas","entry"],"jetpack_featured_media_url":"https:\/\/www.grieta.org.mx\/wp-content\/uploads\/2019\/04\/direct-13.jpg","jetpack_sharing_enabled":true,"jetpack_shortlink":"https:\/\/wp.me\/p7ZJR4-8lk","jetpack_likes_enabled":false,"jetpack-related-posts":[{"id":7768,"url":"https:\/\/www.grieta.org.mx\/index.php\/2016\/03\/13\/inai-ordena-a-sedena-entregar-version-publica-de-partes-militares-implicados-en-ataque-de-ostula\/","url_meta":{"origin":32074,"position":0},"title":"INAI ordena a Sedena entregar versi\u00f3n publica de partes militares implicados en ataque de Ostula","author":"Admin","date":"13 marzo, 2016","format":false,"excerpt":"Este domingo, el Instituto Nacional de Transparencia, Acceso a la Informaci\u00f3n y Protecci\u00f3n de Datos Personales (INAI) ha dado a conocer que instruy\u00f3 a la Secretar\u00eda de la Defensa Nacional (Sedena) entregar versi\u00f3n p\u00fablica de los partes militares sobre los hechos acontecidos en Ostula, Michoac\u00e1n, el 19 de julio de\u2026","rel":"","context":"En &quot;CINTILLO&quot;","block_context":{"text":"CINTILLO","link":"https:\/\/www.grieta.org.mx\/index.php\/category\/cintillo\/"},"img":{"alt_text":"","src":"https:\/\/i0.wp.com\/www.grieta.org.mx\/wp-content\/uploads\/2018\/03\/14524434_1106112876131411_958039263622046936_o.jpg?resize=350%2C200&ssl=1","width":350,"height":200,"srcset":"https:\/\/i0.wp.com\/www.grieta.org.mx\/wp-content\/uploads\/2018\/03\/14524434_1106112876131411_958039263622046936_o.jpg?resize=350%2C200&ssl=1 1x, https:\/\/i0.wp.com\/www.grieta.org.mx\/wp-content\/uploads\/2018\/03\/14524434_1106112876131411_958039263622046936_o.jpg?resize=525%2C300&ssl=1 1.5x, https:\/\/i0.wp.com\/www.grieta.org.mx\/wp-content\/uploads\/2018\/03\/14524434_1106112876131411_958039263622046936_o.jpg?resize=700%2C400&ssl=1 2x"},"classes":[]},{"id":696,"url":"https:\/\/www.grieta.org.mx\/index.php\/2015\/09\/17\/los-encargados-de-la-transparencia-y-acceso-a-la-informacion-ratifican-la-reserva-por-6-meses-a-datos-sobre-tlatlaya\/","url_meta":{"origin":32074,"position":1},"title":"Los encargados de la transparencia y acceso a la informaci\u00f3n ratifican la reserva por 6 meses a datos sobre Tlatlaya","author":"grieta","date":"17 septiembre, 2015","format":false,"excerpt":"El pleno del Instituto Nacional de Transparencia, Acceso a la Informaci\u00f3n y Protecci\u00f3n de Datos Personales (Inai) determin\u00f3 por cuatro votos a favor y tres en contra, ratificar la reserva de seis meses a datos sobre el caso Tlatlaya. Por tercera ocasi\u00f3n se revisaron los dos recursos de apelaci\u00f3n que\u2026","rel":"","context":"En &quot;CINTILLO&quot;","block_context":{"text":"CINTILLO","link":"https:\/\/www.grieta.org.mx\/index.php\/category\/cintillo\/"},"img":{"alt_text":"","src":"https:\/\/i0.wp.com\/www.grieta.org.mx\/wp-content\/uploads\/2018\/03\/14524434_1106112876131411_958039263622046936_o.jpg?resize=350%2C200&ssl=1","width":350,"height":200,"srcset":"https:\/\/i0.wp.com\/www.grieta.org.mx\/wp-content\/uploads\/2018\/03\/14524434_1106112876131411_958039263622046936_o.jpg?resize=350%2C200&ssl=1 1x, https:\/\/i0.wp.com\/www.grieta.org.mx\/wp-content\/uploads\/2018\/03\/14524434_1106112876131411_958039263622046936_o.jpg?resize=525%2C300&ssl=1 1.5x, https:\/\/i0.wp.com\/www.grieta.org.mx\/wp-content\/uploads\/2018\/03\/14524434_1106112876131411_958039263622046936_o.jpg?resize=700%2C400&ssl=1 2x"},"classes":[]},{"id":3113,"url":"https:\/\/www.grieta.org.mx\/index.php\/2015\/09\/30\/el-amparo-de-grupo-higa-para-evitar-transparentar-credito-es-procedente-dice-inai\/","url_meta":{"origin":32074,"position":2},"title":"El amparo de Grupo Higa para evitar transparentar cr\u00e9dito es procedente, dice Inai","author":"grieta","date":"30 septiembre, 2015","format":false,"excerpt":"Daniela Barrag\u00e1n El Comisionado del Inai Joel Salas asegur\u00f3 que el amparo que concedi\u00f3 una juez para evitar que Banobras publicara informaci\u00f3n sobre obra de Higa es procedente y el proceso puede durar meses. Ciudad de M\u00e9xico, 30 de septiembre (SinEmbargo).\u2013 El amparo promovido por Autopistas de Vanguardia, filial de\u2026","rel":"","context":"En &quot;CINTILLO&quot;","block_context":{"text":"CINTILLO","link":"https:\/\/www.grieta.org.mx\/index.php\/category\/cintillo\/"},"img":{"alt_text":"","src":"https:\/\/i0.wp.com\/www.grieta.org.mx\/wp-content\/uploads\/2018\/03\/14524434_1106112876131411_958039263622046936_o.jpg?resize=350%2C200&ssl=1","width":350,"height":200,"srcset":"https:\/\/i0.wp.com\/www.grieta.org.mx\/wp-content\/uploads\/2018\/03\/14524434_1106112876131411_958039263622046936_o.jpg?resize=350%2C200&ssl=1 1x, https:\/\/i0.wp.com\/www.grieta.org.mx\/wp-content\/uploads\/2018\/03\/14524434_1106112876131411_958039263622046936_o.jpg?resize=525%2C300&ssl=1 1.5x, https:\/\/i0.wp.com\/www.grieta.org.mx\/wp-content\/uploads\/2018\/03\/14524434_1106112876131411_958039263622046936_o.jpg?resize=700%2C400&ssl=1 2x"},"classes":[]},{"id":697,"url":"https:\/\/www.grieta.org.mx\/index.php\/2015\/07\/24\/tlatlaya-la-orden-es-abatir-y-se-ha-cumplido-sin-novedad\/","url_meta":{"origin":32074,"position":3},"title":"Tlatlaya: La orden es abatir y se ha cumplido sin novedad","author":"grieta","date":"24 julio, 2015","format":false,"excerpt":"CELSO ALVARADO En el marco del primer aniversario del caso Tlatlaya, el Centro de Derechos Humanos Miguel Agust\u00edn Pro Ju\u00e1rez, public\u00f3 un informe que oblig\u00f3 al titular de la Secretar\u00eda de la Defensa Nacional (Sedena), el General Salvador Cienfuegos, a declarar sobre lo que aconteci\u00f3 aquel 30 de Junio del\u2026","rel":"","context":"En &quot;CINTILLO&quot;","block_context":{"text":"CINTILLO","link":"https:\/\/www.grieta.org.mx\/index.php\/category\/cintillo\/"},"img":{"alt_text":"","src":"https:\/\/i0.wp.com\/www.grieta.org.mx\/wp-content\/uploads\/2018\/03\/14524434_1106112876131411_958039263622046936_o.jpg?resize=350%2C200&ssl=1","width":350,"height":200,"srcset":"https:\/\/i0.wp.com\/www.grieta.org.mx\/wp-content\/uploads\/2018\/03\/14524434_1106112876131411_958039263622046936_o.jpg?resize=350%2C200&ssl=1 1x, https:\/\/i0.wp.com\/www.grieta.org.mx\/wp-content\/uploads\/2018\/03\/14524434_1106112876131411_958039263622046936_o.jpg?resize=525%2C300&ssl=1 1.5x, https:\/\/i0.wp.com\/www.grieta.org.mx\/wp-content\/uploads\/2018\/03\/14524434_1106112876131411_958039263622046936_o.jpg?resize=700%2C400&ssl=1 2x"},"classes":[]},{"id":67872,"url":"https:\/\/www.grieta.org.mx\/index.php\/2023\/10\/06\/tren-maya-sedena-incrementara-seguridad-en-quintana-roo-con-mas-de-3-mil-elementos\/","url_meta":{"origin":32074,"position":4},"title":"Tren Maya: Sedena incrementar\u00e1 seguridad en Quintana Roo con m\u00e1s de 3 mil elementos","author":"grieta","date":"6 octubre, 2023","format":false,"excerpt":"Con la inauguraci\u00f3n del Tren Maya que se dar\u00e1 durante diciembre, el Secretario de la Defensa Nacional de M\u00e9xico Luis Cresencio Sandoval inform\u00f3 que en Quintana Roo se incrementar\u00e1 la seguridad con la presencia de la Guardia Nacional, pues habr\u00e1 tres nuevas bases a\u00e9reas. De acuerdo con los datos del\u2026","rel":"","context":"En &quot;CINTILLO&quot;","block_context":{"text":"CINTILLO","link":"https:\/\/www.grieta.org.mx\/index.php\/category\/cintillo\/"},"img":{"alt_text":"","src":"https:\/\/i0.wp.com\/www.grieta.org.mx\/wp-content\/uploads\/2023\/10\/TrenMalla-e1696860496274.jpg?resize=350%2C200&ssl=1","width":350,"height":200,"srcset":"https:\/\/i0.wp.com\/www.grieta.org.mx\/wp-content\/uploads\/2023\/10\/TrenMalla-e1696860496274.jpg?resize=350%2C200&ssl=1 1x, https:\/\/i0.wp.com\/www.grieta.org.mx\/wp-content\/uploads\/2023\/10\/TrenMalla-e1696860496274.jpg?resize=525%2C300&ssl=1 1.5x, https:\/\/i0.wp.com\/www.grieta.org.mx\/wp-content\/uploads\/2023\/10\/TrenMalla-e1696860496274.jpg?resize=700%2C400&ssl=1 2x"},"classes":[]},{"id":65185,"url":"https:\/\/www.grieta.org.mx\/index.php\/2022\/09\/10\/es-oficial-sedena-toma-el-control-de-la-guardia-nacional-amlo-publica-decreto\/","url_meta":{"origin":32074,"position":5},"title":"Es oficial, Sedena toma el control de la Guardia Nacional; AMLO publica decreto","author":"grieta","date":"10 septiembre, 2022","format":false,"excerpt":"Redacci\u00f3n\/Animal Pol\u00edtico 10 septiembre 2022 La incorporaci\u00f3n de la Guardia Nacional a la Secretar\u00eda de Defensa Nacional (Sedena) se hizo oficial, luego de que la noche de este viernes el presidente Andr\u00e9s Manuel L\u00f3pez Obrador publicara el decreto en el Diario Oficial de la Federaci\u00f3n (DOF). Con la publicaci\u00f3n de\u2026","rel":"","context":"En &quot;CINTILLO&quot;","block_context":{"text":"CINTILLO","link":"https:\/\/www.grieta.org.mx\/index.php\/category\/cintillo\/"},"img":{"alt_text":"","src":"https:\/\/i0.wp.com\/www.grieta.org.mx\/wp-content\/uploads\/2022\/09\/sedena-guardia-nacional-amlo-decreto.webp?resize=350%2C200&ssl=1","width":350,"height":200,"srcset":"https:\/\/i0.wp.com\/www.grieta.org.mx\/wp-content\/uploads\/2022\/09\/sedena-guardia-nacional-amlo-decreto.webp?resize=350%2C200&ssl=1 1x, https:\/\/i0.wp.com\/www.grieta.org.mx\/wp-content\/uploads\/2022\/09\/sedena-guardia-nacional-amlo-decreto.webp?resize=525%2C300&ssl=1 1.5x, https:\/\/i0.wp.com\/www.grieta.org.mx\/wp-content\/uploads\/2022\/09\/sedena-guardia-nacional-amlo-decreto.webp?resize=700%2C400&ssl=1 2x"},"classes":[]}],"_links":{"self":[{"href":"https:\/\/www.grieta.org.mx\/index.php\/wp-json\/wp\/v2\/posts\/32074","targetHints":{"allow":["GET"]}}],"collection":[{"href":"https:\/\/www.grieta.org.mx\/index.php\/wp-json\/wp\/v2\/posts"}],"about":[{"href":"https:\/\/www.grieta.org.mx\/index.php\/wp-json\/wp\/v2\/types\/post"}],"author":[{"embeddable":true,"href":"https:\/\/www.grieta.org.mx\/index.php\/wp-json\/wp\/v2\/users\/2"}],"replies":[{"embeddable":true,"href":"https:\/\/www.grieta.org.mx\/index.php\/wp-json\/wp\/v2\/comments?post=32074"}],"version-history":[{"count":1,"href":"https:\/\/www.grieta.org.mx\/index.php\/wp-json\/wp\/v2\/posts\/32074\/revisions"}],"predecessor-version":[{"id":32076,"href":"https:\/\/www.grieta.org.mx\/index.php\/wp-json\/wp\/v2\/posts\/32074\/revisions\/32076"}],"wp:featuredmedia":[{"embeddable":true,"href":"https:\/\/www.grieta.org.mx\/index.php\/wp-json\/wp\/v2\/media\/32075"}],"wp:attachment":[{"href":"https:\/\/www.grieta.org.mx\/index.php\/wp-json\/wp\/v2\/media?parent=32074"}],"wp:term":[{"taxonomy":"category","embeddable":true,"href":"https:\/\/www.grieta.org.mx\/index.php\/wp-json\/wp\/v2\/categories?post=32074"},{"taxonomy":"post_tag","embeddable":true,"href":"https:\/\/www.grieta.org.mx\/index.php\/wp-json\/wp\/v2\/tags?post=32074"}],"curies":[{"name":"wp","href":"https:\/\/api.w.org\/{rel}","templated":true}]}}