{"id":32070,"date":"2019-04-12T11:45:48","date_gmt":"2019-04-12T16:45:48","guid":{"rendered":"http:\/\/www.grieta.org.mx\/?p=32070"},"modified":"2019-04-12T11:45:48","modified_gmt":"2019-04-12T16:45:48","slug":"jornaleros-entre-pobreza-y-explotacion-michoacan","status":"publish","type":"post","link":"https:\/\/www.grieta.org.mx\/index.php\/2019\/04\/12\/jornaleros-entre-pobreza-y-explotacion-michoacan\/","title":{"rendered":"Jornaleros, entre pobreza y explotaci\u00f3n (Michoac\u00e1n)"},"content":{"rendered":"<p><img loading=\"lazy\" decoding=\"async\" data-attachment-id=\"32071\" data-permalink=\"https:\/\/www.grieta.org.mx\/index.php\/2019\/04\/12\/jornaleros-entre-pobreza-y-explotacion-michoacan\/jornaleros-tanhuato\/\" data-orig-file=\"https:\/\/www.grieta.org.mx\/wp-content\/uploads\/2019\/04\/JORNALEROS-TANHUATO.jpg\" data-orig-size=\"768,479\" data-comments-opened=\"0\" data-image-meta=\"{&quot;aperture&quot;:&quot;0&quot;,&quot;credit&quot;:&quot;&quot;,&quot;camera&quot;:&quot;&quot;,&quot;caption&quot;:&quot;&quot;,&quot;created_timestamp&quot;:&quot;0&quot;,&quot;copyright&quot;:&quot;&quot;,&quot;focal_length&quot;:&quot;0&quot;,&quot;iso&quot;:&quot;0&quot;,&quot;shutter_speed&quot;:&quot;0&quot;,&quot;title&quot;:&quot;&quot;,&quot;orientation&quot;:&quot;0&quot;}\" data-image-title=\"JORNALEROS TANHUATO\" data-image-description=\"\" data-image-caption=\"\" data-medium-file=\"https:\/\/www.grieta.org.mx\/wp-content\/uploads\/2019\/04\/JORNALEROS-TANHUATO-300x187.jpg\" data-large-file=\"https:\/\/www.grieta.org.mx\/wp-content\/uploads\/2019\/04\/JORNALEROS-TANHUATO.jpg\" class=\"aligncenter wp-image-32071 size-full\" src=\"http:\/\/www.grieta.org.mx\/wp-content\/uploads\/2019\/04\/JORNALEROS-TANHUATO.jpg\" alt=\"\" width=\"768\" height=\"479\" srcset=\"https:\/\/www.grieta.org.mx\/wp-content\/uploads\/2019\/04\/JORNALEROS-TANHUATO.jpg 768w, https:\/\/www.grieta.org.mx\/wp-content\/uploads\/2019\/04\/JORNALEROS-TANHUATO-300x187.jpg 300w\" sizes=\"auto, (max-width: 768px) 100vw, 768px\" \/><\/p>\n<blockquote><p><strong>En Michoac\u00e1n hay m\u00e1s de 260 mil trabajadores del sector agr\u00edcola que no son atendidos por autoridades federales, estatales y municipales <\/strong><\/p><\/blockquote>\n<p>DANIELA OSORIO\/ El Sol de Zamora, 12 de abril de 2019<\/p>\n<p>El a\u00f1o pasado, una familia humilde de cinco integrantes pernoct\u00f3 por tres d\u00edas bajo un \u00e1rbol afuera de las oficinas del DIF municipal de Morelia, y fue hasta que los propios trabajadores de la dependencia se acercaron a ellos para ofrecerles comida, cuando se enteraron de que esperaban el momento de tomar valor para dejar a sus hijos en esas oficinas y seguir su camino.<\/p>\n<p>Los dos padres, muy j\u00f3venes y retra\u00eddos, eran jornaleros agr\u00edcolas que hab\u00edan sido abandonados por su reclutador, indicaron que proven\u00edan de Chiapas y que hab\u00edan sido reclutados para trabajar en la cosecha de temporal, ni siquiera sab\u00edan de qu\u00e9, simplemente fueron convocados desde su comunidad de origen, pod\u00edan llevar s\u00f3lo dos mochilas y a sus tres hijos, menores de seis a\u00f1os, siempre y cuando pudieran trabajar. Subieron a una camioneta repleta de gente y emprendieron el viaje.<\/p>\n<p>Sin embargo, mientras pasaban por Morelia, el reclutador les orden\u00f3 que se bajaran, con todo y ni\u00f1os, pero les asegur\u00f3 que enseguida volver\u00eda por ellos, nunca lo hizo y ellos nunca supieron cu\u00e1l fue la causa.<\/p>\n<p>Por d\u00edas pidieron limosna en la calle, hasta que llegaron al DIF Municipal, no se atrev\u00edan a entrar, simplemente instalaron un improvisado campamento por fuera, donde permanecieron hasta que los trabajadores municipales se percataron de que requer\u00edan ayuda.<\/p>\n<p>En su testimonio, la madre reconoci\u00f3 que ten\u00edan la intenci\u00f3n de dejar a los ni\u00f1os en el DIF, para continuar el camino hacia las cosechas y poder ganar un poco de dinero para su familia, no hab\u00eda entrado a las oficinas en d\u00edas, porque a\u00fan no se atrev\u00eda a abandonarlos, especialmente a la m\u00e1s peque\u00f1a, a\u00fan lactante.<\/p>\n<p>Esta es la realidad de los jornaleros agr\u00edcolas migrantes que pasan por Michoac\u00e1n durante las temporadas de cosecha, y a pesar de que representan uno de los grupos m\u00e1s marginales y vulnerables, el gobierno federal, estatal y municipal no tienen pol\u00edticas p\u00fablicas que sean suficientemente eficaces para disminuir el hacinamiento, violaciones a derechos humanos y condiciones infrahumanas de trabajo a las que son sometidos, especialmente los ni\u00f1os.<\/p>\n<p>Seg\u00fan el \u201cPrimer Informe Violaci\u00f3n de Derechos de las y los Jornaleros Agr\u00edcolas en M\u00e9xico\u201d,publicado en 2019 y realizado por la Red Nacional de Jornaleros y JornalerasAgr\u00edcolas, en 2017 Michoac\u00e1n registraba alrededor de 260 mil trabajadores de este tipo, es decir 60 mil m\u00e1s que lo que report\u00f3 el Consejo Estatal de Poblaci\u00f3n, en Michoac\u00e1n en 2015.<\/p>\n<p>En el documento se se\u00f1ala que para 2018, Michoac\u00e1n cens\u00f3 a 27 mil 317 jornaleras mujeres y 232 mil 721 hombres, y en 2015 Coespo se\u00f1al\u00f3 que en m\u00e1s de 40% de los casos, los jornaleros migran acompa\u00f1ados de sus familias, que no podr\u00edan subsistir solas y por la posibilidad de que la mujer y los hijos, cuando sea posible, tambi\u00e9n trabajen.<\/p>\n<p>Asimismo, indica que la mayor\u00eda de los jornaleros son j\u00f3venes con menos de 30 a\u00f1os (42%) y si bien muchos viven en pareja y con hijos, no est\u00e1n casados y percib\u00edan salarios menores de 90 pesos al d\u00eda con lo que no pueden vivir dignamente.<\/p>\n<p><strong>DENUNCIAS SIN SOLUCI\u00d3N<\/strong><\/p>\n<p>El informe dela Red Nacional de Jornaleros y Jornaleras Agr\u00edcolas destaca que<\/p>\n<blockquote><p><em><br \/>\n&#8220;A pesar delas continuas denuncias, las autoridades han fallado en tomar acciones concretas en favor de esta poblaci\u00f3n, lo que adem\u00e1s de mantener vigentes las problem\u00e1ticas referidas, ha propiciado el incremento exponencial de la falta de condiciones de seguridad, impidiendo el trabajo presencial que realizan las integrantes de la Red Solidaria de Derechos Humanos en el municipio; a la vez que genera una situaci\u00f3n de franca vulnerabilidad para las personas jornaleras que buscan ejercer y defender sus derechos&#8221;<\/em><\/p><\/blockquote>\n<p>El documento se\u00f1ala que \u201ca lo largo de los tres a\u00f1os del proceso de denuncia, se han hecho se\u00f1alamientos urgentes: los cobros irregulares en albergues, la falta de acceso a servicios de salud, alimentaci\u00f3n, vivienda y educaci\u00f3n, dignos y suficientes; la inexistencia de un instrumento regulatorio que sea respetuoso de los derechos humanos y establezca con claridad los derechos y obligaciones de las personas usuarias del albergue; as\u00ed como el riesgo que conlleva para las familias encontrarse en un espacio francamente hostil, en el que las amenazas, los actos de hostigamiento y las intimidaciones son pr\u00e1ctica cotidiana\u201d.<\/p>\n<p>Entre 2016 y 2018 en el municipio de Tanhuato se instal\u00f3 la Red Solidaria de Derechos Humanos para brindar acompa\u00f1amiento a los jornaleros en las denuncias de amenazas y hostigamientos, que se reportaron en uno de los albergues, no obstante, reportaron que se les impidi\u00f3 el trabajo presencial a los integrantes de dicha red.<\/p>\n<blockquote><p><em>&#8220;Lejos de conseguir este objetivo, la inacci\u00f3n de autoridades federales, estatales y municipales result\u00f3 en amenazas a la vida de las personas jornaleras que decidieron denunciar su situaci\u00f3n, as\u00ed como de integrantes de la Red Solidaria; lo que ha obligado a detener el acompa\u00f1amiento directo, dificultando seriamente la labor de defensa de los derechos de la poblaci\u00f3n jornalera agr\u00edcola migrante.&#8221;<\/em><\/p><\/blockquote>\n<p>se reporta en el informe \u201cPrimer Informe Violaci\u00f3n de Derechos de las y los Jornaleros Agr\u00edcolas en M\u00e9xico\u201dpublicado en 2019.<\/p>\n<p><strong>LOS OLVIDADOS Y EXPLOTADOS<\/strong><\/p>\n<p>En otro estudio emitido en 2018 por la Comisi\u00f3n Nacional de Derechos Humanos, llamado \u201cLa intervenci\u00f3n de las autoridades del trabajo en la prevenci\u00f3n de la trata de personas y la detecci\u00f3n de posibles v\u00edctimas en campos agr\u00edcolas\u201d, se registr\u00f3 que Michoac\u00e1n fue una de las tres entidades cuyas autoridades del trabajo no realizan acciones para la detecci\u00f3n, identificaci\u00f3n y prevenci\u00f3n de posibles casos de trata de personas con fines de explotaci\u00f3n laboral, trabajoso servicios forzados y\/o esclavitud.<\/p>\n<p>En los municipios donde se concentran estos trabajadores existen albergues y, quienes alcanzan lugar, comparten los dormitorios con varias familias, algunos rentan, y otros tantos construyen viviendas improvisadas. En ninguno de los casos se re\u00fanen condiciones m\u00ednimas para vivir.<\/p>\n<p>El excedente de ingreso que se obtiene con el trabajo infantil y de la esposa permite la sobre vivencia de la unidad familiar en los periodos donde no hay empleo, lo que coloca a mujeres y ni\u00f1os en circunstancias a\u00fan m\u00e1s vulnerables, ya que com\u00fanmente mujeres, embarazadas y ni\u00f1os trabajan con substancias qu\u00edmicas, maquinaria pesada, y expuestos a los elementos en condiciones deplorables.<\/p>\n<p>El Informe deInvestigaci\u00f3n sobre Poblaci\u00f3n Jornalera Agr\u00edcola Migrante, que public\u00f3 Coespoen 2015, destac\u00f3 que hay 58 municipios michoacanos que han alcanzado alg\u00fan nivel de desarrollo en la agricultura comercial, y donde m\u00e1s de 80% de los trabajadores est\u00e1n en condici\u00f3n de jornaleros agr\u00edcolas migrantes.<\/p>\n<p>De estos, 59.9% son originarios de la propia entidad, provenientes de los municipios con alto rezago social y desempleo, por tanto, s\u00f3lo 41% de los jornaleros que trabajan en Michoac\u00e1n provienen de otras entidades, particularmente de Guerrero, Hidalgo, Guanajuato, Jalisco, Oaxaca, Chiapas y San Luis Potos\u00ed.<\/p>\n<p><strong>ENTRESACADO<\/strong><\/p>\n<p>De acuerdo con el \u201cPrimer informe Violaci\u00f3n de Derechos de las y los Jornaleros Agr\u00edcolas en M\u00e9xico 2019\u201d, 56% de la poblaci\u00f3n jornalera, se concentra en ocho estados:Veracruz, Michoac\u00e1n, Jalisco, Estado de M\u00e9xico, Sinaloa y Sonora.<\/p>\n<p>Asimismo, las principales entidades expulsadoras y receptoras de jornaleros son: Michoac\u00e1n, Puebla, Nayarit, Morelos, San Luis Potos\u00ed y Veracruz.<\/p>\n<p>RECUADRO<\/p>\n<p><strong>\u00bfQu\u00e9 dice la Ley Federal del Trabajo?<\/strong><\/p>\n<p>A pesar de que se reform\u00f3 la Ley Federal del Trabajo en noviembre de 2012 para mejorar sus condiciones de vida, al darles el reconocimiento como trabajadores mexicanos, este sector continu\u00f3 siendo invisible para las pol\u00edticas p\u00fablicas<\/p>\n<p>La ley contempla conceptos como \u201ctrabajo decente\u201d, \u201crespeto a la dignidad humana\u201d, \u201cno discriminaci\u00f3n\u201d, \u201cacceso a la seguridad social, capacitaci\u00f3n continua, seguridad e higiene\u201d, todo ello es letra muerta al echar un simple vistazo delas condiciones en las que viven los jornaleros.<\/p>\n<p>Sin embargo, la reforma s\u00ed contempla la regulaci\u00f3n del \u201coutsurcing\u201d, que es el esquema bajo el que tradicionalmente laboral estos jornaleros, pues hist\u00f3ricamente, al no haber ninguna regulaci\u00f3n de este esquema, los capataces y subcontratistas se manten\u00edan al margen de la ley, violentando derechos como la jornada de ocho horas, horas para comer, d\u00edas de descanso y licencias por maternidad.<br \/>\n<strong><br \/>\nNUMERALIA<\/strong><\/p>\n<p>CRUDA REALIDAD<\/p>\n<p>MICHOAC\u00c1N<\/p>\n<p>27,317Mujeres<br \/>\n232,721Hombres<br \/>\n260,037 Total<\/p>\n<p>NACIONAL<\/p>\n<p>307,373Mujeres<br \/>\n2,684,680Hombres<br \/>\n2,992,053Total<\/p>\n<p><a href=\"https:\/\/www.elsoldezamora.com.mx\/local\/jornaleros-entre-pobreza-y-explotacion-3313015.html\">https:\/\/www.elsoldezamora.com.mx\/local\/jornaleros-entre-pobreza-y-explotacion-3313015.html<\/a><\/p>\n","protected":false},"excerpt":{"rendered":"<p>En Michoac\u00e1n hay m\u00e1s de 260 mil trabajadores del sector agr\u00edcola que no son atendidos por autoridades federales, estatales y municipales DANIELA OSORIO\/ El Sol de Zamora, 12 de abril &hellip; <a href=\"https:\/\/www.grieta.org.mx\/index.php\/2019\/04\/12\/jornaleros-entre-pobreza-y-explotacion-michoacan\/\" class=\"more-link\">Leer m\u00e1s<\/a><\/p>\n","protected":false},"author":2,"featured_media":32071,"comment_status":"closed","ping_status":"closed","sticky":false,"template":"","format":"standard","meta":{"ngg_post_thumbnail":0,"_jetpack_newsletter_access":"","_jetpack_dont_email_post_to_subs":false,"_jetpack_newsletter_tier_id":0,"_jetpack_memberships_contains_paywalled_content":false,"_jetpack_memberships_contains_paid_content":false,"footnotes":""},"categories":[80,16,20,1604,2319,2315,2303,2468,1987,82,21,30,31,35],"tags":[204,1386,1290],"class_list":{"0":"post-32070","1":"post","2":"type-post","3":"status-publish","4":"format-standard","5":"has-post-thumbnail","6":"hentry","7":"category-cintillo","8":"category-estado-de-mexico","9":"category-jalisco","10":"category-jornaleros-en-michoacan-michoacan","11":"category-jornaleros-en-sonora","12":"category-la-ninez-bajo-la-tormenta-capitalista-en-el-estado-de-mexico","13":"category-la-ninez-en-la-tormenta-en-jalisco","14":"category-la-ninez-en-la-tormenta-en-michoacan","15":"category-la-ninez-en-la-tormenta-en-veracruz","16":"category-michoacan","18":"category-sinaloa","19":"category-sonora","20":"category-veracruz","21":"tag-jornaleros","22":"tag-ninos-jornaleros","23":"tag-precariedad-laboral","24":"entry"},"jetpack_featured_media_url":"https:\/\/www.grieta.org.mx\/wp-content\/uploads\/2019\/04\/JORNALEROS-TANHUATO.jpg","jetpack_sharing_enabled":true,"jetpack_shortlink":"https:\/\/wp.me\/p7ZJR4-8lg","jetpack_likes_enabled":false,"jetpack-related-posts":[{"id":35431,"url":"https:\/\/www.grieta.org.mx\/index.php\/2019\/06\/12\/dia-mundial-contra-el-trabajo-infantil-en-michoacan-trabajan-100-mil\/","url_meta":{"origin":32070,"position":0},"title":"D\u00eda Mundial Contra el Trabajo Infantil: en Michoac\u00e1n trabajan 100 mil","author":"grieta","date":"12 junio, 2019","format":false,"excerpt":"Dalia Villegas Moreno\/Quadrat\u00edn, 12 de junio de 2019 MORELIA, Mich., 12 de junio de 2019.- De acuerdo con el Consejo Estatal de Poblaci\u00f3n (Coespo), en Michoac\u00e1n trabajan alrededor de 100 mil ni\u00f1os, principalmente en los campos agr\u00edcolas donde se desempe\u00f1an como jornaleros. En el Marco del D\u00eda Mundial Contra el\u2026","rel":"","context":"En &quot;CINTILLO&quot;","block_context":{"text":"CINTILLO","link":"https:\/\/www.grieta.org.mx\/index.php\/category\/cintillo\/"},"img":{"alt_text":"","src":"https:\/\/i0.wp.com\/www.grieta.org.mx\/wp-content\/uploads\/2019\/06\/trabajo-infantil-1160x700.jpg?resize=350%2C200&ssl=1","width":350,"height":200,"srcset":"https:\/\/i0.wp.com\/www.grieta.org.mx\/wp-content\/uploads\/2019\/06\/trabajo-infantil-1160x700.jpg?resize=350%2C200&ssl=1 1x, https:\/\/i0.wp.com\/www.grieta.org.mx\/wp-content\/uploads\/2019\/06\/trabajo-infantil-1160x700.jpg?resize=525%2C300&ssl=1 1.5x, https:\/\/i0.wp.com\/www.grieta.org.mx\/wp-content\/uploads\/2019\/06\/trabajo-infantil-1160x700.jpg?resize=700%2C400&ssl=1 2x, https:\/\/i0.wp.com\/www.grieta.org.mx\/wp-content\/uploads\/2019\/06\/trabajo-infantil-1160x700.jpg?resize=1050%2C600&ssl=1 3x"},"classes":[]},{"id":35949,"url":"https:\/\/www.grieta.org.mx\/index.php\/2019\/04\/15\/tanhuato-y-yurecuaro-rebasados-para-atender-a-jornaleros-agricolas-michoacan\/","url_meta":{"origin":32070,"position":1},"title":"Tanhuato y Yur\u00e9cuaro, rebasados para atender a jornaleros agr\u00edcolas (Michoac\u00e1n)","author":"grieta","date":"15 abril, 2019","format":false,"excerpt":"La CEDH acepta que en los municipios no existen las condiciones adecuadas en los albergues DANIELA OSORIO \/ El Sol de Michoac\u00e1n, 15 de abril de 2019 Los municipios receptores de jornaleros agr\u00edcolas se encuentran rebasados por la cantidad de personas que hay en este sector, y sin apoyo de\u2026","rel":"","context":"En &quot;CINTILLO&quot;","block_context":{"text":"CINTILLO","link":"https:\/\/www.grieta.org.mx\/index.php\/category\/cintillo\/"},"img":{"alt_text":"","src":"https:\/\/i0.wp.com\/www.grieta.org.mx\/wp-content\/uploads\/2019\/07\/JORNALEROS-YURECUARO.jpg?resize=350%2C200&ssl=1","width":350,"height":200,"srcset":"https:\/\/i0.wp.com\/www.grieta.org.mx\/wp-content\/uploads\/2019\/07\/JORNALEROS-YURECUARO.jpg?resize=350%2C200&ssl=1 1x, https:\/\/i0.wp.com\/www.grieta.org.mx\/wp-content\/uploads\/2019\/07\/JORNALEROS-YURECUARO.jpg?resize=525%2C300&ssl=1 1.5x, https:\/\/i0.wp.com\/www.grieta.org.mx\/wp-content\/uploads\/2019\/07\/JORNALEROS-YURECUARO.jpg?resize=700%2C400&ssl=1 2x"},"classes":[]},{"id":38227,"url":"https:\/\/www.grieta.org.mx\/index.php\/2019\/08\/24\/en-pobreza-riesgo-y-condiciones-deplorables-persiste-el-trabajo-jornalero-en-michoacan\/","url_meta":{"origin":32070,"position":2},"title":"En pobreza, riesgo y condiciones deplorables, persiste el trabajo jornalero en Michoac\u00e1n","author":"grieta","date":"24 agosto, 2019","format":false,"excerpt":"Redacci\u00f3n\/ La Voz de Michoac\u00e1n, 23 de agosto de 2019 Michoac\u00e1n. La esclavitud moderna tiene muchos rostros, uno de ellos es el trabajo jornalero. Son alrededor de 250 mil los que laboran en tierras michoacanas, de \u00e9stos una quinta parte son menores de edad, de acuerdo a cifras oficiales. En\u2026","rel":"","context":"En &quot;CINTILLO&quot;","block_context":{"text":"CINTILLO","link":"https:\/\/www.grieta.org.mx\/index.php\/category\/cintillo\/"},"img":{"alt_text":"","src":"https:\/\/i0.wp.com\/www.grieta.org.mx\/wp-content\/uploads\/2019\/08\/jornaleros-los-reyes.jpg?resize=350%2C200&ssl=1","width":350,"height":200,"srcset":"https:\/\/i0.wp.com\/www.grieta.org.mx\/wp-content\/uploads\/2019\/08\/jornaleros-los-reyes.jpg?resize=350%2C200&ssl=1 1x, https:\/\/i0.wp.com\/www.grieta.org.mx\/wp-content\/uploads\/2019\/08\/jornaleros-los-reyes.jpg?resize=525%2C300&ssl=1 1.5x, https:\/\/i0.wp.com\/www.grieta.org.mx\/wp-content\/uploads\/2019\/08\/jornaleros-los-reyes.jpg?resize=700%2C400&ssl=1 2x"},"classes":[]},{"id":32612,"url":"https:\/\/www.grieta.org.mx\/index.php\/2019\/04\/22\/ninos-jornaleros-las-victimas-silenciosas-michoacan\/","url_meta":{"origin":32070,"position":3},"title":"Ni\u00f1os jornaleros, las v\u00edctimas silenciosas (Michoac\u00e1n)","author":"grieta","date":"22 abril, 2019","format":false,"excerpt":"Los peque\u00f1os no tienen acceso a servicios elementales, y com\u00fanmente ni siquiera tienen identidad El sol de Zamora, lunes 22 de abril de 2019 DANIELA OSORIO Adelicia ten\u00eda tan solo seis a\u00f1os cuando muri\u00f3 ahogada en un aljibe que se encontraba al interior del albergue de jornaleros agr\u00edcolas de Yur\u00e9cuaro.\u2026","rel":"","context":"En &quot;CINTILLO&quot;","block_context":{"text":"CINTILLO","link":"https:\/\/www.grieta.org.mx\/index.php\/category\/cintillo\/"},"img":{"alt_text":"","src":"https:\/\/i0.wp.com\/www.grieta.org.mx\/wp-content\/uploads\/2019\/04\/Guerrero-cosecha.jpg?resize=350%2C200&ssl=1","width":350,"height":200,"srcset":"https:\/\/i0.wp.com\/www.grieta.org.mx\/wp-content\/uploads\/2019\/04\/Guerrero-cosecha.jpg?resize=350%2C200&ssl=1 1x, https:\/\/i0.wp.com\/www.grieta.org.mx\/wp-content\/uploads\/2019\/04\/Guerrero-cosecha.jpg?resize=525%2C300&ssl=1 1.5x, https:\/\/i0.wp.com\/www.grieta.org.mx\/wp-content\/uploads\/2019\/04\/Guerrero-cosecha.jpg?resize=700%2C400&ssl=1 2x"},"classes":[]},{"id":16495,"url":"https:\/\/www.grieta.org.mx\/index.php\/2016\/07\/01\/fallece-hija-de-jornaleros-en-fresnillo\/","url_meta":{"origin":32070,"position":4},"title":"Fallece hija de jornaleros en Fresnillo","author":"grieta","date":"1 julio, 2016","format":false,"excerpt":"STAFF\/NTRZACATECAS.COM Fresnillo. \u2013 A las 2 horas de este jueves se registr\u00f3 la primera muerte del a\u00f1o de un infante cuyos padres son jornaleros. Se trata de una ni\u00f1a de 3 meses quien perdi\u00f3 la vida al sufrir bronco aspiraci\u00f3n. Los progenitores son jornaleros del Estado de Guerrero, pero trabajan\u2026","rel":"","context":"En &quot;CINTILLO&quot;","block_context":{"text":"CINTILLO","link":"https:\/\/www.grieta.org.mx\/index.php\/category\/cintillo\/"},"img":{"alt_text":"","src":"https:\/\/i0.wp.com\/www.grieta.org.mx\/wp-content\/uploads\/2018\/03\/14524434_1106112876131411_958039263622046936_o.jpg?resize=350%2C200&ssl=1","width":350,"height":200,"srcset":"https:\/\/i0.wp.com\/www.grieta.org.mx\/wp-content\/uploads\/2018\/03\/14524434_1106112876131411_958039263622046936_o.jpg?resize=350%2C200&ssl=1 1x, https:\/\/i0.wp.com\/www.grieta.org.mx\/wp-content\/uploads\/2018\/03\/14524434_1106112876131411_958039263622046936_o.jpg?resize=525%2C300&ssl=1 1.5x, https:\/\/i0.wp.com\/www.grieta.org.mx\/wp-content\/uploads\/2018\/03\/14524434_1106112876131411_958039263622046936_o.jpg?resize=700%2C400&ssl=1 2x"},"classes":[]},{"id":32772,"url":"https:\/\/www.grieta.org.mx\/index.php\/2019\/05\/01\/ninos-jornaleros-20-pesos-diarios-y-apenas-van-a-clases-michoacan\/","url_meta":{"origin":32070,"position":5},"title":"Ni\u00f1os jornaleros: 20 pesos diarios y apenas van a clases (Michoac\u00e1n)","author":"grieta","date":"1 mayo, 2019","format":false,"excerpt":"El Universal, 1\u00ba de mayo de 2019 Coahuayana, Michoac\u00e1n Por unas cuantas monedas, ni\u00f1os mixtecos de seis a\u00f1os en adelante trabajan de sol a sol en los campos del municipio de Coahuayana, Michoac\u00e1n. Salen de su casa a las cinco de la ma\u00f1ana y regresan a las siete de la\u2026","rel":"","context":"En &quot;CINTILLO&quot;","block_context":{"text":"CINTILLO","link":"https:\/\/www.grieta.org.mx\/index.php\/category\/cintillo\/"},"img":{"alt_text":"","src":"https:\/\/i0.wp.com\/www.grieta.org.mx\/wp-content\/uploads\/2019\/05\/direct1.jpg?resize=350%2C200&ssl=1","width":350,"height":200,"srcset":"https:\/\/i0.wp.com\/www.grieta.org.mx\/wp-content\/uploads\/2019\/05\/direct1.jpg?resize=350%2C200&ssl=1 1x, https:\/\/i0.wp.com\/www.grieta.org.mx\/wp-content\/uploads\/2019\/05\/direct1.jpg?resize=525%2C300&ssl=1 1.5x"},"classes":[]}],"_links":{"self":[{"href":"https:\/\/www.grieta.org.mx\/index.php\/wp-json\/wp\/v2\/posts\/32070","targetHints":{"allow":["GET"]}}],"collection":[{"href":"https:\/\/www.grieta.org.mx\/index.php\/wp-json\/wp\/v2\/posts"}],"about":[{"href":"https:\/\/www.grieta.org.mx\/index.php\/wp-json\/wp\/v2\/types\/post"}],"author":[{"embeddable":true,"href":"https:\/\/www.grieta.org.mx\/index.php\/wp-json\/wp\/v2\/users\/2"}],"replies":[{"embeddable":true,"href":"https:\/\/www.grieta.org.mx\/index.php\/wp-json\/wp\/v2\/comments?post=32070"}],"version-history":[{"count":1,"href":"https:\/\/www.grieta.org.mx\/index.php\/wp-json\/wp\/v2\/posts\/32070\/revisions"}],"predecessor-version":[{"id":32073,"href":"https:\/\/www.grieta.org.mx\/index.php\/wp-json\/wp\/v2\/posts\/32070\/revisions\/32073"}],"wp:featuredmedia":[{"embeddable":true,"href":"https:\/\/www.grieta.org.mx\/index.php\/wp-json\/wp\/v2\/media\/32071"}],"wp:attachment":[{"href":"https:\/\/www.grieta.org.mx\/index.php\/wp-json\/wp\/v2\/media?parent=32070"}],"wp:term":[{"taxonomy":"category","embeddable":true,"href":"https:\/\/www.grieta.org.mx\/index.php\/wp-json\/wp\/v2\/categories?post=32070"},{"taxonomy":"post_tag","embeddable":true,"href":"https:\/\/www.grieta.org.mx\/index.php\/wp-json\/wp\/v2\/tags?post=32070"}],"curies":[{"name":"wp","href":"https:\/\/api.w.org\/{rel}","templated":true}]}}