{"id":31980,"date":"2019-04-10T23:36:10","date_gmt":"2019-04-11T04:36:10","guid":{"rendered":"http:\/\/www.grieta.org.mx\/?p=31980"},"modified":"2019-04-10T23:36:10","modified_gmt":"2019-04-11T04:36:10","slug":"desalojan-a-docentes-de-ingles-responden-con-bloqueo-en-la-57-san-luis-potosi","status":"publish","type":"post","link":"https:\/\/www.grieta.org.mx\/index.php\/2019\/04\/10\/desalojan-a-docentes-de-ingles-responden-con-bloqueo-en-la-57-san-luis-potosi\/","title":{"rendered":"Desalojan a docentes de ingl\u00e9s; responden con bloqueo en la 57 (San Luis Potos\u00ed)"},"content":{"rendered":"<p><img loading=\"lazy\" decoding=\"async\" data-attachment-id=\"31981\" data-permalink=\"https:\/\/www.grieta.org.mx\/index.php\/2019\/04\/10\/desalojan-a-docentes-de-ingles-responden-con-bloqueo-en-la-57-san-luis-potosi\/desalojan-a-docentes-de-ingles-responden-con-bloqueo-en-la-57-slp-abr\/\" data-orig-file=\"https:\/\/www.grieta.org.mx\/wp-content\/uploads\/2019\/04\/Desalojan-a-docentes-de-ingl\u00e9s-responden-con-bloqueo-en-la-57-slp-abr.jpg\" data-orig-size=\"696,423\" data-comments-opened=\"0\" data-image-meta=\"{&quot;aperture&quot;:&quot;0&quot;,&quot;credit&quot;:&quot;&quot;,&quot;camera&quot;:&quot;&quot;,&quot;caption&quot;:&quot;&quot;,&quot;created_timestamp&quot;:&quot;0&quot;,&quot;copyright&quot;:&quot;&quot;,&quot;focal_length&quot;:&quot;0&quot;,&quot;iso&quot;:&quot;0&quot;,&quot;shutter_speed&quot;:&quot;0&quot;,&quot;title&quot;:&quot;&quot;,&quot;orientation&quot;:&quot;0&quot;}\" data-image-title=\"Desalojan a docentes de ingl\u00e9s; responden con bloqueo en la 57 slp abr\" data-image-description=\"\" data-image-caption=\"\" data-medium-file=\"https:\/\/www.grieta.org.mx\/wp-content\/uploads\/2019\/04\/Desalojan-a-docentes-de-ingl\u00e9s-responden-con-bloqueo-en-la-57-slp-abr-300x182.jpg\" data-large-file=\"https:\/\/www.grieta.org.mx\/wp-content\/uploads\/2019\/04\/Desalojan-a-docentes-de-ingl\u00e9s-responden-con-bloqueo-en-la-57-slp-abr.jpg\" class=\"alignleft  wp-image-31981\" src=\"http:\/\/www.grieta.org.mx\/wp-content\/uploads\/2019\/04\/Desalojan-a-docentes-de-ingl\u00e9s-responden-con-bloqueo-en-la-57-slp-abr-300x182.jpg\" alt=\"\" width=\"401\" height=\"243\" srcset=\"https:\/\/www.grieta.org.mx\/wp-content\/uploads\/2019\/04\/Desalojan-a-docentes-de-ingl\u00e9s-responden-con-bloqueo-en-la-57-slp-abr-300x182.jpg 300w, https:\/\/www.grieta.org.mx\/wp-content\/uploads\/2019\/04\/Desalojan-a-docentes-de-ingl\u00e9s-responden-con-bloqueo-en-la-57-slp-abr.jpg 696w\" sizes=\"auto, (max-width: 401px) 100vw, 401px\" \/><br \/>\nRub\u00e9n Pacheco \/ Pulso<\/p>\n<blockquote><p>SEGE presenta denuncia por privaci\u00f3n ilegal de la libertad<\/p><\/blockquote>\n<p>Alrededor de 50 profesores del Programa Nacional de ingl\u00e9s (Proni), bloquearon dos carriles de la carretera 57 con direcci\u00f3n de poniente a oriente a la altura de la Terminal Terrestre Potosina (TTP).<\/p>\n<p>Los docentes se ubicaron en el carril central y en el lateral, los que obstruyeron con ocho autom\u00f3viles a fin de evitar el tr\u00e1nsito de veh\u00edculos que provienen sobre todo de la avenida Salvador Nava Mart\u00ednez.<\/p>\n<p>Varios de los conductores se mostraron molestos, por lo cual, emiten palabras altisonantes contra los manifestantes.<br \/>\nPreviamente, hab\u00edan provocado afectaciones viales en la avenida Salvador Nava Mart\u00ednez.<\/p>\n<p>Los catedr\u00e1ticos portaban pancartas donde exig\u00edan ser restituidos en puestos que ten\u00edan, pues debido a la suspensi\u00f3n del programa federal se quedaron sin salario.<\/p>\n<p>Previamente en la ma\u00f1ana fueron desalojados de la Secretar\u00eda de Educaci\u00f3n de Gobierno del estado (SEGE), dependencia en la cual se encontraban manifest\u00e1ndose por dicha problem\u00e1tica.<\/p>\n<p>Indicaron que mantendr\u00e1n la manifestaci\u00f3n, hasta que sus peticiones sean atendidas y solventadas por las autoridades de educaci\u00f3n.<br \/>\nEl Secretario de Educaci\u00f3n de Gobierno del Estado, Joel Ram\u00edrez D\u00edaz dijo que &#8220;hay una radicalizaci\u00f3n de las demandas, las cuales se han convertido ya en acciones ilegales como lo es la obstrucci\u00f3n del servicio que presta la SEGE, adem\u00e1s de la privaci\u00f3n ilegal de la libertad al impedir la salida del personal administrativo el lunes y martes, las demandas que manifiestan los asesores son improcedentes, toda vez que es un tema que pertenece al \u00e1mbito federal, lo cual ya se les ha explicado amplia y detalladamente&#8221;.<\/p>\n<p>Dijo que se ha afectado a la ciudadan\u00eda, pues quienes necesitan realizar un tr\u00e1mite se han visto impedidos para hacerlo, inclusive a quienes vienen de otros municipios a realizarlo, con la afectaci\u00f3n econ\u00f3mica que ello representa, &#8220;adem\u00e1s que se debe procesar la n\u00f3mina para los m\u00e1s de 30 mil docentes del estado, lo cual, de no poderse realizar, generar\u00e1 una afectaci\u00f3n a\u00fan mayor, sin mencionar todos los dem\u00e1s tr\u00e1mites que est\u00e1n detenidos&#8221;.<\/p>\n<p>Se dio a conocer que se present\u00f3 una denuncia ante las autoridades correspondientes por los hechos, entre los que se encuentran: privaci\u00f3n ilegal de la libertad y la obstrucci\u00f3n ilegal del servicio educativo.<\/p>\n<p>El titular de SEGE reiter\u00f3 que el Programa Nacional de Ingl\u00e9s (Proni) es instrumentado por la Secretar\u00eda de Educaci\u00f3n P\u00fablica a nivel federal, que est\u00e1 sujeto a las reglas de operaci\u00f3n que lo rigen y las cuales se cumplen por parte del Gobierno del Estado, pero que no es una decisi\u00f3n que corresponda a San Luis Potos\u00ed modificarlas.<\/p>\n<p>Dijo que el pasado lunes se les ofreci\u00f3 integrar una mesa de trabajo con una comisi\u00f3n conformada por asesores externos para que acudan a la SEP en la Ciudad de M\u00e9xico, donde se les pueda proporcionar mayor informaci\u00f3n y se aclaren las dudas e inquietudes.<\/p>\n<p><a href=\"https:\/\/pulsoslp.com.mx\/slp\/desalojan-a-docentes-de-ingles-responden-con-bloqueo-en-la-57\/918714\" target=\"_blank\" rel=\"noopener noreferrer\">https:\/\/pulsoslp.com.mx\/slp\/desalojan-a-docentes-de-ingles-responden-con-bloqueo-en-la-57\/918714<\/a><\/p>\n","protected":false},"excerpt":{"rendered":"<p>Rub\u00e9n Pacheco \/ Pulso SEGE presenta denuncia por privaci\u00f3n ilegal de la libertad Alrededor de 50 profesores del Programa Nacional de ingl\u00e9s (Proni), bloquearon dos carriles de la carretera 57 &hellip; <a href=\"https:\/\/www.grieta.org.mx\/index.php\/2019\/04\/10\/desalojan-a-docentes-de-ingles-responden-con-bloqueo-en-la-57-san-luis-potosi\/\" class=\"more-link\">Leer m\u00e1s<\/a><\/p>\n","protected":false},"author":2,"featured_media":31981,"comment_status":"closed","ping_status":"closed","sticky":false,"template":"","format":"standard","meta":{"ngg_post_thumbnail":0,"_jetpack_newsletter_access":"","_jetpack_dont_email_post_to_subs":false,"_jetpack_newsletter_tier_id":0,"_jetpack_memberships_contains_paywalled_content":false,"_jetpack_memberships_contains_paid_content":false,"footnotes":""},"categories":[80,910,1273,2,29,141,83],"tags":[163,1290,2450],"class_list":{"0":"post-31980","1":"post","2":"type-post","3":"status-publish","4":"format-standard","5":"has-post-thumbnail","6":"hentry","7":"category-cintillo","8":"category-explotacion-y-precariedad-laboral","9":"category-explotacion-y-precariedad-laboral-en-san-luis-potosi","10":"category-noticias-nacionales","11":"category-san-luis-potosi","13":"category-temas-nacionales","14":"tag-despidos","15":"tag-precariedad-laboral","16":"tag-protesta-maestros","17":"entry"},"jetpack_featured_media_url":"https:\/\/www.grieta.org.mx\/wp-content\/uploads\/2019\/04\/Desalojan-a-docentes-de-ingl\u00e9s-responden-con-bloqueo-en-la-57-slp-abr.jpg","jetpack_sharing_enabled":true,"jetpack_shortlink":"https:\/\/wp.me\/p7ZJR4-8jO","jetpack_likes_enabled":false,"jetpack-related-posts":[{"id":55014,"url":"https:\/\/www.grieta.org.mx\/index.php\/2020\/11\/12\/trabajadores-del-canal-13-de-san-luis-potosi-estallan-huelga-por-adeudo-salarial\/","url_meta":{"origin":31980,"position":0},"title":"Trabajadores del Canal 13 de San Luis Potos\u00ed estallan huelga por adeudo salarial","author":"grieta","date":"12 noviembre, 2020","format":false,"excerpt":"Felipe C\u00e1rdenas\/El Sol de San Luis 12 noviembre 2020 Luego de 25 a\u00f1os de transmitir ininterrumpidamente la se\u00f1al de televisora potosina Canal 13 se apag\u00f3 debido a un estallamiento de huelga por adeudos salariales a la plantilla laboral. El estallamiento de huelga lo encabez\u00f3 el l\u00edder local del Sitatyr, Diego\u2026","rel":"","context":"En &quot;CINTILLO&quot;","block_context":{"text":"CINTILLO","link":"https:\/\/www.grieta.org.mx\/index.php\/category\/cintillo\/"},"img":{"alt_text":"","src":"https:\/\/i0.wp.com\/www.grieta.org.mx\/wp-content\/uploads\/2020\/11\/El-lider-del-Sitatyr-en-SLP-estallo%CC%81-la-huelga.jpg?resize=350%2C200&ssl=1","width":350,"height":200,"srcset":"https:\/\/i0.wp.com\/www.grieta.org.mx\/wp-content\/uploads\/2020\/11\/El-lider-del-Sitatyr-en-SLP-estallo%CC%81-la-huelga.jpg?resize=350%2C200&ssl=1 1x, https:\/\/i0.wp.com\/www.grieta.org.mx\/wp-content\/uploads\/2020\/11\/El-lider-del-Sitatyr-en-SLP-estallo%CC%81-la-huelga.jpg?resize=525%2C300&ssl=1 1.5x, https:\/\/i0.wp.com\/www.grieta.org.mx\/wp-content\/uploads\/2020\/11\/El-lider-del-Sitatyr-en-SLP-estallo%CC%81-la-huelga.jpg?resize=700%2C400&ssl=1 2x"},"classes":[]},{"id":33100,"url":"https:\/\/www.grieta.org.mx\/index.php\/2019\/05\/02\/trabajadores-del-parque-tangamanga-reclaman-salario-san-luis-potosi\/","url_meta":{"origin":31980,"position":1},"title":"Trabajadores del Parque Tangamanga reclaman salario (San Luis Potos\u00ed)","author":"grieta","date":"2 mayo, 2019","format":false,"excerpt":"Plano Informativo Hay una presunta retenci\u00f3n del salario correspondiente a la segunda quincena del mes de abril y por la falta de seguridad social. San Luis Potos\u00ed, SLP.- Trabajadores de los parques Tangamanga I y II, se manifestaron al exterior del Palacio del Gobierno del Estado, por la presunta retenci\u00f3n\u2026","rel":"","context":"En &quot;CINTILLO&quot;","block_context":{"text":"CINTILLO","link":"https:\/\/www.grieta.org.mx\/index.php\/category\/cintillo\/"},"img":{"alt_text":"","src":"https:\/\/i0.wp.com\/www.grieta.org.mx\/wp-content\/uploads\/2019\/05\/Trabajadores-del-Parque-Tangamanga-reclaman-salario-slp-may.jpg?resize=350%2C200&ssl=1","width":350,"height":200,"srcset":"https:\/\/i0.wp.com\/www.grieta.org.mx\/wp-content\/uploads\/2019\/05\/Trabajadores-del-Parque-Tangamanga-reclaman-salario-slp-may.jpg?resize=350%2C200&ssl=1 1x, https:\/\/i0.wp.com\/www.grieta.org.mx\/wp-content\/uploads\/2019\/05\/Trabajadores-del-Parque-Tangamanga-reclaman-salario-slp-may.jpg?resize=525%2C300&ssl=1 1.5x, https:\/\/i0.wp.com\/www.grieta.org.mx\/wp-content\/uploads\/2019\/05\/Trabajadores-del-Parque-Tangamanga-reclaman-salario-slp-may.jpg?resize=700%2C400&ssl=1 2x, https:\/\/i0.wp.com\/www.grieta.org.mx\/wp-content\/uploads\/2019\/05\/Trabajadores-del-Parque-Tangamanga-reclaman-salario-slp-may.jpg?resize=1050%2C600&ssl=1 3x"},"classes":[]},{"id":32012,"url":"https:\/\/www.grieta.org.mx\/index.php\/2019\/04\/10\/en-rezago-4-mil-demandas-laborales-en-slp-styps-san-luis-potosi\/","url_meta":{"origin":31980,"position":2},"title":"En rezago 4 mil demandas laborales en SLP: STyPS (San Luis Potos\u00ed)","author":"grieta","date":"10 abril, 2019","format":false,"excerpt":"Berenice Guti\u00e9rrez \/ GlobalMedia La cantidad es mayor a las que se prev\u00e9n anualmente, adem\u00e1s en el marco de la reforma laboral el secretario del Trabajo Manuel Lozano consider\u00f3 que dos o m\u00e1s organizaciones sindicales en una misma compa\u00f1\u00eda no es pr\u00e1ctico San Luis Potos\u00ed, M\u00e9xico (10 abril 2019).- En\u2026","rel":"","context":"En &quot;CINTILLO&quot;","block_context":{"text":"CINTILLO","link":"https:\/\/www.grieta.org.mx\/index.php\/category\/cintillo\/"},"img":{"alt_text":"","src":"https:\/\/i0.wp.com\/www.grieta.org.mx\/wp-content\/uploads\/2019\/04\/En-rezago-4-mil-demandas-laborales-en-SLP-STyPS-slp-abr.jpg?resize=350%2C200&ssl=1","width":350,"height":200,"srcset":"https:\/\/i0.wp.com\/www.grieta.org.mx\/wp-content\/uploads\/2019\/04\/En-rezago-4-mil-demandas-laborales-en-SLP-STyPS-slp-abr.jpg?resize=350%2C200&ssl=1 1x, https:\/\/i0.wp.com\/www.grieta.org.mx\/wp-content\/uploads\/2019\/04\/En-rezago-4-mil-demandas-laborales-en-SLP-STyPS-slp-abr.jpg?resize=525%2C300&ssl=1 1.5x"},"classes":[]},{"id":52336,"url":"https:\/\/www.grieta.org.mx\/index.php\/2020\/08\/01\/san-luis-potosi-entre-los-5-estados-donde-mas-ha-crecido-el-outsourcing-manpower\/","url_meta":{"origin":31980,"position":3},"title":"San Luis Potos\u00ed, entre los 5 estados donde m\u00e1s ha crecido el outsourcing: Manpower","author":"grieta","date":"1 agosto, 2020","format":false,"excerpt":"Nancy LizetHern\u00e1ndez\/El Universal SLP 1 agosto 2020 ManpowerGroup inform\u00f3 que, con base en los resultados del Censo Econ\u00f3mico 2019, San Luis Potos\u00ed se ubic\u00f3 dentro de las cinco entidades donde m\u00e1s ha crecido la contrataci\u00f3n de personal mediante outsourcing, alcanzando un 54% en los sectores de manufactura, servicios y comercio.\u2026","rel":"","context":"En &quot;CINTILLO&quot;","block_context":{"text":"CINTILLO","link":"https:\/\/www.grieta.org.mx\/index.php\/category\/cintillo\/"},"img":{"alt_text":"","src":"https:\/\/i0.wp.com\/www.grieta.org.mx\/wp-content\/uploads\/2020\/08\/outsorcing.png?resize=350%2C200&ssl=1","width":350,"height":200,"srcset":"https:\/\/i0.wp.com\/www.grieta.org.mx\/wp-content\/uploads\/2020\/08\/outsorcing.png?resize=350%2C200&ssl=1 1x, https:\/\/i0.wp.com\/www.grieta.org.mx\/wp-content\/uploads\/2020\/08\/outsorcing.png?resize=525%2C300&ssl=1 1.5x"},"classes":[]},{"id":31676,"url":"https:\/\/www.grieta.org.mx\/index.php\/2019\/04\/01\/auge-agricola-en-sl-aumenta-explotacion-de-jornaleros-san-luis-potosi\/","url_meta":{"origin":31980,"position":4},"title":"Auge agr\u00edcola en SL aumenta explotaci\u00f3n de jornaleros (San Luis Potos\u00ed)","author":"grieta","date":"1 abril, 2019","format":false,"excerpt":"Jaime Hern\u00e1ndez \/ Pulso OSC advierte que se mantienen las condiciones deplorables en las que laboran y viven San Luis Potos\u00ed tiene una poblaci\u00f3n flotante de 94 mil 826 jornaleros agr\u00edcolas migrantes, y ha aumentado en los \u00faltimos a\u00f1os debido al incremento de los cultivos agr\u00edcolas en la entidad. Sin\u2026","rel":"","context":"En &quot;CINTILLO&quot;","block_context":{"text":"CINTILLO","link":"https:\/\/www.grieta.org.mx\/index.php\/category\/cintillo\/"},"img":{"alt_text":"","src":"https:\/\/i0.wp.com\/www.grieta.org.mx\/wp-content\/uploads\/2018\/03\/14524434_1106112876131411_958039263622046936_o.jpg?resize=350%2C200&ssl=1","width":350,"height":200,"srcset":"https:\/\/i0.wp.com\/www.grieta.org.mx\/wp-content\/uploads\/2018\/03\/14524434_1106112876131411_958039263622046936_o.jpg?resize=350%2C200&ssl=1 1x, https:\/\/i0.wp.com\/www.grieta.org.mx\/wp-content\/uploads\/2018\/03\/14524434_1106112876131411_958039263622046936_o.jpg?resize=525%2C300&ssl=1 1.5x, https:\/\/i0.wp.com\/www.grieta.org.mx\/wp-content\/uploads\/2018\/03\/14524434_1106112876131411_958039263622046936_o.jpg?resize=700%2C400&ssl=1 2x"},"classes":[]},{"id":33118,"url":"https:\/\/www.grieta.org.mx\/index.php\/2019\/05\/07\/reportan-despidos-masivos-en-conafe-san-luis-potosi\/","url_meta":{"origin":31980,"position":5},"title":"Reportan despidos masivos en Conafe (San Luis Potos\u00ed)","author":"grieta","date":"7 mayo, 2019","format":false,"excerpt":"Rub\u00e9n Pacheco \/ Pulso La cuarta transformaci\u00f3n alcanz\u00f3 a 24 trabajadores eventuales en la delegaci\u00f3n de San Luis Potos\u00ed Desde el viernes pasado, 24 trabajadores eventuales fueron despedidos de la delegaci\u00f3n en San Luis Potos\u00ed del Consejo Nacional de Fomento Educativo (Conafe), quienes desarrollaban labores en las cuatro regiones de\u2026","rel":"","context":"En &quot;CINTILLO&quot;","block_context":{"text":"CINTILLO","link":"https:\/\/www.grieta.org.mx\/index.php\/category\/cintillo\/"},"img":{"alt_text":"","src":"https:\/\/i0.wp.com\/www.grieta.org.mx\/wp-content\/uploads\/2019\/05\/Reportan-despidos-masivos-en-Conafe-slp-may.jpg?resize=350%2C200&ssl=1","width":350,"height":200,"srcset":"https:\/\/i0.wp.com\/www.grieta.org.mx\/wp-content\/uploads\/2019\/05\/Reportan-despidos-masivos-en-Conafe-slp-may.jpg?resize=350%2C200&ssl=1 1x, https:\/\/i0.wp.com\/www.grieta.org.mx\/wp-content\/uploads\/2019\/05\/Reportan-despidos-masivos-en-Conafe-slp-may.jpg?resize=525%2C300&ssl=1 1.5x"},"classes":[]}],"_links":{"self":[{"href":"https:\/\/www.grieta.org.mx\/index.php\/wp-json\/wp\/v2\/posts\/31980","targetHints":{"allow":["GET"]}}],"collection":[{"href":"https:\/\/www.grieta.org.mx\/index.php\/wp-json\/wp\/v2\/posts"}],"about":[{"href":"https:\/\/www.grieta.org.mx\/index.php\/wp-json\/wp\/v2\/types\/post"}],"author":[{"embeddable":true,"href":"https:\/\/www.grieta.org.mx\/index.php\/wp-json\/wp\/v2\/users\/2"}],"replies":[{"embeddable":true,"href":"https:\/\/www.grieta.org.mx\/index.php\/wp-json\/wp\/v2\/comments?post=31980"}],"version-history":[{"count":1,"href":"https:\/\/www.grieta.org.mx\/index.php\/wp-json\/wp\/v2\/posts\/31980\/revisions"}],"predecessor-version":[{"id":31982,"href":"https:\/\/www.grieta.org.mx\/index.php\/wp-json\/wp\/v2\/posts\/31980\/revisions\/31982"}],"wp:featuredmedia":[{"embeddable":true,"href":"https:\/\/www.grieta.org.mx\/index.php\/wp-json\/wp\/v2\/media\/31981"}],"wp:attachment":[{"href":"https:\/\/www.grieta.org.mx\/index.php\/wp-json\/wp\/v2\/media?parent=31980"}],"wp:term":[{"taxonomy":"category","embeddable":true,"href":"https:\/\/www.grieta.org.mx\/index.php\/wp-json\/wp\/v2\/categories?post=31980"},{"taxonomy":"post_tag","embeddable":true,"href":"https:\/\/www.grieta.org.mx\/index.php\/wp-json\/wp\/v2\/tags?post=31980"}],"curies":[{"name":"wp","href":"https:\/\/api.w.org\/{rel}","templated":true}]}}