{"id":31977,"date":"2019-03-27T23:02:18","date_gmt":"2019-03-28T05:02:18","guid":{"rendered":"http:\/\/www.grieta.org.mx\/?p=31977"},"modified":"2019-04-10T23:17:14","modified_gmt":"2019-04-11T04:17:14","slug":"atenta-fuerza-civil-contra-fotoperiodista-durante-cobertura-en-penal-del-topo-chico-nuevo-leon","status":"publish","type":"post","link":"https:\/\/www.grieta.org.mx\/index.php\/2019\/03\/27\/atenta-fuerza-civil-contra-fotoperiodista-durante-cobertura-en-penal-del-topo-chico-nuevo-leon\/","title":{"rendered":"ATENTA FUERZA CIVIL CONTRA FOTOPERIODISTA DURANTE COBERTURA EN PENAL DEL TOPO CHICO (Nuevo Le\u00f3n)"},"content":{"rendered":"<p><img loading=\"lazy\" decoding=\"async\" data-attachment-id=\"31978\" data-permalink=\"https:\/\/www.grieta.org.mx\/index.php\/2019\/03\/27\/atenta-fuerza-civil-contra-fotoperiodista-durante-cobertura-en-penal-del-topo-chico-nuevo-leon\/atenta-fuerza-civil-contra-fotoperiodista-durante-cobertura-en-penal-del-topo-chico-nl-abr\/\" data-orig-file=\"https:\/\/www.grieta.org.mx\/wp-content\/uploads\/2019\/04\/ATENTA-FUERZA-CIVIL-CONTRA-FOTOPERIODISTA-DURANTE-COBERTURA-EN-PENAL-DEL-TOPO-CHICO-nl-abr.jpeg\" data-orig-size=\"720,511\" data-comments-opened=\"0\" data-image-meta=\"{&quot;aperture&quot;:&quot;0&quot;,&quot;credit&quot;:&quot;&quot;,&quot;camera&quot;:&quot;&quot;,&quot;caption&quot;:&quot;&quot;,&quot;created_timestamp&quot;:&quot;0&quot;,&quot;copyright&quot;:&quot;&quot;,&quot;focal_length&quot;:&quot;0&quot;,&quot;iso&quot;:&quot;0&quot;,&quot;shutter_speed&quot;:&quot;0&quot;,&quot;title&quot;:&quot;&quot;,&quot;orientation&quot;:&quot;0&quot;}\" data-image-title=\"ATENTA FUERZA CIVIL CONTRA FOTOPERIODISTA DURANTE COBERTURA EN PENAL DEL TOPO CHICO nl abr\" data-image-description=\"\" data-image-caption=\"\" data-medium-file=\"https:\/\/www.grieta.org.mx\/wp-content\/uploads\/2019\/04\/ATENTA-FUERZA-CIVIL-CONTRA-FOTOPERIODISTA-DURANTE-COBERTURA-EN-PENAL-DEL-TOPO-CHICO-nl-abr-300x213.jpeg\" data-large-file=\"https:\/\/www.grieta.org.mx\/wp-content\/uploads\/2019\/04\/ATENTA-FUERZA-CIVIL-CONTRA-FOTOPERIODISTA-DURANTE-COBERTURA-EN-PENAL-DEL-TOPO-CHICO-nl-abr.jpeg\" class=\"alignleft  wp-image-31978\" src=\"http:\/\/www.grieta.org.mx\/wp-content\/uploads\/2019\/04\/ATENTA-FUERZA-CIVIL-CONTRA-FOTOPERIODISTA-DURANTE-COBERTURA-EN-PENAL-DEL-TOPO-CHICO-nl-abr-300x213.jpeg\" alt=\"\" width=\"469\" height=\"333\" srcset=\"https:\/\/www.grieta.org.mx\/wp-content\/uploads\/2019\/04\/ATENTA-FUERZA-CIVIL-CONTRA-FOTOPERIODISTA-DURANTE-COBERTURA-EN-PENAL-DEL-TOPO-CHICO-nl-abr-300x213.jpeg 300w, https:\/\/www.grieta.org.mx\/wp-content\/uploads\/2019\/04\/ATENTA-FUERZA-CIVIL-CONTRA-FOTOPERIODISTA-DURANTE-COBERTURA-EN-PENAL-DEL-TOPO-CHICO-nl-abr-705x500.jpeg 705w, https:\/\/www.grieta.org.mx\/wp-content\/uploads\/2019\/04\/ATENTA-FUERZA-CIVIL-CONTRA-FOTOPERIODISTA-DURANTE-COBERTURA-EN-PENAL-DEL-TOPO-CHICO-nl-abr.jpeg 720w\" sizes=\"auto, (max-width: 469px) 100vw, 469px\" \/><br \/>\nJes\u00fas Padilla \/ Reporte \u00cdndigo<\/p>\n<blockquote><p>La Asociaci\u00f3n Periodistas de Nuevo Le\u00f3n A.C. reprueba firmemente la dolosa actitud de elementos de Fuerza Civil, al no ser el primer incidente<\/p><\/blockquote>\n<p>El fotoperiodista del peri\u00f3dico Milenio Monterrey, Ra\u00fal Palacios, fue obligado por elementos de Fuerza Civil a borrar gr\u00e1ficas durante la cobertura del traslado de reos del Penal del Topo Chico, en un atentado contra la libertad expresi\u00f3n y libre ejercicio de la profesi\u00f3n.<\/p>\n<p>Palacios, estaba tomado fotos en general de los hechos desde el exterior del centro penitenciario, cuando de repente los polic\u00edas lo rodearon.<\/p>\n<p>Denunci\u00f3 que un elemento con su celular tom\u00f3 una foto a la credencial que lo acredita como empleado de este medio de comunicaci\u00f3n, lo que gener\u00f3 preocupaci\u00f3n al fotoperiodista, quien teme represalias.<\/p>\n<p>Ante estos hechos, la Asociaci\u00f3n Periodistas de Nuevo Le\u00f3n A.C. a cargo del periodista Francisco Z\u00fa\u00f1iga Esquivel, reprueba firmemente la dolosa actitud de elementos de Fuerza Civil, al no ser el primer incidente donde miembros de la corporaci\u00f3n polic\u00edaca entorpecen la labor de los periodistas.<\/p>\n<p>\u201cY ser\u00eda grave que dicha actitud policial fuera producto de una l\u00ednea de conducta dictada desde alg\u00fan mando\u201d, cita el comunicado de la asociaci\u00f3n.<\/p>\n<p>Demandaron la intervenci\u00f3n de Fasci Zuazua, para que se investigue y sancione esta agresi\u00f3n contra el compa\u00f1ero Ra\u00fal Palacios.<\/p>\n<p><a href=\"https:\/\/www.reporteindigo.com\/reporte\/atenta-fuerza-civil-contra-fotoperiodista-durante-cobertura-en-penal-del-topo-chico\/\" target=\"_blank\" rel=\"noopener noreferrer\">https:\/\/www.reporteindigo.com\/reporte\/atenta-fuerza-civil-contra-fotoperiodista-durante-cobertura-en-penal-del-topo-chico\/<\/a><\/p>\n","protected":false},"excerpt":{"rendered":"<p>Jes\u00fas Padilla \/ Reporte \u00cdndigo La Asociaci\u00f3n Periodistas de Nuevo Le\u00f3n A.C. reprueba firmemente la dolosa actitud de elementos de Fuerza Civil, al no ser el primer incidente El fotoperiodista &hellip; <a href=\"https:\/\/www.grieta.org.mx\/index.php\/2019\/03\/27\/atenta-fuerza-civil-contra-fotoperiodista-durante-cobertura-en-penal-del-topo-chico-nuevo-leon\/\" class=\"more-link\">Leer m\u00e1s<\/a><\/p>\n","protected":false},"author":2,"featured_media":31978,"comment_status":"closed","ping_status":"closed","sticky":false,"template":"","format":"standard","meta":{"ngg_post_thumbnail":0,"_jetpack_newsletter_access":"","_jetpack_dont_email_post_to_subs":false,"_jetpack_newsletter_tier_id":0,"_jetpack_memberships_contains_paywalled_content":false,"_jetpack_memberships_contains_paid_content":false,"footnotes":""},"categories":[80,2,202,24,83,88,1276,2443],"tags":[2204,2448,2331],"class_list":{"0":"post-31977","1":"post","2":"type-post","3":"status-publish","4":"format-standard","5":"has-post-thumbnail","6":"hentry","7":"category-cintillo","8":"category-noticias-nacionales","9":"category-nuevo-leon","11":"category-temas-nacionales","12":"category-violencia-contra-periodistas","13":"category-violencia-contra-periodistas-en-nuevo-leon","14":"category-violencia-de-fuerzas-represivas-en-nuevo-leon","15":"tag-abuso-de-fuerzas-represivas","16":"tag-fuerza-civil","17":"tag-violencia-conta-periodistas","18":"entry"},"jetpack_featured_media_url":"https:\/\/www.grieta.org.mx\/wp-content\/uploads\/2019\/04\/ATENTA-FUERZA-CIVIL-CONTRA-FOTOPERIODISTA-DURANTE-COBERTURA-EN-PENAL-DEL-TOPO-CHICO-nl-abr.jpeg","jetpack_sharing_enabled":true,"jetpack_shortlink":"https:\/\/wp.me\/p7ZJR4-8jL","jetpack_likes_enabled":false,"jetpack-related-posts":[{"id":58677,"url":"https:\/\/www.grieta.org.mx\/index.php\/2021\/04\/11\/elementos-de-fuerza-civil-de-nuevo-leon-detienen-arbitrariamente-y-golpean-a-reportera-vianca-trevino\/","url_meta":{"origin":31977,"position":0},"title":"Elementos de Fuerza Civil de Nuevo Le\u00f3n detienen arbitrariamente y golpean a reportera Vianca Trevi\u00f1o","author":"grieta","date":"11 abril, 2021","format":false,"excerpt":"La reportera sufri\u00f3 una fisura y debe usar una f\u00e9rula inmobilizadora por 15 d\u00edas, todo ello ocasionado por el forcejeo y porque las esposas Redacci\u00f3n\/ ANIMAL POL\u00cdTICO Entre la noche del 8 de abril y la madrugada del 9 de abril, Vianca Maleny Trevi\u00f1o Navejar, reportera de Multimedios Televisi\u00f3n fue\u2026","rel":"","context":"En &quot;CINTILLO&quot;","block_context":{"text":"CINTILLO","link":"https:\/\/www.grieta.org.mx\/index.php\/category\/cintillo\/"},"img":{"alt_text":"","src":"https:\/\/i0.wp.com\/www.grieta.org.mx\/wp-content\/uploads\/2021\/04\/cuartoscuro_751132_digital.jpeg?resize=350%2C200&ssl=1","width":350,"height":200,"srcset":"https:\/\/i0.wp.com\/www.grieta.org.mx\/wp-content\/uploads\/2021\/04\/cuartoscuro_751132_digital.jpeg?resize=350%2C200&ssl=1 1x, https:\/\/i0.wp.com\/www.grieta.org.mx\/wp-content\/uploads\/2021\/04\/cuartoscuro_751132_digital.jpeg?resize=525%2C300&ssl=1 1.5x, https:\/\/i0.wp.com\/www.grieta.org.mx\/wp-content\/uploads\/2021\/04\/cuartoscuro_751132_digital.jpeg?resize=700%2C400&ssl=1 2x, https:\/\/i0.wp.com\/www.grieta.org.mx\/wp-content\/uploads\/2021\/04\/cuartoscuro_751132_digital.jpeg?resize=1050%2C600&ssl=1 3x, https:\/\/i0.wp.com\/www.grieta.org.mx\/wp-content\/uploads\/2021\/04\/cuartoscuro_751132_digital.jpeg?resize=1400%2C800&ssl=1 4x"},"classes":[]},{"id":45271,"url":"https:\/\/www.grieta.org.mx\/index.php\/2020\/02\/11\/policias-hieren-a-manifestantes-en-ciudad-isla-veracruz\/","url_meta":{"origin":31977,"position":1},"title":"Polic\u00edas hieren a manifestantes en Ciudad Isla, Veracruz","author":"Admin","date":"11 febrero, 2020","format":false,"excerpt":"Por Redacci\u00f3n\/@Somoselmedio M\u00e1s de un centenar de habitantes de Ciudad Isla en Veracruz, fueron agredidos por la Fuerza Civil, cuando se manifestaban contra abusos cometidos por elementos de esta corporaci\u00f3n. Periodistas que cubr\u00edan la manifestaci\u00f3n reportaron que la Fuerza Civil dispar\u00f3 contra los manifestantes luego de que los manifestantes quemaran\u2026","rel":"","context":"En &quot;CINTILLO&quot;","block_context":{"text":"CINTILLO","link":"https:\/\/www.grieta.org.mx\/index.php\/category\/cintillo\/"},"img":{"alt_text":"","src":"https:\/\/i0.wp.com\/www.grieta.org.mx\/wp-content\/uploads\/2020\/02\/Captura-de-pantalla-2020-02-11-a-las-15.10.29-1024x583.png?resize=350%2C200&ssl=1","width":350,"height":200,"srcset":"https:\/\/i0.wp.com\/www.grieta.org.mx\/wp-content\/uploads\/2020\/02\/Captura-de-pantalla-2020-02-11-a-las-15.10.29-1024x583.png?resize=350%2C200&ssl=1 1x, https:\/\/i0.wp.com\/www.grieta.org.mx\/wp-content\/uploads\/2020\/02\/Captura-de-pantalla-2020-02-11-a-las-15.10.29-1024x583.png?resize=525%2C300&ssl=1 1.5x, https:\/\/i0.wp.com\/www.grieta.org.mx\/wp-content\/uploads\/2020\/02\/Captura-de-pantalla-2020-02-11-a-las-15.10.29-1024x583.png?resize=700%2C400&ssl=1 2x"},"classes":[]},{"id":30901,"url":"https:\/\/www.grieta.org.mx\/index.php\/2019\/03\/10\/reportan-ataque-armado-contra-periodistas-en-monterrey-nuevo-leon\/","url_meta":{"origin":31977,"position":2},"title":"Reportan ataque armado contra periodistas en Monterrey (Nuevo Le\u00f3n)","author":"grieta","date":"10 marzo, 2019","format":false,"excerpt":"SDP Noticias El veh\u00edculo en el que se transportaban los reporteros presenta varios impactos de bala. M\u00e9xico.- Un ataque a balazos en contra de dos periodistas se registr\u00f3 este domingo en la ciudad de Monterrey, Nuevo Le\u00f3n. Seg\u00fan report\u00f3 el reportero V\u00edctor Badillo, los hechos sucedieron en la colonia Arturo\u2026","rel":"","context":"En &quot;CINTILLO&quot;","block_context":{"text":"CINTILLO","link":"https:\/\/www.grieta.org.mx\/index.php\/category\/cintillo\/"},"img":{"alt_text":"","src":"https:\/\/i0.wp.com\/www.grieta.org.mx\/wp-content\/uploads\/2019\/03\/Reportan-ataque-armado-contra-periodistas-en-Monterrey-nl-mazo.jpg?resize=350%2C200&ssl=1","width":350,"height":200,"srcset":"https:\/\/i0.wp.com\/www.grieta.org.mx\/wp-content\/uploads\/2019\/03\/Reportan-ataque-armado-contra-periodistas-en-Monterrey-nl-mazo.jpg?resize=350%2C200&ssl=1 1x, https:\/\/i0.wp.com\/www.grieta.org.mx\/wp-content\/uploads\/2019\/03\/Reportan-ataque-armado-contra-periodistas-en-Monterrey-nl-mazo.jpg?resize=525%2C300&ssl=1 1.5x"},"classes":[]},{"id":5145,"url":"https:\/\/www.grieta.org.mx\/index.php\/2016\/07\/01\/protesta-de-familiares-de-reos-en-penal-de-topo-chico-nuevo-leon\/","url_meta":{"origin":31977,"position":3},"title":"Protesta de familiares de reos en penal de Topo Chico  Nuevo Le\u00f3n y an\u00e1lisis de la situaci\u00f3n","author":"grieta","date":"1 julio, 2016","format":false,"excerpt":"16\/06\/16. \u00bfQui\u00e9n est\u00e1 detr\u00e1s de la violencia en el penal de Topo Chico? Subversiones 13\/02\/16. Familiares hacen fila por informaci\u00f3n en el Penal del Topo Chico. Listas de fallecidos y trasladados Centro de Medios Libres 13\/02\/16. Tercer d\u00eda desde el Penal del Topo Chico: La inquietud despu\u00e9s de la Masacre.\u2026","rel":"","context":"En &quot;NOTICIAS NACIONALES&quot;","block_context":{"text":"NOTICIAS NACIONALES","link":"https:\/\/www.grieta.org.mx\/index.php\/category\/noticias-nacionales\/"},"img":{"alt_text":"","src":"https:\/\/i0.wp.com\/www.grieta.org.mx\/wp-content\/uploads\/2018\/03\/14524434_1106112876131411_958039263622046936_o.jpg?resize=350%2C200&ssl=1","width":350,"height":200,"srcset":"https:\/\/i0.wp.com\/www.grieta.org.mx\/wp-content\/uploads\/2018\/03\/14524434_1106112876131411_958039263622046936_o.jpg?resize=350%2C200&ssl=1 1x, https:\/\/i0.wp.com\/www.grieta.org.mx\/wp-content\/uploads\/2018\/03\/14524434_1106112876131411_958039263622046936_o.jpg?resize=525%2C300&ssl=1 1.5x, https:\/\/i0.wp.com\/www.grieta.org.mx\/wp-content\/uploads\/2018\/03\/14524434_1106112876131411_958039263622046936_o.jpg?resize=700%2C400&ssl=1 2x"},"classes":[]},{"id":4402,"url":"https:\/\/www.grieta.org.mx\/index.php\/2015\/08\/02\/periodistas-de-nuevo-leon-se-suman-a-exigencia-de-justicia-por-asesinato-de-ruben\/","url_meta":{"origin":31977,"position":4},"title":"Periodistas de Nuevo Le\u00f3n se suman a exigencia de justicia por asesinato de Rub\u00e9n","author":"grieta","date":"2 agosto, 2015","format":false,"excerpt":"Proceso MONTERREY, N.L. (proceso.com.mx).- Periodistas de Nuevo Le\u00f3n protestaron esta tarde por el asesinato del fot\u00f3grafo de Proceso, Rub\u00e9n Espinosa, quien fue encontrado muerto el s\u00e1bado en el Distrito Federal. Una ofrenda floral luctuosa con la leyenda: \u201cPeriodistas: ni un muerto m\u00e1s\u201d, fue colocada al pie del Monumento de la\u2026","rel":"","context":"En &quot;CINTILLO&quot;","block_context":{"text":"CINTILLO","link":"https:\/\/www.grieta.org.mx\/index.php\/category\/cintillo\/"},"img":{"alt_text":"","src":"https:\/\/i0.wp.com\/www.grieta.org.mx\/wp-content\/uploads\/2018\/03\/14524434_1106112876131411_958039263622046936_o.jpg?resize=350%2C200&ssl=1","width":350,"height":200,"srcset":"https:\/\/i0.wp.com\/www.grieta.org.mx\/wp-content\/uploads\/2018\/03\/14524434_1106112876131411_958039263622046936_o.jpg?resize=350%2C200&ssl=1 1x, https:\/\/i0.wp.com\/www.grieta.org.mx\/wp-content\/uploads\/2018\/03\/14524434_1106112876131411_958039263622046936_o.jpg?resize=525%2C300&ssl=1 1.5x, https:\/\/i0.wp.com\/www.grieta.org.mx\/wp-content\/uploads\/2018\/03\/14524434_1106112876131411_958039263622046936_o.jpg?resize=700%2C400&ssl=1 2x"},"classes":[]},{"id":23299,"url":"https:\/\/www.grieta.org.mx\/index.php\/2018\/05\/24\/matan-a-golpes-a-periodista-alicia-diaz-gonzalez-en-nl-nuevo-leon\/","url_meta":{"origin":31977,"position":5},"title":"Matan a golpes a periodista Alicia D\u00edaz Gonz\u00e1lez en NL (Nuevo Le\u00f3n)","author":"grieta","date":"24 mayo, 2018","format":false,"excerpt":"David Carrizales\/El Universal El cuerpo de la periodista de El Financiero fue localizado al interior de su vivienda; seg\u00fan los primeros indicios, falleci\u00f3 a consecuencia de varios golpes y hasta el momento se desconoce el posible m\u00f3vil Monterrey, Nuevo Le\u00f3n.- La periodista de fuentes econ\u00f3micas Alicia D\u00edaz Gonz\u00e1lez, de 52\u2026","rel":"","context":"En &quot;CINTILLO&quot;","block_context":{"text":"CINTILLO","link":"https:\/\/www.grieta.org.mx\/index.php\/category\/cintillo\/"},"img":{"alt_text":"","src":"https:\/\/i0.wp.com\/www.grieta.org.mx\/wp-content\/uploads\/2018\/05\/Matan-a-golpes-a-periodista-Alicia-D%C3%ADaz-Gonz%C3%A1lez-en-NL.jpg?resize=350%2C200&ssl=1","width":350,"height":200,"srcset":"https:\/\/i0.wp.com\/www.grieta.org.mx\/wp-content\/uploads\/2018\/05\/Matan-a-golpes-a-periodista-Alicia-D%C3%ADaz-Gonz%C3%A1lez-en-NL.jpg?resize=350%2C200&ssl=1 1x, https:\/\/i0.wp.com\/www.grieta.org.mx\/wp-content\/uploads\/2018\/05\/Matan-a-golpes-a-periodista-Alicia-D%C3%ADaz-Gonz%C3%A1lez-en-NL.jpg?resize=525%2C300&ssl=1 1.5x"},"classes":[]}],"_links":{"self":[{"href":"https:\/\/www.grieta.org.mx\/index.php\/wp-json\/wp\/v2\/posts\/31977","targetHints":{"allow":["GET"]}}],"collection":[{"href":"https:\/\/www.grieta.org.mx\/index.php\/wp-json\/wp\/v2\/posts"}],"about":[{"href":"https:\/\/www.grieta.org.mx\/index.php\/wp-json\/wp\/v2\/types\/post"}],"author":[{"embeddable":true,"href":"https:\/\/www.grieta.org.mx\/index.php\/wp-json\/wp\/v2\/users\/2"}],"replies":[{"embeddable":true,"href":"https:\/\/www.grieta.org.mx\/index.php\/wp-json\/wp\/v2\/comments?post=31977"}],"version-history":[{"count":1,"href":"https:\/\/www.grieta.org.mx\/index.php\/wp-json\/wp\/v2\/posts\/31977\/revisions"}],"predecessor-version":[{"id":31979,"href":"https:\/\/www.grieta.org.mx\/index.php\/wp-json\/wp\/v2\/posts\/31977\/revisions\/31979"}],"wp:featuredmedia":[{"embeddable":true,"href":"https:\/\/www.grieta.org.mx\/index.php\/wp-json\/wp\/v2\/media\/31978"}],"wp:attachment":[{"href":"https:\/\/www.grieta.org.mx\/index.php\/wp-json\/wp\/v2\/media?parent=31977"}],"wp:term":[{"taxonomy":"category","embeddable":true,"href":"https:\/\/www.grieta.org.mx\/index.php\/wp-json\/wp\/v2\/categories?post=31977"},{"taxonomy":"post_tag","embeddable":true,"href":"https:\/\/www.grieta.org.mx\/index.php\/wp-json\/wp\/v2\/tags?post=31977"}],"curies":[{"name":"wp","href":"https:\/\/api.w.org\/{rel}","templated":true}]}}