{"id":31953,"date":"2019-04-10T19:06:33","date_gmt":"2019-04-11T00:06:33","guid":{"rendered":"http:\/\/www.grieta.org.mx\/?p=31953"},"modified":"2019-04-10T19:06:33","modified_gmt":"2019-04-11T00:06:33","slug":"se-manifestaran-hoy-contra-el-tarifazo-en-colegio-civil-nuevo-leon","status":"publish","type":"post","link":"https:\/\/www.grieta.org.mx\/index.php\/2019\/04\/10\/se-manifestaran-hoy-contra-el-tarifazo-en-colegio-civil-nuevo-leon\/","title":{"rendered":"Se manifestar\u00e1n hoy contra el tarifazo en Colegio Civil (Nuevo Le\u00f3n)"},"content":{"rendered":"<p><img loading=\"lazy\" decoding=\"async\" data-attachment-id=\"31954\" data-permalink=\"https:\/\/www.grieta.org.mx\/index.php\/2019\/04\/10\/se-manifestaran-hoy-contra-el-tarifazo-en-colegio-civil-nuevo-leon\/se-manifestaran-hoy-contra-el-tarifazo-en-colegio-civil-nl-abr\/\" data-orig-file=\"https:\/\/www.grieta.org.mx\/wp-content\/uploads\/2019\/04\/Se-manifestar\u00e1n-hoy-contra-el-tarifazo-en-Colegio-Civil-nl-abr.jpg\" data-orig-size=\"299,168\" data-comments-opened=\"0\" data-image-meta=\"{&quot;aperture&quot;:&quot;0&quot;,&quot;credit&quot;:&quot;&quot;,&quot;camera&quot;:&quot;&quot;,&quot;caption&quot;:&quot;&quot;,&quot;created_timestamp&quot;:&quot;0&quot;,&quot;copyright&quot;:&quot;&quot;,&quot;focal_length&quot;:&quot;0&quot;,&quot;iso&quot;:&quot;0&quot;,&quot;shutter_speed&quot;:&quot;0&quot;,&quot;title&quot;:&quot;&quot;,&quot;orientation&quot;:&quot;0&quot;}\" data-image-title=\"Se manifestar\u00e1n hoy contra el tarifazo en Colegio Civil nl abr\" data-image-description=\"\" data-image-caption=\"\" data-medium-file=\"https:\/\/www.grieta.org.mx\/wp-content\/uploads\/2019\/04\/Se-manifestar\u00e1n-hoy-contra-el-tarifazo-en-Colegio-Civil-nl-abr.jpg\" data-large-file=\"https:\/\/www.grieta.org.mx\/wp-content\/uploads\/2019\/04\/Se-manifestar\u00e1n-hoy-contra-el-tarifazo-en-Colegio-Civil-nl-abr.jpg\" class=\"alignleft  wp-image-31954\" src=\"http:\/\/www.grieta.org.mx\/wp-content\/uploads\/2019\/04\/Se-manifestar\u00e1n-hoy-contra-el-tarifazo-en-Colegio-Civil-nl-abr.jpg\" alt=\"\" width=\"504\" height=\"283\" \/><br \/>\nOlivia Mart\u00ednez \/ Info7<\/p>\n<blockquote><p>La Asociaci\u00f3n &#8220;\u00danete Pueblo&#8221; anunci\u00f3 una serie de manifestaciones, la primera de ellas ser\u00e1 este mi\u00e9rcoles 10 de abril, en Colegio Civil<\/p><\/blockquote>\n<p>Porque el aumento a las tarifas del Metro y de los camiones urbanos no se justifica y porque es una clara muestra de que el gobernador Jaime Rodr\u00edguez Calder\u00f3n quiere recaudar m\u00e1s dinero para malutilizarlo, la dirigente de la Asociaci\u00f3n \u00danete Pueblo, Roc\u00edo Montalvo, anunci\u00f3 una serie de manifestaciones.<\/p>\n<p>La primera ser\u00e1 este mi\u00e9rcoles 10 de abril a partir de las 5:30 de la tarde, en la Plaza de Colegio Civil, y ah\u00ed se expondr\u00e1 que el gobierno estatal ha malversado, entre otros, los recursos derivados del Metro.<\/p>\n<p>Hay acciones que tomar, no nos podemos quedar con los brazos cruzados, tambi\u00e9n estamos buscando llegar al gobierno federal, que soliciten un peritaje y auditen las cuentas p\u00fablicas del gobierno del Estado porque hay evidencia de que el gobierno se est\u00e1 enriqueciendo a costa de los ciudadanos, asever\u00f3<\/p>\n<p>La activista asegur\u00f3 que el tarifazo confirma que el gobernador no tiene palabra y ha cedido a los intereses de los transportistas.<\/p>\n<p>Lanz\u00f3 comunicados, dijo que estaba del lado de los ciudadanos, del pueblo, y hoy vemos que no es as\u00ed: una vez m\u00e1s est\u00e1 mintiendo a los ciudadanos y es el momento de organizarnos, es el momento de salir. Y si no puede, que se vaya, declar\u00f3. Pudo m\u00e1s el inter\u00e9s econ\u00f3mico o intereses pol\u00edticos que el beneficio al usuario&#8230; no se defendi\u00f3 del amparo de Progreso, no nos defendi\u00f3 a los usuarios, reclam\u00f3.<\/p>\n<p>Aleg\u00f3 que la finalidad de ese tarifazo es recaudar m\u00e1s dinero para darle mal uso.<\/p>\n<p>Al aumentar las tarifas del Metro es darle m\u00e1s dinero a la corrupci\u00f3n, darle m\u00e1s dinero a la opacidad&#8230; hay mas de 150 millones de pesos del domingo gratis y no vemos resultados, critic\u00f3.<\/p>\n<p>El gobierno independiente y ciudadano demostr\u00f3 ser igual que los dem\u00e1s partidos que tanto denunciaban y que la aplican, hay que recordar que en otras administraciones aprovechaban estas fechas, aprovechaban las fechas de diciembre, para que los ciudadanos amanezcamos con las noticias y no podamos hacer nada al respecto, dijo en relaci\u00f3n a que el tarifazo se consumar\u00e1 en Semana Santa.<\/p>\n<p><a href=\"http:\/\/www.info7.mx\/locales\/se-manifestaran-hoy-contra-el-tarifazo-en-colegio-civil\/v-2492099\" target=\"_blank\" rel=\"noopener noreferrer\">http:\/\/www.info7.mx\/locales\/se-manifestaran-hoy-contra-el-tarifazo-en-colegio-civil\/v-2492099<\/a><\/p>\n","protected":false},"excerpt":{"rendered":"<p>Olivia Mart\u00ednez \/ Info7 La Asociaci\u00f3n &#8220;\u00danete Pueblo&#8221; anunci\u00f3 una serie de manifestaciones, la primera de ellas ser\u00e1 este mi\u00e9rcoles 10 de abril, en Colegio Civil Porque el aumento a &hellip; <a href=\"https:\/\/www.grieta.org.mx\/index.php\/2019\/04\/10\/se-manifestaran-hoy-contra-el-tarifazo-en-colegio-civil-nuevo-leon\/\" class=\"more-link\">Leer m\u00e1s<\/a><\/p>\n","protected":false},"author":2,"featured_media":31954,"comment_status":"closed","ping_status":"closed","sticky":false,"template":"","format":"standard","meta":{"ngg_post_thumbnail":0,"_jetpack_newsletter_access":"","_jetpack_dont_email_post_to_subs":false,"_jetpack_newsletter_tier_id":0,"_jetpack_memberships_contains_paywalled_content":false,"_jetpack_memberships_contains_paid_content":false,"footnotes":""},"categories":[80,2,24,202],"tags":[183,1994],"class_list":{"0":"post-31953","1":"post","2":"type-post","3":"status-publish","4":"format-standard","5":"has-post-thumbnail","6":"hentry","7":"category-cintillo","8":"category-noticias-nacionales","9":"category-nuevo-leon","11":"tag-manifestacion","12":"tag-tarifazo","13":"entry"},"jetpack_featured_media_url":"https:\/\/www.grieta.org.mx\/wp-content\/uploads\/2019\/04\/Se-manifestar\u00e1n-hoy-contra-el-tarifazo-en-Colegio-Civil-nl-abr.jpg","jetpack_sharing_enabled":true,"jetpack_shortlink":"https:\/\/wp.me\/p7ZJR4-8jn","jetpack_likes_enabled":false,"jetpack-related-posts":[{"id":32859,"url":"https:\/\/www.grieta.org.mx\/index.php\/2019\/04\/29\/no-al-tarifazo-convoca-sociedad-civil-de-nl-a-paros-intermitentes-nuevo-leon\/","url_meta":{"origin":31953,"position":0},"title":"\u00a1No al tarifazo! Convoca sociedad civil de NL a paros intermitentes (Nuevo Le\u00f3n)","author":"grieta","date":"29 abril, 2019","format":false,"excerpt":"Posta Grupos de ciudadanos invitan a trav\u00e9s de redes sociales a manifestarse en contra del alza al transporte p\u00fablico NUEVO LE\u00d3N.- Con la finalidad de manifestarse en contra del denominado 'tarifazo' miembros de la sociedad civil est\u00e1n convocando a paros intermitentes en las principales vialidades de Monterrey. Se tiene previsto\u2026","rel":"","context":"En &quot;CINTILLO&quot;","block_context":{"text":"CINTILLO","link":"https:\/\/www.grieta.org.mx\/index.php\/category\/cintillo\/"},"img":{"alt_text":"","src":"https:\/\/i0.wp.com\/www.grieta.org.mx\/wp-content\/uploads\/2019\/05\/%C2%A1No-al-tarifazo-Convoca-sociedad-civil-de-NL-a-paros-intermitentes-nl-may.jpg?resize=350%2C200&ssl=1","width":350,"height":200,"srcset":"https:\/\/i0.wp.com\/www.grieta.org.mx\/wp-content\/uploads\/2019\/05\/%C2%A1No-al-tarifazo-Convoca-sociedad-civil-de-NL-a-paros-intermitentes-nl-may.jpg?resize=350%2C200&ssl=1 1x, https:\/\/i0.wp.com\/www.grieta.org.mx\/wp-content\/uploads\/2019\/05\/%C2%A1No-al-tarifazo-Convoca-sociedad-civil-de-NL-a-paros-intermitentes-nl-may.jpg?resize=525%2C300&ssl=1 1.5x"},"classes":[]},{"id":28550,"url":"https:\/\/www.grieta.org.mx\/index.php\/2019\/01\/22\/acusan-a-el-bronco-de-violar-derechos-nuevo-leon\/","url_meta":{"origin":31953,"position":1},"title":"Acusan a &#8216;El Bronco&#8217; de violar derechos (Nuevo Le\u00f3n)","author":"grieta","date":"22 enero, 2019","format":false,"excerpt":"Posta NUEVO LE\u00d3N.- Despu\u00e9s del arresto que se realiz\u00f3 a los integrantes de \u00danete Pueblo, su dirigente Roc\u00edo Montalvo manifest\u00f3 que fue una violaci\u00f3n a los derechos de quienes se encontraban en plant\u00f3n en el interior del Palacio de Gobierno. Ante las declaraciones del Secretario de Seguridad, Aldo Fasci, respecto\u2026","rel":"","context":"En &quot;CINTILLO&quot;","block_context":{"text":"CINTILLO","link":"https:\/\/www.grieta.org.mx\/index.php\/category\/cintillo\/"},"img":{"alt_text":"","src":"https:\/\/i0.wp.com\/www.grieta.org.mx\/wp-content\/uploads\/2019\/01\/Acusan-a-El-Bronco-de-violar-derechos.jpg?resize=350%2C200","width":350,"height":200},"classes":[]},{"id":33266,"url":"https:\/\/www.grieta.org.mx\/index.php\/2019\/05\/08\/suman-7-denuncias-por-agresiones-a-integrantes-de-unete-pueblo-nuevo-leon\/","url_meta":{"origin":31953,"position":2},"title":"Suman 7 denuncias por agresiones a integrantes de \u00danete Pueblo (Nuevo Le\u00f3n)","author":"grieta","date":"8 mayo, 2019","format":false,"excerpt":"Victoria F\u00e9lix \/ Milenio Activistas del colectivo han sufrido golpes, robo de veh\u00edculo, da\u00f1os a propiedad, detenciones y abuso de autoridad, en lo que va del actual gobierno independiente. En lo que va de la administraci\u00f3n de Jaime Rodr\u00edguez Calder\u00f3n, el colectivo \u00danete Pueblo ha interpuesto siete denuncias por robo\u2026","rel":"","context":"En &quot;CINTILLO&quot;","block_context":{"text":"CINTILLO","link":"https:\/\/www.grieta.org.mx\/index.php\/category\/cintillo\/"},"img":{"alt_text":"","src":"https:\/\/i0.wp.com\/www.grieta.org.mx\/wp-content\/uploads\/2019\/05\/Suman-7-denuncias-por-agresiones-a-integrantes-de-%C3%9Anete-Pueblo-nl-may.jpeg?resize=350%2C200&ssl=1","width":350,"height":200,"srcset":"https:\/\/i0.wp.com\/www.grieta.org.mx\/wp-content\/uploads\/2019\/05\/Suman-7-denuncias-por-agresiones-a-integrantes-de-%C3%9Anete-Pueblo-nl-may.jpeg?resize=350%2C200&ssl=1 1x, https:\/\/i0.wp.com\/www.grieta.org.mx\/wp-content\/uploads\/2019\/05\/Suman-7-denuncias-por-agresiones-a-integrantes-de-%C3%9Anete-Pueblo-nl-may.jpeg?resize=525%2C300&ssl=1 1.5x, https:\/\/i0.wp.com\/www.grieta.org.mx\/wp-content\/uploads\/2019\/05\/Suman-7-denuncias-por-agresiones-a-integrantes-de-%C3%9Anete-Pueblo-nl-may.jpeg?resize=700%2C400&ssl=1 2x"},"classes":[]},{"id":29721,"url":"https:\/\/www.grieta.org.mx\/index.php\/2019\/02\/27\/amenaza-estado-a-activistas-de-abrirles-proceso-penal-si-vuelven-a-plantarse-nuevo-leon\/","url_meta":{"origin":31953,"position":3},"title":"Amenaza Estado a activistas de abrirles proceso penal si vuelven a plantarse (Nuevo Le\u00f3n)","author":"grieta","date":"27 febrero, 2019","format":false,"excerpt":"David Torres \/ Info 7 Tras desalojo de domingo por la madrugada, integrantes de \u00danete Pueblo acuden a Derechos Humanos a denunciar abusos como amenazarlos con armas por parte del Estado Al desalojarlos por segunda ocasi\u00f3n, el gobierno del Estado desacat\u00f3 una recomendaci\u00f3n de la Comisi\u00f3n Estatal de Derechos Humanos\u2026","rel":"","context":"En &quot;CINTILLO&quot;","block_context":{"text":"CINTILLO","link":"https:\/\/www.grieta.org.mx\/index.php\/category\/cintillo\/"},"img":{"alt_text":"","src":"https:\/\/i0.wp.com\/www.grieta.org.mx\/wp-content\/uploads\/2019\/02\/Amenaza-Estado-a-activistas-de-abrirles-proceso-penal-si-vuelven-a-plantarse-nl-feb-300x168.jpg?resize=350%2C200","width":350,"height":200},"classes":[]},{"id":28547,"url":"https:\/\/www.grieta.org.mx\/index.php\/2019\/01\/22\/detienen-a-9-activistas-de-planton-contra-aumento-de-transporte-en-nl-nuevo-leon\/","url_meta":{"origin":31953,"position":4},"title":"Detienen a 9 activistas de plant\u00f3n contra aumento de transporte en NL (Nuevo Le\u00f3n)","author":"grieta","date":"22 enero, 2019","format":false,"excerpt":"David Carrizales \/ El Universal Los integrantes de varias agrupaciones estimaron que el desalojo y la detenci\u00f3n es una estrategia para tratar de amedrentarlos ante una inminente decisi\u00f3n de incrementar las tarifas del transporte urbano Monterrey.- En un operativo en el que participaron entre 40 y 50 elementos de Fuerza\u2026","rel":"","context":"En &quot;CINTILLO&quot;","block_context":{"text":"CINTILLO","link":"https:\/\/www.grieta.org.mx\/index.php\/category\/cintillo\/"},"img":{"alt_text":"","src":"https:\/\/i0.wp.com\/www.grieta.org.mx\/wp-content\/uploads\/2019\/01\/detienen-a-9-activistas-en-nl.jpg?resize=350%2C200","width":350,"height":200},"classes":[]},{"id":31977,"url":"https:\/\/www.grieta.org.mx\/index.php\/2019\/03\/27\/atenta-fuerza-civil-contra-fotoperiodista-durante-cobertura-en-penal-del-topo-chico-nuevo-leon\/","url_meta":{"origin":31953,"position":5},"title":"ATENTA FUERZA CIVIL CONTRA FOTOPERIODISTA DURANTE COBERTURA EN PENAL DEL TOPO CHICO (Nuevo Le\u00f3n)","author":"grieta","date":"27 marzo, 2019","format":false,"excerpt":"Jes\u00fas Padilla \/ Reporte \u00cdndigo La Asociaci\u00f3n Periodistas de Nuevo Le\u00f3n A.C. reprueba firmemente la dolosa actitud de elementos de Fuerza Civil, al no ser el primer incidente El fotoperiodista del peri\u00f3dico Milenio Monterrey, Ra\u00fal Palacios, fue obligado por elementos de Fuerza Civil a borrar gr\u00e1ficas durante la cobertura del\u2026","rel":"","context":"En &quot;CINTILLO&quot;","block_context":{"text":"CINTILLO","link":"https:\/\/www.grieta.org.mx\/index.php\/category\/cintillo\/"},"img":{"alt_text":"","src":"https:\/\/i0.wp.com\/www.grieta.org.mx\/wp-content\/uploads\/2019\/04\/ATENTA-FUERZA-CIVIL-CONTRA-FOTOPERIODISTA-DURANTE-COBERTURA-EN-PENAL-DEL-TOPO-CHICO-nl-abr.jpeg?resize=350%2C200&ssl=1","width":350,"height":200,"srcset":"https:\/\/i0.wp.com\/www.grieta.org.mx\/wp-content\/uploads\/2019\/04\/ATENTA-FUERZA-CIVIL-CONTRA-FOTOPERIODISTA-DURANTE-COBERTURA-EN-PENAL-DEL-TOPO-CHICO-nl-abr.jpeg?resize=350%2C200&ssl=1 1x, https:\/\/i0.wp.com\/www.grieta.org.mx\/wp-content\/uploads\/2019\/04\/ATENTA-FUERZA-CIVIL-CONTRA-FOTOPERIODISTA-DURANTE-COBERTURA-EN-PENAL-DEL-TOPO-CHICO-nl-abr.jpeg?resize=525%2C300&ssl=1 1.5x, https:\/\/i0.wp.com\/www.grieta.org.mx\/wp-content\/uploads\/2019\/04\/ATENTA-FUERZA-CIVIL-CONTRA-FOTOPERIODISTA-DURANTE-COBERTURA-EN-PENAL-DEL-TOPO-CHICO-nl-abr.jpeg?resize=700%2C400&ssl=1 2x"},"classes":[]}],"_links":{"self":[{"href":"https:\/\/www.grieta.org.mx\/index.php\/wp-json\/wp\/v2\/posts\/31953","targetHints":{"allow":["GET"]}}],"collection":[{"href":"https:\/\/www.grieta.org.mx\/index.php\/wp-json\/wp\/v2\/posts"}],"about":[{"href":"https:\/\/www.grieta.org.mx\/index.php\/wp-json\/wp\/v2\/types\/post"}],"author":[{"embeddable":true,"href":"https:\/\/www.grieta.org.mx\/index.php\/wp-json\/wp\/v2\/users\/2"}],"replies":[{"embeddable":true,"href":"https:\/\/www.grieta.org.mx\/index.php\/wp-json\/wp\/v2\/comments?post=31953"}],"version-history":[{"count":1,"href":"https:\/\/www.grieta.org.mx\/index.php\/wp-json\/wp\/v2\/posts\/31953\/revisions"}],"predecessor-version":[{"id":31955,"href":"https:\/\/www.grieta.org.mx\/index.php\/wp-json\/wp\/v2\/posts\/31953\/revisions\/31955"}],"wp:featuredmedia":[{"embeddable":true,"href":"https:\/\/www.grieta.org.mx\/index.php\/wp-json\/wp\/v2\/media\/31954"}],"wp:attachment":[{"href":"https:\/\/www.grieta.org.mx\/index.php\/wp-json\/wp\/v2\/media?parent=31953"}],"wp:term":[{"taxonomy":"category","embeddable":true,"href":"https:\/\/www.grieta.org.mx\/index.php\/wp-json\/wp\/v2\/categories?post=31953"},{"taxonomy":"post_tag","embeddable":true,"href":"https:\/\/www.grieta.org.mx\/index.php\/wp-json\/wp\/v2\/tags?post=31953"}],"curies":[{"name":"wp","href":"https:\/\/api.w.org\/{rel}","templated":true}]}}