{"id":31905,"date":"2019-04-09T15:54:06","date_gmt":"2019-04-09T20:54:06","guid":{"rendered":"http:\/\/www.grieta.org.mx\/?p=31905"},"modified":"2019-04-09T15:54:06","modified_gmt":"2019-04-09T20:54:06","slug":"marcha-ejemplar-de-alumnos-del-ito-en-oaxaca","status":"publish","type":"post","link":"https:\/\/www.grieta.org.mx\/index.php\/2019\/04\/09\/marcha-ejemplar-de-alumnos-del-ito-en-oaxaca\/","title":{"rendered":"Marcha ejemplar de alumnos del ITO en Oaxaca"},"content":{"rendered":"<p>Noticias.<\/p>\n<p><img loading=\"lazy\" decoding=\"async\" data-attachment-id=\"31906\" data-permalink=\"https:\/\/www.grieta.org.mx\/index.php\/2019\/04\/09\/marcha-ejemplar-de-alumnos-del-ito-en-oaxaca\/image_36_339\/\" data-orig-file=\"https:\/\/www.grieta.org.mx\/wp-content\/uploads\/2019\/04\/image_36_339.jpg\" data-orig-size=\"1144,645\" data-comments-opened=\"0\" data-image-meta=\"{&quot;aperture&quot;:&quot;0&quot;,&quot;credit&quot;:&quot;&quot;,&quot;camera&quot;:&quot;&quot;,&quot;caption&quot;:&quot;&quot;,&quot;created_timestamp&quot;:&quot;0&quot;,&quot;copyright&quot;:&quot;&quot;,&quot;focal_length&quot;:&quot;0&quot;,&quot;iso&quot;:&quot;0&quot;,&quot;shutter_speed&quot;:&quot;0&quot;,&quot;title&quot;:&quot;&quot;,&quot;orientation&quot;:&quot;0&quot;}\" data-image-title=\"image_36_339\" data-image-description=\"\" data-image-caption=\"\" data-medium-file=\"https:\/\/www.grieta.org.mx\/wp-content\/uploads\/2019\/04\/image_36_339-300x169.jpg\" data-large-file=\"https:\/\/www.grieta.org.mx\/wp-content\/uploads\/2019\/04\/image_36_339-1024x577.jpg\" src=\"http:\/\/www.grieta.org.mx\/wp-content\/uploads\/2019\/04\/image_36_339-300x169.jpg\" alt=\"\" width=\"300\" height=\"169\" class=\"alignleft size-medium wp-image-31906\" srcset=\"https:\/\/www.grieta.org.mx\/wp-content\/uploads\/2019\/04\/image_36_339-300x169.jpg 300w, https:\/\/www.grieta.org.mx\/wp-content\/uploads\/2019\/04\/image_36_339-768x433.jpg 768w, https:\/\/www.grieta.org.mx\/wp-content\/uploads\/2019\/04\/image_36_339-1024x577.jpg 1024w, https:\/\/www.grieta.org.mx\/wp-content\/uploads\/2019\/04\/image_36_339-887x500.jpg 887w, https:\/\/www.grieta.org.mx\/wp-content\/uploads\/2019\/04\/image_36_339.jpg 1144w\" sizes=\"auto, (max-width: 300px) 100vw, 300px\" \/><br \/>\nDurante su recorrido, los alumnos \u2013vestidos con playeras de color blanco o naranja\u2013, recogieron botellas y envases de las calles.<\/p>\n<p>Octavio V\u00e9lez,<\/p>\n<p>De manera pac\u00edfica, cientos de estudiantes del ITO caminaron desde las instalaciones de esa instituci\u00f3n educativa hacia el atrio del templo de Santo Domingo de Guzm\u00e1n, para dar a conocer a la ciudadan\u00eda sus reclamos de tener una educaci\u00f3n digna y de calidad.<\/p>\n<p>Durante su recorrido, los alumnos \u2013vestidos con playeras de color blanco o naranja\u2013, recogieron botellas y otros envases elaborados con politereftalato de etileno (PET) tirados en las calles.<\/p>\n<p>La caminata fue acordada en una reuni\u00f3n masiva, efectuada en la plaza c\u00edvica de la instituci\u00f3n, donde participaron alumnos de las carreras de ingenier\u00edas civil, el\u00e9ctrica, electr\u00f3nica, industrial, sistemas computacionales y qu\u00edmica, as\u00ed como de las licenciatura de administraci\u00f3n y gesti\u00f3n empresarial.<\/p>\n<p>Durante el desarrollo, los representantes de las diferentes carreras dieron a conocer las necesidades y requerimientos en cada una de las carreras, as\u00ed como la inicial falta de respuesta del director general del ITO, Juan Cruz Nieto y las posteriores amenazas hacia los alumnos por participar en el movimiento.<\/p>\n<p>\u201cNos ha amenazado con expulsarlos del instituto y hasta de ser agredidos por el equipo de seguridad privada, por estar con los compa\u00f1eros\u201d, se\u00f1al\u00f3 uno de los estudiantes.<\/p>\n<p>Ante esto, determinaron realizar la caminata hacia Santo Domingo, para que la ciudadan\u00eda se entere de sus reclamos, porque \u201cno son porros\u201d, sino estudiantes preocupados por mejorar su preparaci\u00f3n acad\u00e9mica.<\/p>\n<p><img loading=\"lazy\" decoding=\"async\" data-attachment-id=\"31907\" data-permalink=\"https:\/\/www.grieta.org.mx\/index.php\/2019\/04\/09\/marcha-ejemplar-de-alumnos-del-ito-en-oaxaca\/image_37_148\/\" data-orig-file=\"https:\/\/www.grieta.org.mx\/wp-content\/uploads\/2019\/04\/image_37_148.jpg\" data-orig-size=\"892,1090\" data-comments-opened=\"0\" data-image-meta=\"{&quot;aperture&quot;:&quot;5.6&quot;,&quot;credit&quot;:&quot;&quot;,&quot;camera&quot;:&quot;Canon EOS 60D&quot;,&quot;caption&quot;:&quot;&quot;,&quot;created_timestamp&quot;:&quot;1554726434&quot;,&quot;copyright&quot;:&quot;&quot;,&quot;focal_length&quot;:&quot;135&quot;,&quot;iso&quot;:&quot;320&quot;,&quot;shutter_speed&quot;:&quot;0.00025&quot;,&quot;title&quot;:&quot;&quot;,&quot;orientation&quot;:&quot;1&quot;}\" data-image-title=\"image_37_148\" data-image-description=\"\" data-image-caption=\"\" data-medium-file=\"https:\/\/www.grieta.org.mx\/wp-content\/uploads\/2019\/04\/image_37_148-246x300.jpg\" data-large-file=\"https:\/\/www.grieta.org.mx\/wp-content\/uploads\/2019\/04\/image_37_148-838x1024.jpg\" src=\"http:\/\/www.grieta.org.mx\/wp-content\/uploads\/2019\/04\/image_37_148-246x300.jpg\" alt=\"\" width=\"246\" height=\"300\" class=\"alignleft size-medium wp-image-31907\" srcset=\"https:\/\/www.grieta.org.mx\/wp-content\/uploads\/2019\/04\/image_37_148-246x300.jpg 246w, https:\/\/www.grieta.org.mx\/wp-content\/uploads\/2019\/04\/image_37_148-768x938.jpg 768w, https:\/\/www.grieta.org.mx\/wp-content\/uploads\/2019\/04\/image_37_148-838x1024.jpg 838w, https:\/\/www.grieta.org.mx\/wp-content\/uploads\/2019\/04\/image_37_148-409x500.jpg 409w, https:\/\/www.grieta.org.mx\/wp-content\/uploads\/2019\/04\/image_37_148.jpg 892w\" sizes=\"auto, (max-width: 246px) 100vw, 246px\" \/><br \/>\nLos estudiantes del ITO fueron llamados a una mesa de di\u00e1logo, por la tarde, con funcionarios de la Segego.<\/p>\n<p>Un representante de la carrera de ingenier\u00eda qu\u00edmica, dijo que la base estudiantil del ITO reclama fundamentalmente el equipamiento de los laboratorios, aulas dignas, licencias de software, la contrataci\u00f3n de docentes especializados y la remoci\u00f3n inmediata del director general, Juan Cruz Nieto.<\/p>\n<p>Adem\u00e1s, la instalaci\u00f3n de una mesa de di\u00e1logo con el subsecretario de Educaci\u00f3n Superior de la Secretar\u00eda de Educaci\u00f3n P\u00fablica (SEP), Francisco Luciano Concheiro B\u00f3rquez, para la atenci\u00f3n directa de sus demandas.<\/p>\n<p>\u201cPues, se perdi\u00f3 la confianza con los funcionarios del gobierno estatal, ya que todo lo que les dec\u00edamos se lo contaba al director Cruz Nieto\u201d, indic\u00f3.<\/p>\n<p>Cancelan reuni\u00f3n<\/p>\n<p>Despu\u00e9s de su caminata, los estudiantes del ITO fueron llamados a una mesa de di\u00e1logo, por la tarde, con funcionarios de la Secretar\u00eda General de Gobierno (Segego) en la Ciudad Administrativa Benem\u00e9rito de las Am\u00e9ricas, pero despu\u00e9s fue cancelada y reprogramada para el mi\u00e9rcoles.<\/p>\n<p>Otras actividades<\/p>\n<p>La base estudiantil del ITO tambi\u00e9n convino en la reuni\u00f3n masiva trasladar sus clases los pr\u00f3ximos d\u00edas jueves y viernes, al z\u00f3calo, frente al Palacio de Gobierno.<\/p>\n<p><a href=\"https:\/\/www.nvinoticias.com\/nota\/114129\/marcha-ejemplar-de-alumnos-del-ito-en-oaxaca\" rel=\"noopener noreferrer\" target=\"_blank\">https:\/\/www.nvinoticias.com\/nota\/114129\/marcha-ejemplar-de-alumnos-del-ito-en-oaxaca<\/a><\/p>\n","protected":false},"excerpt":{"rendered":"<p>Noticias. Durante su recorrido, los alumnos \u2013vestidos con playeras de color blanco o naranja\u2013, recogieron botellas y envases de las calles. Octavio V\u00e9lez, De manera pac\u00edfica, cientos de estudiantes del &hellip; <a href=\"https:\/\/www.grieta.org.mx\/index.php\/2019\/04\/09\/marcha-ejemplar-de-alumnos-del-ito-en-oaxaca\/\" class=\"more-link\">Leer m\u00e1s<\/a><\/p>\n","protected":false},"author":2,"featured_media":31906,"comment_status":"closed","ping_status":"closed","sticky":false,"template":"","format":"standard","meta":{"ngg_post_thumbnail":0,"_jetpack_newsletter_access":"","_jetpack_dont_email_post_to_subs":false,"_jetpack_newsletter_tier_id":0,"_jetpack_memberships_contains_paywalled_content":false,"_jetpack_memberships_contains_paid_content":false,"footnotes":""},"categories":[80,2439,2,25],"tags":[],"class_list":["post-31905","post","type-post","status-publish","format-standard","has-post-thumbnail","hentry","category-cintillo","category-crisis-de-la-educacion-publica-en-oaxaca","category-noticias-nacionales","category-oaxaca","entry"],"jetpack_featured_media_url":"https:\/\/www.grieta.org.mx\/wp-content\/uploads\/2019\/04\/image_36_339.jpg","jetpack_sharing_enabled":true,"jetpack_shortlink":"https:\/\/wp.me\/p7ZJR4-8iB","jetpack_likes_enabled":false,"jetpack-related-posts":[{"id":32761,"url":"https:\/\/www.grieta.org.mx\/index.php\/2019\/04\/30\/estudiantes-del-ito-marchan-recogen-basura-y-regalan-juguetes-oaxaca\/","url_meta":{"origin":31905,"position":0},"title":"Estudiantes del ITO marchan, recogen basura y regalan juguetes  (Oaxaca)","author":"grieta","date":"30 abril, 2019","format":false,"excerpt":"Noticias. Giovanna Mart\u00ednez, A 26 d\u00edas de iniciar una protesta pac\u00edfica para exigir equipamiento de los laboratorios, aulas dignas, licencias de software, la contrataci\u00f3n de docentes especializados y la remoci\u00f3n inmediata del director general, Juan Cruz Nieto; estudiantes del Instituto Tecnol\u00f3gico de Oaxaca (ITO) realizaron una caminata y juguet\u00f3n. Los\u2026","rel":"","context":"En &quot;CINTILLO&quot;","block_context":{"text":"CINTILLO","link":"https:\/\/www.grieta.org.mx\/index.php\/category\/cintillo\/"},"img":{"alt_text":"","src":"https:\/\/i0.wp.com\/www.grieta.org.mx\/wp-content\/uploads\/2019\/04\/interiores_-_emilio_morales_-_marcha_de_estudiantes_del_tecnologico_de_oaxaca_ito_1.jpg?resize=350%2C200&ssl=1","width":350,"height":200,"srcset":"https:\/\/i0.wp.com\/www.grieta.org.mx\/wp-content\/uploads\/2019\/04\/interiores_-_emilio_morales_-_marcha_de_estudiantes_del_tecnologico_de_oaxaca_ito_1.jpg?resize=350%2C200&ssl=1 1x, https:\/\/i0.wp.com\/www.grieta.org.mx\/wp-content\/uploads\/2019\/04\/interiores_-_emilio_morales_-_marcha_de_estudiantes_del_tecnologico_de_oaxaca_ito_1.jpg?resize=525%2C300&ssl=1 1.5x, https:\/\/i0.wp.com\/www.grieta.org.mx\/wp-content\/uploads\/2019\/04\/interiores_-_emilio_morales_-_marcha_de_estudiantes_del_tecnologico_de_oaxaca_ito_1.jpg?resize=700%2C400&ssl=1 2x, https:\/\/i0.wp.com\/www.grieta.org.mx\/wp-content\/uploads\/2019\/04\/interiores_-_emilio_morales_-_marcha_de_estudiantes_del_tecnologico_de_oaxaca_ito_1.jpg?resize=1050%2C600&ssl=1 3x"},"classes":[]},{"id":1946,"url":"https:\/\/www.grieta.org.mx\/index.php\/2015\/12\/11\/alumnos-toman-tres-normales-en-la-mixteca\/","url_meta":{"origin":31905,"position":1},"title":"Alumnos toman tres Normales en la Mixteca","author":"grieta","date":"11 diciembre, 2015","format":false,"excerpt":"Lesli Aguilar, Huajuapan de Le\u00f3n, Oaxaca.- M\u00e1s de 600 alumnos de la regi\u00f3n Mixteca tomaron las Escuelas Normales, para exigir al Instituto Estatal de Educaci\u00f3n P\u00fablica de Oaxaca (IEEPO) la asignaci\u00f3n de plazas de manera autom\u00e1tica, sin presentar ninguna evaluaci\u00f3n y violar la Reforma Educativa en Oaxaca. Desde este jueves,\u2026","rel":"","context":"En &quot;CINTILLO&quot;","block_context":{"text":"CINTILLO","link":"https:\/\/www.grieta.org.mx\/index.php\/category\/cintillo\/"},"img":{"alt_text":"","src":"https:\/\/i0.wp.com\/www.grieta.org.mx\/wp-content\/uploads\/2018\/03\/14524434_1106112876131411_958039263622046936_o.jpg?resize=350%2C200&ssl=1","width":350,"height":200,"srcset":"https:\/\/i0.wp.com\/www.grieta.org.mx\/wp-content\/uploads\/2018\/03\/14524434_1106112876131411_958039263622046936_o.jpg?resize=350%2C200&ssl=1 1x, https:\/\/i0.wp.com\/www.grieta.org.mx\/wp-content\/uploads\/2018\/03\/14524434_1106112876131411_958039263622046936_o.jpg?resize=525%2C300&ssl=1 1.5x, https:\/\/i0.wp.com\/www.grieta.org.mx\/wp-content\/uploads\/2018\/03\/14524434_1106112876131411_958039263622046936_o.jpg?resize=700%2C400&ssl=1 2x"},"classes":[]},{"id":32026,"url":"https:\/\/www.grieta.org.mx\/index.php\/2019\/04\/11\/estudiantes-del-ito-continuan-su-lucha-ahora-regalan-comida-en-el-imss-de-oaxaca\/","url_meta":{"origin":31905,"position":2},"title":"Estudiantes del ITO contin\u00faan su lucha; ahora regalan comida en el IMSS de Oaxaca","author":"grieta","date":"11 abril, 2019","format":false,"excerpt":"Noticias. Por Giovanna Mart\u00ednez, Otros ofrecieron una exhibici\u00f3n de canto en Santo Domingo Estudiantes del Instituto Tecnol\u00f3gico de Oaxaca cumplen 8 d\u00edas de haber iniciado la toma de las instalaciones administrativas en busca de respuesta a sus demandas de de equipamiento y mantenimiento de laboratorios, instalaciones, agua potable, entre otras\u2026","rel":"","context":"En &quot;CINTILLO&quot;","block_context":{"text":"CINTILLO","link":"https:\/\/www.grieta.org.mx\/index.php\/category\/cintillo\/"},"img":{"alt_text":"","src":"https:\/\/i0.wp.com\/www.grieta.org.mx\/wp-content\/uploads\/2019\/04\/8758b834-a522-4e32-90c1-43b173cdbfa8.jpg?resize=350%2C200&ssl=1","width":350,"height":200,"srcset":"https:\/\/i0.wp.com\/www.grieta.org.mx\/wp-content\/uploads\/2019\/04\/8758b834-a522-4e32-90c1-43b173cdbfa8.jpg?resize=350%2C200&ssl=1 1x, https:\/\/i0.wp.com\/www.grieta.org.mx\/wp-content\/uploads\/2019\/04\/8758b834-a522-4e32-90c1-43b173cdbfa8.jpg?resize=525%2C300&ssl=1 1.5x"},"classes":[]},{"id":33376,"url":"https:\/\/www.grieta.org.mx\/index.php\/2019\/05\/13\/luchan-por-la-dignidad-del-ito-oaxaca\/","url_meta":{"origin":31905,"position":3},"title":"Luchan por la dignidad del ITO (Oaxaca)","author":"grieta","date":"13 mayo, 2019","format":false,"excerpt":"Noticias. Para donde se mire, la condici\u00f3n de las instalaciones y equipo que se ocupa en el ITO, es por dem\u00e1s obsoleta. Jaqueline Bertha, La apuesta por el desgaste f\u00edsico, emocional y econ\u00f3mico de los alumnos del Instituto Tecnol\u00f3gico de Oaxaca (ITO), que exigen mejoras a las condiciones de la\u2026","rel":"","context":"En &quot;CINTILLO&quot;","block_context":{"text":"CINTILLO","link":"https:\/\/www.grieta.org.mx\/index.php\/category\/cintillo\/"},"img":{"alt_text":"","src":"https:\/\/i0.wp.com\/www.grieta.org.mx\/wp-content\/uploads\/2019\/05\/image_34_339.jpg?resize=350%2C200&ssl=1","width":350,"height":200,"srcset":"https:\/\/i0.wp.com\/www.grieta.org.mx\/wp-content\/uploads\/2019\/05\/image_34_339.jpg?resize=350%2C200&ssl=1 1x, https:\/\/i0.wp.com\/www.grieta.org.mx\/wp-content\/uploads\/2019\/05\/image_34_339.jpg?resize=525%2C300&ssl=1 1.5x, https:\/\/i0.wp.com\/www.grieta.org.mx\/wp-content\/uploads\/2019\/05\/image_34_339.jpg?resize=700%2C400&ssl=1 2x, https:\/\/i0.wp.com\/www.grieta.org.mx\/wp-content\/uploads\/2019\/05\/image_34_339.jpg?resize=1050%2C600&ssl=1 3x"},"classes":[]},{"id":29876,"url":"https:\/\/www.grieta.org.mx\/index.php\/2019\/03\/01\/sin-clases-36-mil-alumnos-del-cobao-oaxaca\/","url_meta":{"origin":31905,"position":4},"title":"Sin clases, 36 mil alumnos del COBAO (Oaxaca)","author":"grieta","date":"1 marzo, 2019","format":false,"excerpt":"Noticias. Octavio V\u00e9lez, Argumentan sindicalizados que en el Cobao, la reducci\u00f3n presupuestal suma 184 millones 045 mil 517 pesos. Como medida de presi\u00f3n para que la Subsecretar\u00eda de Educaci\u00f3n Media Superior (SEMS) de la Secretar\u00eda de Educaci\u00f3n P\u00fablica (SEP) cancele el recorte presupuestal, los dos mil 500 agremiados del Sindicato\u2026","rel":"","context":"En &quot;CINTILLO&quot;","block_context":{"text":"CINTILLO","link":"https:\/\/www.grieta.org.mx\/index.php\/category\/cintillo\/"},"img":{"alt_text":"","src":"https:\/\/i0.wp.com\/www.grieta.org.mx\/wp-content\/uploads\/2019\/03\/image_19_380.jpg?resize=350%2C200&ssl=1","width":350,"height":200,"srcset":"https:\/\/i0.wp.com\/www.grieta.org.mx\/wp-content\/uploads\/2019\/03\/image_19_380.jpg?resize=350%2C200&ssl=1 1x, https:\/\/i0.wp.com\/www.grieta.org.mx\/wp-content\/uploads\/2019\/03\/image_19_380.jpg?resize=525%2C300&ssl=1 1.5x, https:\/\/i0.wp.com\/www.grieta.org.mx\/wp-content\/uploads\/2019\/03\/image_19_380.jpg?resize=700%2C400&ssl=1 2x, https:\/\/i0.wp.com\/www.grieta.org.mx\/wp-content\/uploads\/2019\/03\/image_19_380.jpg?resize=1050%2C600&ssl=1 3x"},"classes":[]},{"id":45170,"url":"https:\/\/www.grieta.org.mx\/index.php\/2020\/02\/26\/realizan-paro-indefinido-normalistas-de-huajuapan-oaxaca\/","url_meta":{"origin":31905,"position":5},"title":"Realizan paro indefinido normalistas de Huajuapan (Oaxaca)","author":"grieta","date":"26 febrero, 2020","format":false,"excerpt":"Notocias \/ Lesli Aguilar. Huajuapan de Le\u00f3n, Oaxaca.- Con la colocaci\u00f3n de banderas rojinegras, alumnos de la Escuela Normal Experimental de Huajuapan se declararon en paro de manera indefinida, para exigir al gobierno del estado mejoras en la malla curricular y detenci\u00f3n de los jefes policiales, quienes participaron en el\u2026","rel":"","context":"En &quot;CINTILLO&quot;","block_context":{"text":"CINTILLO","link":"https:\/\/www.grieta.org.mx\/index.php\/category\/cintillo\/"},"img":{"alt_text":"","src":"https:\/\/i0.wp.com\/www.grieta.org.mx\/wp-content\/uploads\/2020\/02\/copia_de_segunda_13.jpg?resize=350%2C200&ssl=1","width":350,"height":200,"srcset":"https:\/\/i0.wp.com\/www.grieta.org.mx\/wp-content\/uploads\/2020\/02\/copia_de_segunda_13.jpg?resize=350%2C200&ssl=1 1x, https:\/\/i0.wp.com\/www.grieta.org.mx\/wp-content\/uploads\/2020\/02\/copia_de_segunda_13.jpg?resize=525%2C300&ssl=1 1.5x, https:\/\/i0.wp.com\/www.grieta.org.mx\/wp-content\/uploads\/2020\/02\/copia_de_segunda_13.jpg?resize=700%2C400&ssl=1 2x, https:\/\/i0.wp.com\/www.grieta.org.mx\/wp-content\/uploads\/2020\/02\/copia_de_segunda_13.jpg?resize=1050%2C600&ssl=1 3x"},"classes":[]}],"_links":{"self":[{"href":"https:\/\/www.grieta.org.mx\/index.php\/wp-json\/wp\/v2\/posts\/31905","targetHints":{"allow":["GET"]}}],"collection":[{"href":"https:\/\/www.grieta.org.mx\/index.php\/wp-json\/wp\/v2\/posts"}],"about":[{"href":"https:\/\/www.grieta.org.mx\/index.php\/wp-json\/wp\/v2\/types\/post"}],"author":[{"embeddable":true,"href":"https:\/\/www.grieta.org.mx\/index.php\/wp-json\/wp\/v2\/users\/2"}],"replies":[{"embeddable":true,"href":"https:\/\/www.grieta.org.mx\/index.php\/wp-json\/wp\/v2\/comments?post=31905"}],"version-history":[{"count":1,"href":"https:\/\/www.grieta.org.mx\/index.php\/wp-json\/wp\/v2\/posts\/31905\/revisions"}],"predecessor-version":[{"id":31908,"href":"https:\/\/www.grieta.org.mx\/index.php\/wp-json\/wp\/v2\/posts\/31905\/revisions\/31908"}],"wp:featuredmedia":[{"embeddable":true,"href":"https:\/\/www.grieta.org.mx\/index.php\/wp-json\/wp\/v2\/media\/31906"}],"wp:attachment":[{"href":"https:\/\/www.grieta.org.mx\/index.php\/wp-json\/wp\/v2\/media?parent=31905"}],"wp:term":[{"taxonomy":"category","embeddable":true,"href":"https:\/\/www.grieta.org.mx\/index.php\/wp-json\/wp\/v2\/categories?post=31905"},{"taxonomy":"post_tag","embeddable":true,"href":"https:\/\/www.grieta.org.mx\/index.php\/wp-json\/wp\/v2\/tags?post=31905"}],"curies":[{"name":"wp","href":"https:\/\/api.w.org\/{rel}","templated":true}]}}