{"id":3190,"date":"2015-08-23T12:58:25","date_gmt":"2015-08-23T12:58:25","guid":{"rendered":"http:\/\/50.22.11.12\/~grietaor\/?p=3190"},"modified":"2016-04-25T00:05:20","modified_gmt":"2016-04-25T00:05:20","slug":"policias-impiden-a-200-maestros-del-fmj-llegar-a-casa-jalisco","status":"publish","type":"post","link":"https:\/\/www.grieta.org.mx\/index.php\/2015\/08\/23\/policias-impiden-a-200-maestros-del-fmj-llegar-a-casa-jalisco\/","title":{"rendered":"Polic\u00edas impiden a 200 maestros del FMJ llegar a Casa Jalisco"},"content":{"rendered":"<p>Por: Alma G\u00f3mez<\/p>\n<p>23 de agosto del 2015.-<\/p>\n<p>Cerca de 200 maestros del Frente Magisterial Jalisciense (FMJ) nuevamente salieron a marchar para protestar en contra de la reforma educativa. Buscaron llegar a Casa Jalisco para manifestar al gobernador una serie de carencias que desde hace a\u00f1os se viven en las escuelas primarias y secundarias del estado, sin embargo, los docentes no pudieron llegar hasta la casa del gobernador, pues un grupo de alrededor de 70 polic\u00edas estatales impidieron el paso a los maestros.<\/p>\n<p>Los miembros del FMJ se reunieron en la Glorieta Minerva y avanzaron sobre L\u00f3pez Mateos. Protestaron por el recorte de 50 por ciento de maestros contratados bajo el concepto de honorarios y reprocharon la poca actualizaci\u00f3n de los libros de texto y la carencia en los planteles que fungen como telesecundarias, que no cuentan con las tecnolog\u00edas m\u00ednimas necesarias para dar clases.<\/p>\n<p>Protestaron tambi\u00e9n por la situaci\u00f3n de varias escuelas de Veracruz, que se han visto obligadas a funcionar sin electricidad, debido a que el gobierno no ha pagado los recibos a la Comisi\u00f3n Federal de Electricidad (CFE); algunas de estas escuelas deben hasta 53 mil pesos.<\/p>\n<p>\u201cTenemos carencia de agua potable, trabajamos con altas temperaturas, nuestros alumnos llegan sin alimento en el est\u00f3mago, es real y en muchos de los casos es por carencias. Algunas escuelas en Veracruz, desde 2013 hicieron p\u00fablicos los casos de deudas enormes a la CFE, algunas de 53 mil pesos. Tenemos libros de texto de 2006, cuando en telesecundaria se trabaja con programas de 2011, \u00a1ni siquiera hay libros completos para todos los ni\u00f1os!\u201d, denunci\u00f3 Jos\u00e9 Casillas, miembro del Frente.<\/p>\n<p>Los maestros avanzaban sobre una de las laterales de L\u00f3pez Mateos cuando se percataron de que polic\u00edas del estado hab\u00edan instalado cercos a la altura de la calle Herrera y Cairo, por tal motivo, los maestros no pudieron avanzar m\u00e1s.<\/p>\n<p>Personal del gobierno del estado acudi\u00f3 al cruce de estas calles para recoger las demandas de los docentes en nombre del gobernador, pero los maestros se negaron.<\/p>\n<p>-Vengo aqu\u00ed a reinstalar las mesas de di\u00e1logo con ustedes y a recoger las exigencias que tienen para el gobernador, anunci\u00f3 un servidor.<\/p>\n<p>-Llegar hasta Casa Jalisco es nuestro derecho como ciudadanos y t\u00fa lo est\u00e1s impidiendo. Queremos llegar a la casa del gobernador y pegar todas las carencias que hay en las escuelas, queremos que las vea, no queremos envi\u00e1rselas contigo, responi\u00f3 un miembro del Frente.<\/p>\n<p>Los docentes se rehusaron a dialogar con el representante de las autoridades del estado y sin contemplaciones bloquearon la segunda lateral de L\u00f3pez Mateos. Como en todos los casos, los conductores, adem\u00e1s de mostrar desconcierto, se manifestaron molestos y reclamaron a los maestros que sus acciones afectaran a los automovilistas.<\/p>\n<p>Luego de varios minutos, los profesores no tuvieron m\u00e1s alternativa que leer su pronunciamiento en la v\u00eda p\u00fablica y no frente a Casa Jalisco, como estaba planeado.<\/p>\n<p>Los docentes reiteraron sus intenciones de participar en el paro nacional al que convoca la Coordinadora Nacional de Trabajadores de la Educaci\u00f3n (CNTE), que hasta el d\u00eda de hoy contin\u00faa con reuniones regionales para definir los t\u00e9rminos precisos de este paro de labores y suspensi\u00f3n de clases.<\/p>\n<p>Tambi\u00e9n anunciaron que en varias escuelas de Jalisco se tendr\u00e1n acercamientos con padres de familia para explicar las afectaciones de esta reforma educativa y conseguir que m\u00e1s ciudadanos se unan a la causa.<\/p>\n<p>Exigieron al gobierno estatal que intervenga por la desocupaci\u00f3n militar en el estado de Oaxaca; se manifestaron en favor de defender la educaci\u00f3n p\u00fablica y la salud como derechos sociales, adem\u00e1s de reiterar su rechazo a las evaluaciones a los docentes.<\/p>\n<p><a href=\"http:\/\/lajornadajalisco.com.mx\/2015\/08\/policias-impiden-a-200-maestros-del-fmj-llegar-a-casa-jalisco\/\" target=\"_blank\">http:\/\/lajornadajalisco.com.mx\/2015\/08\/policias-impiden-a-200-maestros-del-fmj-llegar-a-casa-jalisco\/<\/a><\/p>\n","protected":false},"excerpt":{"rendered":"<p>Por: Alma G\u00f3mez 23 de agosto del 2015.- Cerca de 200 maestros del Frente Magisterial Jalisciense (FMJ) nuevamente salieron a marchar para protestar en contra de la reforma educativa. Buscaron &hellip; <a href=\"https:\/\/www.grieta.org.mx\/index.php\/2015\/08\/23\/policias-impiden-a-200-maestros-del-fmj-llegar-a-casa-jalisco\/\" class=\"more-link\">Leer m\u00e1s<\/a><\/p>\n","protected":false},"author":2,"featured_media":21928,"comment_status":"closed","ping_status":"open","sticky":false,"template":"","format":"standard","meta":{"ngg_post_thumbnail":0,"_jetpack_newsletter_access":"","_jetpack_dont_email_post_to_subs":false,"_jetpack_newsletter_tier_id":0,"_jetpack_memberships_contains_paywalled_content":false,"_jetpack_memberships_contains_paid_content":false,"footnotes":""},"categories":[80,230],"tags":[107,133,135],"class_list":["post-3190","post","type-post","status-publish","format-standard","has-post-thumbnail","hentry","category-cintillo","category-jalisco","tag-educacion","tag-maestros","tag-reforma-educativa","entry"],"jetpack_featured_media_url":"https:\/\/www.grieta.org.mx\/wp-content\/uploads\/2018\/03\/14524434_1106112876131411_958039263622046936_o.jpg","jetpack_sharing_enabled":true,"jetpack_shortlink":"https:\/\/wp.me\/p7ZJR4-Ps","jetpack_likes_enabled":false,"jetpack-related-posts":[{"id":3171,"url":"https:\/\/www.grieta.org.mx\/index.php\/2016\/08\/23\/movilizaciones-contra-la-reforma-educativa-y-la-evaluacion-magisterial-en-jalisco\/","url_meta":{"origin":3190,"position":0},"title":"Movilizaciones contra la Reforma educativa y evaluaci\u00f3n magisterial en Jalisco","author":"grieta","date":"23 agosto, 2016","format":false,"excerpt":"23\/08\/16. Maestros se manifestaron en el Aeropuerto Internacional de Guadalajara contra la Reforma Educativa Canal 44 23\/08\/16. Maestros en la regi\u00f3n de Los Altos trabajan bajo protesta (Video)Canal 44 27\/07\/16. Bloquean maestros casetasAM Lagos de Moreno 17\/07\/16. Frente Magisterial advierte accionesNtr Guadalajara 04\/07\/16. Abuchean a Aurelio Nu\u00f1o en JaliscoProceso 23\/06\/16.\u2026","rel":"","context":"En &quot;Jalisco&quot;","block_context":{"text":"Jalisco","link":"https:\/\/www.grieta.org.mx\/index.php\/category\/noticias-nacionales\/jalisco\/"},"img":{"alt_text":"","src":"https:\/\/i0.wp.com\/www.grieta.org.mx\/wp-content\/uploads\/2018\/03\/14524434_1106112876131411_958039263622046936_o.jpg?resize=350%2C200&ssl=1","width":350,"height":200,"srcset":"https:\/\/i0.wp.com\/www.grieta.org.mx\/wp-content\/uploads\/2018\/03\/14524434_1106112876131411_958039263622046936_o.jpg?resize=350%2C200&ssl=1 1x, https:\/\/i0.wp.com\/www.grieta.org.mx\/wp-content\/uploads\/2018\/03\/14524434_1106112876131411_958039263622046936_o.jpg?resize=525%2C300&ssl=1 1.5x, https:\/\/i0.wp.com\/www.grieta.org.mx\/wp-content\/uploads\/2018\/03\/14524434_1106112876131411_958039263622046936_o.jpg?resize=700%2C400&ssl=1 2x"},"classes":[]},{"id":11431,"url":"https:\/\/www.grieta.org.mx\/index.php\/2016\/04\/27\/maestros-cesados-no-han-sido-dados-de-baja-solo-les-retienen-el-salario\/","url_meta":{"origin":3190,"position":1},"title":"Maestros cesados no han sido dados de baja, s\u00f3lo les retienen el salario","author":"grieta","date":"27 abril, 2016","format":false,"excerpt":"Por Adri\u00e1n Montiel Gonz\u00e1lez Acusan a L\u00f3pez Lara de inacci\u00f3n, pese a compromisos Profesores de la CNTE se\u00f1alaron que hasta el momento la SEP y la SEJ ha retenido los salarios de 179 profesores que presumiblemente iban a ser dados de baja Profesores de la Coordinadora Nacional de Trabajadores de\u2026","rel":"","context":"En &quot;CINTILLO&quot;","block_context":{"text":"CINTILLO","link":"https:\/\/www.grieta.org.mx\/index.php\/category\/cintillo\/"},"img":{"alt_text":"","src":"https:\/\/i0.wp.com\/www.grieta.org.mx\/wp-content\/uploads\/2018\/03\/14524434_1106112876131411_958039263622046936_o.jpg?resize=350%2C200&ssl=1","width":350,"height":200,"srcset":"https:\/\/i0.wp.com\/www.grieta.org.mx\/wp-content\/uploads\/2018\/03\/14524434_1106112876131411_958039263622046936_o.jpg?resize=350%2C200&ssl=1 1x, https:\/\/i0.wp.com\/www.grieta.org.mx\/wp-content\/uploads\/2018\/03\/14524434_1106112876131411_958039263622046936_o.jpg?resize=525%2C300&ssl=1 1.5x, https:\/\/i0.wp.com\/www.grieta.org.mx\/wp-content\/uploads\/2018\/03\/14524434_1106112876131411_958039263622046936_o.jpg?resize=700%2C400&ssl=1 2x"},"classes":[]},{"id":20267,"url":"https:\/\/www.grieta.org.mx\/index.php\/2016\/08\/23\/maestros-se-manifestaron-en-el-aeropuerto-internacional-de-guadalajara-contra-la-reforma-educativa-video\/","url_meta":{"origin":3190,"position":2},"title":"Maestros se manifestaron en el Aeropuerto Internacional de Guadalajara contra la Reforma Educativa  (Video)","author":"grieta","date":"23 agosto, 2016","format":false,"excerpt":"Ignacio P\u00e9rez Vega","rel":"","context":"En &quot;CINTILLO&quot;","block_context":{"text":"CINTILLO","link":"https:\/\/www.grieta.org.mx\/index.php\/category\/cintillo\/"},"img":{"alt_text":"","src":"https:\/\/i0.wp.com\/www.grieta.org.mx\/wp-content\/uploads\/2018\/03\/14524434_1106112876131411_958039263622046936_o.jpg?resize=350%2C200&ssl=1","width":350,"height":200,"srcset":"https:\/\/i0.wp.com\/www.grieta.org.mx\/wp-content\/uploads\/2018\/03\/14524434_1106112876131411_958039263622046936_o.jpg?resize=350%2C200&ssl=1 1x, https:\/\/i0.wp.com\/www.grieta.org.mx\/wp-content\/uploads\/2018\/03\/14524434_1106112876131411_958039263622046936_o.jpg?resize=525%2C300&ssl=1 1.5x, https:\/\/i0.wp.com\/www.grieta.org.mx\/wp-content\/uploads\/2018\/03\/14524434_1106112876131411_958039263622046936_o.jpg?resize=700%2C400&ssl=1 2x"},"classes":[]},{"id":3193,"url":"https:\/\/www.grieta.org.mx\/index.php\/2015\/07\/31\/maestros-de-jalisco-entregan-amparos-contra-reforma-educativa\/","url_meta":{"origin":3190,"position":3},"title":"Maestros de Jalisco entregan amparos contra reforma educativa","author":"grieta","date":"31 julio, 2015","format":false,"excerpt":"FABIOLA HERN\u00c1NDEZ La estrategia jur\u00eddica pretende cancelar la evaluaci\u00f3n a docentes Se convocar\u00e1n a m\u00e1s de 400 maestros en la Glorieta de la Minerva Profesores realizan la segunda entrega de amparos en contra de la Reforma Educativa en Ciudad Judicial GUADALAJARA, JALISCO (31\/JUL\/2015).- Profesores pertenecientes al Frente Magisterial de Jalisco\u2026","rel":"","context":"En &quot;CINTILLO&quot;","block_context":{"text":"CINTILLO","link":"https:\/\/www.grieta.org.mx\/index.php\/category\/cintillo\/"},"img":{"alt_text":"","src":"https:\/\/i0.wp.com\/www.grieta.org.mx\/wp-content\/uploads\/2018\/03\/14524434_1106112876131411_958039263622046936_o.jpg?resize=350%2C200&ssl=1","width":350,"height":200,"srcset":"https:\/\/i0.wp.com\/www.grieta.org.mx\/wp-content\/uploads\/2018\/03\/14524434_1106112876131411_958039263622046936_o.jpg?resize=350%2C200&ssl=1 1x, https:\/\/i0.wp.com\/www.grieta.org.mx\/wp-content\/uploads\/2018\/03\/14524434_1106112876131411_958039263622046936_o.jpg?resize=525%2C300&ssl=1 1.5x, https:\/\/i0.wp.com\/www.grieta.org.mx\/wp-content\/uploads\/2018\/03\/14524434_1106112876131411_958039263622046936_o.jpg?resize=700%2C400&ssl=1 2x"},"classes":[]},{"id":35489,"url":"https:\/\/www.grieta.org.mx\/index.php\/2019\/06\/21\/exigen-maestros-su-reinstalacion-tras-ser-cesados-por-la-anterior-reforma-educativa-jalisco\/","url_meta":{"origin":3190,"position":4},"title":"Exigen maestros su reinstalaci\u00f3n tras ser cesados por la anterior reforma educativa (Jalisco)","author":"grieta","date":"21 junio, 2019","format":false,"excerpt":"Foto: Rosario Bare\u00f1o Son 183\u00a0 docentes en Jalisco con antiguedad de hasta 20 a\u00f1os que fueron cesados; 72 de educaci\u00f3n b\u00e1sica y 111 de educaci\u00f3n media-superior Rosario Bare\u00f1o \/ El Occidental Exigen maestros la reinstalaci\u00f3n de sus plazas tras ser cesados en marzo del 2016 por no aceptar ser evaluados\u2026","rel":"","context":"En &quot;CINTILLO&quot;","block_context":{"text":"CINTILLO","link":"https:\/\/www.grieta.org.mx\/index.php\/category\/cintillo\/"},"img":{"alt_text":"","src":"https:\/\/i0.wp.com\/www.grieta.org.mx\/wp-content\/uploads\/2019\/06\/mestros.jpg?resize=350%2C200&ssl=1","width":350,"height":200,"srcset":"https:\/\/i0.wp.com\/www.grieta.org.mx\/wp-content\/uploads\/2019\/06\/mestros.jpg?resize=350%2C200&ssl=1 1x, https:\/\/i0.wp.com\/www.grieta.org.mx\/wp-content\/uploads\/2019\/06\/mestros.jpg?resize=525%2C300&ssl=1 1.5x, https:\/\/i0.wp.com\/www.grieta.org.mx\/wp-content\/uploads\/2019\/06\/mestros.jpg?resize=700%2C400&ssl=1 2x"},"classes":[]},{"id":18046,"url":"https:\/\/www.grieta.org.mx\/index.php\/2016\/07\/27\/bloquean-maestros-casetas-jalisco\/","url_meta":{"origin":3190,"position":5},"title":"Bloquean maestros casetas (Jalisco)","author":"grieta","date":"27 julio, 2016","format":false,"excerpt":"ALEJANDRA ESPINOSA Maestros del Frente Magisterial Jalisco bloquearon ayer la caseta ubicada en la autopista Lagos-San Luis Potos\u00ed, para mostrar su inconformidad por la reforma educativa, y como parte del paro nacional que la Coordinadora Nacional de Trabajadores de la Educaci\u00f3n (CNTE) se encuentra realizando en todo el pa\u00eds. \u201cVa\u2026","rel":"","context":"En &quot;CINTILLO&quot;","block_context":{"text":"CINTILLO","link":"https:\/\/www.grieta.org.mx\/index.php\/category\/cintillo\/"},"img":{"alt_text":"","src":"https:\/\/i0.wp.com\/www.grieta.org.mx\/wp-content\/uploads\/2018\/03\/14524434_1106112876131411_958039263622046936_o.jpg?resize=350%2C200&ssl=1","width":350,"height":200,"srcset":"https:\/\/i0.wp.com\/www.grieta.org.mx\/wp-content\/uploads\/2018\/03\/14524434_1106112876131411_958039263622046936_o.jpg?resize=350%2C200&ssl=1 1x, https:\/\/i0.wp.com\/www.grieta.org.mx\/wp-content\/uploads\/2018\/03\/14524434_1106112876131411_958039263622046936_o.jpg?resize=525%2C300&ssl=1 1.5x, https:\/\/i0.wp.com\/www.grieta.org.mx\/wp-content\/uploads\/2018\/03\/14524434_1106112876131411_958039263622046936_o.jpg?resize=700%2C400&ssl=1 2x"},"classes":[]}],"_links":{"self":[{"href":"https:\/\/www.grieta.org.mx\/index.php\/wp-json\/wp\/v2\/posts\/3190","targetHints":{"allow":["GET"]}}],"collection":[{"href":"https:\/\/www.grieta.org.mx\/index.php\/wp-json\/wp\/v2\/posts"}],"about":[{"href":"https:\/\/www.grieta.org.mx\/index.php\/wp-json\/wp\/v2\/types\/post"}],"author":[{"embeddable":true,"href":"https:\/\/www.grieta.org.mx\/index.php\/wp-json\/wp\/v2\/users\/2"}],"replies":[{"embeddable":true,"href":"https:\/\/www.grieta.org.mx\/index.php\/wp-json\/wp\/v2\/comments?post=3190"}],"version-history":[{"count":1,"href":"https:\/\/www.grieta.org.mx\/index.php\/wp-json\/wp\/v2\/posts\/3190\/revisions"}],"predecessor-version":[{"id":10795,"href":"https:\/\/www.grieta.org.mx\/index.php\/wp-json\/wp\/v2\/posts\/3190\/revisions\/10795"}],"wp:featuredmedia":[{"embeddable":true,"href":"https:\/\/www.grieta.org.mx\/index.php\/wp-json\/wp\/v2\/media\/21928"}],"wp:attachment":[{"href":"https:\/\/www.grieta.org.mx\/index.php\/wp-json\/wp\/v2\/media?parent=3190"}],"wp:term":[{"taxonomy":"category","embeddable":true,"href":"https:\/\/www.grieta.org.mx\/index.php\/wp-json\/wp\/v2\/categories?post=3190"},{"taxonomy":"post_tag","embeddable":true,"href":"https:\/\/www.grieta.org.mx\/index.php\/wp-json\/wp\/v2\/tags?post=3190"}],"curies":[{"name":"wp","href":"https:\/\/api.w.org\/{rel}","templated":true}]}}