{"id":31811,"date":"2019-04-06T22:46:43","date_gmt":"2019-04-07T04:46:43","guid":{"rendered":"http:\/\/www.grieta.org.mx\/?p=31811"},"modified":"2019-04-06T22:47:10","modified_gmt":"2019-04-07T04:47:10","slug":"en-san-felipe-cronica-de-un-conflicto-anunciado-baja-california","status":"publish","type":"post","link":"https:\/\/www.grieta.org.mx\/index.php\/2019\/04\/06\/en-san-felipe-cronica-de-un-conflicto-anunciado-baja-california\/","title":{"rendered":"En San Felipe,  cr\u00f3nica de un conflicto anunciado (Baja California)"},"content":{"rendered":"<p>4 Vientos.<\/p>\n<p>AL FILO DE LA NAVAJA.<\/p>\n<p>Por Ra\u00fal Ram\u00edrez Baena,<\/p>\n<p>Los incidentes ocurridos entre pobladores y pescadores del Puerto de San Felipe con las fuerzas armadas, tienen una profunda ra\u00edz cuyos or\u00edgenes tienen que ver con el olvido y la desatenci\u00f3n oficial que le han provocado una serie de problemas.<\/p>\n<p><img loading=\"lazy\" decoding=\"async\" src=\"http:\/\/www.4vientos.net\/wp-content\/uploads\/2019\/04\/SAN-FELIPE-DA%C3%91OS-PESCADORES-VS-MARINA.png\" width=\"1197\" height=\"539\" class=\"alignnone size-medium\" \/><\/p>\n<p>San Felipe es un pueblo de pescadores pobres, con baja actividad comercial y tur\u00edstica que contrastan con el desarrollo privado \u201cEl Dorado Ranch\u201d, en conflicto con los ejidatarios locales, y con la mina de oro de Carlos Slim, a 50 kil\u00f3metros del puerto.<\/p>\n<p>La depresi\u00f3n econ\u00f3mica del puerto, agudizada por la falta de inversi\u00f3n social y sobre todo por la veda total a la pesca impuesta por el gobierno federal en el a\u00f1o 2015 para proteger a la vaquita marina y a la totoaba, sin impulsar actividades econ\u00f3micas alternativas, han provocado un alarmante incremento del narcomenudeo, por ende, de los delitos y las adicciones al alcohol y a las drogas.<\/p>\n<p>A cambio de no pescar, los pescadores recib\u00edan del gobierno federal, hasta hace 4 meses, una compensaci\u00f3n de 8 mil pesos mensuales. Los pescadores se quejaban sistem\u00e1ticamente de que los l\u00edderes de las cooperativas pesqueras distribu\u00edan el recurso a discreci\u00f3n. Hoy, han quedado sin ingresos, por lo que el 25 de marzo anunciaron que romper\u00edan la veda.<\/p>\n<p>Toda esta situaci\u00f3n ha provocado la pesca furtiva, principalmente de la totoaba, cuyo buche llega a cotizarse en el mercado asi\u00e1tico hasta a 60 mil d\u00f3lares el kilogramo, quedando este negocio ilegal en manos del crimen organizado.<\/p>\n<p><img loading=\"lazy\" decoding=\"async\" src=\"https:\/\/i1.wp.com\/www.4vientos.net\/wp-content\/uploads\/2019\/04\/SAN-FELIPE-REVUELTA-PESCADORES-VS-MARINA.jpg?resize=790%2C527\" width=\"790\" height=\"527\" class=\"alignnone size-medium\" \/><\/p>\n<p>Militares en tareas de seguridad p\u00fablica<\/p>\n<p>Los problemas en San Felipe no son s\u00f3lo econ\u00f3micos, sociales y de inseguridad, sino tambi\u00e9n se han registrado graves violaciones a los derechos humanos cometidas por las fuerzas armadas.<\/p>\n<p>El 20 de agosto de 2011, Guillermo Audelo, pescador, mec\u00e1nico y alba\u00f1il, fue muerto por elementos del ej\u00e9rcito en un hotel del puerto. La versi\u00f3n oficial dijo que los militares atendieron una \u201cllamada an\u00f3nima\u201d; que al llegar al lugar detuvieron a los hermanos Julio C\u00e9sar y Lorenzo Antonio Ru\u00edz Lara con armas cortas y 38.3 gramos de cristal; y que escondido bajo la cama de un cuarto adjunto se encontraba Guillermo Audelo, quien atac\u00f3 con arma de fuego al cabo del ej\u00e9rcito que lo descubri\u00f3, por lo que accion\u00f3 su arma produciendo a Audelo una herida mortal que le provoc\u00f3 la muerte.<\/p>\n<p>Sin embargo, la declaraci\u00f3n de los testigos Julio C\u00e9sar y Lorenzo Antonio (torturados en varias ocasiones por el ej\u00e9rcito d\u00edas despu\u00e9s del incidente), ratificada ante el juez de Distrito, as\u00ed como el peritaje realizado por la CNDH, contradicen la versi\u00f3n militar presumiendo la ejecuci\u00f3n extrajudicial de Guillermo Audelo, precedida de tortura. La Comisi\u00f3n Nacional de los Derechos Humanos (CNDH) y el Ministerio P\u00fablico (MP) federal tomaron conocimiento de los hechos y, hasta la fecha, nada ha sucedido.<\/p>\n<p>Se sabe que el entonces presidente de la CNDH, Ra\u00fal Plascencia, ten\u00eda en su escritorio la Recomendaci\u00f3n y por alguna raz\u00f3n NO LA FIRM\u00d3.<\/p>\n<p>Otro caso nos remonta al a\u00f1o 2011. Por segunda ocasi\u00f3n y delante de su hija y de sus dos nietos menores, Francisco Ismael Bon Ort\u00edz recibi\u00f3 la visita de elementos militares que entraron a su domicilio entraron sin orden judicial. Se lo llevaron. Despu\u00e9s de haberlo buscado en el cuartel militar y en los separos de la polic\u00eda municipal, en la ma\u00f1ana apareci\u00f3 muerto en un veh\u00edculo militar. El m\u00e9dico legista certific\u00f3 como causa de muerte \u201casfixia por bronco aspiraci\u00f3n\u201d.<\/p>\n<p><img loading=\"lazy\" decoding=\"async\" src=\"https:\/\/i0.wp.com\/www.4vientos.net\/wp-content\/uploads\/2019\/04\/PESCADOR-LESIONADO-MARINOS-SAN-FELIPE.jpg?resize=710%2C482\" width=\"710\" height=\"482\" class=\"alignnone size-medium\" \/><\/p>\n<p>Eran tiempos en que la partida militar en San Felipe -19\u00aa Compa\u00f1\u00eda de Infanter\u00eda No Encuadrada- provocaba temor entre la poblaci\u00f3n porte\u00f1a por sus excesos.<\/p>\n<p>Ahora, en el incidente del 28 de marzo pasado en el que sali\u00f3 gravemente herido el pescador Enrique \u201cKiki\u201d Garc\u00eda, con dos heridas por disparo de arma de fuego en la cabeza, otro en un hombro y una m\u00e1s en una pierna, que lo tienen en grave estado de salud, y dos personas m\u00e1s por disparos con arma de fuego percutidas por elementos de la Marina en San Felipe el mismo d\u00eda del incidente, los hechos contradicen nuevamente la versi\u00f3n oficial. Mediante bolet\u00edn del mismo 28 de marzo, la Semar establece que fue \u201cun disparo accidental de arma de fuego que provoc\u00f3 heridas a una persona\u2026\u201d<\/p>\n<p>La Semar da cuenta de que la embarcaci\u00f3n \u201cSharpie\u201d, perteneciente a la ONG \u201cSEA SHEPHERD\u201d, fue agredida por pescadores de una embarcaci\u00f3n que intentaba recuperar artes de pesca prohibidas, que se presume pescaban totoaba de manera furtiva, raz\u00f3n por la cual, una vez en tierra, fue perseguida por una patrulla interceptora con personal de la Marina.<\/p>\n<p>Se fortalecen las sospechas de que, durante las labores de intercepci\u00f3n, los marinos violaron el debido proceso y la presunci\u00f3n de inocencia de los perseguidos, no resguardaron la cadena de custodia del lugar de los hechos, incurrieron en uso excesivo de la fuerza letal y no asistieron a los heridos de bala.<\/p>\n<p>Este incidente se suma a la preocupaci\u00f3n de diversos sectores de la sociedad que han advertido insistentemente del uso de militares en tareas de prevenci\u00f3n, persecuci\u00f3n e investigaci\u00f3n de los delitos, encendiendo focos rojos ante la inminente incorporaci\u00f3n de la GUARDIA NACIONAL a estas tareas, integrada por polic\u00eda militar, polic\u00eda naval y polic\u00eda federal, m\u00e1s la pr\u00f3xima incorporaci\u00f3n gradual de 50 mil elementos entrenados y adiestrados por el ej\u00e9rcito, que operar\u00e1 con mandos militares, a pesar de que oficialmente estar\u00e1 adscrita a la Secretar\u00eda de Seguridad y Protecci\u00f3n Ciudadana.<\/p>\n<p><a href=\"http:\/\/www.4vientos.net\/2019\/04\/01\/al-filo-de-la-navaja-en-san-felipe-cronica-de-un-conflicto-anunciado\/\" rel=\"noopener noreferrer\" target=\"_blank\">http:\/\/www.4vientos.net\/2019\/04\/01\/al-filo-de-la-navaja-en-san-felipe-cronica-de-un-conflicto-anunciado\/<\/a><\/p>\n","protected":false},"excerpt":{"rendered":"<p>4 Vientos. AL FILO DE LA NAVAJA. Por Ra\u00fal Ram\u00edrez Baena, Los incidentes ocurridos entre pobladores y pescadores del Puerto de San Felipe con las fuerzas armadas, tienen una profunda &hellip; <a href=\"https:\/\/www.grieta.org.mx\/index.php\/2019\/04\/06\/en-san-felipe-cronica-de-un-conflicto-anunciado-baja-california\/\" class=\"more-link\">Leer m\u00e1s<\/a><\/p>\n","protected":false},"author":2,"featured_media":31814,"comment_status":"closed","ping_status":"closed","sticky":false,"template":"","format":"standard","meta":{"ngg_post_thumbnail":0,"_jetpack_newsletter_access":"","_jetpack_dont_email_post_to_subs":false,"_jetpack_newsletter_tier_id":0,"_jetpack_memberships_contains_paywalled_content":false,"_jetpack_memberships_contains_paid_content":false,"footnotes":""},"categories":[5,80,1096,2],"tags":[],"class_list":["post-31811","post","type-post","status-publish","format-standard","has-post-thumbnail","hentry","category-baja-california","category-cintillo","category-criminalizacion-de-pesca-la-artesanal-en-baja-california","category-noticias-nacionales","entry"],"jetpack_featured_media_url":"https:\/\/www.grieta.org.mx\/wp-content\/uploads\/2019\/04\/SAN-FELIPE-REVUELTA-PESCADORES-VS-MARINA.jpg","jetpack_sharing_enabled":true,"jetpack_shortlink":"https:\/\/wp.me\/p7ZJR4-8h5","jetpack_likes_enabled":false,"jetpack-related-posts":[{"id":31363,"url":"https:\/\/www.grieta.org.mx\/index.php\/2019\/03\/28\/caos-en-san-felipe-marinos-disparan-a-pescadores-heridos-y-autos-incendiados-baja-california\/","url_meta":{"origin":31811,"position":0},"title":"Caos en San Felipe: Marinos disparan a pescadores; heridos y autos incendiados (Baja California)","author":"grieta","date":"28 marzo, 2019","format":false,"excerpt":"Lindero Norte. Jorge Heras Mexicali.- Al menos tres personas lesionadas por disparos de arma de fuego fue el saldo de un enfrentaniento entre elementos de la Secretaria de Marina (Semar) contra pescadores del puerto de San Felipe. Los hechos ocurrieron alrededor de las 7:40 horas en la Avenida Mar de\u2026","rel":"","context":"En &quot;Baja California&quot;","block_context":{"text":"Baja California","link":"https:\/\/www.grieta.org.mx\/index.php\/category\/noticias-nacionales\/baja-california\/"},"img":{"alt_text":"","src":"https:\/\/i0.wp.com\/www.grieta.org.mx\/wp-content\/uploads\/2018\/03\/14524434_1106112876131411_958039263622046936_o.jpg?resize=350%2C200&ssl=1","width":350,"height":200,"srcset":"https:\/\/i0.wp.com\/www.grieta.org.mx\/wp-content\/uploads\/2018\/03\/14524434_1106112876131411_958039263622046936_o.jpg?resize=350%2C200&ssl=1 1x, https:\/\/i0.wp.com\/www.grieta.org.mx\/wp-content\/uploads\/2018\/03\/14524434_1106112876131411_958039263622046936_o.jpg?resize=525%2C300&ssl=1 1.5x, https:\/\/i0.wp.com\/www.grieta.org.mx\/wp-content\/uploads\/2018\/03\/14524434_1106112876131411_958039263622046936_o.jpg?resize=700%2C400&ssl=1 2x"},"classes":[]},{"id":22328,"url":"https:\/\/www.grieta.org.mx\/index.php\/2018\/03\/20\/se-enfrentan-pescadores-contra-autoridades-federales-en-san-felipe-baja-california\/","url_meta":{"origin":31811,"position":1},"title":"Se enfrentan pescadores contra autoridades federales en San Felipe (Baja California)","author":"grieta","date":"20 marzo, 2018","format":false,"excerpt":"Cristian Torres cenas de pescadores se enfrentaron con autoridades federales en San Felipe, luego de que en operativo en el que participaron elementos Secretar\u00eda de la Marina y Gendarmer\u00eda aseguraron una panga que en su interior hab\u00eda escamas de Totoaba. Seg\u00fan el reporte de la Direcci\u00f3n de Seguridad P\u00fablica Municipal\u2026","rel":"","context":"En &quot;Baja California&quot;","block_context":{"text":"Baja California","link":"https:\/\/www.grieta.org.mx\/index.php\/category\/noticias-nacionales\/baja-california\/"},"img":{"alt_text":"","src":"https:\/\/i0.wp.com\/www.grieta.org.mx\/wp-content\/uploads\/2018\/03\/37667ACD-247F-407C-8058-1BCA9D061B61.jpeg?resize=350%2C200&ssl=1","width":350,"height":200,"srcset":"https:\/\/i0.wp.com\/www.grieta.org.mx\/wp-content\/uploads\/2018\/03\/37667ACD-247F-407C-8058-1BCA9D061B61.jpeg?resize=350%2C200&ssl=1 1x, https:\/\/i0.wp.com\/www.grieta.org.mx\/wp-content\/uploads\/2018\/03\/37667ACD-247F-407C-8058-1BCA9D061B61.jpeg?resize=525%2C300&ssl=1 1.5x, https:\/\/i0.wp.com\/www.grieta.org.mx\/wp-content\/uploads\/2018\/03\/37667ACD-247F-407C-8058-1BCA9D061B61.jpeg?resize=700%2C400&ssl=1 2x"},"classes":[]},{"id":31365,"url":"https:\/\/www.grieta.org.mx\/index.php\/2019\/03\/28\/la-semar-reconoce-que-hubo-un-disparo-accidental-en-choque-con-pescadores-en-san-felipe-hay-tres-heridos-baja-california\/","url_meta":{"origin":31811,"position":2},"title":"La Semar reconoce que hubo un disparo accidental en choque con pescadores en San Felipe; hay tres heridos  (Baja California)","author":"grieta","date":"28 marzo, 2019","format":false,"excerpt":"Proceso. Por Javier Cruz Aguirre, Ensenada, Baja California (apro).- La Secretar\u00eda de Marina (Semar) reconoci\u00f3 que en el enfrentamiento ocurrido esta tarde en San Felipe, Baja California, en una zona protegida de la vaquita marina, hubo un disparo accidental y como saldo otras personas lesionadas. Por la ma\u00f1ana, en un\u2026","rel":"","context":"En &quot;Baja California&quot;","block_context":{"text":"Baja California","link":"https:\/\/www.grieta.org.mx\/index.php\/category\/noticias-nacionales\/baja-california\/"},"img":{"alt_text":"","src":"https:\/\/i0.wp.com\/www.grieta.org.mx\/wp-content\/uploads\/2019\/03\/hy-1078x808.jpg?resize=350%2C200&ssl=1","width":350,"height":200,"srcset":"https:\/\/i0.wp.com\/www.grieta.org.mx\/wp-content\/uploads\/2019\/03\/hy-1078x808.jpg?resize=350%2C200&ssl=1 1x, https:\/\/i0.wp.com\/www.grieta.org.mx\/wp-content\/uploads\/2019\/03\/hy-1078x808.jpg?resize=525%2C300&ssl=1 1.5x, https:\/\/i0.wp.com\/www.grieta.org.mx\/wp-content\/uploads\/2019\/03\/hy-1078x808.jpg?resize=700%2C400&ssl=1 2x, https:\/\/i0.wp.com\/www.grieta.org.mx\/wp-content\/uploads\/2019\/03\/hy-1078x808.jpg?resize=1050%2C600&ssl=1 3x"},"classes":[]},{"id":31222,"url":"https:\/\/www.grieta.org.mx\/index.php\/2019\/03\/25\/cansados-de-los-agravios-de-dos-administraciones-federales-pescadores-del-alto-golfo-de-california-romperan-veda-comercial\/","url_meta":{"origin":31811,"position":3},"title":"Cansados de los agravios de dos administraciones federales, pescadores del Alto Golfo de California romper\u00e1n veda comercial","author":"grieta","date":"25 marzo, 2019","format":false,"excerpt":"4 Vientos. Porque tienen m\u00e1s de 100 d\u00edas sin recibir el apoyo que Enrique Pe\u00f1a Nieto implement\u00f3 en 2015 para compensar la veda pesquera comercial en el Alto Golfo de California, y porque no fueron consultados por el nuevo gobierno federal para la creaci\u00f3n y puesta en marcha del Programa\u2026","rel":"","context":"En &quot;Baja California&quot;","block_context":{"text":"Baja California","link":"https:\/\/www.grieta.org.mx\/index.php\/category\/noticias-nacionales\/baja-california\/"},"img":{"alt_text":"","src":"https:\/\/i0.wp.com\/www.grieta.org.mx\/wp-content\/uploads\/2018\/03\/14524434_1106112876131411_958039263622046936_o.jpg?resize=350%2C200&ssl=1","width":350,"height":200,"srcset":"https:\/\/i0.wp.com\/www.grieta.org.mx\/wp-content\/uploads\/2018\/03\/14524434_1106112876131411_958039263622046936_o.jpg?resize=350%2C200&ssl=1 1x, https:\/\/i0.wp.com\/www.grieta.org.mx\/wp-content\/uploads\/2018\/03\/14524434_1106112876131411_958039263622046936_o.jpg?resize=525%2C300&ssl=1 1.5x, https:\/\/i0.wp.com\/www.grieta.org.mx\/wp-content\/uploads\/2018\/03\/14524434_1106112876131411_958039263622046936_o.jpg?resize=700%2C400&ssl=1 2x"},"classes":[]},{"id":25848,"url":"https:\/\/www.grieta.org.mx\/index.php\/2018\/08\/26\/pescadores-de-magdalena-no-pueden-vender-sus-productos-baja-california-sur\/","url_meta":{"origin":31811,"position":4},"title":"Pescadores de Magdalena no pueden vender sus productos (Baja California Sur)","author":"grieta","date":"26 agosto, 2018","format":false,"excerpt":"Urge el apoyo del gobierno federal, dicen los hombres de mar. (Cortes\u00eda) \/ El Sudcaliforniano Gerardo Gurrola Santiago Comond\u00fa, Baja California Sur.- Varios pescadores que antes vend\u00edan a la orilla del mar se quedaron sin compradores tras el cierre del Golfo de Ulloa y la declaraci\u00f3n de zona protegida y,\u2026","rel":"","context":"En &quot;Baja California Sur&quot;","block_context":{"text":"Baja California Sur","link":"https:\/\/www.grieta.org.mx\/index.php\/category\/noticias-nacionales\/baja-california-sur\/"},"img":{"alt_text":"","src":"https:\/\/i0.wp.com\/www.grieta.org.mx\/wp-content\/uploads\/2018\/08\/urge.jpg?resize=350%2C200&ssl=1","width":350,"height":200,"srcset":"https:\/\/i0.wp.com\/www.grieta.org.mx\/wp-content\/uploads\/2018\/08\/urge.jpg?resize=350%2C200&ssl=1 1x, https:\/\/i0.wp.com\/www.grieta.org.mx\/wp-content\/uploads\/2018\/08\/urge.jpg?resize=525%2C300&ssl=1 1.5x"},"classes":[]},{"id":359,"url":"https:\/\/www.grieta.org.mx\/index.php\/2016\/08\/21\/proyecto-minero-el-arco-afecta-a-ejidatarios-de-baja-california\/","url_meta":{"origin":31811,"position":5},"title":"Conflictos mineros en Baja California","author":"grieta","date":"21 agosto, 2016","format":false,"excerpt":"Compa\u00f1\u00edas mineras de Slim en Baja California 21\/08\/16. Slim el Voraz Lado B 21\/07\/16. Bloquean la Minera de San Felipe Empleados Inconformes Radio Patrulla 20\/07\/16. Paro y bloqueo en la mina de San Felipe PSN en L\u00ednea 20\/10\/11. BC: ejidatarios due\u00f1os de yacimientos de oro y plata enuncian estafa de\u2026","rel":"","context":"En &quot;Baja California&quot;","block_context":{"text":"Baja California","link":"https:\/\/www.grieta.org.mx\/index.php\/category\/noticias-nacionales\/baja-california\/"},"img":{"alt_text":"","src":"https:\/\/i0.wp.com\/www.grieta.org.mx\/wp-content\/uploads\/2018\/03\/14524434_1106112876131411_958039263622046936_o.jpg?resize=350%2C200&ssl=1","width":350,"height":200,"srcset":"https:\/\/i0.wp.com\/www.grieta.org.mx\/wp-content\/uploads\/2018\/03\/14524434_1106112876131411_958039263622046936_o.jpg?resize=350%2C200&ssl=1 1x, https:\/\/i0.wp.com\/www.grieta.org.mx\/wp-content\/uploads\/2018\/03\/14524434_1106112876131411_958039263622046936_o.jpg?resize=525%2C300&ssl=1 1.5x, https:\/\/i0.wp.com\/www.grieta.org.mx\/wp-content\/uploads\/2018\/03\/14524434_1106112876131411_958039263622046936_o.jpg?resize=700%2C400&ssl=1 2x"},"classes":[]}],"_links":{"self":[{"href":"https:\/\/www.grieta.org.mx\/index.php\/wp-json\/wp\/v2\/posts\/31811","targetHints":{"allow":["GET"]}}],"collection":[{"href":"https:\/\/www.grieta.org.mx\/index.php\/wp-json\/wp\/v2\/posts"}],"about":[{"href":"https:\/\/www.grieta.org.mx\/index.php\/wp-json\/wp\/v2\/types\/post"}],"author":[{"embeddable":true,"href":"https:\/\/www.grieta.org.mx\/index.php\/wp-json\/wp\/v2\/users\/2"}],"replies":[{"embeddable":true,"href":"https:\/\/www.grieta.org.mx\/index.php\/wp-json\/wp\/v2\/comments?post=31811"}],"version-history":[{"count":1,"href":"https:\/\/www.grieta.org.mx\/index.php\/wp-json\/wp\/v2\/posts\/31811\/revisions"}],"predecessor-version":[{"id":31815,"href":"https:\/\/www.grieta.org.mx\/index.php\/wp-json\/wp\/v2\/posts\/31811\/revisions\/31815"}],"wp:featuredmedia":[{"embeddable":true,"href":"https:\/\/www.grieta.org.mx\/index.php\/wp-json\/wp\/v2\/media\/31814"}],"wp:attachment":[{"href":"https:\/\/www.grieta.org.mx\/index.php\/wp-json\/wp\/v2\/media?parent=31811"}],"wp:term":[{"taxonomy":"category","embeddable":true,"href":"https:\/\/www.grieta.org.mx\/index.php\/wp-json\/wp\/v2\/categories?post=31811"},{"taxonomy":"post_tag","embeddable":true,"href":"https:\/\/www.grieta.org.mx\/index.php\/wp-json\/wp\/v2\/tags?post=31811"}],"curies":[{"name":"wp","href":"https:\/\/api.w.org\/{rel}","templated":true}]}}