{"id":31765,"date":"2019-04-05T19:00:03","date_gmt":"2019-04-06T01:00:03","guid":{"rendered":"http:\/\/www.grieta.org.mx\/?p=31765"},"modified":"2019-04-05T19:00:03","modified_gmt":"2019-04-06T01:00:03","slug":"huajicori-necesita-agua-manifestantes-nayarti","status":"publish","type":"post","link":"https:\/\/www.grieta.org.mx\/index.php\/2019\/04\/05\/huajicori-necesita-agua-manifestantes-nayarti\/","title":{"rendered":"Huajicori necesita agua: Manifestantes (Nayarti)"},"content":{"rendered":"<p><img loading=\"lazy\" decoding=\"async\" data-attachment-id=\"31766\" data-permalink=\"https:\/\/www.grieta.org.mx\/index.php\/2019\/04\/05\/huajicori-necesita-agua-manifestantes-nayarti\/attachment\/63390\/\" data-orig-file=\"https:\/\/www.grieta.org.mx\/wp-content\/uploads\/2019\/04\/63390.jpg\" data-orig-size=\"785,437\" data-comments-opened=\"0\" data-image-meta=\"{&quot;aperture&quot;:&quot;0&quot;,&quot;credit&quot;:&quot;&quot;,&quot;camera&quot;:&quot;&quot;,&quot;caption&quot;:&quot;&quot;,&quot;created_timestamp&quot;:&quot;1554392145&quot;,&quot;copyright&quot;:&quot;&quot;,&quot;focal_length&quot;:&quot;0&quot;,&quot;iso&quot;:&quot;0&quot;,&quot;shutter_speed&quot;:&quot;0&quot;,&quot;title&quot;:&quot;&quot;,&quot;orientation&quot;:&quot;1&quot;}\" data-image-title=\"63390\" data-image-description=\"\" data-image-caption=\"\" data-medium-file=\"https:\/\/www.grieta.org.mx\/wp-content\/uploads\/2019\/04\/63390-300x167.jpg\" data-large-file=\"https:\/\/www.grieta.org.mx\/wp-content\/uploads\/2019\/04\/63390.jpg\" class=\" wp-image-31766 aligncenter\" src=\"http:\/\/www.grieta.org.mx\/wp-content\/uploads\/2019\/04\/63390-300x167.jpg\" alt=\"\" width=\"769\" height=\"428\" srcset=\"https:\/\/www.grieta.org.mx\/wp-content\/uploads\/2019\/04\/63390-300x167.jpg 300w, https:\/\/www.grieta.org.mx\/wp-content\/uploads\/2019\/04\/63390-768x428.jpg 768w, https:\/\/www.grieta.org.mx\/wp-content\/uploads\/2019\/04\/63390.jpg 785w\" sizes=\"auto, (max-width: 769px) 100vw, 769px\" \/><br \/>\nFernando Ulloa P\u00e9rez y Misael Ulloa Isiordia \/ Meridiano.mx<\/p>\n<p>El d\u00eda de ayer jueves, decenas de personas originarias de la sierra de Huajicori se manifestaron a las afueras de Palacio de Gobiernopara exigir se restablezca el servicio de agua potable en algunos poblados de la regi\u00f3n, adem\u00e1s de realizar la reparaci\u00f3n inmediata de varios puentes vehiculares y cumplir con la reparaci\u00f3n de caminos.<\/p>\n<p>Los denunciantes aseguraron que como consecuencia de los efectos del hurac\u00e1n Willa, en algunas zonas de la sierra de Nayarit, desde el a\u00f1o pasado el abasto de agua se vio afectado y hasta el d\u00eda de hoy ninguna autoridad se ha hecho responsable para solucionar este problema.<\/p>\n<p>Adem\u00e1s, los manifestantes, aseguraron que en el municipio de Huajicori existen varios puentes que se encuentran en p\u00e9simas condiciones y ante la proximidad de la temporada de lluvias existe el riesgo de que varios poblados de la regi\u00f3n se queden incomunicados.<\/p>\n<p class=\"nota\">Afirmaron,\u00a0<strong>que desde las inundaciones que provoc\u00f3 el hurac\u00e1n Willa, en la zona serrana diferentes pueblos se quedaron sin el servicio de agua potable<\/strong>, entre los que destacaron; La Quebrada, San Andr\u00e9s Milpillas, La Campana, El Salto, El Colomo, Valle del Sol, entre otros.<\/p>\n<p class=\"nota\">Los denunciantes aseguraron que\u00a0<strong>son alrededor de 6 mil habitantes de la zona serrana los afectados<\/strong>.<\/p>\n<p><a href=\"http:\/\/meridiano.mx\/NAYARIT\/41396\/Huajicori-necesita--agua-Manifestantes-\">http:\/\/meridiano.mx\/NAYARIT\/41396\/Huajicori-necesita&#8211;agua-Manifestantes-<\/a><\/p>\n","protected":false},"excerpt":{"rendered":"<p>Fernando Ulloa P\u00e9rez y Misael Ulloa Isiordia \/ Meridiano.mx El d\u00eda de ayer jueves, decenas de personas originarias de la sierra de Huajicori se manifestaron a las afueras de Palacio &hellip; <a href=\"https:\/\/www.grieta.org.mx\/index.php\/2019\/04\/05\/huajicori-necesita-agua-manifestantes-nayarti\/\" class=\"more-link\">Leer m\u00e1s<\/a><\/p>\n","protected":false},"author":2,"featured_media":31766,"comment_status":"closed","ping_status":"closed","sticky":false,"template":"","format":"standard","meta":{"ngg_post_thumbnail":0,"_jetpack_newsletter_access":"","_jetpack_dont_email_post_to_subs":false,"_jetpack_newsletter_tier_id":0,"_jetpack_memberships_contains_paywalled_content":false,"_jetpack_memberships_contains_paid_content":false,"footnotes":""},"categories":[80,2432,914,23,2,83],"tags":[],"class_list":["post-31765","post","type-post","status-publish","format-standard","has-post-thumbnail","hentry","category-cintillo","category-conflictos-por-el-agua-el-nayarit","category-privatizacion-del-agua","category-nayarit","category-noticias-nacionales","category-temas-nacionales","entry"],"jetpack_featured_media_url":"https:\/\/www.grieta.org.mx\/wp-content\/uploads\/2019\/04\/63390.jpg","jetpack_sharing_enabled":true,"jetpack_shortlink":"https:\/\/wp.me\/p7ZJR4-8gl","jetpack_likes_enabled":false,"jetpack-related-posts":[{"id":54781,"url":"https:\/\/www.grieta.org.mx\/index.php\/2020\/11\/04\/por-falta-de-agua-toman-manifestantes-el-libramiento-de-tepic-nayarit\/","url_meta":{"origin":31765,"position":0},"title":"Por falta de agua toman manifestantes el Libramiento de Tepic (Nayarit)","author":"grieta","date":"4 noviembre, 2020","format":false,"excerpt":"Foto: Misalel Ulloa Isiordia Los manifestantes exigen el servicio de agua potable y solicitan la presencia del titular del SIAPA Tepic, Oscar Medina para el funcionario municipal cumpla su palabra. Fernando Ulloa P\u00e9rez \/ Meridiano.mx Ante la falta del servicio de agua potable desde hace m\u00e1s de 8 d\u00edas, la\u2026","rel":"","context":"En &quot;CINTILLO&quot;","block_context":{"text":"CINTILLO","link":"https:\/\/www.grieta.org.mx\/index.php\/category\/cintillo\/"},"img":{"alt_text":"","src":"https:\/\/i0.wp.com\/www.grieta.org.mx\/wp-content\/uploads\/2020\/11\/1604535109_1604533679_valle_real.jpg?resize=350%2C200&ssl=1","width":350,"height":200,"srcset":"https:\/\/i0.wp.com\/www.grieta.org.mx\/wp-content\/uploads\/2020\/11\/1604535109_1604533679_valle_real.jpg?resize=350%2C200&ssl=1 1x, https:\/\/i0.wp.com\/www.grieta.org.mx\/wp-content\/uploads\/2020\/11\/1604535109_1604533679_valle_real.jpg?resize=525%2C300&ssl=1 1.5x, https:\/\/i0.wp.com\/www.grieta.org.mx\/wp-content\/uploads\/2020\/11\/1604535109_1604533679_valle_real.jpg?resize=700%2C400&ssl=1 2x"},"classes":[]},{"id":44266,"url":"https:\/\/www.grieta.org.mx\/index.php\/2020\/02\/08\/vecinos-de-la-amado-nervo-acusan-al-siapa-tepic-de-negarles-el-servicio-nayarit\/","url_meta":{"origin":31765,"position":1},"title":"Vecinos de la Amado Nervo acusan al SIAPA Tepic de negarles el servicio (Nayarit)","author":"grieta","date":"8 febrero, 2020","format":false,"excerpt":"Foto: Ilustrtaiva Los vecinos de la colonia Amado Nervo afirman que desde que inicio el a\u00f1o decenas de familias no cuentan con servicio de agua potable, y al exigir al SIAPA el vital liquido, estos responden que no les dar\u00e1n servicios ''hasta que paguen''. Fernando Ulloa P\u00e9rez \/ NCC.MX Tepic\u2026","rel":"","context":"En &quot;CINTILLO&quot;","block_context":{"text":"CINTILLO","link":"https:\/\/www.grieta.org.mx\/index.php\/category\/cintillo\/"},"img":{"alt_text":"","src":"https:\/\/i0.wp.com\/www.grieta.org.mx\/wp-content\/uploads\/2020\/02\/cortes-de-agua-potable-especial_0_56_828_515-672x372.jpg?resize=350%2C200&ssl=1","width":350,"height":200,"srcset":"https:\/\/i0.wp.com\/www.grieta.org.mx\/wp-content\/uploads\/2020\/02\/cortes-de-agua-potable-especial_0_56_828_515-672x372.jpg?resize=350%2C200&ssl=1 1x, https:\/\/i0.wp.com\/www.grieta.org.mx\/wp-content\/uploads\/2020\/02\/cortes-de-agua-potable-especial_0_56_828_515-672x372.jpg?resize=525%2C300&ssl=1 1.5x"},"classes":[]},{"id":44960,"url":"https:\/\/www.grieta.org.mx\/index.php\/2020\/02\/20\/extranjeros-se-apropian-de-las-minas-nayaritas\/","url_meta":{"origin":31765,"position":2},"title":"Extranjeros se apropian de las minas nayaritas","author":"grieta","date":"20 febrero, 2020","format":false,"excerpt":"Foto: Realidades de Nayarit Cientos de gambusinos son desalojados con la fuerza p\u00fablica, por lo que presumen que hay contubernio de las empresas mineras con el gobierno del estado Ver\u00f3nica Ram\u00edrez \/ Realidades de Nayarit Tepic, Nayarit.- Jueves 20 de febrero del 2020.- Denuncian habitantes de Huajicori que empresa extranjera\u2026","rel":"","context":"En &quot;CINTILLO&quot;","block_context":{"text":"CINTILLO","link":"https:\/\/www.grieta.org.mx\/index.php\/category\/cintillo\/"},"img":{"alt_text":"","src":"https:\/\/i0.wp.com\/www.grieta.org.mx\/wp-content\/uploads\/2020\/02\/minero.jpg?resize=350%2C200&ssl=1","width":350,"height":200,"srcset":"https:\/\/i0.wp.com\/www.grieta.org.mx\/wp-content\/uploads\/2020\/02\/minero.jpg?resize=350%2C200&ssl=1 1x, https:\/\/i0.wp.com\/www.grieta.org.mx\/wp-content\/uploads\/2020\/02\/minero.jpg?resize=525%2C300&ssl=1 1.5x, https:\/\/i0.wp.com\/www.grieta.org.mx\/wp-content\/uploads\/2020\/02\/minero.jpg?resize=700%2C400&ssl=1 2x"},"classes":[]},{"id":34978,"url":"https:\/\/www.grieta.org.mx\/index.php\/2019\/06\/13\/vecinos-de-la-colonia-chapultepec-reportan-hasta-80-dias-sin-agua-nayarit\/","url_meta":{"origin":31765,"position":3},"title":"Vecinos de la colonia Chapultepec reportan hasta 80 d\u00edas sin agua (Nayarit)","author":"grieta","date":"13 junio, 2019","format":false,"excerpt":"El presidente de Acci\u00f3n Ciudadana, Jos\u00e9 Luis Casillas, inform\u00f3 que desde hace varios d\u00edas, muchas de las viviendas no han recibido el vital liquido pese a tener todos sus recibos pagados.\u00a0 Fernando Ulloa P\u00e9rez \/ NCC. mx Tepic Nayarit.-Ante diversos medios de comunicaci\u00f3n, el se\u00f1or Jos\u00e9 Luis Casillas, quien es\u2026","rel":"","context":"En &quot;CINTILLO&quot;","block_context":{"text":"CINTILLO","link":"https:\/\/www.grieta.org.mx\/index.php\/category\/cintillo\/"},"img":{"alt_text":"","src":"https:\/\/i0.wp.com\/www.grieta.org.mx\/wp-content\/uploads\/2019\/06\/pozos.jpg?resize=350%2C200&ssl=1","width":350,"height":200,"srcset":"https:\/\/i0.wp.com\/www.grieta.org.mx\/wp-content\/uploads\/2019\/06\/pozos.jpg?resize=350%2C200&ssl=1 1x, https:\/\/i0.wp.com\/www.grieta.org.mx\/wp-content\/uploads\/2019\/06\/pozos.jpg?resize=525%2C300&ssl=1 1.5x"},"classes":[]},{"id":4223,"url":"https:\/\/www.grieta.org.mx\/index.php\/2015\/04\/14\/denuncian-abusos-a-jornaleros-agricolas\/","url_meta":{"origin":31765,"position":4},"title":"Denuncian abusos a jornaleros agr\u00edcolas","author":"grieta","date":"14 abril, 2015","format":false,"excerpt":"Redacci\u00f3n\/El Sol de Nayarit Los denunciantes precisaron que en Nayarit los casos se dan con mayor frecuencia en municipios de la zona norte del estado. Ante instancias nacionales, defensores de los derechos de los jornaleros agr\u00edcolas denunciaron la explotaci\u00f3n generalizada a la que son sometidos los ind\u00edgenas que cada a\u00f1o\u2026","rel":"","context":"En &quot;CINTILLO&quot;","block_context":{"text":"CINTILLO","link":"https:\/\/www.grieta.org.mx\/index.php\/category\/cintillo\/"},"img":{"alt_text":"","src":"https:\/\/i0.wp.com\/www.grieta.org.mx\/wp-content\/uploads\/2018\/03\/14524434_1106112876131411_958039263622046936_o.jpg?resize=350%2C200&ssl=1","width":350,"height":200,"srcset":"https:\/\/i0.wp.com\/www.grieta.org.mx\/wp-content\/uploads\/2018\/03\/14524434_1106112876131411_958039263622046936_o.jpg?resize=350%2C200&ssl=1 1x, https:\/\/i0.wp.com\/www.grieta.org.mx\/wp-content\/uploads\/2018\/03\/14524434_1106112876131411_958039263622046936_o.jpg?resize=525%2C300&ssl=1 1.5x, https:\/\/i0.wp.com\/www.grieta.org.mx\/wp-content\/uploads\/2018\/03\/14524434_1106112876131411_958039263622046936_o.jpg?resize=700%2C400&ssl=1 2x"},"classes":[]},{"id":36978,"url":"https:\/\/www.grieta.org.mx\/index.php\/2019\/07\/16\/vecinos-bloquean-avenida-victoria-de-tepic-por-falta-de-agua-potable-nayarit\/","url_meta":{"origin":31765,"position":5},"title":"Vecinos bloquean avenida Victoria de Tepic por falta de agua potable (Nayarit)","author":"grieta","date":"16 julio, 2019","format":false,"excerpt":"Foto: El Sol de Nayarit Redacci\u00f3n \/ El Sol de Nayarit Esta tarde de martes un grupo de ciudadanos pertenecientes a colonia Santa Teresita, H. Casas y otras zonas aleda\u00f1as a la avenida Victoria, tomaron un tramo de esta vialidad, a la altura de la calle P. Guerrero. El motivo\u2026","rel":"","context":"En &quot;CINTILLO&quot;","block_context":{"text":"CINTILLO","link":"https:\/\/www.grieta.org.mx\/index.php\/category\/cintillo\/"},"img":{"alt_text":"","src":"https:\/\/i0.wp.com\/www.grieta.org.mx\/wp-content\/uploads\/2019\/07\/temp_nota_01_67072_17_20190716203110_117agua.jpg?resize=350%2C200&ssl=1","width":350,"height":200,"srcset":"https:\/\/i0.wp.com\/www.grieta.org.mx\/wp-content\/uploads\/2019\/07\/temp_nota_01_67072_17_20190716203110_117agua.jpg?resize=350%2C200&ssl=1 1x, https:\/\/i0.wp.com\/www.grieta.org.mx\/wp-content\/uploads\/2019\/07\/temp_nota_01_67072_17_20190716203110_117agua.jpg?resize=525%2C300&ssl=1 1.5x"},"classes":[]}],"_links":{"self":[{"href":"https:\/\/www.grieta.org.mx\/index.php\/wp-json\/wp\/v2\/posts\/31765","targetHints":{"allow":["GET"]}}],"collection":[{"href":"https:\/\/www.grieta.org.mx\/index.php\/wp-json\/wp\/v2\/posts"}],"about":[{"href":"https:\/\/www.grieta.org.mx\/index.php\/wp-json\/wp\/v2\/types\/post"}],"author":[{"embeddable":true,"href":"https:\/\/www.grieta.org.mx\/index.php\/wp-json\/wp\/v2\/users\/2"}],"replies":[{"embeddable":true,"href":"https:\/\/www.grieta.org.mx\/index.php\/wp-json\/wp\/v2\/comments?post=31765"}],"version-history":[{"count":1,"href":"https:\/\/www.grieta.org.mx\/index.php\/wp-json\/wp\/v2\/posts\/31765\/revisions"}],"predecessor-version":[{"id":31767,"href":"https:\/\/www.grieta.org.mx\/index.php\/wp-json\/wp\/v2\/posts\/31765\/revisions\/31767"}],"wp:featuredmedia":[{"embeddable":true,"href":"https:\/\/www.grieta.org.mx\/index.php\/wp-json\/wp\/v2\/media\/31766"}],"wp:attachment":[{"href":"https:\/\/www.grieta.org.mx\/index.php\/wp-json\/wp\/v2\/media?parent=31765"}],"wp:term":[{"taxonomy":"category","embeddable":true,"href":"https:\/\/www.grieta.org.mx\/index.php\/wp-json\/wp\/v2\/categories?post=31765"},{"taxonomy":"post_tag","embeddable":true,"href":"https:\/\/www.grieta.org.mx\/index.php\/wp-json\/wp\/v2\/tags?post=31765"}],"curies":[{"name":"wp","href":"https:\/\/api.w.org\/{rel}","templated":true}]}}