{"id":31745,"date":"2019-03-31T22:33:53","date_gmt":"2019-04-01T04:33:53","guid":{"rendered":"http:\/\/www.grieta.org.mx\/?p=31745"},"modified":"2019-04-03T22:42:04","modified_gmt":"2019-04-04T04:42:04","slug":"en-2-meses-de-2019-record-de-feminicidio","status":"publish","type":"post","link":"https:\/\/www.grieta.org.mx\/index.php\/2019\/03\/31\/en-2-meses-de-2019-record-de-feminicidio\/","title":{"rendered":"En 2 meses de 2019, r\u00e9cord de feminicidio"},"content":{"rendered":"<figure id=\"attachment_31746\" aria-describedby=\"caption-attachment-31746\" style=\"width: 958px\" class=\"wp-caption alignleft\"><img loading=\"lazy\" decoding=\"async\" data-attachment-id=\"31746\" data-permalink=\"https:\/\/www.grieta.org.mx\/index.php\/2019\/03\/31\/en-2-meses-de-2019-record-de-feminicidio\/mujeres-protestas-contra-los-feminicidios_0_24_640_399\/\" data-orig-file=\"https:\/\/www.grieta.org.mx\/wp-content\/uploads\/2019\/04\/mujeres-protestas-contra-los-feminicidios_0_24_640_399.jpg\" data-orig-size=\"958,596\" data-comments-opened=\"0\" data-image-meta=\"{&quot;aperture&quot;:&quot;0&quot;,&quot;credit&quot;:&quot;&quot;,&quot;camera&quot;:&quot;&quot;,&quot;caption&quot;:&quot;&quot;,&quot;created_timestamp&quot;:&quot;0&quot;,&quot;copyright&quot;:&quot;&quot;,&quot;focal_length&quot;:&quot;0&quot;,&quot;iso&quot;:&quot;0&quot;,&quot;shutter_speed&quot;:&quot;0&quot;,&quot;title&quot;:&quot;&quot;,&quot;orientation&quot;:&quot;0&quot;}\" data-image-title=\"mujeres-protestas-contra-los-feminicidios_0_24_640_399\" data-image-description=\"\" data-image-caption=\"&lt;p&gt;Mujeres protestan contra los feminicidios. (Cuartoscuro) &lt;\/p&gt;\n\" data-medium-file=\"https:\/\/www.grieta.org.mx\/wp-content\/uploads\/2019\/04\/mujeres-protestas-contra-los-feminicidios_0_24_640_399-300x187.jpg\" data-large-file=\"https:\/\/www.grieta.org.mx\/wp-content\/uploads\/2019\/04\/mujeres-protestas-contra-los-feminicidios_0_24_640_399.jpg\" class=\"size-full wp-image-31746\" src=\"http:\/\/www.grieta.org.mx\/wp-content\/uploads\/2019\/04\/mujeres-protestas-contra-los-feminicidios_0_24_640_399.jpg\" alt=\"\" width=\"958\" height=\"596\" srcset=\"https:\/\/www.grieta.org.mx\/wp-content\/uploads\/2019\/04\/mujeres-protestas-contra-los-feminicidios_0_24_640_399.jpg 958w, https:\/\/www.grieta.org.mx\/wp-content\/uploads\/2019\/04\/mujeres-protestas-contra-los-feminicidios_0_24_640_399-300x187.jpg 300w, https:\/\/www.grieta.org.mx\/wp-content\/uploads\/2019\/04\/mujeres-protestas-contra-los-feminicidios_0_24_640_399-768x478.jpg 768w, https:\/\/www.grieta.org.mx\/wp-content\/uploads\/2019\/04\/mujeres-protestas-contra-los-feminicidios_0_24_640_399-804x500.jpg 804w\" sizes=\"auto, (max-width: 958px) 100vw, 958px\" \/><figcaption id=\"caption-attachment-31746\" class=\"wp-caption-text\">Mujeres protestan contra los feminicidios. (Cuartoscuro)<\/figcaption><\/figure>\n<blockquote><p>Desde 2015, a\u00f1o en que se comenz\u00f3 el historial de presuntos feminicidios en el Sistema Nacional de Seguridad P\u00fablica, la tendencia ha sido siempre al alza.<\/p><\/blockquote>\n<p>Ver\u00f3nica D\u00edaz, Milenio<br \/>\nCiudad de M\u00e9xico \/ 31.03.2019 05:04:24<\/p>\n<p>Ning\u00fan inicio de a\u00f1o desde 2015 hab\u00eda sido tan violento para las mujeres como este 2019, cuyo primer bimestre registr\u00f3 147 feminicidios, en tanto que el primer bimestre de 2018, el que hab\u00eda sido m\u00e1s violento, tuvo 131.<\/p>\n<p>Desde 2015, a\u00f1o en que se comenz\u00f3 el historial de presuntos feminicidios en el Sistema Nacional de Seguridad P\u00fablica, la tendencia ha sido siempre al alza, ya que en el primer bimestre de 2015 hubo 62 presuntos feminicidios, al a\u00f1o siguiente 84 y en 2017 fueron 111.<\/p>\n<p>Del total de 317 mil 39 delitos registrados entre enero y febrero de este a\u00f1o, 0.05 por ciento corresponde a feminicidios, lo que significa un total de 147 casos, es decir 2.6 feminicidios por d\u00eda, en este periodo. Los cinco estados con mayor n\u00famero de feminicidios son Veracruz con 21; Estado de M\u00e9xico, con 16; Nuevo Le\u00f3n, 11; Sonora, 10, y Jalisco, 9. En contraste, las entidades con menos casos son Aguascalientes, Colima y Durango, con uno cada uno; as\u00ed como Michoac\u00e1n, Nayarit y Zacatecas, con 2 cada uno.<br \/>\nEl enero m\u00e1s violento hab\u00eda sido el de 2018, con 67 registros. De hecho la tendencia en este mes ha sido siempre al alza, ya que en 2015 hubo 32 presuntos feminicidios, al a\u00f1o siguiente 37 y en 2017 fueron 48.<\/p>\n<p><strong>V\u00edctimas por edad <\/strong><\/p>\n<p>En relaci\u00f3n a la violencia contra las mujeres por edad, destaca que Chiapas y el Estado de M\u00e9xico las v\u00edctimas fueron menores de edad (de 0 a 17 a\u00f1os de edad); en la primera entidad, el total de v\u00edctimas, que fueron 5, est\u00e1n en este rango de edad, mientras que en el Estado de M\u00e9xico, de 16 v\u00edctimas, 6 corresponden a este rango.<br \/>\nSobre las solicitudes de auxilio al 911, de 2 millones 493 mil 883 llamadas recibidas entre enero y febrero de 2019, corresponden a violencia contra la mujer 1.07 por ciento, lo que significa 26 mil 607 casos; abuso sexual 0.03 por ciento, 744 ; acoso u hostigamiento sexual 0.04 por ciento, mil 62; violaci\u00f3n 0.02 por ciento, 530; violencia de pareja 1.79 por ciento, 44 mil 716, y violencia familiar 3.95 por ciento, 98 mil 588 casos.<br \/>\n<a href=\"https:\/\/www.milenio.com\/policia\/violencia-de-genero\/en-2-meses-de-2019-record-de-feminicidio\">https:\/\/www.milenio.com\/policia\/violencia-de-genero\/en-2-meses-de-2019-record-de-feminicidio<\/a><\/p>\n","protected":false},"excerpt":{"rendered":"<p>Desde 2015, a\u00f1o en que se comenz\u00f3 el historial de presuntos feminicidios en el Sistema Nacional de Seguridad P\u00fablica, la tendencia ha sido siempre al alza. Ver\u00f3nica D\u00edaz, Milenio Ciudad &hellip; <a href=\"https:\/\/www.grieta.org.mx\/index.php\/2019\/03\/31\/en-2-meses-de-2019-record-de-feminicidio\/\" class=\"more-link\">Leer m\u00e1s<\/a><\/p>\n","protected":false},"author":2,"featured_media":31746,"comment_status":"closed","ping_status":"closed","sticky":false,"template":"","format":"standard","meta":{"ngg_post_thumbnail":0,"_jetpack_newsletter_access":"","_jetpack_dont_email_post_to_subs":false,"_jetpack_newsletter_tier_id":0,"_jetpack_memberships_contains_paywalled_content":false,"_jetpack_memberships_contains_paid_content":false,"footnotes":""},"categories":[13,15,84,367,1186,1016,1222,2107,906,2268,1104,20,21,23,76],"tags":[81],"class_list":["post-31745","post","type-post","status-publish","format-standard","has-post-thumbnail","hentry","category-colima","category-durango","category-feminicidios","category-feminicidios-analisis","category-feminicidios-en-aguascalientes","category-feminicidios-en-colima","category-feminicidios-en-durango","category-feminicidios-en-jalisco","category-feminicidios-en-michoacan","category-feminicidios-en-nayarit","category-feminicidios-en-zacatecas","category-jalisco","category-michoacan","category-nayarit","category-zacatecas","tag-feminicidios","entry"],"jetpack_featured_media_url":"https:\/\/www.grieta.org.mx\/wp-content\/uploads\/2019\/04\/mujeres-protestas-contra-los-feminicidios_0_24_640_399.jpg","jetpack_sharing_enabled":true,"jetpack_shortlink":"https:\/\/wp.me\/p7ZJR4-8g1","jetpack_likes_enabled":false,"jetpack-related-posts":[{"id":31431,"url":"https:\/\/www.grieta.org.mx\/index.php\/2019\/03\/31\/primer-bimestre-de-2019-el-mas-violento-y-con-record-de-feminicidios\/","url_meta":{"origin":31745,"position":0},"title":"Primer bimestre de 2019, el m\u00e1s violento y con r\u00e9cord de feminicidios","author":"grieta","date":"31 marzo, 2019","format":false,"excerpt":"Desde 2015, a\u00f1o en que se comenz\u00f3 el historial de presuntos feminicidios en el Sistema Nacional de Seguridad P\u00fablica, la tendencia ha sido siempre al alza MILENIO\/VANGUARDIA MX Ning\u00fan inicio de a\u00f1o desde 2015 hab\u00eda sido tan violento para las mujeres como este 2019, cuyo primer bimestre registr\u00f3 147 feminicidios,\u2026","rel":"","context":"En &quot;CINTILLO&quot;","block_context":{"text":"CINTILLO","link":"https:\/\/www.grieta.org.mx\/index.php\/category\/cintillo\/"},"img":{"alt_text":"","src":"https:\/\/i0.wp.com\/www.grieta.org.mx\/wp-content\/uploads\/2019\/03\/feminicidios-2.jpg?resize=350%2C200&ssl=1","width":350,"height":200,"srcset":"https:\/\/i0.wp.com\/www.grieta.org.mx\/wp-content\/uploads\/2019\/03\/feminicidios-2.jpg?resize=350%2C200&ssl=1 1x, https:\/\/i0.wp.com\/www.grieta.org.mx\/wp-content\/uploads\/2019\/03\/feminicidios-2.jpg?resize=525%2C300&ssl=1 1.5x, https:\/\/i0.wp.com\/www.grieta.org.mx\/wp-content\/uploads\/2019\/03\/feminicidios-2.jpg?resize=700%2C400&ssl=1 2x"},"classes":[]},{"id":47174,"url":"https:\/\/www.grieta.org.mx\/index.php\/2020\/03\/29\/continuan-al-alza-los-asesinatos-de-mujeres-en-colima\/","url_meta":{"origin":31745,"position":1},"title":"Contin\u00faan al alza los asesinatos de mujeres en Colima","author":"grieta","date":"29 marzo, 2020","format":false,"excerpt":"Foto: Diario Avanzada Redacci\u00f3n \/ Diario Avanzada Colima, M\u00e9xico, Avanzada (29\/03\/2020).- Con 18 asesinatos de mujeres tan s\u00f3lo en el primer bimestre de 2020, el estado de Colima se mantiene en el primer lugar nacional en la incidencia de este delito, con una tasa de 3.8 casos por cada cien\u2026","rel":"","context":"En &quot;CINTILLO&quot;","block_context":{"text":"CINTILLO","link":"https:\/\/www.grieta.org.mx\/index.php\/category\/cintillo\/"},"img":{"alt_text":"","src":"https:\/\/i0.wp.com\/www.grieta.org.mx\/wp-content\/uploads\/2020\/04\/Mujer.jpg?resize=350%2C200&ssl=1","width":350,"height":200,"srcset":"https:\/\/i0.wp.com\/www.grieta.org.mx\/wp-content\/uploads\/2020\/04\/Mujer.jpg?resize=350%2C200&ssl=1 1x, https:\/\/i0.wp.com\/www.grieta.org.mx\/wp-content\/uploads\/2020\/04\/Mujer.jpg?resize=525%2C300&ssl=1 1.5x, https:\/\/i0.wp.com\/www.grieta.org.mx\/wp-content\/uploads\/2020\/04\/Mujer.jpg?resize=700%2C400&ssl=1 2x"},"classes":[]},{"id":23476,"url":"https:\/\/www.grieta.org.mx\/index.php\/2018\/05\/29\/colima-ya-ocupa-el-primer-lugar-en-asesinatos-de-mujeres-alerta-el-snsp\/","url_meta":{"origin":31745,"position":2},"title":"Colima ya ocupa el primer lugar en asesinatos de mujeres, alerta el SNSP","author":"grieta","date":"29 mayo, 2018","format":false,"excerpt":"POR PEDRO ZAMORA BRISE\u00d1O COLIMA, Col. (apro).- En el primer tercio del a\u00f1o, esta entidad ocup\u00f3 el primer lugar nacional en asesinatos de mujeres, tanto en los catalogados como homicidios dolosos y los reconocidos como feminicidios, de acuerdo con las cifras del Secretariado Ejecutivo del Sistema Nacional de Seguridad P\u00fablica\u2026","rel":"","context":"En &quot;CINTILLO&quot;","block_context":{"text":"CINTILLO","link":"https:\/\/www.grieta.org.mx\/index.php\/category\/cintillo\/"},"img":{"alt_text":"","src":"https:\/\/i0.wp.com\/www.grieta.org.mx\/wp-content\/uploads\/2018\/06\/Cifras-Pedro-Zamora-702x432.jpg?resize=350%2C200&ssl=1","width":350,"height":200,"srcset":"https:\/\/i0.wp.com\/www.grieta.org.mx\/wp-content\/uploads\/2018\/06\/Cifras-Pedro-Zamora-702x432.jpg?resize=350%2C200&ssl=1 1x, https:\/\/i0.wp.com\/www.grieta.org.mx\/wp-content\/uploads\/2018\/06\/Cifras-Pedro-Zamora-702x432.jpg?resize=525%2C300&ssl=1 1.5x, https:\/\/i0.wp.com\/www.grieta.org.mx\/wp-content\/uploads\/2018\/06\/Cifras-Pedro-Zamora-702x432.jpg?resize=700%2C400&ssl=1 2x"},"classes":[]},{"id":52644,"url":"https:\/\/www.grieta.org.mx\/index.php\/2020\/08\/11\/en-cinco-anos-y-medio-colima-ha-registrado-380-feminicidios\/","url_meta":{"origin":31745,"position":3},"title":"En cinco a\u00f1os y medio Colima ha registrado 380 feminicidios","author":"grieta","date":"11 agosto, 2020","format":false,"excerpt":"Imagen: Colima Noticias Alfredo Aquiles \/ Colima Noticias Colima, Col.-\u00a0\u00a0Seg\u00fan datos estad\u00edsticos del Secretariado Ejecutivo del Sistema Nacional de Seguridad P\u00fablica, del 2015 a junio del 2020, esto es 5 a\u00f1os y medio, en Colima se han registrado 380 asesinatos de mujeres, los cuales est\u00e1n clasificados como feminicidios. La dependencia\u2026","rel":"","context":"En &quot;CINTILLO&quot;","block_context":{"text":"CINTILLO","link":"https:\/\/www.grieta.org.mx\/index.php\/category\/cintillo\/"},"img":{"alt_text":"","src":"https:\/\/i0.wp.com\/www.grieta.org.mx\/wp-content\/uploads\/2020\/08\/feminicidio-1-696x432.jpeg?resize=350%2C200&ssl=1","width":350,"height":200,"srcset":"https:\/\/i0.wp.com\/www.grieta.org.mx\/wp-content\/uploads\/2020\/08\/feminicidio-1-696x432.jpeg?resize=350%2C200&ssl=1 1x, https:\/\/i0.wp.com\/www.grieta.org.mx\/wp-content\/uploads\/2020\/08\/feminicidio-1-696x432.jpeg?resize=525%2C300&ssl=1 1.5x"},"classes":[]},{"id":52853,"url":"https:\/\/www.grieta.org.mx\/index.php\/2020\/08\/24\/colima-con-el-mayor-incremento-de-feminicidios-en-el-pais\/","url_meta":{"origin":31745,"position":4},"title":"Colima, con el mayor incremento de feminicidios en el pa\u00eds","author":"grieta","date":"24 agosto, 2020","format":false,"excerpt":"Imagen: Diario Avanzada Redacci\u00f3n \/ Diario Avanzada olima, M\u00e9xico, Avanzada (24\/08\/2020).- Durante los primeros siete meses de este a\u00f1o, el estado de Colima se coloc\u00f3 con el mayor incremento de feminicidios en el pa\u00eds, en comparaci\u00f3n con el mismo periodo de 2019, de acuerdo con los datos dados a conocer\u2026","rel":"","context":"En &quot;CINTILLO&quot;","block_context":{"text":"CINTILLO","link":"https:\/\/www.grieta.org.mx\/index.php\/category\/cintillo\/"},"img":{"alt_text":"","src":"https:\/\/i0.wp.com\/www.grieta.org.mx\/wp-content\/uploads\/2020\/08\/image-143.png?resize=350%2C200&ssl=1","width":350,"height":200},"classes":[]},{"id":31275,"url":"https:\/\/www.grieta.org.mx\/index.php\/2019\/03\/27\/prevalece-violencia-contra-las-mujeres-en-guanajuato-se-cometen-47-feminicidios-en-2019\/","url_meta":{"origin":31745,"position":5},"title":"Prevalece violencia contra las mujeres en Guanajuato; se cometen 47 feminicidios en 2019","author":"grieta","date":"27 marzo, 2019","format":false,"excerpt":"Jorge Hernandez, Zona Franca, 27 de marzo de 2019 Le\u00f3n, Gto. Este 2019 ha sido el a\u00f1o m\u00e1s violento para las mujeres ya que el estado de Guanajuato, ocupa el segundo lugar con mayor n\u00famero de asesinatos dolosos femeninos. Datos de la informaci\u00f3n sobre violencia contra las mujeres del Centro\u2026","rel":"","context":"En &quot;CINTILLO&quot;","block_context":{"text":"CINTILLO","link":"https:\/\/www.grieta.org.mx\/index.php\/category\/cintillo\/"},"img":{"alt_text":"","src":"https:\/\/i0.wp.com\/www.grieta.org.mx\/wp-content\/uploads\/2019\/03\/hom-dol-2019.jpg?resize=350%2C200&ssl=1","width":350,"height":200,"srcset":"https:\/\/i0.wp.com\/www.grieta.org.mx\/wp-content\/uploads\/2019\/03\/hom-dol-2019.jpg?resize=350%2C200&ssl=1 1x, https:\/\/i0.wp.com\/www.grieta.org.mx\/wp-content\/uploads\/2019\/03\/hom-dol-2019.jpg?resize=525%2C300&ssl=1 1.5x, https:\/\/i0.wp.com\/www.grieta.org.mx\/wp-content\/uploads\/2019\/03\/hom-dol-2019.jpg?resize=700%2C400&ssl=1 2x"},"classes":[]}],"_links":{"self":[{"href":"https:\/\/www.grieta.org.mx\/index.php\/wp-json\/wp\/v2\/posts\/31745","targetHints":{"allow":["GET"]}}],"collection":[{"href":"https:\/\/www.grieta.org.mx\/index.php\/wp-json\/wp\/v2\/posts"}],"about":[{"href":"https:\/\/www.grieta.org.mx\/index.php\/wp-json\/wp\/v2\/types\/post"}],"author":[{"embeddable":true,"href":"https:\/\/www.grieta.org.mx\/index.php\/wp-json\/wp\/v2\/users\/2"}],"replies":[{"embeddable":true,"href":"https:\/\/www.grieta.org.mx\/index.php\/wp-json\/wp\/v2\/comments?post=31745"}],"version-history":[{"count":1,"href":"https:\/\/www.grieta.org.mx\/index.php\/wp-json\/wp\/v2\/posts\/31745\/revisions"}],"predecessor-version":[{"id":31747,"href":"https:\/\/www.grieta.org.mx\/index.php\/wp-json\/wp\/v2\/posts\/31745\/revisions\/31747"}],"wp:featuredmedia":[{"embeddable":true,"href":"https:\/\/www.grieta.org.mx\/index.php\/wp-json\/wp\/v2\/media\/31746"}],"wp:attachment":[{"href":"https:\/\/www.grieta.org.mx\/index.php\/wp-json\/wp\/v2\/media?parent=31745"}],"wp:term":[{"taxonomy":"category","embeddable":true,"href":"https:\/\/www.grieta.org.mx\/index.php\/wp-json\/wp\/v2\/categories?post=31745"},{"taxonomy":"post_tag","embeddable":true,"href":"https:\/\/www.grieta.org.mx\/index.php\/wp-json\/wp\/v2\/tags?post=31745"}],"curies":[{"name":"wp","href":"https:\/\/api.w.org\/{rel}","templated":true}]}}