{"id":31716,"date":"2019-03-31T11:27:06","date_gmt":"2019-03-31T17:27:06","guid":{"rendered":"http:\/\/www.grieta.org.mx\/?p=31716"},"modified":"2019-04-03T11:35:06","modified_gmt":"2019-04-03T17:35:06","slug":"aqui-a-todos-los-mandan-al-hospital-de-villahermosa-aqui-solo-atienden-dolor-de-cabeza-y-gripa-tabasco","status":"publish","type":"post","link":"https:\/\/www.grieta.org.mx\/index.php\/2019\/03\/31\/aqui-a-todos-los-mandan-al-hospital-de-villahermosa-aqui-solo-atienden-dolor-de-cabeza-y-gripa-tabasco\/","title":{"rendered":"&#8220;Aqu\u00ed a todos los mandan al Hospital de Villahermosa, aqu\u00ed solo atienden dolor de cabeza y gripa&#8221; (Tabasco)"},"content":{"rendered":"<figure id=\"attachment_31717\" aria-describedby=\"caption-attachment-31717\" style=\"width: 480px\" class=\"wp-caption alignleft\"><img loading=\"lazy\" decoding=\"async\" data-attachment-id=\"31717\" data-permalink=\"https:\/\/www.grieta.org.mx\/index.php\/2019\/03\/31\/aqui-a-todos-los-mandan-al-hospital-de-villahermosa-aqui-solo-atienden-dolor-de-cabeza-y-gripa-tabasco\/hospitaldetabasco9-focus-0-0-480-345\/\" data-orig-file=\"https:\/\/www.grieta.org.mx\/wp-content\/uploads\/2019\/04\/hospitaldetabasco9-focus-0-0-480-345.jpg\" data-orig-size=\"480,345\" data-comments-opened=\"0\" data-image-meta=\"{&quot;aperture&quot;:&quot;0&quot;,&quot;credit&quot;:&quot;&quot;,&quot;camera&quot;:&quot;&quot;,&quot;caption&quot;:&quot;&quot;,&quot;created_timestamp&quot;:&quot;0&quot;,&quot;copyright&quot;:&quot;&quot;,&quot;focal_length&quot;:&quot;0&quot;,&quot;iso&quot;:&quot;0&quot;,&quot;shutter_speed&quot;:&quot;0&quot;,&quot;title&quot;:&quot;&quot;,&quot;orientation&quot;:&quot;0&quot;}\" data-image-title=\"hospitaldetabasco9-focus-0-0-480-345\" data-image-description=\"\" data-image-caption=\"&lt;p&gt;Hospital General de C\u00e1rdenas en Tabasco (Foto: Roberto Barbosa)&lt;\/p&gt;\n\" data-medium-file=\"https:\/\/www.grieta.org.mx\/wp-content\/uploads\/2019\/04\/hospitaldetabasco9-focus-0-0-480-345-300x216.jpg\" data-large-file=\"https:\/\/www.grieta.org.mx\/wp-content\/uploads\/2019\/04\/hospitaldetabasco9-focus-0-0-480-345.jpg\" src=\"http:\/\/www.grieta.org.mx\/wp-content\/uploads\/2019\/04\/hospitaldetabasco9-focus-0-0-480-345.jpg\" alt=\"\" width=\"480\" height=\"345\" class=\"size-full wp-image-31717\" srcset=\"https:\/\/www.grieta.org.mx\/wp-content\/uploads\/2019\/04\/hospitaldetabasco9-focus-0-0-480-345.jpg 480w, https:\/\/www.grieta.org.mx\/wp-content\/uploads\/2019\/04\/hospitaldetabasco9-focus-0-0-480-345-300x216.jpg 300w\" sizes=\"auto, (max-width: 480px) 100vw, 480px\" \/><figcaption id=\"caption-attachment-31717\" class=\"wp-caption-text\">Hospital General de C\u00e1rdenas en Tabasco (Foto: Roberto Barbosa)<\/figcaption><\/figure>\n<p>Roberto Barbosa Sosa \/ La Silla Rota<\/p>\n<p>C\u00c1RDENAS, Tabasco.- En febrero del a\u00f1o pasado, falleci\u00f3 en un hospital de Villahermosa la esposa de don Jes\u00fas Manuel de la Cruz, a sus 35 a\u00f1os, luego de permanecer seis meses internada.<\/p>\n<p>Pero previo a ese fatal desenlace, los familiares tuvieron que viajar diariamente desde su comunidad El Desecho, Huimanguillo, hasta la capital tabasque\u00f1a, al nosocomio donde estuvo hospitalizada la c\u00f3nyuge de don Jes\u00fas Manuel.<\/p>\n<p>La se\u00f1ora Josefina hab\u00eda acudido en septiembre del 2017 al Hospital Regional de C\u00e1rdenas para atenderse del malestar que sent\u00eda. Le diagnosticaron leucemia, y le avisaron que la enviar\u00edan a Villahermosa, pues all\u00ed carec\u00edan de equipos, insumos y especialistas para su atenci\u00f3n.<\/p>\n<p>As\u00ed que desde septiembre, los familiares ten\u00edan que sufragar gastos de traslado y alimentaci\u00f3n, entre otros vi\u00e1ticos, para acudir al Hospital &#8220;Dr. Juan Graham Casas\u00fas&#8221;, en Villahermosa, a 70 kil\u00f3metros de la Rancher\u00eda El Desecho.<\/p>\n<p>El viudo, quien tuvo que renunciar a su trabajo para poder acudir a Villahermosa, narra que adem\u00e1s ten\u00eda que llevar desde su comunidad, casi a diario, a cuatro donadores de sangre, a quienes se les ten\u00eda que sufragar pasajes y alimentos.<\/p>\n<p>Don Jes\u00fas Manuel cree que el sufrimiento que vivieron hubiera sido menor, en lo econ\u00f3mico, desgaste f\u00edsico y emocional, si hubiera estado en funcionamiento el nuevo Hospital de Alta Especialidad de C\u00e1rdenas, obra abandonada desde hace siete a\u00f1os.<\/p>\n<p>En febrero pasado, don Jes\u00fas Manuel vivi\u00f3 otra molesta experiencia en el Hospital de Huimanguillo, a donde acudi\u00f3 con su hija, quien estaba a punto de dar a luz.<\/p>\n<p>Lleg\u00f3 a la cl\u00ednica con su hija Guadalupe a las 21:00 horas, y luego de recibirla y examinarla, el m\u00e9dico le comunic\u00f3 que la ten\u00edan que trasladar hasta el Hospital de La Mujer, en Villahermosa, para una ces\u00e1rea, pues ah\u00ed, en Huimanguillo, carec\u00edan de equipo e insumos, para ese tipo de cirug\u00eda.<\/p>\n<p>Sin embargo, aunque contaban con ambulancia, ten\u00edan que esperar a que llegara otro paciente pues no pod\u00eda llevarla sola para no &#8220;subutilizar&#8221; el transporte param\u00e9dico.<\/p>\n<p>Les dieron las 23:00 horas y la embarazada ah\u00ed sufriendo a que llegara otro enfermo para &#8220;completar&#8221; el viaje de la ambulancia que la trasladar\u00eda a Villahermosa.<\/p>\n<p>Tuvieron que conseguir el n\u00famero telef\u00f3nico del director del Hospital de Huimanguillo, para pedirle su apoyo y autorizaci\u00f3n del viaje de la ambulancia.<\/p>\n<p>Su hija todav\u00eda tard\u00f3 una semana internada en el Hospital de la Mujer.<\/p>\n<p><img loading=\"lazy\" decoding=\"async\" data-attachment-id=\"31718\" data-permalink=\"https:\/\/www.grieta.org.mx\/index.php\/2019\/03\/31\/aqui-a-todos-los-mandan-al-hospital-de-villahermosa-aqui-solo-atienden-dolor-de-cabeza-y-gripa-tabasco\/direct-65\/\" data-orig-file=\"https:\/\/www.grieta.org.mx\/wp-content\/uploads\/2019\/04\/direct-5.jpg\" data-orig-size=\"796,597\" data-comments-opened=\"0\" data-image-meta=\"{&quot;aperture&quot;:&quot;0&quot;,&quot;credit&quot;:&quot;&quot;,&quot;camera&quot;:&quot;&quot;,&quot;caption&quot;:&quot;&quot;,&quot;created_timestamp&quot;:&quot;0&quot;,&quot;copyright&quot;:&quot;&quot;,&quot;focal_length&quot;:&quot;0&quot;,&quot;iso&quot;:&quot;0&quot;,&quot;shutter_speed&quot;:&quot;0&quot;,&quot;title&quot;:&quot;&quot;,&quot;orientation&quot;:&quot;0&quot;}\" data-image-title=\"direct\" data-image-description=\"\" data-image-caption=\"\" data-medium-file=\"https:\/\/www.grieta.org.mx\/wp-content\/uploads\/2019\/04\/direct-5-300x225.jpg\" data-large-file=\"https:\/\/www.grieta.org.mx\/wp-content\/uploads\/2019\/04\/direct-5.jpg\" src=\"http:\/\/www.grieta.org.mx\/wp-content\/uploads\/2019\/04\/direct-5.jpg\" alt=\"\" width=\"796\" height=\"597\" class=\"alignleft size-full wp-image-31718\" srcset=\"https:\/\/www.grieta.org.mx\/wp-content\/uploads\/2019\/04\/direct-5.jpg 796w, https:\/\/www.grieta.org.mx\/wp-content\/uploads\/2019\/04\/direct-5-300x225.jpg 300w, https:\/\/www.grieta.org.mx\/wp-content\/uploads\/2019\/04\/direct-5-768x576.jpg 768w, https:\/\/www.grieta.org.mx\/wp-content\/uploads\/2019\/04\/direct-5-667x500.jpg 667w\" sizes=\"auto, (max-width: 796px) 100vw, 796px\" \/><\/p>\n<p>Adem\u00e1s los nosocomios de estos dos municipios no tienen mucha capacidad de atenci\u00f3n de pacientes, por lo que urge a que terminen esta gigantesca obra abandonada, programada para la atenci\u00f3n especializada de todas las enfermedades, con lo que tambi\u00e9n se descongestionar\u00edan los hospitales de Villahermosa.<\/p>\n<p><img loading=\"lazy\" decoding=\"async\" data-attachment-id=\"31719\" data-permalink=\"https:\/\/www.grieta.org.mx\/index.php\/2019\/03\/31\/aqui-a-todos-los-mandan-al-hospital-de-villahermosa-aqui-solo-atienden-dolor-de-cabeza-y-gripa-tabasco\/direct-66\/\" data-orig-file=\"https:\/\/www.grieta.org.mx\/wp-content\/uploads\/2019\/04\/direct-6.jpg\" data-orig-size=\"796,597\" data-comments-opened=\"0\" data-image-meta=\"{&quot;aperture&quot;:&quot;0&quot;,&quot;credit&quot;:&quot;&quot;,&quot;camera&quot;:&quot;&quot;,&quot;caption&quot;:&quot;&quot;,&quot;created_timestamp&quot;:&quot;0&quot;,&quot;copyright&quot;:&quot;&quot;,&quot;focal_length&quot;:&quot;0&quot;,&quot;iso&quot;:&quot;0&quot;,&quot;shutter_speed&quot;:&quot;0&quot;,&quot;title&quot;:&quot;&quot;,&quot;orientation&quot;:&quot;0&quot;}\" data-image-title=\"direct\" data-image-description=\"\" data-image-caption=\"\" data-medium-file=\"https:\/\/www.grieta.org.mx\/wp-content\/uploads\/2019\/04\/direct-6-300x225.jpg\" data-large-file=\"https:\/\/www.grieta.org.mx\/wp-content\/uploads\/2019\/04\/direct-6.jpg\" src=\"http:\/\/www.grieta.org.mx\/wp-content\/uploads\/2019\/04\/direct-6.jpg\" alt=\"\" width=\"796\" height=\"597\" class=\"alignleft size-full wp-image-31719\" srcset=\"https:\/\/www.grieta.org.mx\/wp-content\/uploads\/2019\/04\/direct-6.jpg 796w, https:\/\/www.grieta.org.mx\/wp-content\/uploads\/2019\/04\/direct-6-300x225.jpg 300w, https:\/\/www.grieta.org.mx\/wp-content\/uploads\/2019\/04\/direct-6-768x576.jpg 768w, https:\/\/www.grieta.org.mx\/wp-content\/uploads\/2019\/04\/direct-6-667x500.jpg 667w\" sizes=\"auto, (max-width: 796px) 100vw, 796px\" \/><\/p>\n<p><img loading=\"lazy\" decoding=\"async\" data-attachment-id=\"31720\" data-permalink=\"https:\/\/www.grieta.org.mx\/index.php\/2019\/03\/31\/aqui-a-todos-los-mandan-al-hospital-de-villahermosa-aqui-solo-atienden-dolor-de-cabeza-y-gripa-tabasco\/direct-67\/\" data-orig-file=\"https:\/\/www.grieta.org.mx\/wp-content\/uploads\/2019\/04\/direct-7.jpg\" data-orig-size=\"796,597\" data-comments-opened=\"0\" data-image-meta=\"{&quot;aperture&quot;:&quot;0&quot;,&quot;credit&quot;:&quot;&quot;,&quot;camera&quot;:&quot;&quot;,&quot;caption&quot;:&quot;&quot;,&quot;created_timestamp&quot;:&quot;0&quot;,&quot;copyright&quot;:&quot;&quot;,&quot;focal_length&quot;:&quot;0&quot;,&quot;iso&quot;:&quot;0&quot;,&quot;shutter_speed&quot;:&quot;0&quot;,&quot;title&quot;:&quot;&quot;,&quot;orientation&quot;:&quot;0&quot;}\" data-image-title=\"direct\" data-image-description=\"\" data-image-caption=\"\" data-medium-file=\"https:\/\/www.grieta.org.mx\/wp-content\/uploads\/2019\/04\/direct-7-300x225.jpg\" data-large-file=\"https:\/\/www.grieta.org.mx\/wp-content\/uploads\/2019\/04\/direct-7.jpg\" src=\"http:\/\/www.grieta.org.mx\/wp-content\/uploads\/2019\/04\/direct-7.jpg\" alt=\"\" width=\"796\" height=\"597\" class=\"alignleft size-full wp-image-31720\" srcset=\"https:\/\/www.grieta.org.mx\/wp-content\/uploads\/2019\/04\/direct-7.jpg 796w, https:\/\/www.grieta.org.mx\/wp-content\/uploads\/2019\/04\/direct-7-300x225.jpg 300w, https:\/\/www.grieta.org.mx\/wp-content\/uploads\/2019\/04\/direct-7-768x576.jpg 768w, https:\/\/www.grieta.org.mx\/wp-content\/uploads\/2019\/04\/direct-7-667x500.jpg 667w\" sizes=\"auto, (max-width: 796px) 100vw, 796px\" \/><\/p>\n<p><img loading=\"lazy\" decoding=\"async\" data-attachment-id=\"31721\" data-permalink=\"https:\/\/www.grieta.org.mx\/index.php\/2019\/03\/31\/aqui-a-todos-los-mandan-al-hospital-de-villahermosa-aqui-solo-atienden-dolor-de-cabeza-y-gripa-tabasco\/direct-68\/\" data-orig-file=\"https:\/\/www.grieta.org.mx\/wp-content\/uploads\/2019\/04\/direct-8.jpg\" data-orig-size=\"796,1061\" data-comments-opened=\"0\" data-image-meta=\"{&quot;aperture&quot;:&quot;0&quot;,&quot;credit&quot;:&quot;&quot;,&quot;camera&quot;:&quot;&quot;,&quot;caption&quot;:&quot;&quot;,&quot;created_timestamp&quot;:&quot;0&quot;,&quot;copyright&quot;:&quot;&quot;,&quot;focal_length&quot;:&quot;0&quot;,&quot;iso&quot;:&quot;0&quot;,&quot;shutter_speed&quot;:&quot;0&quot;,&quot;title&quot;:&quot;&quot;,&quot;orientation&quot;:&quot;0&quot;}\" data-image-title=\"direct\" data-image-description=\"\" data-image-caption=\"\" data-medium-file=\"https:\/\/www.grieta.org.mx\/wp-content\/uploads\/2019\/04\/direct-8-225x300.jpg\" data-large-file=\"https:\/\/www.grieta.org.mx\/wp-content\/uploads\/2019\/04\/direct-8-768x1024.jpg\" src=\"http:\/\/www.grieta.org.mx\/wp-content\/uploads\/2019\/04\/direct-8-768x1024.jpg\" alt=\"\" width=\"768\" height=\"1024\" class=\"alignleft size-large wp-image-31721\" srcset=\"https:\/\/www.grieta.org.mx\/wp-content\/uploads\/2019\/04\/direct-8-768x1024.jpg 768w, https:\/\/www.grieta.org.mx\/wp-content\/uploads\/2019\/04\/direct-8-225x300.jpg 225w, https:\/\/www.grieta.org.mx\/wp-content\/uploads\/2019\/04\/direct-8-375x500.jpg 375w, https:\/\/www.grieta.org.mx\/wp-content\/uploads\/2019\/04\/direct-8.jpg 796w\" sizes=\"auto, (max-width: 768px) 100vw, 768px\" \/><br \/>\n<a href=\"https:\/\/lasillarota.com\/estados\/aqui-a-todos-los-mandan-al-hospital-de-villahermosa-aqui-solo-atienden-dolor-de-cabeza-y-gripa-villahermosa-tabasco-hospitales-leucemia\/278144\">https:\/\/lasillarota.com\/estados\/aqui-a-todos-los-mandan-al-hospital-de-villahermosa-aqui-solo-atienden-dolor-de-cabeza-y-gripa-villahermosa-tabasco-hospitales-leucemia\/278144<\/a><\/p>\n","protected":false},"excerpt":{"rendered":"<p>Roberto Barbosa Sosa \/ La Silla Rota C\u00c1RDENAS, Tabasco.- En febrero del a\u00f1o pasado, falleci\u00f3 en un hospital de Villahermosa la esposa de don Jes\u00fas Manuel de la Cruz, a &hellip; <a href=\"https:\/\/www.grieta.org.mx\/index.php\/2019\/03\/31\/aqui-a-todos-los-mandan-al-hospital-de-villahermosa-aqui-solo-atienden-dolor-de-cabeza-y-gripa-tabasco\/\" class=\"more-link\">Leer m\u00e1s<\/a><\/p>\n","protected":false},"author":2,"featured_media":31717,"comment_status":"closed","ping_status":"closed","sticky":false,"template":"","format":"standard","meta":{"ngg_post_thumbnail":0,"_jetpack_newsletter_access":"","_jetpack_dont_email_post_to_subs":false,"_jetpack_newsletter_tier_id":0,"_jetpack_memberships_contains_paywalled_content":false,"_jetpack_memberships_contains_paid_content":false,"footnotes":""},"categories":[80,2429,2,32],"tags":[831],"class_list":["post-31716","post","type-post","status-publish","format-standard","has-post-thumbnail","hentry","category-cintillo","category-crisis-del-sector-salud-en-tabasco","category-noticias-nacionales","category-tabasco","tag-sector-salud","entry"],"jetpack_featured_media_url":"https:\/\/www.grieta.org.mx\/wp-content\/uploads\/2019\/04\/hospitaldetabasco9-focus-0-0-480-345.jpg","jetpack_sharing_enabled":true,"jetpack_shortlink":"https:\/\/wp.me\/p7ZJR4-8fy","jetpack_likes_enabled":false,"jetpack-related-posts":[{"id":6395,"url":"https:\/\/www.grieta.org.mx\/index.php\/2015\/06\/03\/pemex-trabaja-en-control-de-incendio-en-gasoducto-en-tabasco\/","url_meta":{"origin":31716,"position":0},"title":"Pemex trabaja en control de incendio en gasoducto en Tabasco","author":"grieta","date":"3 junio, 2015","format":false,"excerpt":"Redacci\u00f3n Sin Embargo Villahermosa, 3 Jun (Notimex).- Personal de Petr\u00f3leos Mexicanos (Pemex) contra incendio del sector Ductos de C\u00e1rdenas y de Nuevo Pemex trabaja en el control de un incendio en el gasoducto Cactus-San Fernando, en el municipio de Huimanguillo. En un comunicado, Pemex se\u00f1al\u00f3 que el gasoducto se encuentra\u2026","rel":"","context":"En &quot;CINTILLO&quot;","block_context":{"text":"CINTILLO","link":"https:\/\/www.grieta.org.mx\/index.php\/category\/cintillo\/"},"img":{"alt_text":"","src":"https:\/\/i0.wp.com\/www.grieta.org.mx\/wp-content\/uploads\/2018\/03\/14524434_1106112876131411_958039263622046936_o.jpg?resize=350%2C200&ssl=1","width":350,"height":200,"srcset":"https:\/\/i0.wp.com\/www.grieta.org.mx\/wp-content\/uploads\/2018\/03\/14524434_1106112876131411_958039263622046936_o.jpg?resize=350%2C200&ssl=1 1x, https:\/\/i0.wp.com\/www.grieta.org.mx\/wp-content\/uploads\/2018\/03\/14524434_1106112876131411_958039263622046936_o.jpg?resize=525%2C300&ssl=1 1.5x, https:\/\/i0.wp.com\/www.grieta.org.mx\/wp-content\/uploads\/2018\/03\/14524434_1106112876131411_958039263622046936_o.jpg?resize=700%2C400&ssl=1 2x"},"classes":[]},{"id":48495,"url":"https:\/\/www.grieta.org.mx\/index.php\/2020\/03\/21\/hospital-de-pemex-en-tabasco-se-inunda-con-aguas-negras\/","url_meta":{"origin":31716,"position":1},"title":"Hospital de Pemex en Tabasco se inunda con aguas negras","author":"Admin","date":"21 marzo, 2020","format":false,"excerpt":"\u00c1ngel Vega \/ El Heraldo de Tabasco VILLAHERMOSA. El Hospital Regional de Pemex, en donde han ocurrido 13 muertes de pacientes por presunta contaminaci\u00f3n de heparina s\u00f3dica en el \u00e1rea de hemodi\u00e1lisis, tuvo ayer el colapso del techo de plaf\u00f3n debido a filtraciones en los conductos de agua, reportaron ayer\u2026","rel":"","context":"En &quot;CINTILLO&quot;","block_context":{"text":"CINTILLO","link":"https:\/\/www.grieta.org.mx\/index.php\/category\/cintillo\/"},"img":{"alt_text":"","src":"https:\/\/i0.wp.com\/www.grieta.org.mx\/wp-content\/uploads\/2020\/05\/pemex.jpg?resize=350%2C200&ssl=1","width":350,"height":200,"srcset":"https:\/\/i0.wp.com\/www.grieta.org.mx\/wp-content\/uploads\/2020\/05\/pemex.jpg?resize=350%2C200&ssl=1 1x, https:\/\/i0.wp.com\/www.grieta.org.mx\/wp-content\/uploads\/2020\/05\/pemex.jpg?resize=525%2C300&ssl=1 1.5x, https:\/\/i0.wp.com\/www.grieta.org.mx\/wp-content\/uploads\/2020\/05\/pemex.jpg?resize=700%2C400&ssl=1 2x"},"classes":[]},{"id":6599,"url":"https:\/\/www.grieta.org.mx\/index.php\/2016\/06\/26\/marchan-medicos-enfermeras-y-trabajadores-sociales-en-villahermosa-denuncian-carencias-en-los-hospitales\/","url_meta":{"origin":31716,"position":2},"title":"Movilizaciones del sector salud en Tabasco","author":"grieta","date":"26 junio, 2016","format":false,"excerpt":"26\/06\/16. Paran labores en el Rovirosa; no hay insumos denuncianEl Heroico 13\/12\/15. Denuncian m\u00e9dicos de Tabasco deficiencias en infraestructura hospitalariaProceso 13\/12\/15. M\u00e9dicos de Tabasco marchan por crisis hosptalariaEl Financiero","rel":"","context":"En &quot;NOTICIAS NACIONALES&quot;","block_context":{"text":"NOTICIAS NACIONALES","link":"https:\/\/www.grieta.org.mx\/index.php\/category\/noticias-nacionales\/"},"img":{"alt_text":"","src":"https:\/\/i0.wp.com\/www.grieta.org.mx\/wp-content\/uploads\/2018\/03\/14524434_1106112876131411_958039263622046936_o.jpg?resize=350%2C200&ssl=1","width":350,"height":200,"srcset":"https:\/\/i0.wp.com\/www.grieta.org.mx\/wp-content\/uploads\/2018\/03\/14524434_1106112876131411_958039263622046936_o.jpg?resize=350%2C200&ssl=1 1x, https:\/\/i0.wp.com\/www.grieta.org.mx\/wp-content\/uploads\/2018\/03\/14524434_1106112876131411_958039263622046936_o.jpg?resize=525%2C300&ssl=1 1.5x, https:\/\/i0.wp.com\/www.grieta.org.mx\/wp-content\/uploads\/2018\/03\/14524434_1106112876131411_958039263622046936_o.jpg?resize=700%2C400&ssl=1 2x"},"classes":[]},{"id":50657,"url":"https:\/\/www.grieta.org.mx\/index.php\/2020\/05\/17\/centroamericanos-desprotegidos-ante-el-covid-19-en-villahermosa-tabasco\/","url_meta":{"origin":31716,"position":3},"title":"Centroamericanos desprotegidos ante el Covid-19 en Villahermosa, Tabasco","author":"grieta","date":"17 mayo, 2020","format":false,"excerpt":"Jes\u00fas Manuel Dom\u00ednguez \/ El Heraldo de Tabasco Migrantes de distintas nacionales, en su mayor\u00eda de Centroam\u00e9rica, siguen deambulando por los cruceros de Villahermosa pidiendo dinero a los automovilistas sin tomar las medidas preventivas para evitar el contagio de COVID-19. Se les puede ver en grupos o en familia en\u2026","rel":"","context":"En &quot;CINTILLO&quot;","block_context":{"text":"CINTILLO","link":"https:\/\/www.grieta.org.mx\/index.php\/category\/cintillo\/"},"img":{"alt_text":"","src":"https:\/\/i0.wp.com\/www.grieta.org.mx\/wp-content\/uploads\/2020\/06\/MIGRANTES-CARLOS-PEREZ-3.jpeg?resize=350%2C200&ssl=1","width":350,"height":200,"srcset":"https:\/\/i0.wp.com\/www.grieta.org.mx\/wp-content\/uploads\/2020\/06\/MIGRANTES-CARLOS-PEREZ-3.jpeg?resize=350%2C200&ssl=1 1x, https:\/\/i0.wp.com\/www.grieta.org.mx\/wp-content\/uploads\/2020\/06\/MIGRANTES-CARLOS-PEREZ-3.jpeg?resize=525%2C300&ssl=1 1.5x, https:\/\/i0.wp.com\/www.grieta.org.mx\/wp-content\/uploads\/2020\/06\/MIGRANTES-CARLOS-PEREZ-3.jpeg?resize=700%2C400&ssl=1 2x"},"classes":[]},{"id":6380,"url":"https:\/\/www.grieta.org.mx\/index.php\/2015\/12\/24\/acusan-que-pemex-no-alerto-sobre-megafuga-en-tabasco\/","url_meta":{"origin":31716,"position":4},"title":"Acusan que Pemex no alert\u00f3 sobre megafuga en Tabasco","author":"grieta","date":"24 diciembre, 2015","format":false,"excerpt":"Por Reforma Villahermosa, Tab.- Petr\u00f3leos Mexicanos (Pemex) no dio aviso del derrame de combustible que deriv\u00f3 en un incendio en el poblado C-33 del municipio de C\u00e1rdenas, ni acordon\u00f3 la zona para evitar incidentes, acus\u00f3 la Direcci\u00f3n Operativa y Apoyo a la Poblaci\u00f3n de Protecci\u00f3n Civil Estatal. \u201cSe pudo haber\u2026","rel":"","context":"En &quot;CINTILLO&quot;","block_context":{"text":"CINTILLO","link":"https:\/\/www.grieta.org.mx\/index.php\/category\/cintillo\/"},"img":{"alt_text":"","src":"https:\/\/i0.wp.com\/www.grieta.org.mx\/wp-content\/uploads\/2018\/03\/14524434_1106112876131411_958039263622046936_o.jpg?resize=350%2C200&ssl=1","width":350,"height":200,"srcset":"https:\/\/i0.wp.com\/www.grieta.org.mx\/wp-content\/uploads\/2018\/03\/14524434_1106112876131411_958039263622046936_o.jpg?resize=350%2C200&ssl=1 1x, https:\/\/i0.wp.com\/www.grieta.org.mx\/wp-content\/uploads\/2018\/03\/14524434_1106112876131411_958039263622046936_o.jpg?resize=525%2C300&ssl=1 1.5x, https:\/\/i0.wp.com\/www.grieta.org.mx\/wp-content\/uploads\/2018\/03\/14524434_1106112876131411_958039263622046936_o.jpg?resize=700%2C400&ssl=1 2x"},"classes":[]},{"id":37159,"url":"https:\/\/www.grieta.org.mx\/index.php\/2019\/07\/15\/reportan-bloqueo-a-campos-petroleros-en-tabasco\/","url_meta":{"origin":31716,"position":5},"title":"Reportan bloqueo a campos petroleros en Tabasco","author":"grieta","date":"15 julio, 2019","format":false,"excerpt":"Uniradio Informa Villahermosa (Notimex).- En demanda de atenci\u00f3n, por presunta contaminaci\u00f3n de suelos y retenci\u00f3n de aguas, pobladores del municipio de C\u00e1rdenas, cerraron el acceso carretero a unidades de Petr\u00f3leos Mexicanos (Pemex) hacia los campos petroleros San Ram\u00f3n, Rodador y Cinco Presidentes. El bloqueo a la altura de la capilla\u2026","rel":"","context":"En &quot;CINTILLO&quot;","block_context":{"text":"CINTILLO","link":"https:\/\/www.grieta.org.mx\/index.php\/category\/cintillo\/"},"img":{"alt_text":"","src":"https:\/\/i0.wp.com\/www.grieta.org.mx\/wp-content\/uploads\/2019\/07\/20190715184853_131.jpg?resize=350%2C200&ssl=1","width":350,"height":200,"srcset":"https:\/\/i0.wp.com\/www.grieta.org.mx\/wp-content\/uploads\/2019\/07\/20190715184853_131.jpg?resize=350%2C200&ssl=1 1x, https:\/\/i0.wp.com\/www.grieta.org.mx\/wp-content\/uploads\/2019\/07\/20190715184853_131.jpg?resize=525%2C300&ssl=1 1.5x, https:\/\/i0.wp.com\/www.grieta.org.mx\/wp-content\/uploads\/2019\/07\/20190715184853_131.jpg?resize=700%2C400&ssl=1 2x"},"classes":[]}],"_links":{"self":[{"href":"https:\/\/www.grieta.org.mx\/index.php\/wp-json\/wp\/v2\/posts\/31716","targetHints":{"allow":["GET"]}}],"collection":[{"href":"https:\/\/www.grieta.org.mx\/index.php\/wp-json\/wp\/v2\/posts"}],"about":[{"href":"https:\/\/www.grieta.org.mx\/index.php\/wp-json\/wp\/v2\/types\/post"}],"author":[{"embeddable":true,"href":"https:\/\/www.grieta.org.mx\/index.php\/wp-json\/wp\/v2\/users\/2"}],"replies":[{"embeddable":true,"href":"https:\/\/www.grieta.org.mx\/index.php\/wp-json\/wp\/v2\/comments?post=31716"}],"version-history":[{"count":1,"href":"https:\/\/www.grieta.org.mx\/index.php\/wp-json\/wp\/v2\/posts\/31716\/revisions"}],"predecessor-version":[{"id":31722,"href":"https:\/\/www.grieta.org.mx\/index.php\/wp-json\/wp\/v2\/posts\/31716\/revisions\/31722"}],"wp:featuredmedia":[{"embeddable":true,"href":"https:\/\/www.grieta.org.mx\/index.php\/wp-json\/wp\/v2\/media\/31717"}],"wp:attachment":[{"href":"https:\/\/www.grieta.org.mx\/index.php\/wp-json\/wp\/v2\/media?parent=31716"}],"wp:term":[{"taxonomy":"category","embeddable":true,"href":"https:\/\/www.grieta.org.mx\/index.php\/wp-json\/wp\/v2\/categories?post=31716"},{"taxonomy":"post_tag","embeddable":true,"href":"https:\/\/www.grieta.org.mx\/index.php\/wp-json\/wp\/v2\/tags?post=31716"}],"curies":[{"name":"wp","href":"https:\/\/api.w.org\/{rel}","templated":true}]}}