{"id":3171,"date":"2016-08-23T12:34:35","date_gmt":"2016-08-23T17:34:35","guid":{"rendered":"http:\/\/50.22.11.12\/~grietaor\/?p=3171"},"modified":"2016-08-24T13:53:51","modified_gmt":"2016-08-24T18:53:51","slug":"movilizaciones-contra-la-reforma-educativa-y-la-evaluacion-magisterial-en-jalisco","status":"publish","type":"post","link":"https:\/\/www.grieta.org.mx\/index.php\/2016\/08\/23\/movilizaciones-contra-la-reforma-educativa-y-la-evaluacion-magisterial-en-jalisco\/","title":{"rendered":"Movilizaciones contra la Reforma educativa y evaluaci\u00f3n magisterial en Jalisco"},"content":{"rendered":"<p><strong>23\/08\/16. <\/strong><a href=\"http:\/\/www.grieta.org.mx\/index.php\/2016\/08\/23\/maestros-se-manifestaron-en-el-aeropuerto-internacional-de-guadalajara-contra-la-reforma-educativa-video\/\">Maestros se manifestaron en el Aeropuerto Internacional de Guadalajara contra la Reforma Educativa <\/a><br \/><em>Canal 44<\/em><br  \/><\/p>\n<p><strong>23\/08\/16. <\/strong><a href=\"http:\/\/www.grieta.org.mx\/index.php\/2016\/08\/23\/maestros-en-la-region-de-los-altos-trabajan-bajo-protesta\/\">Maestros en la regi\u00f3n de Los Altos trabajan bajo protesta (Video)<\/a><br \/><em>Canal 44<\/em><br  \/><\/p>\n<p><strong>27\/07\/16. <\/strong><a href=\"http:\/\/www.grieta.org.mx\/index.php\/2016\/07\/27\/bloquean-maestros-casetas-jalisco\/\" >Bloquean maestros casetas<\/a><br \/><em>AM Lagos de Moreno<\/em><br  \/><\/p>\n<p><strong>17\/07\/16. <\/strong><a href=\"http:\/\/www.grieta.org.mx\/index.php\/2016\/07\/17\/frente-magisterial-advierte-acciones-jalisco\/\" >Frente Magisterial advierte acciones<\/a><br \/><em>Ntr Guadalajara<\/em><br  \/><\/p>\n<p><strong>04\/07\/16. <\/strong><a href=\"http:\/\/www.grieta.org.mx\/index.php\/2016\/07\/04\/abuchean-a-aurelio-nuno-en-jalisco\/\" >Abuchean a Aurelio Nu\u00f1o en Jalisco<\/a><br \/><em>Proceso<\/em><br  \/><\/p>\n<p><strong>23\/06\/16. <\/strong><a href=\"http:\/\/www.grieta.org.mx\/index.php\/2016\/06\/23\/marchan-5-mil-contra-la-violencia-en-oaxaca-jalisco\/\">Marchan 5 mil contra la violencia en Oaxaca <\/a><br \/>\n<em>Ntr Guadalajara<\/em><\/p>\n<p><strong>23\/06\/16. <\/strong><a href=\"http:\/\/www.grieta.org.mx\/index.php\/2016\/06\/23\/medicos-y-maestros-de-vallarta-toman-las-calles-en-protesta-contra-gobierno-federal\/\" >M\u00e9dicos y maestros de Vallarta toman las calles en protesta contra gobierno federal<\/a><br \/><em>Alternativo Noticias<\/em><br  \/><\/p>\n<p><strong>22\/06\/16. <\/strong><a href=\"http:\/\/www.grieta.org.mx\/index.php\/2016\/06\/22\/jornada-de-manifestaciones-en-ciudad-guzman\/\" >Jornada de manifestaciones en Ciudad Guzm\u00e1n<\/a><br \/><em>El Sur de Jalisco<\/em><br  \/><\/p>\n<p><strong>19\/06\/16. <\/strong><a href=\"http:\/\/www.grieta.org.mx\/index.php\/2016\/06\/19\/golpes-palazos-y-gas-contra-profes\/\">Golpes, palazos y gas contra profes<\/a><br \/>\n<em>Ntr Guadalajara<\/em><\/p>\n<p><strong>02\/06\/16. <\/strong><a href=\"http:\/\/www.grieta.org.mx\/index.php\/2016\/06\/02\/profesores-del-sur-de-jalisco-salen-a-manifestarse-video\/\">Profesores del Sur de Jalisco salen a manifestarse <\/a><br \/>\n<em>Canal 44<\/em><\/p>\n<p><strong>22\/05\/16. <\/strong><a href=\"http:\/\/www.grieta.org.mx\/index.php\/2016\/05\/22\/reclaman-con-mitin-reinstalacion-de-docentes-jalisco\/\">Reclaman con mitin reinstalaci\u00f3n de docentes<\/a><br \/>\n<em>NTR Guadalajara<\/em><\/p>\n<p><strong>16\/05\/16. <\/strong><a href=\"http:\/\/www.grieta.org.mx\/index.php\/2016\/05\/15\/maestros-de-vallarta-celebra-su-dia-con-marcha-y-evento-cultural-en-el-malecon\/\">Maestros de Vallarta celebra su d\u00eda con marcha y evento cultural en el malec\u00f3n<\/a><br \/>\n<em>Alternativo Noticias<\/em><\/p>\n<p><strong>15\/05\/16. <\/strong><a href=\"http:\/\/www.grieta.org.mx\/index.php\/2016\/05\/15\/grupos-afines-a-la-cnte-protestan-frente-al-degollado-jalisco\/\">Grupos afines a la CNTE protestan frente al Degollado<\/a><br \/>\n<em>NTR Guadalajara<\/em><\/p>\n<p><strong>27\/04\/16. <\/strong><a href=\"http:\/\/www.grieta.org.mx\/index.php\/2016\/04\/27\/maestros-cesados-no-han-sido-dados-de-baja-solo-les-retienen-el-salario\/\" target=\"_blank\">Maestros cesados no han sido dados de baja, s\u00f3lo les retienen el salario<\/a><br \/>\n<em>P\u00e1gina 24<\/em><\/p>\n<p><strong>16\/04\/16. <\/strong><a href=\"http:\/\/www.grieta.org.mx\/index.php\/2016\/04\/16\/se-manifiestan-docentes-de-la-entidad-para-exigir-la-reinstalacion-de-180-companeros-despedidos\/\">Se manifiestan docentes de la entidad para exigir la reinstalaci\u00f3n de 180 compa\u00f1eros despedidos<\/a><br \/>\n<em>El Occidental<\/em><\/p>\n<p><strong>08\/04\/16. <\/strong><a href=\"http:\/\/www.grieta.org.mx\/index.php\/2016\/04\/08\/padres-de-familia-dicen-impedir-clases-en-12-escuelas-sej-lo-rechaza\/\">Padres de familia dicen impedir clases en 12 escuelas; SEJ lo rechaza<\/a><br \/>\n<em>Informador<\/em><\/p>\n<p><strong>06\/04\/16. <\/strong><a href=\"http:\/\/www.grieta.org.mx\/index.php\/2016\/04\/06\/padres-de-familia-cierran-escuela-en-protesta-por-despido-de-maestros\/\">Padres de familia cierran escuela en protesta por despido de maestros<\/a><br \/>\n<em>Alternativo Noticias<\/em><\/p>\n<p><strong>29\/03\/16. <\/strong><a href=\"http:\/\/grieta.org.mx\/index.php\/2016\/03\/29\/se-quejan-maestros-en-derechos-humanos\/\">Se quejan maestros en Derechos Humanos<\/a><br \/>\n<em>Ntr Guadalajara<\/em><\/p>\n<p><strong>23\/03\/16. <\/strong><a href=\"http:\/\/grieta.org.mx\/index.php\/2016\/03\/23\/con-la-evaluacion-pisotearon-nuestros-derechos-maestros\/\">Con la evaluaci\u00f3n pisotearon nuestros derechos: Maestros<\/a><br \/>\n<em>P\u00e1gina 24<\/em><\/p>\n<p><strong>03\/03\/16. <\/strong><a href=\"http:\/\/grieta.org.mx\/index.php\/2016\/03\/03\/movimiento-magisterial-de-jalisco-se-manifiesta-en-la-secretaria-de-educacion\/\">Movimiento Magisterial de Jalisco se manifiesta en la Secretar\u00eda de Educaci\u00f3n<\/a><br \/>\n<em>El Occidental<\/em><\/p>\n<p><strong>25\/02\/16. <\/strong><a href=\"http:\/\/grieta.org.mx\/index.php\/2016\/02\/25\/entierran-maestros-reforma-educativa\/\">&#8216;Entierran&#8217; maestros reforma educativa<\/a><br \/>\n<em>Ntr Guadalajara<\/em><\/p>\n<p><strong>15\/11\/15. <\/strong><a href=\"http:\/\/grieta.org.mx\/index.php\/2015\/11\/15\/maestros-toman-las-sedes-de-examenes\/\">Maestros toman las sedes de ex\u00e1menes<\/a><br \/>\n<em>Ntr Guadalajara\/Cr\u00f3nica de Sociales<\/em><\/p>\n<p><strong>15\/11\/15. <\/strong><a href=\"http:\/\/grieta.org.mx\/index.php\/2015\/11\/15\/acusan-agresion-de-fuerza-publica-a-maestros-de-conalep-en-puerto-vallarta\/\">Acusan agresi\u00f3n de fuerza p\u00fablica a maestros de CONALEP en Puerto Vallarta<\/a><br \/>\n<em>La Jornada Jalisco\/Cr\u00f3nica de Sociales<\/em><\/p>\n<p><strong>31\/10\/15. <\/strong><a href=\"http:\/\/grieta.org.mx\/index.php\/2015\/10\/31\/protestan-contra-reforma-educativa\/\">Protestan contra reforma educativa<\/a><br \/>\n<em>Ntr Guadajara\/Cr\u00f3nica de Sociales<\/em><\/p>\n<p><strong>13\/10\/15. <\/strong><a href=\"http:\/\/grieta.org.mx\/index.php\/2015\/10\/13\/maestros-de-vallarta-se-unen-al-paro-nacional-magisterial-con-mitin-en-la-drse\/\">Maestros de Vallarta se unen al Paro Nacional Magisterial con mitin en la DRSE<\/a><br \/>\n<em>Alternativo Noticias<\/em><\/p>\n<p><strong>23\/08\/15. <\/strong><a href=\"http:\/\/grieta.org.mx\/index.php\/2015\/08\/23\/policias-impiden-a-200-maestros-del-fmj-llegar-a-casa-jalisco\/\">Polic\u00edas impiden a 200 maestros del FMJ llegar a Casa\u00a0Jalisco<\/a><br \/>\n<em>La Jornada Jalisco<\/em><\/p>\n<p><strong>31\/07\/15. <\/strong><a href=\"http:\/\/grieta.org.mx\/index.php\/2015\/07\/31\/maestros-de-jalisco-entregan-amparos-contra-reforma-educativa\/\">Maestros de Jalisco entregan amparos contra reforma\u00a0educativa<\/a><br \/>\n<em>Informador<\/em><\/p>\n<p><strong>16\/07\/15. <\/strong><a href=\"http:\/\/grieta.org.mx\/index.php\/2015\/07\/16\/jalisco-no-al-examen-no-a-la-reforma\/\">\u00a1No al examen, no a la reforma!<\/a><br \/>\n<em>P\u00e1gina 24 Jalisco<\/em><\/p>\n<p><strong>05\/07\/15. <\/strong><a href=\"http:\/\/grieta.org.mx\/index.php\/2015\/07\/05\/oaxaca-aguanta-jalisco-se-levanta-5-mil-maestros-marchan-en-protesta\/\">\u201c\u00a1Oaxaca aguanta, Jalisco se levanta!\u201d, 5 mil maestros marchan en protesta<\/a><br \/>\n<em>La Jornada Jalisco\/Cr\u00f3nica de Sociales<\/em><\/p>\n<p><strong>30\/06\/15. <\/strong><a href=\"http:\/\/grieta.org.mx\/index.php\/2015\/06\/30\/por-reforma-educativa-maestros-protestaron-en-ciudad-judicial\/\">Por Reforma Educativa, maestros protestaron en Ciudad Judicial<\/a><br \/>\n<em>Proyecto Diez<\/em><\/p>\n<p><strong>28\/06\/15. <\/strong><a href=\"http:\/\/grieta.org.mx\/index.php\/2015\/06\/28\/se-unen-agrupaciones-de-maestros-para-oponerse-a-la-evaluacion\/\">Se unen agrupaciones de maestros para oponerse a la evaluaci\u00f3n<\/a><br \/>\n<em>La jornada Jalisco<\/em><\/p>\n","protected":false},"excerpt":{"rendered":"<p>23\/08\/16. Maestros se manifestaron en el Aeropuerto Internacional de Guadalajara contra la Reforma Educativa Canal 44 23\/08\/16. Maestros en la regi\u00f3n de Los Altos trabajan bajo protesta (Video)Canal 44 27\/07\/16. &hellip; <a href=\"https:\/\/www.grieta.org.mx\/index.php\/2016\/08\/23\/movilizaciones-contra-la-reforma-educativa-y-la-evaluacion-magisterial-en-jalisco\/\" class=\"more-link\">Leer m\u00e1s<\/a><\/p>\n","protected":false},"author":2,"featured_media":21928,"comment_status":"closed","ping_status":"open","sticky":false,"template":"","format":"standard","meta":{"ngg_post_thumbnail":0,"_jetpack_newsletter_access":"","_jetpack_dont_email_post_to_subs":false,"_jetpack_newsletter_tier_id":0,"_jetpack_memberships_contains_paywalled_content":false,"_jetpack_memberships_contains_paid_content":false,"footnotes":""},"categories":[20,2],"tags":[],"class_list":["post-3171","post","type-post","status-publish","format-standard","has-post-thumbnail","hentry","category-jalisco","category-noticias-nacionales","entry"],"jetpack_featured_media_url":"https:\/\/www.grieta.org.mx\/wp-content\/uploads\/2018\/03\/14524434_1106112876131411_958039263622046936_o.jpg","jetpack_sharing_enabled":true,"jetpack_shortlink":"https:\/\/wp.me\/p7ZJR4-P9","jetpack_likes_enabled":false,"jetpack-related-posts":[{"id":20267,"url":"https:\/\/www.grieta.org.mx\/index.php\/2016\/08\/23\/maestros-se-manifestaron-en-el-aeropuerto-internacional-de-guadalajara-contra-la-reforma-educativa-video\/","url_meta":{"origin":3171,"position":0},"title":"Maestros se manifestaron en el Aeropuerto Internacional de Guadalajara contra la Reforma Educativa  (Video)","author":"grieta","date":"23 agosto, 2016","format":false,"excerpt":"Ignacio P\u00e9rez Vega","rel":"","context":"En &quot;CINTILLO&quot;","block_context":{"text":"CINTILLO","link":"https:\/\/www.grieta.org.mx\/index.php\/category\/cintillo\/"},"img":{"alt_text":"","src":"https:\/\/i0.wp.com\/www.grieta.org.mx\/wp-content\/uploads\/2018\/03\/14524434_1106112876131411_958039263622046936_o.jpg?resize=350%2C200&ssl=1","width":350,"height":200,"srcset":"https:\/\/i0.wp.com\/www.grieta.org.mx\/wp-content\/uploads\/2018\/03\/14524434_1106112876131411_958039263622046936_o.jpg?resize=350%2C200&ssl=1 1x, https:\/\/i0.wp.com\/www.grieta.org.mx\/wp-content\/uploads\/2018\/03\/14524434_1106112876131411_958039263622046936_o.jpg?resize=525%2C300&ssl=1 1.5x, https:\/\/i0.wp.com\/www.grieta.org.mx\/wp-content\/uploads\/2018\/03\/14524434_1106112876131411_958039263622046936_o.jpg?resize=700%2C400&ssl=1 2x"},"classes":[]},{"id":3193,"url":"https:\/\/www.grieta.org.mx\/index.php\/2015\/07\/31\/maestros-de-jalisco-entregan-amparos-contra-reforma-educativa\/","url_meta":{"origin":3171,"position":1},"title":"Maestros de Jalisco entregan amparos contra reforma educativa","author":"grieta","date":"31 julio, 2015","format":false,"excerpt":"FABIOLA HERN\u00c1NDEZ La estrategia jur\u00eddica pretende cancelar la evaluaci\u00f3n a docentes Se convocar\u00e1n a m\u00e1s de 400 maestros en la Glorieta de la Minerva Profesores realizan la segunda entrega de amparos en contra de la Reforma Educativa en Ciudad Judicial GUADALAJARA, JALISCO (31\/JUL\/2015).- Profesores pertenecientes al Frente Magisterial de Jalisco\u2026","rel":"","context":"En &quot;CINTILLO&quot;","block_context":{"text":"CINTILLO","link":"https:\/\/www.grieta.org.mx\/index.php\/category\/cintillo\/"},"img":{"alt_text":"","src":"https:\/\/i0.wp.com\/www.grieta.org.mx\/wp-content\/uploads\/2018\/03\/14524434_1106112876131411_958039263622046936_o.jpg?resize=350%2C200&ssl=1","width":350,"height":200,"srcset":"https:\/\/i0.wp.com\/www.grieta.org.mx\/wp-content\/uploads\/2018\/03\/14524434_1106112876131411_958039263622046936_o.jpg?resize=350%2C200&ssl=1 1x, https:\/\/i0.wp.com\/www.grieta.org.mx\/wp-content\/uploads\/2018\/03\/14524434_1106112876131411_958039263622046936_o.jpg?resize=525%2C300&ssl=1 1.5x, https:\/\/i0.wp.com\/www.grieta.org.mx\/wp-content\/uploads\/2018\/03\/14524434_1106112876131411_958039263622046936_o.jpg?resize=700%2C400&ssl=1 2x"},"classes":[]},{"id":2709,"url":"https:\/\/www.grieta.org.mx\/index.php\/2016\/07\/17\/movilizaciones-contra-la-reforma-educativa-y-la-evaluacion-magisterial-en-colima\/","url_meta":{"origin":3171,"position":2},"title":"Movilizaciones contra la Reforma educativa y evaluaci\u00f3n magisterial en Colima","author":"grieta","date":"17 julio, 2016","format":false,"excerpt":"17\/07\/16. Marchan maestros en contra de la reforma educativaMeganoticias Colima 02\/07\/16. Maestros de la CNTE bloquearon el puertoCorreo de Manzanillo 23\/06\/16. Maestros de Colima protestan por OaxacaPerriodismo 21\/06\/16. Marchan maestros, pescadores y hasta tramitadores en ManzanilloColima Noticias 21\/06\/16. Maestros de Colima se unen a quienes exigen la renuncia de Aurelio\u2026","rel":"","context":"En &quot;Colima&quot;","block_context":{"text":"Colima","link":"https:\/\/www.grieta.org.mx\/index.php\/category\/noticias-nacionales\/colima\/"},"img":{"alt_text":"","src":"https:\/\/i0.wp.com\/www.grieta.org.mx\/wp-content\/uploads\/2018\/03\/14524434_1106112876131411_958039263622046936_o.jpg?resize=350%2C200&ssl=1","width":350,"height":200,"srcset":"https:\/\/i0.wp.com\/www.grieta.org.mx\/wp-content\/uploads\/2018\/03\/14524434_1106112876131411_958039263622046936_o.jpg?resize=350%2C200&ssl=1 1x, https:\/\/i0.wp.com\/www.grieta.org.mx\/wp-content\/uploads\/2018\/03\/14524434_1106112876131411_958039263622046936_o.jpg?resize=525%2C300&ssl=1 1.5x, https:\/\/i0.wp.com\/www.grieta.org.mx\/wp-content\/uploads\/2018\/03\/14524434_1106112876131411_958039263622046936_o.jpg?resize=700%2C400&ssl=1 2x"},"classes":[]},{"id":3198,"url":"https:\/\/www.grieta.org.mx\/index.php\/2015\/07\/05\/oaxaca-aguanta-jalisco-se-levanta-5-mil-maestros-marchan-en-protesta\/","url_meta":{"origin":3171,"position":3},"title":"\u201c\u00a1Oaxaca aguanta, Jalisco se levanta!\u201d, 5 mil maestros marchan en protesta","author":"grieta","date":"5 julio, 2015","format":false,"excerpt":"Aar\u00f3n Estrada M\u00e1s de cinco mil maestros de diversas regiones del estado marcharon de las instalaciones de Televisa Guadalajara a la Plaza Liberaci\u00f3n en protesta por la aplicaci\u00f3n de los ex\u00e1menes de evaluaci\u00f3n y de la \u201ccampa\u00f1a de linchamiento medi\u00e1tico\u201d que en diversos medios de comunicaci\u00f3n se ha orquestado en\u2026","rel":"","context":"En &quot;CINTILLO&quot;","block_context":{"text":"CINTILLO","link":"https:\/\/www.grieta.org.mx\/index.php\/category\/cintillo\/"},"img":{"alt_text":"","src":"https:\/\/i0.wp.com\/www.grieta.org.mx\/wp-content\/uploads\/2018\/03\/14524434_1106112876131411_958039263622046936_o.jpg?resize=350%2C200&ssl=1","width":350,"height":200,"srcset":"https:\/\/i0.wp.com\/www.grieta.org.mx\/wp-content\/uploads\/2018\/03\/14524434_1106112876131411_958039263622046936_o.jpg?resize=350%2C200&ssl=1 1x, https:\/\/i0.wp.com\/www.grieta.org.mx\/wp-content\/uploads\/2018\/03\/14524434_1106112876131411_958039263622046936_o.jpg?resize=525%2C300&ssl=1 1.5x, https:\/\/i0.wp.com\/www.grieta.org.mx\/wp-content\/uploads\/2018\/03\/14524434_1106112876131411_958039263622046936_o.jpg?resize=700%2C400&ssl=1 2x"},"classes":[]},{"id":3187,"url":"https:\/\/www.grieta.org.mx\/index.php\/2015\/10\/13\/maestros-de-vallarta-se-unen-al-paro-nacional-magisterial-con-mitin-en-la-drse\/","url_meta":{"origin":3171,"position":4},"title":"Maestros de Vallarta se unen al Paro Nacional Magisterial con mitin en la DRSE","author":"grieta","date":"13 octubre, 2015","format":false,"excerpt":"Fernando Sanchez Los profesores tienen confianza en que van a ver caer esta reforma educativa porque est\u00e1 condenada al fracaso y aseguran que deben aprovechar esta lucha, para echar andar una revoluci\u00f3n que implica un cambio en la conciencia Puerto Vallarta.- Este lunes a medio d\u00eda se realizo un mitin\u2026","rel":"","context":"En &quot;CINTILLO&quot;","block_context":{"text":"CINTILLO","link":"https:\/\/www.grieta.org.mx\/index.php\/category\/cintillo\/"},"img":{"alt_text":"","src":"https:\/\/i0.wp.com\/www.grieta.org.mx\/wp-content\/uploads\/2018\/03\/14524434_1106112876131411_958039263622046936_o.jpg?resize=350%2C200&ssl=1","width":350,"height":200,"srcset":"https:\/\/i0.wp.com\/www.grieta.org.mx\/wp-content\/uploads\/2018\/03\/14524434_1106112876131411_958039263622046936_o.jpg?resize=350%2C200&ssl=1 1x, https:\/\/i0.wp.com\/www.grieta.org.mx\/wp-content\/uploads\/2018\/03\/14524434_1106112876131411_958039263622046936_o.jpg?resize=525%2C300&ssl=1 1.5x, https:\/\/i0.wp.com\/www.grieta.org.mx\/wp-content\/uploads\/2018\/03\/14524434_1106112876131411_958039263622046936_o.jpg?resize=700%2C400&ssl=1 2x"},"classes":[]},{"id":12554,"url":"https:\/\/www.grieta.org.mx\/index.php\/2016\/05\/15\/marchan-maestros-contra-reforma-educativa-tabasco\/","url_meta":{"origin":3171,"position":5},"title":"Marchan maestros contra reforma educativa (Tabasco)","author":"grieta","date":"15 mayo, 2016","format":false,"excerpt":"Fernando Chabl\u00e9 Este domingo maestros de los 17 municipios realizan una marcha desde la deportiva con direcci\u00f3n a la Plaza de Arma para exigir en el d\u00eda de maestro, no a la Reforma Educativa, pues son maestros con plazas y se\u00f1alan que con el examen que est\u00e1n aplicando es proactivamente\u2026","rel":"","context":"En &quot;CINTILLO&quot;","block_context":{"text":"CINTILLO","link":"https:\/\/www.grieta.org.mx\/index.php\/category\/cintillo\/"},"img":{"alt_text":"","src":"https:\/\/i0.wp.com\/www.grieta.org.mx\/wp-content\/uploads\/2018\/03\/14524434_1106112876131411_958039263622046936_o.jpg?resize=350%2C200&ssl=1","width":350,"height":200,"srcset":"https:\/\/i0.wp.com\/www.grieta.org.mx\/wp-content\/uploads\/2018\/03\/14524434_1106112876131411_958039263622046936_o.jpg?resize=350%2C200&ssl=1 1x, https:\/\/i0.wp.com\/www.grieta.org.mx\/wp-content\/uploads\/2018\/03\/14524434_1106112876131411_958039263622046936_o.jpg?resize=525%2C300&ssl=1 1.5x, https:\/\/i0.wp.com\/www.grieta.org.mx\/wp-content\/uploads\/2018\/03\/14524434_1106112876131411_958039263622046936_o.jpg?resize=700%2C400&ssl=1 2x"},"classes":[]}],"_links":{"self":[{"href":"https:\/\/www.grieta.org.mx\/index.php\/wp-json\/wp\/v2\/posts\/3171","targetHints":{"allow":["GET"]}}],"collection":[{"href":"https:\/\/www.grieta.org.mx\/index.php\/wp-json\/wp\/v2\/posts"}],"about":[{"href":"https:\/\/www.grieta.org.mx\/index.php\/wp-json\/wp\/v2\/types\/post"}],"author":[{"embeddable":true,"href":"https:\/\/www.grieta.org.mx\/index.php\/wp-json\/wp\/v2\/users\/2"}],"replies":[{"embeddable":true,"href":"https:\/\/www.grieta.org.mx\/index.php\/wp-json\/wp\/v2\/comments?post=3171"}],"version-history":[{"count":1,"href":"https:\/\/www.grieta.org.mx\/index.php\/wp-json\/wp\/v2\/posts\/3171\/revisions"}],"predecessor-version":[{"id":20269,"href":"https:\/\/www.grieta.org.mx\/index.php\/wp-json\/wp\/v2\/posts\/3171\/revisions\/20269"}],"wp:featuredmedia":[{"embeddable":true,"href":"https:\/\/www.grieta.org.mx\/index.php\/wp-json\/wp\/v2\/media\/21928"}],"wp:attachment":[{"href":"https:\/\/www.grieta.org.mx\/index.php\/wp-json\/wp\/v2\/media?parent=3171"}],"wp:term":[{"taxonomy":"category","embeddable":true,"href":"https:\/\/www.grieta.org.mx\/index.php\/wp-json\/wp\/v2\/categories?post=3171"},{"taxonomy":"post_tag","embeddable":true,"href":"https:\/\/www.grieta.org.mx\/index.php\/wp-json\/wp\/v2\/tags?post=3171"}],"curies":[{"name":"wp","href":"https:\/\/api.w.org\/{rel}","templated":true}]}}