{"id":31666,"date":"2019-04-02T01:51:52","date_gmt":"2019-04-02T07:51:52","guid":{"rendered":"http:\/\/www.grieta.org.mx\/?p=31666"},"modified":"2019-04-03T02:09:58","modified_gmt":"2019-04-03T08:09:58","slug":"ayuntamiento-pretende-acelerar-el-cambio-de-uso-de-suelo-en-sjg-a-favor-de-una-empresa-fao-san-luis-potosi","status":"publish","type":"post","link":"https:\/\/www.grieta.org.mx\/index.php\/2019\/04\/02\/ayuntamiento-pretende-acelerar-el-cambio-de-uso-de-suelo-en-sjg-a-favor-de-una-empresa-fao-san-luis-potosi\/","title":{"rendered":"Ayuntamiento pretende acelerar el cambio de uso de suelo en SJG a favor de una empresa: FAO (San Luis Potos\u00ed)"},"content":{"rendered":"<p><img loading=\"lazy\" decoding=\"async\" data-attachment-id=\"31667\" data-permalink=\"https:\/\/www.grieta.org.mx\/index.php\/2019\/04\/02\/ayuntamiento-pretende-acelerar-el-cambio-de-uso-de-suelo-en-sjg-a-favor-de-una-empresa-fao-san-luis-potosi\/ayuntamiento-pretende-acelerar-el-cambio-de-uso-de-suelo-en-sjg-a-favor-de-una-empresa-fao-slp-abr\/\" data-orig-file=\"https:\/\/www.grieta.org.mx\/wp-content\/uploads\/2019\/04\/Ayuntamiento-pretende-acelerar-el-cambio-de-uso-de-suelo-en-SJG-a-favor-de-una-empresa-FAO-slp-abr.jpg\" data-orig-size=\"300,336\" data-comments-opened=\"0\" data-image-meta=\"{&quot;aperture&quot;:&quot;0&quot;,&quot;credit&quot;:&quot;&quot;,&quot;camera&quot;:&quot;&quot;,&quot;caption&quot;:&quot;&quot;,&quot;created_timestamp&quot;:&quot;0&quot;,&quot;copyright&quot;:&quot;&quot;,&quot;focal_length&quot;:&quot;0&quot;,&quot;iso&quot;:&quot;0&quot;,&quot;shutter_speed&quot;:&quot;0&quot;,&quot;title&quot;:&quot;&quot;,&quot;orientation&quot;:&quot;0&quot;}\" data-image-title=\"Ayuntamiento pretende acelerar el cambio de uso de suelo en SJG a favor de una empresa FAO slp abr\" data-image-description=\"\" data-image-caption=\"\" data-medium-file=\"https:\/\/www.grieta.org.mx\/wp-content\/uploads\/2019\/04\/Ayuntamiento-pretende-acelerar-el-cambio-de-uso-de-suelo-en-SJG-a-favor-de-una-empresa-FAO-slp-abr-268x300.jpg\" data-large-file=\"https:\/\/www.grieta.org.mx\/wp-content\/uploads\/2019\/04\/Ayuntamiento-pretende-acelerar-el-cambio-de-uso-de-suelo-en-SJG-a-favor-de-una-empresa-FAO-slp-abr.jpg\" class=\"alignleft wp-image-31667\" src=\"http:\/\/www.grieta.org.mx\/wp-content\/uploads\/2019\/04\/Ayuntamiento-pretende-acelerar-el-cambio-de-uso-de-suelo-en-SJG-a-favor-de-una-empresa-FAO-slp-abr-268x300.jpg\" alt=\"\" width=\"347\" height=\"388\" srcset=\"https:\/\/www.grieta.org.mx\/wp-content\/uploads\/2019\/04\/Ayuntamiento-pretende-acelerar-el-cambio-de-uso-de-suelo-en-SJG-a-favor-de-una-empresa-FAO-slp-abr-268x300.jpg 268w, https:\/\/www.grieta.org.mx\/wp-content\/uploads\/2019\/04\/Ayuntamiento-pretende-acelerar-el-cambio-de-uso-de-suelo-en-SJG-a-favor-de-una-empresa-FAO-slp-abr.jpg 300w\" sizes=\"auto, (max-width: 347px) 100vw, 347px\" \/><br \/>\nEl Heraldo de San Luis Potos\u00ed<\/p>\n<blockquote><p>Comuneros se preparan para enfrentar el intento de adecuar el Plan del Centro Estrat\u00e9gico de la Ciudad a los intereses de los grupos facciosos, advierte Carlos Covarrubias<\/p><\/blockquote>\n<p>El Ayuntamiento de San Luis Potos\u00ed pretende acelerar el cambio de uso de suelo en la comunidad de San Juan de Guadalupe a fin de beneficiar a la empresa \u201cReserva\u201d, manifest\u00f3 el asesor del Frente Amplio Opositor (FAO), Carlos Covarrubias Rend\u00f3n, quien afirm\u00f3 que con estas acciones quienes encabezan la actual administraci\u00f3n municipal pr\u00e1cticamente se est\u00e1n convirtiendo en empleados de los fraccionadores.<\/p>\n<p>Inform\u00f3 que existe un proyecto que ya fue elaborado en coordinaci\u00f3n con la UASLP, el cual contiene planos, estudios y factibilidades, mismo que el Instituto Municipal de Planeaci\u00f3n est\u00e1 m\u00e1s que listo para autorizar y firmar seg\u00fan su conveniencia.<\/p>\n<p>Sin embarg\u00f3, refiri\u00f3 que junto a los comuneros est\u00e1n desarrollando una estrategia legal la cual ser\u00e1 muy s\u00f3lida, pues tienen acceso a documentos confidenciales del proyecto que evidencian irregularidades fiscales de los inversionistas, falsedad de datos y cuestiones muy graves al ubicarse superficies parceladas y ocupadas por cientos de Comuneros y sucesores en el \u00e1rea del proyecto.<\/p>\n<p>Resalt\u00f3 que los comuneros de San Juan de Guadalupe ya establecieron acuerdos con otras comunidades en resistencia y que se preparan para enfrentar el intento de adecuar el Plan del Centro Estrat\u00e9gico de la Ciudad a los intereses de los grupos facciosos.<\/p>\n<p>Precis\u00f3 que los comuneros que se encuentran a favor de la aportaci\u00f3n de tierras han intentado ganar en algunas Asambleas realizadas en los \u00faltimos meses, pero que afortunadamente no lo han logrado, motivo por el cual ahora pretenden irse por la v\u00eda larga de los cambios formales del uso de suelo.<\/p>\n<p><a href=\"http:\/\/elheraldoslp.com.mx\/2019\/04\/02\/ayuntamiento-pretende-acelerar-el-cambio-de-uso-de-suelo-en-sjg-a-favor-de-una-empresa-fao\/\" target=\"_blank\" rel=\"noopener noreferrer\">http:\/\/elheraldoslp.com.mx\/2019\/04\/02\/ayuntamiento-pretende-acelerar-el-cambio-de-uso-de-suelo-en-sjg-a-favor-de-una-empresa-fao\/<\/a><\/p>\n","protected":false},"excerpt":{"rendered":"<p>El Heraldo de San Luis Potos\u00ed Comuneros se preparan para enfrentar el intento de adecuar el Plan del Centro Estrat\u00e9gico de la Ciudad a los intereses de los grupos facciosos, &hellip; <a href=\"https:\/\/www.grieta.org.mx\/index.php\/2019\/04\/02\/ayuntamiento-pretende-acelerar-el-cambio-de-uso-de-suelo-en-sjg-a-favor-de-una-empresa-fao-san-luis-potosi\/\" class=\"more-link\">Leer m\u00e1s<\/a><\/p>\n","protected":false},"author":2,"featured_media":31667,"comment_status":"closed","ping_status":"closed","sticky":false,"template":"","format":"standard","meta":{"ngg_post_thumbnail":0,"_jetpack_newsletter_access":"","_jetpack_dont_email_post_to_subs":false,"_jetpack_newsletter_tier_id":0,"_jetpack_memberships_contains_paywalled_content":false,"_jetpack_memberships_contains_paid_content":false,"footnotes":""},"categories":[80,1608,1278,1530,2,29,141,83],"tags":[136,845,184,2380,461,1906],"class_list":{"0":"post-31666","1":"post","2":"type-post","3":"status-publish","4":"format-standard","5":"has-post-thumbnail","6":"hentry","7":"category-cintillo","8":"category-conflictos-por-el-territorio-en-san-luis-potosi","9":"category-despojo-de-tierras-y-territorios","10":"category-despojo-en-san-luis-potosi","11":"category-noticias-nacionales","12":"category-san-luis-potosi","14":"category-temas-nacionales","15":"tag-comuneros","16":"tag-desarrollo-inmobiliario","17":"tag-despojo","18":"tag-fraccionadores","19":"tag-resistencia","20":"tag-san-juan-de-guadalupe","21":"entry"},"jetpack_featured_media_url":"https:\/\/www.grieta.org.mx\/wp-content\/uploads\/2019\/04\/Ayuntamiento-pretende-acelerar-el-cambio-de-uso-de-suelo-en-SJG-a-favor-de-una-empresa-FAO-slp-abr.jpg","jetpack_sharing_enabled":true,"jetpack_shortlink":"https:\/\/wp.me\/p7ZJR4-8eK","jetpack_likes_enabled":false,"jetpack-related-posts":[{"id":30565,"url":"https:\/\/www.grieta.org.mx\/index.php\/2019\/02\/27\/comuneros-denuncian-a-empresarios-por-supuesto-desalojo-de-tierras-san-luis-potosi\/","url_meta":{"origin":31666,"position":0},"title":"Comuneros denuncian a empresarios por supuesto desalojo de tierras (San Luis Potos\u00ed)","author":"grieta","date":"27 febrero, 2019","format":false,"excerpt":"Antena San Luis Hoy por la ma\u00f1ana se pod\u00eda leer en una p\u00e1gina de Facebook denominada \u201cComunidad de San Juan de Guadalupe en Resistencia\u201d una publicaci\u00f3n en la que denuncian que comuneros de Mexquitic fueron desalojados de su propia tierra, situaci\u00f3n que se\u00f1alaron no tolerar\u00e1n y defender\u00e1n \u201ccon la vida\u201d.\u2026","rel":"","context":"En &quot;CINTILLO&quot;","block_context":{"text":"CINTILLO","link":"https:\/\/www.grieta.org.mx\/index.php\/category\/cintillo\/"},"img":{"alt_text":"","src":"https:\/\/i0.wp.com\/www.grieta.org.mx\/wp-content\/uploads\/2019\/03\/Comuneros-denuncian-a-empresarios-por-supuesto-desalojo-de-tierras-slp-mzo.jpeg?resize=350%2C200&ssl=1","width":350,"height":200,"srcset":"https:\/\/i0.wp.com\/www.grieta.org.mx\/wp-content\/uploads\/2019\/03\/Comuneros-denuncian-a-empresarios-por-supuesto-desalojo-de-tierras-slp-mzo.jpeg?resize=350%2C200&ssl=1 1x, https:\/\/i0.wp.com\/www.grieta.org.mx\/wp-content\/uploads\/2019\/03\/Comuneros-denuncian-a-empresarios-por-supuesto-desalojo-de-tierras-slp-mzo.jpeg?resize=525%2C300&ssl=1 1.5x, https:\/\/i0.wp.com\/www.grieta.org.mx\/wp-content\/uploads\/2019\/03\/Comuneros-denuncian-a-empresarios-por-supuesto-desalojo-de-tierras-slp-mzo.jpeg?resize=700%2C400&ssl=1 2x"},"classes":[]},{"id":37219,"url":"https:\/\/www.grieta.org.mx\/index.php\/2019\/07\/27\/levantan-25-mil-firmas-contra-la-venta-de-terrenos-en-la-sierra-san-luis-potosi\/","url_meta":{"origin":31666,"position":1},"title":"Levantan 25 mil firmas contra la venta de terrenos en la sierra  (San Luis Potos\u00ed)","author":"grieta","date":"27 julio, 2019","format":false,"excerpt":"Patricia Azuara \/ Quadrat\u00edn SLP SAN LUIS POTOS\u00cd, SLP., 27 de julio de 2019.- La recolecci\u00f3n de firmas para frenar la urbanizaci\u00f3n en la Sierra de San Miguelito contin\u00faa con m\u00e1s de 25 mil apoyos de potosinos, pese a que en la asamblea del pasado domingo, comuneros de San Juan\u2026","rel":"","context":"En &quot;CINTILLO&quot;","block_context":{"text":"CINTILLO","link":"https:\/\/www.grieta.org.mx\/index.php\/category\/cintillo\/"},"img":{"alt_text":"","src":"https:\/\/i0.wp.com\/www.grieta.org.mx\/wp-content\/uploads\/2019\/07\/COVARRUBIAS-REND%C3%93N-1160x700.jpeg?resize=350%2C200&ssl=1","width":350,"height":200,"srcset":"https:\/\/i0.wp.com\/www.grieta.org.mx\/wp-content\/uploads\/2019\/07\/COVARRUBIAS-REND%C3%93N-1160x700.jpeg?resize=350%2C200&ssl=1 1x, https:\/\/i0.wp.com\/www.grieta.org.mx\/wp-content\/uploads\/2019\/07\/COVARRUBIAS-REND%C3%93N-1160x700.jpeg?resize=525%2C300&ssl=1 1.5x, https:\/\/i0.wp.com\/www.grieta.org.mx\/wp-content\/uploads\/2019\/07\/COVARRUBIAS-REND%C3%93N-1160x700.jpeg?resize=700%2C400&ssl=1 2x, https:\/\/i0.wp.com\/www.grieta.org.mx\/wp-content\/uploads\/2019\/07\/COVARRUBIAS-REND%C3%93N-1160x700.jpeg?resize=1050%2C600&ssl=1 3x"},"classes":[]},{"id":43204,"url":"https:\/\/www.grieta.org.mx\/index.php\/2020\/01\/14\/se-manifestaran-comuneros-de-san-juan-de-guadalupe-san-luis-potosi\/","url_meta":{"origin":31666,"position":2},"title":"Se manifestar\u00e1n comuneros de San Juan de Guadalupe (San Luis Potos\u00ed)","author":"grieta","date":"14 enero, 2020","format":false,"excerpt":"Lo que se plantea es un despojo de tierras, y no lo vamos a permitir: Comisariado Emanuel Landeros\/El Sol de San Luis 14 enero 2020 La Comunidad de San Juan de Guadalupe no est\u00e1 de acuerdo con las decisiones del Ayuntamiento de San Luis Potos\u00ed, por lo que se manifestar\u00e1\u2026","rel":"","context":"En &quot;CINTILLO&quot;","block_context":{"text":"CINTILLO","link":"https:\/\/www.grieta.org.mx\/index.php\/category\/cintillo\/"},"img":{"alt_text":"","src":"https:\/\/i0.wp.com\/www.grieta.org.mx\/wp-content\/uploads\/2020\/01\/poblado-de-La-Rivera-comuneros-ejidatarios-ejido.jpg?resize=350%2C200&ssl=1","width":350,"height":200,"srcset":"https:\/\/i0.wp.com\/www.grieta.org.mx\/wp-content\/uploads\/2020\/01\/poblado-de-La-Rivera-comuneros-ejidatarios-ejido.jpg?resize=350%2C200&ssl=1 1x, https:\/\/i0.wp.com\/www.grieta.org.mx\/wp-content\/uploads\/2020\/01\/poblado-de-La-Rivera-comuneros-ejidatarios-ejido.jpg?resize=525%2C300&ssl=1 1.5x, https:\/\/i0.wp.com\/www.grieta.org.mx\/wp-content\/uploads\/2020\/01\/poblado-de-La-Rivera-comuneros-ejidatarios-ejido.jpg?resize=700%2C400&ssl=1 2x"},"classes":[]},{"id":27016,"url":"https:\/\/www.grieta.org.mx\/index.php\/2018\/10\/05\/fraccionadores-intentan-invadir-nuestras-tierras-denuncian-ejidatarios-san-luis-potosi\/","url_meta":{"origin":31666,"position":3},"title":"Fraccionadores intentan invadir nuestras tierras, denuncian ejidatarios (San Luis Potos\u00ed)","author":"grieta","date":"5 octubre, 2018","format":false,"excerpt":"Leticia Vaca \/ Astrolabio Durante sesi\u00f3n ordinaria del Congreso del Estado, comuneros de los ejidos de Valle de San Juan de Guadalupe, San Luis Potos\u00ed, Guadalupe Victoria, Mexquitic, ejido Rodrigo, Villa de Reyes, comunidad Vicente Guerrero de Charcas, Garita de Jalisco y Cerro de San Pedro, se manifestaron en el\u2026","rel":"","context":"En &quot;CINTILLO&quot;","block_context":{"text":"CINTILLO","link":"https:\/\/www.grieta.org.mx\/index.php\/category\/cintillo\/"},"img":{"alt_text":"","src":"https:\/\/i0.wp.com\/www.grieta.org.mx\/wp-content\/uploads\/2018\/10\/Fraccionadores-intentan-invadir-nuestras-tierras-denuncian-ejidatarios.jpeg?resize=350%2C200&ssl=1","width":350,"height":200,"srcset":"https:\/\/i0.wp.com\/www.grieta.org.mx\/wp-content\/uploads\/2018\/10\/Fraccionadores-intentan-invadir-nuestras-tierras-denuncian-ejidatarios.jpeg?resize=350%2C200&ssl=1 1x, https:\/\/i0.wp.com\/www.grieta.org.mx\/wp-content\/uploads\/2018\/10\/Fraccionadores-intentan-invadir-nuestras-tierras-denuncian-ejidatarios.jpeg?resize=525%2C300&ssl=1 1.5x, https:\/\/i0.wp.com\/www.grieta.org.mx\/wp-content\/uploads\/2018\/10\/Fraccionadores-intentan-invadir-nuestras-tierras-denuncian-ejidatarios.jpeg?resize=700%2C400&ssl=1 2x, https:\/\/i0.wp.com\/www.grieta.org.mx\/wp-content\/uploads\/2018\/10\/Fraccionadores-intentan-invadir-nuestras-tierras-denuncian-ejidatarios.jpeg?resize=1050%2C600&ssl=1 3x"},"classes":[]},{"id":31669,"url":"https:\/\/www.grieta.org.mx\/index.php\/2019\/04\/01\/no-cesa-el-conflicto-de-san-juan-de-guadalupe-san-luis-potosi\/","url_meta":{"origin":31666,"position":4},"title":"No cesa el conflicto de San Juan de Guadalupe (San Luis Potos\u00ed)","author":"grieta","date":"1 abril, 2019","format":false,"excerpt":"El Heraldo de San Luis Potos\u00ed El grupo que pretende hacer una aportaci\u00f3n a los desarrolladores inmobiliarios no han cumplido con los reglamentos y normas legales para poder entregar las tierras: Aniceto Jasso Bravo Aniceto Jasso Bravo, comunero del n\u00facleo agrario de San Juan de Guadalupe, afirm\u00f3 que el grupo\u2026","rel":"","context":"En &quot;CINTILLO&quot;","block_context":{"text":"CINTILLO","link":"https:\/\/www.grieta.org.mx\/index.php\/category\/cintillo\/"},"img":{"alt_text":"","src":"https:\/\/i0.wp.com\/www.grieta.org.mx\/wp-content\/uploads\/2019\/04\/No-cesa-el-conflicto-de-San-Juan-de-Guadalupe-slp-abr-268x300.jpg?resize=350%2C200","width":350,"height":200},"classes":[]},{"id":35770,"url":"https:\/\/www.grieta.org.mx\/index.php\/2019\/06\/29\/se-manifiestan-frente-al-congreso-del-estado-personas-en-riesgo-de-ser-despojadas-de-su-patrimonio-san-luis-potosi\/","url_meta":{"origin":31666,"position":5},"title":"Se manifiestan frente al Congreso del Estado personas en riesgo de ser despojadas de su patrimonio (San Luis Potos\u00ed)","author":"grieta","date":"29 junio, 2019","format":false,"excerpt":"Fotograf\u00eda: El Heraldo SLP El Heraldo SLP Se trata de un conflicto de tierras que involucra a 7 comunidades de Mexquitic, as\u00ed como a 10 colonias de la capital Este s\u00e1bado, integrantes de varios colectivos se manifestaron frente al Congreso del Estado de San Luis Potos\u00ed, en apoyo solidario a\u2026","rel":"","context":"En &quot;CINTILLO&quot;","block_context":{"text":"CINTILLO","link":"https:\/\/www.grieta.org.mx\/index.php\/category\/cintillo\/"},"img":{"alt_text":"","src":"https:\/\/i0.wp.com\/www.grieta.org.mx\/wp-content\/uploads\/2019\/07\/Se-manifiestan-frente-al-Congreso-del-Estado-personas-en-riesgo-de-ser-despojadas-de-su-patrimonio-slp-jul-268x300.jpg?resize=350%2C200","width":350,"height":200,"srcset":"https:\/\/i0.wp.com\/www.grieta.org.mx\/wp-content\/uploads\/2019\/07\/Se-manifiestan-frente-al-Congreso-del-Estado-personas-en-riesgo-de-ser-despojadas-de-su-patrimonio-slp-jul-268x300.jpg?resize=350%2C200 1x, https:\/\/i0.wp.com\/www.grieta.org.mx\/wp-content\/uploads\/2019\/07\/Se-manifiestan-frente-al-Congreso-del-Estado-personas-en-riesgo-de-ser-despojadas-de-su-patrimonio-slp-jul-268x300.jpg?resize=525%2C300 1.5x, https:\/\/i0.wp.com\/www.grieta.org.mx\/wp-content\/uploads\/2019\/07\/Se-manifiestan-frente-al-Congreso-del-Estado-personas-en-riesgo-de-ser-despojadas-de-su-patrimonio-slp-jul-268x300.jpg?resize=700%2C400 2x"},"classes":[]}],"_links":{"self":[{"href":"https:\/\/www.grieta.org.mx\/index.php\/wp-json\/wp\/v2\/posts\/31666","targetHints":{"allow":["GET"]}}],"collection":[{"href":"https:\/\/www.grieta.org.mx\/index.php\/wp-json\/wp\/v2\/posts"}],"about":[{"href":"https:\/\/www.grieta.org.mx\/index.php\/wp-json\/wp\/v2\/types\/post"}],"author":[{"embeddable":true,"href":"https:\/\/www.grieta.org.mx\/index.php\/wp-json\/wp\/v2\/users\/2"}],"replies":[{"embeddable":true,"href":"https:\/\/www.grieta.org.mx\/index.php\/wp-json\/wp\/v2\/comments?post=31666"}],"version-history":[{"count":1,"href":"https:\/\/www.grieta.org.mx\/index.php\/wp-json\/wp\/v2\/posts\/31666\/revisions"}],"predecessor-version":[{"id":31668,"href":"https:\/\/www.grieta.org.mx\/index.php\/wp-json\/wp\/v2\/posts\/31666\/revisions\/31668"}],"wp:featuredmedia":[{"embeddable":true,"href":"https:\/\/www.grieta.org.mx\/index.php\/wp-json\/wp\/v2\/media\/31667"}],"wp:attachment":[{"href":"https:\/\/www.grieta.org.mx\/index.php\/wp-json\/wp\/v2\/media?parent=31666"}],"wp:term":[{"taxonomy":"category","embeddable":true,"href":"https:\/\/www.grieta.org.mx\/index.php\/wp-json\/wp\/v2\/categories?post=31666"},{"taxonomy":"post_tag","embeddable":true,"href":"https:\/\/www.grieta.org.mx\/index.php\/wp-json\/wp\/v2\/tags?post=31666"}],"curies":[{"name":"wp","href":"https:\/\/api.w.org\/{rel}","templated":true}]}}