{"id":31645,"date":"2019-04-02T00:57:14","date_gmt":"2019-04-02T06:57:14","guid":{"rendered":"http:\/\/www.grieta.org.mx\/?p=31645"},"modified":"2019-04-03T01:02:03","modified_gmt":"2019-04-03T07:02:03","slug":"manifestantes-bloquean-el-bulevar-rocha-cordero-san-luis-potosi","status":"publish","type":"post","link":"https:\/\/www.grieta.org.mx\/index.php\/2019\/04\/02\/manifestantes-bloquean-el-bulevar-rocha-cordero-san-luis-potosi\/","title":{"rendered":"Manifestantes bloquean el bulevar Rocha Cordero (San Luis Potos\u00ed)"},"content":{"rendered":"<p><img loading=\"lazy\" decoding=\"async\" data-attachment-id=\"31646\" data-permalink=\"https:\/\/www.grieta.org.mx\/index.php\/2019\/04\/02\/manifestantes-bloquean-el-bulevar-rocha-cordero-san-luis-potosi\/manifestantes-bloquean-el-bulevar-rocha-cordero-slp-abr\/\" data-orig-file=\"https:\/\/www.grieta.org.mx\/wp-content\/uploads\/2019\/04\/Manifestantes-bloquean-el-bulevar-Rocha-Cordero-slp-abr.jpg\" data-orig-size=\"696,423\" data-comments-opened=\"0\" data-image-meta=\"{&quot;aperture&quot;:&quot;0&quot;,&quot;credit&quot;:&quot;&quot;,&quot;camera&quot;:&quot;&quot;,&quot;caption&quot;:&quot;&quot;,&quot;created_timestamp&quot;:&quot;0&quot;,&quot;copyright&quot;:&quot;&quot;,&quot;focal_length&quot;:&quot;0&quot;,&quot;iso&quot;:&quot;0&quot;,&quot;shutter_speed&quot;:&quot;0&quot;,&quot;title&quot;:&quot;&quot;,&quot;orientation&quot;:&quot;0&quot;}\" data-image-title=\"Manifestantes bloquean el bulevar Rocha Cordero slp abr\" data-image-description=\"\" data-image-caption=\"\" data-medium-file=\"https:\/\/www.grieta.org.mx\/wp-content\/uploads\/2019\/04\/Manifestantes-bloquean-el-bulevar-Rocha-Cordero-slp-abr-300x182.jpg\" data-large-file=\"https:\/\/www.grieta.org.mx\/wp-content\/uploads\/2019\/04\/Manifestantes-bloquean-el-bulevar-Rocha-Cordero-slp-abr.jpg\" class=\"alignleft  wp-image-31646\" src=\"http:\/\/www.grieta.org.mx\/wp-content\/uploads\/2019\/04\/Manifestantes-bloquean-el-bulevar-Rocha-Cordero-slp-abr-300x182.jpg\" alt=\"\" width=\"514\" height=\"312\" srcset=\"https:\/\/www.grieta.org.mx\/wp-content\/uploads\/2019\/04\/Manifestantes-bloquean-el-bulevar-Rocha-Cordero-slp-abr-300x182.jpg 300w, https:\/\/www.grieta.org.mx\/wp-content\/uploads\/2019\/04\/Manifestantes-bloquean-el-bulevar-Rocha-Cordero-slp-abr.jpg 696w\" sizes=\"auto, (max-width: 514px) 100vw, 514px\" \/><br \/>\nPulso<\/p>\n<p>Vecinos realizaron un bloqueo durante la ma\u00f1ana de este martes en el bulevar Antonio Rocha Cordero.<\/p>\n<p>La manifestaci\u00f3n se registr\u00f3 a la altura de Tierra Blanca, por la entrada a la Ca\u00f1ada del Lobo, donde decenas de personas obstruyeron el paso en los carriles de ambos sentidos.<\/p>\n<p>Los inconformes, quienes portaban pancartas con sus demandas colocaron diversos objetos para impedir el paso de veh\u00edculos.<\/p>\n<p>Dicha situaci\u00f3n provoc\u00f3 caos vial en la zona.<\/p>\n<p>Los manifestantes, quienes son habitantes de colonias del sur de la capital inscritas en el pol\u00edgono de la comunidad de San Juan de Guadalupe y que compraron terrenos a l\u00edderes desde hace m\u00e1s de 40 a\u00f1os, relataron que desde hace tres a\u00f1os les fue suspendido el servicio de abastecimiento de agua potable a tinacos comunitarios.<br \/>\nLos vecinos informaron que el ayuntamiento de Mario Garc\u00eda Valdez coloc\u00f3 tinacos de 10 mil litros en algunas de las colonias incluidas en el pol\u00edgono, pero de pronto la alcald\u00eda capitalina dej\u00f3 de abastecer les el l\u00edquido y lo compran a proveedores particulares.<br \/>\nExplicaron que sin embargo, su econom\u00eda ya no soporta la enorme cantidad de dinero que deben gastar por cada pipa que llega a abastecerles.<br \/>\nLos quejosos pidieron a la alcald\u00eda capitalina que reanude el abastecimiento de agua y a las autoridades agrarias que regularicen los predios, para que puedan recibir servicios p\u00fablicos tales como redes de agua potable.<\/p>\n<p><a href=\"https:\/\/pulsoslp.com.mx\/slp\/manifestantes-bloquean-el-bulevar-rocha-cordero\/914609\" target=\"_blank\" rel=\"noopener noreferrer\">https:\/\/pulsoslp.com.mx\/slp\/manifestantes-bloquean-el-bulevar-rocha-cordero\/914609<\/a><\/p>\n","protected":false},"excerpt":{"rendered":"<p>Pulso Vecinos realizaron un bloqueo durante la ma\u00f1ana de este martes en el bulevar Antonio Rocha Cordero. La manifestaci\u00f3n se registr\u00f3 a la altura de Tierra Blanca, por la entrada &hellip; <a href=\"https:\/\/www.grieta.org.mx\/index.php\/2019\/04\/02\/manifestantes-bloquean-el-bulevar-rocha-cordero-san-luis-potosi\/\" class=\"more-link\">Leer m\u00e1s<\/a><\/p>\n","protected":false},"author":2,"featured_media":31646,"comment_status":"closed","ping_status":"closed","sticky":false,"template":"","format":"standard","meta":{"ngg_post_thumbnail":0,"_jetpack_newsletter_access":"","_jetpack_dont_email_post_to_subs":false,"_jetpack_newsletter_tier_id":0,"_jetpack_memberships_contains_paywalled_content":false,"_jetpack_memberships_contains_paid_content":false,"footnotes":""},"categories":[80,1515,2,29,141],"tags":[354,1558,183,1475],"class_list":{"0":"post-31645","1":"post","2":"type-post","3":"status-publish","4":"format-standard","5":"has-post-thumbnail","6":"hentry","7":"category-cintillo","8":"category-desabasto-de-agua-en-san-luis-potosi","9":"category-noticias-nacionales","10":"category-san-luis-potosi","12":"tag-bloqueo","13":"tag-desabasto-de-agua","14":"tag-manifestacion","15":"tag-vecinos","16":"entry"},"jetpack_featured_media_url":"https:\/\/www.grieta.org.mx\/wp-content\/uploads\/2019\/04\/Manifestantes-bloquean-el-bulevar-Rocha-Cordero-slp-abr.jpg","jetpack_sharing_enabled":true,"jetpack_shortlink":"https:\/\/wp.me\/p7ZJR4-8ep","jetpack_likes_enabled":false,"jetpack-related-posts":[{"id":47491,"url":"https:\/\/www.grieta.org.mx\/index.php\/2020\/04\/06\/falta-de-agua-en-12-colonias-en-la-ciudad-de-san-luis-potosi\/","url_meta":{"origin":31645,"position":0},"title":"Falta de agua en 12 colonias en la ciudad de San Luis Potos\u00ed","author":"grieta","date":"6 abril, 2020","format":false,"excerpt":"Miguel \u00c1ngel Mora El Sol de San Luis\/La Prensa 6 abril 2020 Autoridades lo atribuyen a una fuga que oblig\u00f3 a suspender un pozo Miguel \u00c1ngel Mora San Luis Potos\u00ed, S.L.P., 6 de abril.- Vecinos de 12 colonias de la zona metropolitana de esta capital, se manifestaron en la Unidad\u2026","rel":"","context":"En &quot;CINTILLO&quot;","block_context":{"text":"CINTILLO","link":"https:\/\/www.grieta.org.mx\/index.php\/category\/cintillo\/"},"img":{"alt_text":"","src":"https:\/\/i0.wp.com\/www.grieta.org.mx\/wp-content\/uploads\/2020\/04\/S.L.P..jpg?resize=350%2C200&ssl=1","width":350,"height":200,"srcset":"https:\/\/i0.wp.com\/www.grieta.org.mx\/wp-content\/uploads\/2020\/04\/S.L.P..jpg?resize=350%2C200&ssl=1 1x, https:\/\/i0.wp.com\/www.grieta.org.mx\/wp-content\/uploads\/2020\/04\/S.L.P..jpg?resize=525%2C300&ssl=1 1.5x, https:\/\/i0.wp.com\/www.grieta.org.mx\/wp-content\/uploads\/2020\/04\/S.L.P..jpg?resize=700%2C400&ssl=1 2x"},"classes":[]},{"id":32005,"url":"https:\/\/www.grieta.org.mx\/index.php\/2019\/04\/10\/con-caotico-bloqueo-demandan-servicios-sanitarios-en-centro-escolar-san-luis-potosi\/","url_meta":{"origin":31645,"position":1},"title":"Con ca\u00f3tico bloqueo demandan servicios sanitarios en centro escolar (San Luis Potos\u00ed)","author":"grieta","date":"10 abril, 2019","format":false,"excerpt":"El Heraldo de San Luis Potos\u00ed Habitantes de Villa de Zaragoza bloquearon el acceso al puente de Universidad generando un intenso caos vial Este mi\u00e9rcoles a mediod\u00eda habitante de las comunidades de Jajay y Cerro Gordo, pertenecientes al municipio de Villa de Zaragoza, bloquearon el acceso al puente de Universidad\u2026","rel":"","context":"En &quot;CINTILLO&quot;","block_context":{"text":"CINTILLO","link":"https:\/\/www.grieta.org.mx\/index.php\/category\/cintillo\/"},"img":{"alt_text":"","src":"https:\/\/i0.wp.com\/www.grieta.org.mx\/wp-content\/uploads\/2019\/04\/Con-ca%C3%B3tico-bloqueo-demandan-servicios-sanitarios-en-centro-escolar-slp-abr-268x300.jpg?resize=350%2C200","width":350,"height":200},"classes":[]},{"id":29545,"url":"https:\/\/www.grieta.org.mx\/index.php\/2019\/02\/24\/enferma-a-vecinos-desabasto-de-agua-por-mas-de-7-dias-san-luis-potosi\/","url_meta":{"origin":31645,"position":2},"title":"Enferma a vecinos desabasto de agua por m\u00e1s de 7 d\u00edas (San Luis Potos\u00ed)","author":"grieta","date":"24 febrero, 2019","format":false,"excerpt":"Imelda Hern\u00e1ndez \/ Pulso En hogares de cuatro colonias, se vive en condiciones insalubres debido a la falta de vital l\u00edquido Habitantes de cuatro colonias de diferentes rumbos de la ciudad reportaron la falta de agua que prevalece en sus hogares desde hace m\u00e1s de una semana, situaci\u00f3n que ha\u2026","rel":"","context":"En &quot;CINTILLO&quot;","block_context":{"text":"CINTILLO","link":"https:\/\/www.grieta.org.mx\/index.php\/category\/cintillo\/"},"img":{"alt_text":"","src":"https:\/\/i0.wp.com\/www.grieta.org.mx\/wp-content\/uploads\/2019\/02\/Enferma-a-vecinos-desabasto-de-agua-por-m%C3%A1s-de-7-d%C3%ADas-slp-feb.jpg?resize=350%2C200&ssl=1","width":350,"height":200,"srcset":"https:\/\/i0.wp.com\/www.grieta.org.mx\/wp-content\/uploads\/2019\/02\/Enferma-a-vecinos-desabasto-de-agua-por-m%C3%A1s-de-7-d%C3%ADas-slp-feb.jpg?resize=350%2C200&ssl=1 1x, https:\/\/i0.wp.com\/www.grieta.org.mx\/wp-content\/uploads\/2019\/02\/Enferma-a-vecinos-desabasto-de-agua-por-m%C3%A1s-de-7-d%C3%ADas-slp-feb.jpg?resize=525%2C300&ssl=1 1.5x"},"classes":[]},{"id":32868,"url":"https:\/\/www.grieta.org.mx\/index.php\/2019\/04\/15\/protesta-por-falta-de-agua-causa-caos-vial-en-avenida-universidad-san-luis-potosi\/","url_meta":{"origin":31645,"position":3},"title":"Protesta por falta de agua causa caos vial en avenida Universidad. (San Luis Potos\u00ed)","author":"grieta","date":"15 abril, 2019","format":false,"excerpt":"Antena San Luis Decenas de personas se manifestaron hoy en avenida Universidad, para exigir agua en sus colonias. La protesta provoc\u00f3 gran caos vial desde el distribuidor Ju\u00e1rez, mientras el contingente avanzaba con direcci\u00f3n hacia el primer cuadro de la ciudad. En la protesta participaron habitantes de colonias como La\u2026","rel":"","context":"En &quot;CINTILLO&quot;","block_context":{"text":"CINTILLO","link":"https:\/\/www.grieta.org.mx\/index.php\/category\/cintillo\/"},"img":{"alt_text":"","src":"https:\/\/i0.wp.com\/www.grieta.org.mx\/wp-content\/uploads\/2019\/05\/Protesta-por-falta-de-agua-causa-caos-vial-en-avenida-Universidad.-slp-may.jpeg?resize=350%2C200&ssl=1","width":350,"height":200,"srcset":"https:\/\/i0.wp.com\/www.grieta.org.mx\/wp-content\/uploads\/2019\/05\/Protesta-por-falta-de-agua-causa-caos-vial-en-avenida-Universidad.-slp-may.jpeg?resize=350%2C200&ssl=1 1x, https:\/\/i0.wp.com\/www.grieta.org.mx\/wp-content\/uploads\/2019\/05\/Protesta-por-falta-de-agua-causa-caos-vial-en-avenida-Universidad.-slp-may.jpeg?resize=525%2C300&ssl=1 1.5x, https:\/\/i0.wp.com\/www.grieta.org.mx\/wp-content\/uploads\/2019\/05\/Protesta-por-falta-de-agua-causa-caos-vial-en-avenida-Universidad.-slp-may.jpeg?resize=700%2C400&ssl=1 2x"},"classes":[]},{"id":35776,"url":"https:\/\/www.grieta.org.mx\/index.php\/2019\/06\/24\/claman-por-agua-colonos-de-morales-san-luis-potosi\/","url_meta":{"origin":31645,"position":4},"title":"Claman por agua colonos de Morales (San Luis Potos\u00ed)","author":"grieta","date":"24 junio, 2019","format":false,"excerpt":"El Heraldo SLP Aseguran que llevan m\u00e1s de tres semanas sin una gota del vital l\u00edquido Vecinos de la Fracci\u00f3n de Morales, pidieron al organismo intermunicipal de agua potable Interapas, que les proporcione el vital l\u00edquido, ya que llevan m\u00e1s de tres semanas sin gota de agua y las pipas\u2026","rel":"","context":"En &quot;CINTILLO&quot;","block_context":{"text":"CINTILLO","link":"https:\/\/www.grieta.org.mx\/index.php\/category\/cintillo\/"},"img":{"alt_text":"","src":"https:\/\/i0.wp.com\/www.grieta.org.mx\/wp-content\/uploads\/2019\/07\/Claman-por-agua-colonos-de-Morales-slp-jul-268x300.jpg?resize=350%2C200","width":350,"height":200,"srcset":"https:\/\/i0.wp.com\/www.grieta.org.mx\/wp-content\/uploads\/2019\/07\/Claman-por-agua-colonos-de-Morales-slp-jul-268x300.jpg?resize=350%2C200 1x, https:\/\/i0.wp.com\/www.grieta.org.mx\/wp-content\/uploads\/2019\/07\/Claman-por-agua-colonos-de-Morales-slp-jul-268x300.jpg?resize=525%2C300 1.5x, https:\/\/i0.wp.com\/www.grieta.org.mx\/wp-content\/uploads\/2019\/07\/Claman-por-agua-colonos-de-Morales-slp-jul-268x300.jpg?resize=700%2C400 2x"},"classes":[]},{"id":32002,"url":"https:\/\/www.grieta.org.mx\/index.php\/2019\/04\/10\/agua-clamor-de-cientos-de-habitantes-de-escalerillas-san-luis-potosi\/","url_meta":{"origin":31645,"position":5},"title":"\u00a1Agua! clamor de cientos de habitantes de Escalerillas (San Luis Potos\u00ed)","author":"grieta","date":"10 abril, 2019","format":false,"excerpt":"El Heraldo de San Luis Potos\u00ed En cadena humana, denuncian que ya existen problemas de deshidrataci\u00f3n de ni\u00f1os y de las personas de la tercera edad por la falta del vital l\u00edquido Cientos de manifestantes de Escalerillas en protesta con cadena humana, sobre el per\u00edmetro del boulevard poniente sobre la\u2026","rel":"","context":"En &quot;CINTILLO&quot;","block_context":{"text":"CINTILLO","link":"https:\/\/www.grieta.org.mx\/index.php\/category\/cintillo\/"},"img":{"alt_text":"","src":"https:\/\/i0.wp.com\/www.grieta.org.mx\/wp-content\/uploads\/2019\/04\/%C2%A1Agua-clamor-de-cientos-de-habitantes-de-Escalerillas-slp-abr-268x300.jpg?resize=350%2C200","width":350,"height":200},"classes":[]}],"_links":{"self":[{"href":"https:\/\/www.grieta.org.mx\/index.php\/wp-json\/wp\/v2\/posts\/31645","targetHints":{"allow":["GET"]}}],"collection":[{"href":"https:\/\/www.grieta.org.mx\/index.php\/wp-json\/wp\/v2\/posts"}],"about":[{"href":"https:\/\/www.grieta.org.mx\/index.php\/wp-json\/wp\/v2\/types\/post"}],"author":[{"embeddable":true,"href":"https:\/\/www.grieta.org.mx\/index.php\/wp-json\/wp\/v2\/users\/2"}],"replies":[{"embeddable":true,"href":"https:\/\/www.grieta.org.mx\/index.php\/wp-json\/wp\/v2\/comments?post=31645"}],"version-history":[{"count":1,"href":"https:\/\/www.grieta.org.mx\/index.php\/wp-json\/wp\/v2\/posts\/31645\/revisions"}],"predecessor-version":[{"id":31647,"href":"https:\/\/www.grieta.org.mx\/index.php\/wp-json\/wp\/v2\/posts\/31645\/revisions\/31647"}],"wp:featuredmedia":[{"embeddable":true,"href":"https:\/\/www.grieta.org.mx\/index.php\/wp-json\/wp\/v2\/media\/31646"}],"wp:attachment":[{"href":"https:\/\/www.grieta.org.mx\/index.php\/wp-json\/wp\/v2\/media?parent=31645"}],"wp:term":[{"taxonomy":"category","embeddable":true,"href":"https:\/\/www.grieta.org.mx\/index.php\/wp-json\/wp\/v2\/categories?post=31645"},{"taxonomy":"post_tag","embeddable":true,"href":"https:\/\/www.grieta.org.mx\/index.php\/wp-json\/wp\/v2\/tags?post=31645"}],"curies":[{"name":"wp","href":"https:\/\/api.w.org\/{rel}","templated":true}]}}