{"id":31606,"date":"2019-04-01T01:52:26","date_gmt":"2019-04-01T07:52:26","guid":{"rendered":"http:\/\/www.grieta.org.mx\/?p=31606"},"modified":"2019-04-02T02:00:36","modified_gmt":"2019-04-02T08:00:36","slug":"matamoros-entre-el-desalojo-de-obreros-y-la-llegada-de-la-cupula-empresarial-tamaulipas","status":"publish","type":"post","link":"https:\/\/www.grieta.org.mx\/index.php\/2019\/04\/01\/matamoros-entre-el-desalojo-de-obreros-y-la-llegada-de-la-cupula-empresarial-tamaulipas\/","title":{"rendered":"Matamoros entre el desalojo de obreros y la llegada de la c\u00fapula empresarial (Tamaulipas)"},"content":{"rendered":"<p><img loading=\"lazy\" decoding=\"async\" data-attachment-id=\"31607\" data-permalink=\"https:\/\/www.grieta.org.mx\/index.php\/2019\/04\/01\/matamoros-entre-el-desalojo-de-obreros-y-la-llegada-de-la-cupula-empresarial-tamaulipas\/matamoros-entre-el-desalojo-de-obreros-y-la-llegada-de-la-cupula-empresarial-tama-abr\/\" data-orig-file=\"https:\/\/www.grieta.org.mx\/wp-content\/uploads\/2019\/04\/Matamoros-entre-el-desalojo-de-obreros-y-la-llegada-de-la-c\u00fapula-empresarial-tama-abr.jpg\" data-orig-size=\"960,640\" data-comments-opened=\"0\" data-image-meta=\"{&quot;aperture&quot;:&quot;0&quot;,&quot;credit&quot;:&quot;&quot;,&quot;camera&quot;:&quot;&quot;,&quot;caption&quot;:&quot;&quot;,&quot;created_timestamp&quot;:&quot;0&quot;,&quot;copyright&quot;:&quot;&quot;,&quot;focal_length&quot;:&quot;0&quot;,&quot;iso&quot;:&quot;0&quot;,&quot;shutter_speed&quot;:&quot;0&quot;,&quot;title&quot;:&quot;&quot;,&quot;orientation&quot;:&quot;0&quot;}\" data-image-title=\"Matamoros entre el desalojo de obreros y la llegada de la c\u00fapula empresarial tama abr\" data-image-description=\"\" data-image-caption=\"\" data-medium-file=\"https:\/\/www.grieta.org.mx\/wp-content\/uploads\/2019\/04\/Matamoros-entre-el-desalojo-de-obreros-y-la-llegada-de-la-c\u00fapula-empresarial-tama-abr-300x200.jpg\" data-large-file=\"https:\/\/www.grieta.org.mx\/wp-content\/uploads\/2019\/04\/Matamoros-entre-el-desalojo-de-obreros-y-la-llegada-de-la-c\u00fapula-empresarial-tama-abr.jpg\" class=\"alignleft wp-image-31607\" src=\"http:\/\/www.grieta.org.mx\/wp-content\/uploads\/2019\/04\/Matamoros-entre-el-desalojo-de-obreros-y-la-llegada-de-la-c\u00fapula-empresarial-tama-abr-300x200.jpg\" alt=\"\" width=\"392\" height=\"261\" srcset=\"https:\/\/www.grieta.org.mx\/wp-content\/uploads\/2019\/04\/Matamoros-entre-el-desalojo-de-obreros-y-la-llegada-de-la-c\u00fapula-empresarial-tama-abr-300x200.jpg 300w, https:\/\/www.grieta.org.mx\/wp-content\/uploads\/2019\/04\/Matamoros-entre-el-desalojo-de-obreros-y-la-llegada-de-la-c\u00fapula-empresarial-tama-abr-768x512.jpg 768w, https:\/\/www.grieta.org.mx\/wp-content\/uploads\/2019\/04\/Matamoros-entre-el-desalojo-de-obreros-y-la-llegada-de-la-c\u00fapula-empresarial-tama-abr-750x500.jpg 750w, https:\/\/www.grieta.org.mx\/wp-content\/uploads\/2019\/04\/Matamoros-entre-el-desalojo-de-obreros-y-la-llegada-de-la-c\u00fapula-empresarial-tama-abr.jpg 960w\" sizes=\"auto, (max-width: 392px) 100vw, 392px\" \/><br \/>\nEnlaceMx Noticias<\/p>\n<p>EnlaceEspecial: Mientras la Polic\u00eda Estatal cuidaba los accesos a las maquiladoras, los empresarios hac\u00edan sus pronunciamientos<\/p>\n<p>Matamoros.-#Mecalux, #AvancesCient\u00edficos y #FluxMetals retomaron sus operaciones con el apoyo de la Polic\u00eda Estatal que resguard\u00f3 los accesos principales de las maquiladoras durante el primer turno y en medio de esas acciones se llevar\u00eda a cabo la actividad \u201cDi\u00e1logo por Matamoros\u201d en el que los presidentes nacionales de #Coparmex, #Canacintra, #Index, entre otros organismos, dar\u00edan sus posicionamientos sobre los conflictos laborales en la ciudad.<\/p>\n<p>En Mecalux fue donde hubo m\u00e1s tensi\u00f3n pues los trabajadores alegaban al agente encargado del operativo que se hab\u00eda convenido el acceso solo a los que estaban en la lista y con gafete, pero los polic\u00edas abrieron el paso al que llegar\u00e1 porque argumentaron que desconoc\u00edan la situaci\u00f3n.<\/p>\n<p>En Flux Metals y Avances Cientificos, la resistencia fue menor y dejaron libre las entradas. En su p\u00e1gina de Facebook, la Secretar\u00eda del Trabajo difundi\u00f3 im\u00e1genes sobre el ingreso de empleados a las maquiladoras.<\/p>\n<p>Horas m\u00e1s tarde, la c\u00fapula empresarial estaba reunida en un sal\u00f3n del Hotel Holiday Inn para abordar el tema de los paros y huelgas. Ah\u00ed, \u00e9l presidente de Canacintra a nivel nacional, Jos\u00e9 Enoch Castellanos P\u00e9rez, reconocer\u00eda la actuaci\u00f3n del gobierno de Tamaulipas para liberar las tres fabricas.<\/p>\n<p>Los empresarios coincidieron la necesidad de que se preserve el estado de derecho y la urgencia de que se concrete el acuerdo de estabilidad laboral, como lo prometi\u00f3 el gobernador Francisco Cabeza de Vaca.<br \/>\nTiempo despu\u00e9s, el presidente de Coparmex a nivel nacional, Gustavo de Hoyos Walther, difundir\u00eda un video grabado frente a las instalaciones de Bebidas Mundiales para exigir a las autoridades que intervengan ante lo que catalogaron como paro ilegal.<\/p>\n<p><a href=\"https:\/\/www.facebook.com\/EnlaceMxNoticia\/\" target=\"_blank\" rel=\"noopener noreferrer\">https:\/\/www.facebook.com\/EnlaceMxNoticia\/<\/a><\/p>\n","protected":false},"excerpt":{"rendered":"<p>EnlaceMx Noticias EnlaceEspecial: Mientras la Polic\u00eda Estatal cuidaba los accesos a las maquiladoras, los empresarios hac\u00edan sus pronunciamientos Matamoros.-#Mecalux, #AvancesCient\u00edficos y #FluxMetals retomaron sus operaciones con el apoyo de la &hellip; <a href=\"https:\/\/www.grieta.org.mx\/index.php\/2019\/04\/01\/matamoros-entre-el-desalojo-de-obreros-y-la-llegada-de-la-cupula-empresarial-tamaulipas\/\" class=\"more-link\">Leer m\u00e1s<\/a><\/p>\n","protected":false},"author":2,"featured_media":31607,"comment_status":"closed","ping_status":"closed","sticky":false,"template":"","format":"standard","meta":{"ngg_post_thumbnail":0,"_jetpack_newsletter_access":"","_jetpack_dont_email_post_to_subs":false,"_jetpack_newsletter_tier_id":0,"_jetpack_memberships_contains_paywalled_content":false,"_jetpack_memberships_contains_paid_content":false,"footnotes":""},"categories":[1858,80,910,1137,2011,2,259,33,83,2008],"tags":[2255,104,326,2406,241,2000,130],"class_list":{"0":"post-31606","1":"post","2":"type-post","3":"status-publish","4":"format-standard","5":"has-post-thumbnail","6":"hentry","7":"category-abuso-policiaco-y-tortura-en-tamaulipas","8":"category-cintillo","9":"category-explotacion-y-precariedad-laboral","10":"category-explotacion-y-precariedad-laboral-en-tamaulipas","11":"category-lucha-de-trabajadores-de-la-industria-maquiladora-en-tamaulipas","12":"category-noticias-nacionales","13":"category-tamaulipas","15":"category-temas-nacionales","16":"category-violencia-de-fuerzas-represivas-en-tamaulipas","17":"tag-20-32","18":"tag-huelga","19":"tag-maquila","20":"tag-movimiento-obrero","21":"tag-paro","22":"tag-policia-estatal","23":"tag-represion","24":"entry"},"jetpack_featured_media_url":"https:\/\/www.grieta.org.mx\/wp-content\/uploads\/2019\/04\/Matamoros-entre-el-desalojo-de-obreros-y-la-llegada-de-la-c\u00fapula-empresarial-tama-abr.jpg","jetpack_sharing_enabled":true,"jetpack_shortlink":"https:\/\/wp.me\/p7ZJR4-8dM","jetpack_likes_enabled":false,"jetpack-related-posts":[{"id":32471,"url":"https:\/\/www.grieta.org.mx\/index.php\/2019\/04\/09\/bloquean-accesos-a-avances-cientificos-en-matamoros-luego-se-retiran-tamaulipas\/","url_meta":{"origin":31606,"position":0},"title":"Bloquean accesos a Avances Cient\u00edficos en Matamoros; luego se retiran (Tamaulipas)","author":"grieta","date":"9 abril, 2019","format":false,"excerpt":"\u00c1ngel Arias \/ Hoy Tamaulipas Poco antes de las 10 de la ma\u00f1ana, quienes obstru\u00edan los accesos a la empresa, se retiraron, permitiendo que el personal pudiera ingresar a trabajar Matamoros, Tamaulipas. - La ma\u00f1ana de este martes los ex trabajadores de la empresa Avances Cient\u00edficos tomaron de nueva cuenta\u2026","rel":"","context":"En &quot;CINTILLO&quot;","block_context":{"text":"CINTILLO","link":"https:\/\/www.grieta.org.mx\/index.php\/category\/cintillo\/"},"img":{"alt_text":"","src":"https:\/\/i0.wp.com\/www.grieta.org.mx\/wp-content\/uploads\/2019\/04\/Bloquean-accesos-a-Avances-Cient%C3%AD-tama-abr.jpg?resize=350%2C200&ssl=1","width":350,"height":200,"srcset":"https:\/\/i0.wp.com\/www.grieta.org.mx\/wp-content\/uploads\/2019\/04\/Bloquean-accesos-a-Avances-Cient%C3%AD-tama-abr.jpg?resize=350%2C200&ssl=1 1x, https:\/\/i0.wp.com\/www.grieta.org.mx\/wp-content\/uploads\/2019\/04\/Bloquean-accesos-a-Avances-Cient%C3%AD-tama-abr.jpg?resize=525%2C300&ssl=1 1.5x, https:\/\/i0.wp.com\/www.grieta.org.mx\/wp-content\/uploads\/2019\/04\/Bloquean-accesos-a-Avances-Cient%C3%AD-tama-abr.jpg?resize=700%2C400&ssl=1 2x"},"classes":[]},{"id":29220,"url":"https:\/\/www.grieta.org.mx\/index.php\/2019\/02\/19\/policias-desalojan-a-trabajadores-de-maquiladora-en-huelga-en-matamoros-tamaulipas\/","url_meta":{"origin":31606,"position":1},"title":"Polic\u00edas desalojan a trabajadores de maquiladora en huelga en Matamoros (Tamaulipas)","author":"grieta","date":"19 febrero, 2019","format":false,"excerpt":"Redacci\u00f3n \/ El Heraldo de M\u00e9xico Con escudos, polic\u00edas estatales intentaron desplazar a m\u00e1s de 80 trabajadores de la empresa Bright Finishing que estaban en huelga CIUDAD VICTORIA. Polic\u00edas estatales desalojaron a trabajadores de una empresa manufacturera en Matamoros que se encuentran en paro y manten\u00edan bloqueados los accesos a\u2026","rel":"","context":"En &quot;CINTILLO&quot;","block_context":{"text":"CINTILLO","link":"https:\/\/www.grieta.org.mx\/index.php\/category\/cintillo\/"},"img":{"alt_text":"","src":"https:\/\/i0.wp.com\/www.grieta.org.mx\/wp-content\/uploads\/2019\/02\/Polic%C3%ADas-desalojan-a-trabajadores-de-maquiladora-en-huelga-en-Matamoros-tama-feb.jpg?resize=350%2C200&ssl=1","width":350,"height":200,"srcset":"https:\/\/i0.wp.com\/www.grieta.org.mx\/wp-content\/uploads\/2019\/02\/Polic%C3%ADas-desalojan-a-trabajadores-de-maquiladora-en-huelga-en-Matamoros-tama-feb.jpg?resize=350%2C200&ssl=1 1x, https:\/\/i0.wp.com\/www.grieta.org.mx\/wp-content\/uploads\/2019\/02\/Polic%C3%ADas-desalojan-a-trabajadores-de-maquiladora-en-huelga-en-Matamoros-tama-feb.jpg?resize=525%2C300&ssl=1 1.5x"},"classes":[]},{"id":29815,"url":"https:\/\/www.grieta.org.mx\/index.php\/2019\/03\/01\/suman-4-mil-obreros-dados-de-baja-en-maquiladoras-de-matamoros-tamaulipas\/","url_meta":{"origin":31606,"position":2},"title":"Suman 4 mil obreros dados de baja en maquiladoras de Matamoros (Tamaulipas)","author":"grieta","date":"1 marzo, 2019","format":false,"excerpt":"Miguel Jim\u00e9nez \/ El Ma\u00f1ana Tres empresas se mantienen firmes en salir tras los \u00b4paros locos\u00b4 Matamoros, Tam. La Confederaci\u00f3n Patronal de la Rep\u00fablica Mexicana (Coparmex), confirm\u00f3 que ya son cuatro mil los obreros que han sido dados de baja en la industria maquiladora luego de las huelgas y \"paros\u2026","rel":"","context":"En &quot;CINTILLO&quot;","block_context":{"text":"CINTILLO","link":"https:\/\/www.grieta.org.mx\/index.php\/category\/cintillo\/"},"img":{"alt_text":"","src":"https:\/\/i0.wp.com\/www.grieta.org.mx\/wp-content\/uploads\/2019\/03\/Suman-4-mil-obreros-dados-de-baja-en-maquiladoras-de-Matamoros-tama-mzo.jpg?resize=350%2C200","width":350,"height":200},"classes":[]},{"id":31595,"url":"https:\/\/www.grieta.org.mx\/index.php\/2019\/04\/01\/golpea-la-policia-preventiva-estatal-de-tamaulipas-a-obreros-de-maquiladoras-de-matamoros\/","url_meta":{"origin":31606,"position":3},"title":"Golpea la Polic\u00eda Preventiva Estatal de Tamaulipas a obreros de Maquiladoras de Matamoros","author":"grieta","date":"1 abril, 2019","format":false,"excerpt":"El Planeta Matamoros, Tamaulipas.-Un numerosos grupo de elementos de la Polic\u00eda Estatal intentaron deshacer los movimientos obreros que a\u00fan se realizan en varias plantas maquiladora y as\u00ed, golpearon a por lo menos cuatro personas y derivado de ello, dos tuvieron que ser hospitalizadas. El mayor conflicto se suscit\u00f3 en la\u2026","rel":"","context":"En &quot;Abuso policiaco y tortura en Tamaulipas&quot;","block_context":{"text":"Abuso policiaco y tortura en Tamaulipas","link":"https:\/\/www.grieta.org.mx\/index.php\/category\/noticias-nacionales\/tamaulipas\/abuso-policiaco-y-tortura-en-tamaulipas\/"},"img":{"alt_text":"","src":"https:\/\/i0.wp.com\/www.grieta.org.mx\/wp-content\/uploads\/2019\/04\/Golpea-la-Polic%C3%ADa-Preventiva-Estatal-de-Tamaulipas-a-obreros-de-Maquiladoras-de-Matamoros-tama-abr-300x183.jpg?resize=350%2C200","width":350,"height":200},"classes":[]},{"id":31257,"url":"https:\/\/www.grieta.org.mx\/index.php\/2019\/03\/21\/huelguistas-no-encuentran-trabajo-en-matamoros-tamaulipas\/","url_meta":{"origin":31606,"position":4},"title":"Huelguistas no encuentran trabajo en Matamoros (Tamaulipas)","author":"grieta","date":"21 marzo, 2019","format":false,"excerpt":"\u00c1ngel Arias \/ Hoy Tamaulipas Tras participar en los movimientos laborales Jos\u00e9 Guerrero fue despedido y al solictar empleo en otras maquiladoras no lo han aceptado Matamoros, Tamaulipas.- Despu\u00e9s de haber participado en los movimientos laborales, Jos\u00e9 Guerrero fue despedido en la empresa Novalink, por lo que ha solicitado empleo\u2026","rel":"","context":"En &quot;CINTILLO&quot;","block_context":{"text":"CINTILLO","link":"https:\/\/www.grieta.org.mx\/index.php\/category\/cintillo\/"},"img":{"alt_text":"","src":"https:\/\/i0.wp.com\/www.grieta.org.mx\/wp-content\/uploads\/2019\/03\/Huelguistas-no-encuentran-trabajo-en-Matamoros-tama-mzo.jpg?resize=350%2C200&ssl=1","width":350,"height":200,"srcset":"https:\/\/i0.wp.com\/www.grieta.org.mx\/wp-content\/uploads\/2019\/03\/Huelguistas-no-encuentran-trabajo-en-Matamoros-tama-mzo.jpg?resize=350%2C200&ssl=1 1x, https:\/\/i0.wp.com\/www.grieta.org.mx\/wp-content\/uploads\/2019\/03\/Huelguistas-no-encuentran-trabajo-en-Matamoros-tama-mzo.jpg?resize=525%2C300&ssl=1 1.5x, https:\/\/i0.wp.com\/www.grieta.org.mx\/wp-content\/uploads\/2019\/03\/Huelguistas-no-encuentran-trabajo-en-Matamoros-tama-mzo.jpg?resize=700%2C400&ssl=1 2x"},"classes":[]},{"id":28793,"url":"https:\/\/www.grieta.org.mx\/index.php\/2019\/02\/04\/siguen-afuera-de-empresas-obreros-de-matamoros-que-aun-no-firman-contrato-tamaulipas\/","url_meta":{"origin":31606,"position":5},"title":"Siguen afuera de empresas obreros de Matamoros que a\u00fan no firman contrato (Tamaulipas)","author":"grieta","date":"4 febrero, 2019","format":false,"excerpt":"\u00c1ngel Arias \/ Hoy Tamaulipas Se tratan de las compa\u00f1\u00edas Varel de M\u00e9xico, Victoreen de M\u00e9xico, Kearfott Precisiones, Glasmex y Candados Universales, las que hasta el momento no han llegado a un acuerdo con el sindicato Matamoros, Tamaulipas.- En algunas empresas de Matamoros a\u00fan se puede observar a algunos obreros\u2026","rel":"","context":"En &quot;CINTILLO&quot;","block_context":{"text":"CINTILLO","link":"https:\/\/www.grieta.org.mx\/index.php\/category\/cintillo\/"},"img":{"alt_text":"","src":"https:\/\/i0.wp.com\/www.grieta.org.mx\/wp-content\/uploads\/2019\/02\/Siguen-afuera-de-empresas-obreros-de-Matamoros-que-aun-no-firman-contrato-feb.jpg?resize=350%2C200&ssl=1","width":350,"height":200,"srcset":"https:\/\/i0.wp.com\/www.grieta.org.mx\/wp-content\/uploads\/2019\/02\/Siguen-afuera-de-empresas-obreros-de-Matamoros-que-aun-no-firman-contrato-feb.jpg?resize=350%2C200&ssl=1 1x, https:\/\/i0.wp.com\/www.grieta.org.mx\/wp-content\/uploads\/2019\/02\/Siguen-afuera-de-empresas-obreros-de-Matamoros-que-aun-no-firman-contrato-feb.jpg?resize=525%2C300&ssl=1 1.5x, https:\/\/i0.wp.com\/www.grieta.org.mx\/wp-content\/uploads\/2019\/02\/Siguen-afuera-de-empresas-obreros-de-Matamoros-que-aun-no-firman-contrato-feb.jpg?resize=700%2C400&ssl=1 2x"},"classes":[]}],"_links":{"self":[{"href":"https:\/\/www.grieta.org.mx\/index.php\/wp-json\/wp\/v2\/posts\/31606","targetHints":{"allow":["GET"]}}],"collection":[{"href":"https:\/\/www.grieta.org.mx\/index.php\/wp-json\/wp\/v2\/posts"}],"about":[{"href":"https:\/\/www.grieta.org.mx\/index.php\/wp-json\/wp\/v2\/types\/post"}],"author":[{"embeddable":true,"href":"https:\/\/www.grieta.org.mx\/index.php\/wp-json\/wp\/v2\/users\/2"}],"replies":[{"embeddable":true,"href":"https:\/\/www.grieta.org.mx\/index.php\/wp-json\/wp\/v2\/comments?post=31606"}],"version-history":[{"count":1,"href":"https:\/\/www.grieta.org.mx\/index.php\/wp-json\/wp\/v2\/posts\/31606\/revisions"}],"predecessor-version":[{"id":31609,"href":"https:\/\/www.grieta.org.mx\/index.php\/wp-json\/wp\/v2\/posts\/31606\/revisions\/31609"}],"wp:featuredmedia":[{"embeddable":true,"href":"https:\/\/www.grieta.org.mx\/index.php\/wp-json\/wp\/v2\/media\/31607"}],"wp:attachment":[{"href":"https:\/\/www.grieta.org.mx\/index.php\/wp-json\/wp\/v2\/media?parent=31606"}],"wp:term":[{"taxonomy":"category","embeddable":true,"href":"https:\/\/www.grieta.org.mx\/index.php\/wp-json\/wp\/v2\/categories?post=31606"},{"taxonomy":"post_tag","embeddable":true,"href":"https:\/\/www.grieta.org.mx\/index.php\/wp-json\/wp\/v2\/tags?post=31606"}],"curies":[{"name":"wp","href":"https:\/\/api.w.org\/{rel}","templated":true}]}}