{"id":31586,"date":"2019-04-02T00:57:24","date_gmt":"2019-04-02T06:57:24","guid":{"rendered":"http:\/\/www.grieta.org.mx\/?p=31586"},"modified":"2019-04-02T00:57:24","modified_gmt":"2019-04-02T06:57:24","slug":"arriban-a-matamoros-150-elementos-de-la-guardia-nacional-tamaulipas","status":"publish","type":"post","link":"https:\/\/www.grieta.org.mx\/index.php\/2019\/04\/02\/arriban-a-matamoros-150-elementos-de-la-guardia-nacional-tamaulipas\/","title":{"rendered":"Arriban a Matamoros 150 elementos de la Guardia Nacional (Tamaulipas)"},"content":{"rendered":"<p><img loading=\"lazy\" decoding=\"async\" data-attachment-id=\"31587\" data-permalink=\"https:\/\/www.grieta.org.mx\/index.php\/2019\/04\/02\/arriban-a-matamoros-150-elementos-de-la-guardia-nacional-tamaulipas\/arriban-a-matamoros-150-elementos-de-la-guardia-nacional-tama-abr\/\" data-orig-file=\"https:\/\/www.grieta.org.mx\/wp-content\/uploads\/2019\/04\/Arriban-a-Matamoros-150-elementos-de-la-Guardia-Nacional-tama-abr.jpg\" data-orig-size=\"640,440\" data-comments-opened=\"0\" data-image-meta=\"{&quot;aperture&quot;:&quot;0&quot;,&quot;credit&quot;:&quot;&quot;,&quot;camera&quot;:&quot;&quot;,&quot;caption&quot;:&quot;&quot;,&quot;created_timestamp&quot;:&quot;0&quot;,&quot;copyright&quot;:&quot;&quot;,&quot;focal_length&quot;:&quot;0&quot;,&quot;iso&quot;:&quot;0&quot;,&quot;shutter_speed&quot;:&quot;0&quot;,&quot;title&quot;:&quot;&quot;,&quot;orientation&quot;:&quot;1&quot;}\" data-image-title=\"Arriban a Matamoros 150 elementos de la Guardia Nacional tama abr\" data-image-description=\"\" data-image-caption=\"\" data-medium-file=\"https:\/\/www.grieta.org.mx\/wp-content\/uploads\/2019\/04\/Arriban-a-Matamoros-150-elementos-de-la-Guardia-Nacional-tama-abr-300x206.jpg\" data-large-file=\"https:\/\/www.grieta.org.mx\/wp-content\/uploads\/2019\/04\/Arriban-a-Matamoros-150-elementos-de-la-Guardia-Nacional-tama-abr.jpg\" class=\"alignleft  wp-image-31587\" src=\"http:\/\/www.grieta.org.mx\/wp-content\/uploads\/2019\/04\/Arriban-a-Matamoros-150-elementos-de-la-Guardia-Nacional-tama-abr-300x206.jpg\" alt=\"\" width=\"495\" height=\"340\" srcset=\"https:\/\/www.grieta.org.mx\/wp-content\/uploads\/2019\/04\/Arriban-a-Matamoros-150-elementos-de-la-Guardia-Nacional-tama-abr-300x206.jpg 300w, https:\/\/www.grieta.org.mx\/wp-content\/uploads\/2019\/04\/Arriban-a-Matamoros-150-elementos-de-la-Guardia-Nacional-tama-abr.jpg 640w\" sizes=\"auto, (max-width: 495px) 100vw, 495px\" \/><br \/>\nEl Bravo<\/p>\n<p>Para reforzar las labores de vigilancia el gobierno federal asign\u00f3 a 150 elementos militares de la reci\u00e9n aprobada y creada Guardia Nacional para la ciudad de Matamoros, los cuales ya se encuentran en el municipio para efectuar diversas operaciones de seguridad, dio a conocer el secretario del Ayuntamiento de Matamoros, Efra\u00edn Encinia Mar\u00edn.<\/p>\n<p>Especific\u00f3 que estos elementos est\u00e1n conformados por militares y polic\u00edas de otras corporaciones de seguridad y se incorporaran m\u00e1s una vez que inicie las etapas de reclutamiento y adiestramiento durante este a\u00f1o y las cuales est\u00e1n dirigidas a todas las personas que quieran alistarse para la Guardia Nacional y que cumplan con los requisitos que queden establecidos y que dar\u00e1 a conocer el gobierno federal en el transcurso de este a\u00f1o.<br \/>\n\u201cEn Matamoros hay un grupo aproximadamente de 150 elementos de la Guardia Nacional que se encuentran ya constituidos; de ah\u00ed es Polic\u00eda Militar, la Polic\u00eda Naval y la Polic\u00eda Federal que conforman de una manera inicial un grupo de 150 elementos\u201d, dijo Encinia Mar\u00edn.<br \/>\nEste n\u00famero forma parte de los 35 mil elementos militares, 8 mil de la Polic\u00eda Naval y 18 mil federales que ser\u00e1n agregados a la Guardia Nacional en el todo el pa\u00eds; adem\u00e1s de 21 mil 170 elementos que ser\u00e1n reclutados en los pr\u00f3ximos meses -de acuerdo a lo que dio a conocer el secretario federal de Seguridad y Protecci\u00f3n Ciudadana, Alfonso Durazo Monta\u00f1o.<\/p>\n<p>Desplegados en Matamoros<\/p>\n<p>El Secretario del Ayuntamiento precis\u00f3 que, los elementos \u201cya tienen d\u00edas aqu\u00ed, puedo citar elementos que se encuentran en la zona centro en lo que es la antigua Guarnici\u00f3n de la Plaza, un grupo de elementos de la Guardia Nacional de la Polic\u00eda Militar, todo el grupo de 150 elementos van a ser comandados por el Contralmirante del Sector Naval\u201d.<br \/>\nEl Secretario del ayuntamiento destac\u00f3 que la semana pasada se aprob\u00f3 la reforma en los 32 Congresos locales de cada Estado del pa\u00eds para crear la Guardia Nacional, por lo que presidente Andr\u00e9s Manuel L\u00f3pez Obrador la promulgar\u00e1 en los pr\u00f3ximos d\u00edas para su publicaci\u00f3n en el Diario Oficial de la Federaci\u00f3n.<br \/>\n\u201cLas etapas que vienen, lo que sigue es el reclutamiento de la sociedad civil para que formen parte de esa guardia y se vaya integrando; el Presidente de la Rep\u00fablica ha sido muy enf\u00e1tico en se\u00f1alar que va a ser por etapas y habla del inicio con un n\u00famero de elementos y que se va a ir incrementando conforme la sociedad se vaya integrando\u201d, dijo Encinia Mar\u00edn.<br \/>\nComent\u00f3 que el gobierno federal establecer\u00e1 las regiones y los lugares en donde van a poder reclutarse los elementos, \u201cporque tiene que haber una escuela, una capacitaci\u00f3n, un adiestramiento para que est\u00e9n ellos al momento con contacto con la ciudadan\u00eda, con la comunidad y ya tengan ellos una teor\u00eda y la lleven a la pr\u00e1ctica d\u00eda con d\u00eda\u201d.<\/p>\n<p><a href=\"http:\/\/www.elbravo.mx\/arriban-a-matamoros-150-elementos-de-la-guardia-nacional\/\" target=\"_blank\" rel=\"noopener noreferrer\">http:\/\/www.elbravo.mx\/arriban-a-matamoros-150-elementos-de-la-guardia-nacional\/<\/a><\/p>\n","protected":false},"excerpt":{"rendered":"<p>El Bravo Para reforzar las labores de vigilancia el gobierno federal asign\u00f3 a 150 elementos militares de la reci\u00e9n aprobada y creada Guardia Nacional para la ciudad de Matamoros, los &hellip; <a href=\"https:\/\/www.grieta.org.mx\/index.php\/2019\/04\/02\/arriban-a-matamoros-150-elementos-de-la-guardia-nacional-tamaulipas\/\" class=\"more-link\">Leer m\u00e1s<\/a><\/p>\n","protected":false},"author":2,"featured_media":31587,"comment_status":"closed","ping_status":"closed","sticky":false,"template":"","format":"standard","meta":{"ngg_post_thumbnail":0,"_jetpack_newsletter_access":"","_jetpack_dont_email_post_to_subs":false,"_jetpack_newsletter_tier_id":0,"_jetpack_memberships_contains_paywalled_content":false,"_jetpack_memberships_contains_paid_content":false,"footnotes":""},"categories":[80,912,2009,2,33,259,83],"tags":[2295,311,614,2412,2410,2411],"class_list":{"0":"post-31586","1":"post","2":"type-post","3":"status-publish","4":"format-standard","5":"has-post-thumbnail","6":"hentry","7":"category-cintillo","8":"category-militarizacion","9":"category-militarizacion-en-tamaulipas","10":"category-noticias-nacionales","11":"category-tamaulipas","13":"category-temas-nacionales","14":"tag-guardia-nacional","15":"tag-matamoros","16":"tag-militarizacion","17":"tag-policia-federal","18":"tag-policia-militar","19":"tag-policia-naval","20":"entry"},"jetpack_featured_media_url":"https:\/\/www.grieta.org.mx\/wp-content\/uploads\/2019\/04\/Arriban-a-Matamoros-150-elementos-de-la-Guardia-Nacional-tama-abr.jpg","jetpack_sharing_enabled":true,"jetpack_shortlink":"https:\/\/wp.me\/p7ZJR4-8ds","jetpack_likes_enabled":false,"jetpack-related-posts":[{"id":35880,"url":"https:\/\/www.grieta.org.mx\/index.php\/2019\/06\/26\/revisan-sus-documentos-a-migrantes-tamaulipas\/","url_meta":{"origin":31586,"position":0},"title":"Revisan sus documentos a migrantes (Tamaulipas)","author":"grieta","date":"26 junio, 2019","format":false,"excerpt":"APOYO. Personal del INM fue acompa\u00f1ado por elementos de la Guardia Nacional. Fotograf\u00eda: El Ma\u00f1ana Miguel Jim\u00e9nez \/ El Ma\u00f1ana Matamoros, Tam.- Personal del Instituto Nacional de Migraci\u00f3n, acompa\u00f1ados de elementos de la Guardia Nacional, encabezaron la revisi\u00f3n de los documentos a migrantes con la finalidad de corroborar su estancia\u2026","rel":"","context":"En &quot;CINTILLO&quot;","block_context":{"text":"CINTILLO","link":"https:\/\/www.grieta.org.mx\/index.php\/category\/cintillo\/"},"img":{"alt_text":"","src":"https:\/\/i0.wp.com\/www.grieta.org.mx\/wp-content\/uploads\/2019\/07\/Revisan-sus-documentos-a-migrantes-tama-jul.jpg?resize=350%2C200&ssl=1","width":350,"height":200,"srcset":"https:\/\/i0.wp.com\/www.grieta.org.mx\/wp-content\/uploads\/2019\/07\/Revisan-sus-documentos-a-migrantes-tama-jul.jpg?resize=350%2C200&ssl=1 1x, https:\/\/i0.wp.com\/www.grieta.org.mx\/wp-content\/uploads\/2019\/07\/Revisan-sus-documentos-a-migrantes-tama-jul.jpg?resize=525%2C300&ssl=1 1.5x"},"classes":[]},{"id":34586,"url":"https:\/\/www.grieta.org.mx\/index.php\/2019\/06\/08\/aseguran-en-matamoros-a-4-migrantes-cubanos-tamaulipas\/","url_meta":{"origin":31586,"position":1},"title":"Aseguran en Matamoros a 4 migrantes cubanos (Tamaulipas)","author":"grieta","date":"8 junio, 2019","format":false,"excerpt":"Noel Vergara \/ Milenio Mediante una denuncia ciudadana, polic\u00edas estatales ubicaron a los indocumentados, quienes quedaron a cargo del Instituto Nacional de Migraci\u00f3n. La Secretar\u00eda de Seguridad P\u00fablica inform\u00f3 que cuatro migrantes originarios de Cuba fueron rescatados, ello el viernes por la noche. Los hechos se dieron aproximadamente a las\u2026","rel":"","context":"En &quot;CINTILLO&quot;","block_context":{"text":"CINTILLO","link":"https:\/\/www.grieta.org.mx\/index.php\/category\/cintillo\/"},"img":{"alt_text":"","src":"https:\/\/i0.wp.com\/www.grieta.org.mx\/wp-content\/uploads\/2019\/06\/Aseguran-en-Matamoros-a-4-migrantes-cubanos-tama-jun.jpeg?resize=350%2C200&ssl=1","width":350,"height":200,"srcset":"https:\/\/i0.wp.com\/www.grieta.org.mx\/wp-content\/uploads\/2019\/06\/Aseguran-en-Matamoros-a-4-migrantes-cubanos-tama-jun.jpeg?resize=350%2C200&ssl=1 1x, https:\/\/i0.wp.com\/www.grieta.org.mx\/wp-content\/uploads\/2019\/06\/Aseguran-en-Matamoros-a-4-migrantes-cubanos-tama-jun.jpeg?resize=525%2C300&ssl=1 1.5x, https:\/\/i0.wp.com\/www.grieta.org.mx\/wp-content\/uploads\/2019\/06\/Aseguran-en-Matamoros-a-4-migrantes-cubanos-tama-jun.jpeg?resize=700%2C400&ssl=1 2x"},"classes":[]},{"id":48964,"url":"https:\/\/www.grieta.org.mx\/index.php\/2020\/04\/17\/guardia-nacional-vigila-hospitales-del-imss-en-la-frontera-de-tamaulipas\/","url_meta":{"origin":31586,"position":2},"title":"Guardia Nacional vigila hospitales del IMSS en la frontera de Tamaulipas","author":"grieta","date":"17 abril, 2020","format":false,"excerpt":"Carlos Ju\u00e1rez\/El Heraldo de M\u00e9xico 17 abril 2020 Son decenas de elementos que est\u00e1n en los diferentes accesos de los nosocomios, teniendo como finalidad cuidar los accesos a los sitios Elementos de la Guardia Nacional fueron desplegados en dos hospitales del Instituto Mexicano del Seguro Social (IMSS), en las ciudades\u2026","rel":"","context":"En &quot;CINTILLO&quot;","block_context":{"text":"CINTILLO","link":"https:\/\/www.grieta.org.mx\/index.php\/category\/cintillo\/"},"img":{"alt_text":"","src":"https:\/\/i0.wp.com\/www.grieta.org.mx\/wp-content\/uploads\/2020\/05\/guardia-nacional-resguardo-clinicas-pandemia-contingencia-sanitaria.jpg?resize=350%2C200&ssl=1","width":350,"height":200,"srcset":"https:\/\/i0.wp.com\/www.grieta.org.mx\/wp-content\/uploads\/2020\/05\/guardia-nacional-resguardo-clinicas-pandemia-contingencia-sanitaria.jpg?resize=350%2C200&ssl=1 1x, https:\/\/i0.wp.com\/www.grieta.org.mx\/wp-content\/uploads\/2020\/05\/guardia-nacional-resguardo-clinicas-pandemia-contingencia-sanitaria.jpg?resize=525%2C300&ssl=1 1.5x, https:\/\/i0.wp.com\/www.grieta.org.mx\/wp-content\/uploads\/2020\/05\/guardia-nacional-resguardo-clinicas-pandemia-contingencia-sanitaria.jpg?resize=700%2C400&ssl=1 2x, https:\/\/i0.wp.com\/www.grieta.org.mx\/wp-content\/uploads\/2020\/05\/guardia-nacional-resguardo-clinicas-pandemia-contingencia-sanitaria.jpg?resize=1050%2C600&ssl=1 3x"},"classes":[]},{"id":39526,"url":"https:\/\/www.grieta.org.mx\/index.php\/2019\/09\/26\/crece-militarizacion-en-tamaulipas\/","url_meta":{"origin":31586,"position":3},"title":"Crece militarizaci\u00f3n en Tamaulipas","author":"grieta","date":"26 septiembre, 2019","format":false,"excerpt":"Colectivo Grieta Seg\u00fan notas recientes, hay 8000 elementos de las fuerzas federales desplegados en el territorio de Tamaulipas. De estos, 1,500 son miembros de la Guardia Nacional. Sin embargo, tambi\u00e9n hay efectivos del Ej\u00e9rcito Mexicano, la Secretar\u00eda de Marina y la Polic\u00eda Federal. El argumento para este grado de militarizaci\u00f3n\u2026","rel":"","context":"En &quot;CINTILLO&quot;","block_context":{"text":"CINTILLO","link":"https:\/\/www.grieta.org.mx\/index.php\/category\/cintillo\/"},"img":{"alt_text":"","src":"https:\/\/i0.wp.com\/www.grieta.org.mx\/wp-content\/uploads\/2019\/09\/c1.1-6rluxlml1sjkzkbm9xqocbjvo9e00xe1ls1hmti2m5s.jpg?resize=350%2C200&ssl=1","width":350,"height":200,"srcset":"https:\/\/i0.wp.com\/www.grieta.org.mx\/wp-content\/uploads\/2019\/09\/c1.1-6rluxlml1sjkzkbm9xqocbjvo9e00xe1ls1hmti2m5s.jpg?resize=350%2C200&ssl=1 1x, https:\/\/i0.wp.com\/www.grieta.org.mx\/wp-content\/uploads\/2019\/09\/c1.1-6rluxlml1sjkzkbm9xqocbjvo9e00xe1ls1hmti2m5s.jpg?resize=525%2C300&ssl=1 1.5x, https:\/\/i0.wp.com\/www.grieta.org.mx\/wp-content\/uploads\/2019\/09\/c1.1-6rluxlml1sjkzkbm9xqocbjvo9e00xe1ls1hmti2m5s.jpg?resize=700%2C400&ssl=1 2x, https:\/\/i0.wp.com\/www.grieta.org.mx\/wp-content\/uploads\/2019\/09\/c1.1-6rluxlml1sjkzkbm9xqocbjvo9e00xe1ls1hmti2m5s.jpg?resize=1050%2C600&ssl=1 3x"},"classes":[]},{"id":35922,"url":"https:\/\/www.grieta.org.mx\/index.php\/2019\/06\/28\/llega-guardia-nacional-a-reynosa-tamaulipas\/","url_meta":{"origin":31586,"position":4},"title":"Llega Guardia Nacional a Reynosa (Tamaulipas)","author":"grieta","date":"28 junio, 2019","format":false,"excerpt":"Fotograf\u00eda: Publimetro Posta No han presentado informaci\u00f3n oficial sobre el n\u00famero de elementos desplegados en la ciudad fronteriza TAMAULIPAS.- Elementos de la Guardia Nacional (GN) realizan ya patrullajes en las inmediaciones del Puente Internacional Reynosa Hidalgo. Con uniforme militar, los elementos portan en su brazo la insignia que los identifica\u2026","rel":"","context":"En &quot;CINTILLO&quot;","block_context":{"text":"CINTILLO","link":"https:\/\/www.grieta.org.mx\/index.php\/category\/cintillo\/"},"img":{"alt_text":"","src":"https:\/\/i0.wp.com\/www.grieta.org.mx\/wp-content\/uploads\/2019\/07\/Llega-Guardia-Nacional-a-Reynosa-tama-jul.jpg?resize=350%2C200&ssl=1","width":350,"height":200,"srcset":"https:\/\/i0.wp.com\/www.grieta.org.mx\/wp-content\/uploads\/2019\/07\/Llega-Guardia-Nacional-a-Reynosa-tama-jul.jpg?resize=350%2C200&ssl=1 1x, https:\/\/i0.wp.com\/www.grieta.org.mx\/wp-content\/uploads\/2019\/07\/Llega-Guardia-Nacional-a-Reynosa-tama-jul.jpg?resize=525%2C300&ssl=1 1.5x"},"classes":[]},{"id":43575,"url":"https:\/\/www.grieta.org.mx\/index.php\/2020\/01\/24\/desplegaran-1500-guardias-en-tamaulipas\/","url_meta":{"origin":31586,"position":5},"title":"DESPLEGAR\u00c1N 1,500 GUARDIAS EN TAMAULIPAS","author":"grieta","date":"24 enero, 2020","format":false,"excerpt":"Para finales de \u00e9ste a\u00f1o, se destinar\u00e1n m\u00e1s elementos de la Guardia Nacional a Tamaulipas, d\u00f3nde construir\u00e1n tres cuarteles. \u00c1ngel Garc\u00eda\/Expreso press 24 enero 2020 CIUDAD VICTORIA, TAMAULIPAS.- La Guardia Nacional integrar\u00e1 a sus filas mas de 1 mil 500 elementos en Tamaulipas este 2020. El plan de la corporaci\u00f3n\u2026","rel":"","context":"En &quot;CINTILLO&quot;","block_context":{"text":"CINTILLO","link":"https:\/\/www.grieta.org.mx\/index.php\/category\/cintillo\/"},"img":{"alt_text":"","src":"https:\/\/i0.wp.com\/www.grieta.org.mx\/wp-content\/uploads\/2020\/01\/guardia-nacional.jpg?resize=350%2C200&ssl=1","width":350,"height":200,"srcset":"https:\/\/i0.wp.com\/www.grieta.org.mx\/wp-content\/uploads\/2020\/01\/guardia-nacional.jpg?resize=350%2C200&ssl=1 1x, https:\/\/i0.wp.com\/www.grieta.org.mx\/wp-content\/uploads\/2020\/01\/guardia-nacional.jpg?resize=525%2C300&ssl=1 1.5x, https:\/\/i0.wp.com\/www.grieta.org.mx\/wp-content\/uploads\/2020\/01\/guardia-nacional.jpg?resize=700%2C400&ssl=1 2x"},"classes":[]}],"_links":{"self":[{"href":"https:\/\/www.grieta.org.mx\/index.php\/wp-json\/wp\/v2\/posts\/31586","targetHints":{"allow":["GET"]}}],"collection":[{"href":"https:\/\/www.grieta.org.mx\/index.php\/wp-json\/wp\/v2\/posts"}],"about":[{"href":"https:\/\/www.grieta.org.mx\/index.php\/wp-json\/wp\/v2\/types\/post"}],"author":[{"embeddable":true,"href":"https:\/\/www.grieta.org.mx\/index.php\/wp-json\/wp\/v2\/users\/2"}],"replies":[{"embeddable":true,"href":"https:\/\/www.grieta.org.mx\/index.php\/wp-json\/wp\/v2\/comments?post=31586"}],"version-history":[{"count":1,"href":"https:\/\/www.grieta.org.mx\/index.php\/wp-json\/wp\/v2\/posts\/31586\/revisions"}],"predecessor-version":[{"id":31588,"href":"https:\/\/www.grieta.org.mx\/index.php\/wp-json\/wp\/v2\/posts\/31586\/revisions\/31588"}],"wp:featuredmedia":[{"embeddable":true,"href":"https:\/\/www.grieta.org.mx\/index.php\/wp-json\/wp\/v2\/media\/31587"}],"wp:attachment":[{"href":"https:\/\/www.grieta.org.mx\/index.php\/wp-json\/wp\/v2\/media?parent=31586"}],"wp:term":[{"taxonomy":"category","embeddable":true,"href":"https:\/\/www.grieta.org.mx\/index.php\/wp-json\/wp\/v2\/categories?post=31586"},{"taxonomy":"post_tag","embeddable":true,"href":"https:\/\/www.grieta.org.mx\/index.php\/wp-json\/wp\/v2\/tags?post=31586"}],"curies":[{"name":"wp","href":"https:\/\/api.w.org\/{rel}","templated":true}]}}